{"id":40812,"date":"2025-09-17T13:45:16","date_gmt":"2025-09-17T11:45:16","guid":{"rendered":"https:\/\/blog.sub.uni-hamburg.de\/?p=40812"},"modified":"2025-10-09T20:35:29","modified_gmt":"2025-10-09T18:35:29","slug":"zukunftslabor-mensch-maschine-nachhaltigkeit-zwischen-ki-und-lernraum-gemeinsam-zukunft-denken-8-10","status":"publish","type":"post","link":"https:\/\/blog.sub.uni-hamburg.de\/?p=40812","title":{"rendered":"Zukunftslabor: Mensch \u2013 Maschine \u2013 Nachhaltigkeit. Zwischen KI und Lernraum: Gemeinsam Zukunft denken (8.10.)"},"content":{"rendered":"<p><strong>Mittwoch, 8.10., 11 bis 16 Uhr, Lichthof.<\/strong><\/p>\n<p><a href=\"https:\/\/fast-forward-future.de\/event\/mensch-maschine-nachhaltigkeit\/\"><img loading=\"lazy\" decoding=\"async\" data-attachment-id=\"40814\" data-permalink=\"https:\/\/blog.sub.uni-hamburg.de\/?attachment_id=40814\" data-orig-file=\"https:\/\/blog.sub.uni-hamburg.de\/wp-content\/uploads\/2025\/09\/mensch-maschine-nachhaltigkeit-kl.jpg\" data-orig-size=\"650,230\" data-comments-opened=\"1\" data-image-meta=\"{&quot;aperture&quot;:&quot;0&quot;,&quot;credit&quot;:&quot;&quot;,&quot;camera&quot;:&quot;&quot;,&quot;caption&quot;:&quot;&quot;,&quot;created_timestamp&quot;:&quot;0&quot;,&quot;copyright&quot;:&quot;&quot;,&quot;focal_length&quot;:&quot;0&quot;,&quot;iso&quot;:&quot;0&quot;,&quot;shutter_speed&quot;:&quot;0&quot;,&quot;title&quot;:&quot;&quot;,&quot;orientation&quot;:&quot;0&quot;}\" data-image-title=\"mensch-maschine-nachhaltigkeit-kl\" data-image-description=\"\" data-image-caption=\"\" data-large-file=\"https:\/\/blog.sub.uni-hamburg.de\/wp-content\/uploads\/2025\/09\/mensch-maschine-nachhaltigkeit-kl.jpg\" src=\"https:\/\/blog.sub.uni-hamburg.de\/wp-content\/uploads\/2025\/09\/mensch-maschine-nachhaltigkeit-kl.jpg\" alt=\"\" width=\"650\" height=\"230\" class=\"aligncenter size-full wp-image-40814\" srcset=\"https:\/\/blog.sub.uni-hamburg.de\/wp-content\/uploads\/2025\/09\/mensch-maschine-nachhaltigkeit-kl.jpg 650w, https:\/\/blog.sub.uni-hamburg.de\/wp-content\/uploads\/2025\/09\/mensch-maschine-nachhaltigkeit-kl-300x106.jpg 300w, https:\/\/blog.sub.uni-hamburg.de\/wp-content\/uploads\/2025\/09\/mensch-maschine-nachhaltigkeit-kl-150x53.jpg 150w\" sizes=\"auto, (max-width: 650px) 100vw, 650px\" \/><\/a><\/p>\n<p>Wie k\u00f6nnen im Bildungsbereich die Potenziale der technologischen Transformation genutzt werden, ohne dabei die Herausforderungen aus dem Blick zu verlieren? Wie lassen sich nachhaltige und technologiegest\u00fctzte Lehr\u2011 und Lernszenarien gestalten, die kritisches Denken und Innovation f\u00f6rdern? Eingeladen wird zu einer interaktiven Veranstaltung, die Raum f\u00fcr Austausch und Kooperation zwischen Sch\u00fcler:innen, Studierenden, Lehrkr\u00e4ften, Wissenschaftler:innen und Mitarbeitenden s\u00e4mtlicher Disziplinen aus Hamburger Schulen und Hochschulen schafft. In Mitmachaktionen und World\u202fCaf\u00e9s bieten sich Gelegenheiten, eigene Ideen zu entwickeln, L\u00f6sungsans\u00e4tze zu erarbeiten, Inspiration zu sammeln und Technologien auszuprobieren. Ein besonderes Highlight: Ein <strong>Gru\u00dfwort von Maryam\u202fBlumenthal<\/strong>, Senatorin f\u00fcr Wissenschaft, Forschung und Gleichstellung, er\u00f6ffnet die Veranstaltung.<br \/>\n<!--more--><\/p>\n<p>Eine Veranstaltung von HAW\u202fHamburg, Universit\u00e4t Hamburg, UKE Hamburg, DG\u202fHochN e.\u202fV., dem Forum Schule und dem Forum Hochschule des Hamburger Masterplans\u202fBNE\u202f2030. <strong>Anmeldung bis 25.09.2025<\/strong>, weitere Informationen finden Sie unter: <a href=\"https:\/\/fast-forward-future.de\/event\/mensch-maschine-nachhaltigkeit\/\">https:\/\/fast-forward-future.de\/event\/mensch-maschine-nachhaltigkeit\/<\/a> <\/p>\n","protected":false},"excerpt":{"rendered":"<p>Mittwoch, 8.10., 11 bis 16 Uhr, Lichthof. Wie k\u00f6nnen im Bildungsbereich die Potenziale der technologischen Transformation genutzt werden, ohne dabei die Herausforderungen aus dem Blick zu verlieren? Wie lassen sich nachhaltige und technologiegest\u00fctzte Lehr\u2011 und Lernszenarien gestalten, die kritisches Denken und Innovation f\u00f6rdern? Eingeladen wird zu einer interaktiven Veranstaltung, die Raum f\u00fcr Austausch und Kooperation [&hellip;]<\/p>\n","protected":false},"author":19,"featured_media":0,"comment_status":"open","ping_status":"open","sticky":false,"template":"","format":"standard","meta":{"jetpack_post_was_ever_published":false,"_jetpack_newsletter_access":"","_jetpack_dont_email_post_to_subs":false,"_jetpack_newsletter_tier_id":0,"_jetpack_memberships_contains_paywalled_content":false,"_jetpack_memberships_contains_paid_content":false,"footnotes":"","jetpack_publicize_message":"","jetpack_publicize_feature_enabled":true,"jetpack_social_post_already_shared":true,"jetpack_social_options":{"image_generator_settings":{"template":"highway","default_image_id":0,"font":"","enabled":false},"version":2}},"categories":[9],"tags":[],"class_list":["post-40812","post","type-post","status-publish","format-standard","hentry","category-ausstellungen"],"views":876,"jetpack_publicize_connections":[],"jetpack_featured_media_url":"","jetpack_shortlink":"https:\/\/wp.me\/p7hfNR-aCg","jetpack-related-posts":[{"id":1547,"url":"https:\/\/blog.sub.uni-hamburg.de\/?p=1547","url_meta":{"origin":40812,"position":0},"title":"Vom 3. Lehrer und dem Bildungsfaktor Schulbau-Architektur (9.2.2010)","author":"Markus Trapp","date":"18-01-10","format":false,"excerpt":"Wenn von Schularchitektur die Rede ist, wird gerne der \"Dritte Lehrer\" ins Spiel gebracht. Ein schwedisches Sprichwort besagt, dass das Schulgeb\u00e4ude der dritte Lehrer sei (der erste seien die Mitsch\u00fcler, der zweite sei der eigentliche Lehrer, siehe ZEIT-Artikel Der dritte Lehrer). Schule im Dialog - die Ini\u00adti\u00ada\u00adti\u00adve en\u00adga\u00adgier\u00adter El\u00adtern und\u2026","rel":"","context":"In &quot;Ausstellungen und Veranstaltungen&quot;","block_context":{"text":"Ausstellungen und Veranstaltungen","link":"https:\/\/blog.sub.uni-hamburg.de\/?cat=9"},"img":{"alt_text":"","src":"","width":0,"height":0},"classes":[]},{"id":37458,"url":"https:\/\/blog.sub.uni-hamburg.de\/?p=37458","url_meta":{"origin":40812,"position":1},"title":"Wissensr\u00e4ume f\u00fcr morgen \u2013 Trends im Bibliotheksbau (30.1.)","author":"Markus Trapp","date":"26-01-24","format":false,"excerpt":"Dienstag, 30. Januar 2024, 17 Uhr im Vortragsraum (1. Etage). Referent: Olaf Eigenbrodt Eine Veranstaltung der Gesellschaft der Freunde der Staats- und Universit\u00e4tsbibliothek. Die digitale Transformation erfasst fast alle Bereiche unseres Lebens. Sie stellt dabei nicht nur eine technische Herausforderung dar, sondern wirft auch soziale, \u00f6konomische und kulturelle Fragen auf.\u2026","rel":"","context":"In &quot;Ausstellungen und Veranstaltungen&quot;","block_context":{"text":"Ausstellungen und Veranstaltungen","link":"https:\/\/blog.sub.uni-hamburg.de\/?cat=9"},"img":{"alt_text":"Bibliothek LocHal in Tilburg","src":"https:\/\/i0.wp.com\/blog.sub.uni-hamburg.de\/wp-content\/uploads\/2024\/01\/IMG_8261-1-300x225.jpeg?resize=350%2C200&ssl=1","width":350,"height":200},"classes":[]},{"id":25806,"url":"https:\/\/blog.sub.uni-hamburg.de\/?p=25806","url_meta":{"origin":40812,"position":2},"title":"Digital in die Zukunft \u2013 Deutsch-indische Perspektiven (29.10.)","author":"Markus Trapp","date":"16-10-18","format":false,"excerpt":"Podiumsdiskussion und -gespr\u00e4ch mit J\u00fcrgen Webermann, langj\u00e4hriger ARD-Korrespondent f\u00fcr Indien und S\u00fcdasien, Dr. Rajnish Tiwari, Senior Research Fellow, Institut f\u00fcr Technologie und Innovationsmanagement (TIM) an der TU Hamburg (TUHH), Dr. Axel Siegemund, bisher Indien-Referent des Zentrums f\u00fcr Mission und \u00d6kumene \u2013 nordkirche weltweit. Moderation: Katrin J\u00e4ger, Leiterin der TIDE.akademie Mit\u2026","rel":"","context":"In &quot;Ausstellungen und Veranstaltungen&quot;","block_context":{"text":"Ausstellungen und Veranstaltungen","link":"https:\/\/blog.sub.uni-hamburg.de\/?cat=9"},"img":{"alt_text":"","src":"https:\/\/i0.wp.com\/blog.sub.uni-hamburg.de\/wp-content\/uploads\/2018\/10\/mandelzweig-projekthilfe-Logo.jpg?resize=350%2C200&ssl=1","width":350,"height":200,"srcset":"https:\/\/i0.wp.com\/blog.sub.uni-hamburg.de\/wp-content\/uploads\/2018\/10\/mandelzweig-projekthilfe-Logo.jpg?resize=350%2C200&ssl=1 1x, https:\/\/i0.wp.com\/blog.sub.uni-hamburg.de\/wp-content\/uploads\/2018\/10\/mandelzweig-projekthilfe-Logo.jpg?resize=525%2C300&ssl=1 1.5x"},"classes":[]},{"id":36490,"url":"https:\/\/blog.sub.uni-hamburg.de\/?p=36490","url_meta":{"origin":40812,"position":3},"title":"Konferenz: Campus Innovation (27.-29.9.)","author":"Markus Trapp","date":"05-09-23","format":false,"excerpt":"Mittwoch, 27.9. bis Freitag, 29.9., Lichthof. Die Campus Innovation 2023 steht unter dem Motto \u201eUpd@te digitale Transformation \u2013 KI, Nachhaltigkeit und OER an Hochschulen\u201c. Die \u00fcberregionale Fachkonferenz des Multimedia Kontor Hamburg (MMKH) ist Austauschplattform und Expert:innenforum zu Digitalisierung von Lehren, Lernen und Verwaltung an Hochschulen. Die Campus Innovation richtet sich\u2026","rel":"","context":"In &quot;Ausstellungen und Veranstaltungen&quot;","block_context":{"text":"Ausstellungen und Veranstaltungen","link":"https:\/\/blog.sub.uni-hamburg.de\/?cat=9"},"img":{"alt_text":"","src":"https:\/\/i0.wp.com\/blog.sub.uni-hamburg.de\/wp-content\/uploads\/2023\/09\/Campus-Innovation-2023.jpg?resize=350%2C200&ssl=1","width":350,"height":200,"srcset":"https:\/\/i0.wp.com\/blog.sub.uni-hamburg.de\/wp-content\/uploads\/2023\/09\/Campus-Innovation-2023.jpg?resize=350%2C200&ssl=1 1x, https:\/\/i0.wp.com\/blog.sub.uni-hamburg.de\/wp-content\/uploads\/2023\/09\/Campus-Innovation-2023.jpg?resize=525%2C300&ssl=1 1.5x"},"classes":[]},{"id":3734,"url":"https:\/\/blog.sub.uni-hamburg.de\/?p=3734","url_meta":{"origin":40812,"position":4},"title":"Wissenschaftssalon der B\u00f6ll-Stiftung (7.12.2010)","author":"MG","date":"24-11-10","format":false,"excerpt":"Wissenschaftssalon: \"Studieren f\u00fcr die Zukunft Idealbild 2020\" Im Zeitalter von Exzellenzinitiativen, Kompetenzclustern und Bologna-Prozess stellen sich vielf\u00e4ltige Fragen an die Zukunft des Studierens in Deutschland. Jenseits der Diskussionen um die einzelnen Reformen und Wechsel wird auf dem Wissenschaftssalon gemeinsam \u00fcber ein Idealbild der Universit\u00e4t Hamburg in 10 Jahren diskutiert. Wie\u2026","rel":"","context":"In &quot;Ausstellungen und Veranstaltungen&quot;","block_context":{"text":"Ausstellungen und Veranstaltungen","link":"https:\/\/blog.sub.uni-hamburg.de\/?cat=9"},"img":{"alt_text":"","src":"","width":0,"height":0},"classes":[]},{"id":35063,"url":"https:\/\/blog.sub.uni-hamburg.de\/?p=35063","url_meta":{"origin":40812,"position":5},"title":"Offenes Plenum Nachhaltigkeit (26.1.)","author":"Markus Trapp","date":"10-01-23","format":false,"excerpt":"Donnerstag, 26. Januar 2023, 15 - 18 Uhr. Lichthof der Staats und Universit\u00e4tsbibliothek, Eingang Grindelallee. Das Team des neu geschaffenen Sustainability Offices der Universit\u00e4t Hamburg stellt sich bei einem ersten offenen Plenum am 26. Januar 2023 vor. Mitarbeitende und Studierende sind eingeladen, Vortr\u00e4ge zum Thema Nachhaltigkeit zu h\u00f6ren und sich\u2026","rel":"","context":"In &quot;Ausstellungen und Veranstaltungen&quot;","block_context":{"text":"Ausstellungen und Veranstaltungen","link":"https:\/\/blog.sub.uni-hamburg.de\/?cat=9"},"img":{"alt_text":"","src":"https:\/\/i0.wp.com\/blog.sub.uni-hamburg.de\/wp-content\/uploads\/2023\/01\/lichthof-stabi-hamburg.jpg?resize=350%2C200&ssl=1","width":350,"height":200,"srcset":"https:\/\/i0.wp.com\/blog.sub.uni-hamburg.de\/wp-content\/uploads\/2023\/01\/lichthof-stabi-hamburg.jpg?resize=350%2C200&ssl=1 1x, https:\/\/i0.wp.com\/blog.sub.uni-hamburg.de\/wp-content\/uploads\/2023\/01\/lichthof-stabi-hamburg.jpg?resize=525%2C300&ssl=1 1.5x"},"classes":[]}],"jetpack_sharing_enabled":true,"_links":{"self":[{"href":"https:\/\/blog.sub.uni-hamburg.de\/index.php?rest_route=\/wp\/v2\/posts\/40812","targetHints":{"allow":["GET"]}}],"collection":[{"href":"https:\/\/blog.sub.uni-hamburg.de\/index.php?rest_route=\/wp\/v2\/posts"}],"about":[{"href":"https:\/\/blog.sub.uni-hamburg.de\/index.php?rest_route=\/wp\/v2\/types\/post"}],"author":[{"embeddable":true,"href":"https:\/\/blog.sub.uni-hamburg.de\/index.php?rest_route=\/wp\/v2\/users\/19"}],"replies":[{"embeddable":true,"href":"https:\/\/blog.sub.uni-hamburg.de\/index.php?rest_route=%2Fwp%2Fv2%2Fcomments&post=40812"}],"version-history":[{"count":4,"href":"https:\/\/blog.sub.uni-hamburg.de\/index.php?rest_route=\/wp\/v2\/posts\/40812\/revisions"}],"predecessor-version":[{"id":40818,"href":"https:\/\/blog.sub.uni-hamburg.de\/index.php?rest_route=\/wp\/v2\/posts\/40812\/revisions\/40818"}],"wp:attachment":[{"href":"https:\/\/blog.sub.uni-hamburg.de\/index.php?rest_route=%2Fwp%2Fv2%2Fmedia&parent=40812"}],"wp:term":[{"taxonomy":"category","embeddable":true,"href":"https:\/\/blog.sub.uni-hamburg.de\/index.php?rest_route=%2Fwp%2Fv2%2Fcategories&post=40812"},{"taxonomy":"post_tag","embeddable":true,"href":"https:\/\/blog.sub.uni-hamburg.de\/index.php?rest_route=%2Fwp%2Fv2%2Ftags&post=40812"}],"curies":[{"name":"wp","href":"https:\/\/api.w.org\/{rel}","templated":true}]}}