{"id":40414,"date":"2025-06-12T13:58:50","date_gmt":"2025-06-12T11:58:50","guid":{"rendered":"https:\/\/blog.sub.uni-hamburg.de\/?p=40414"},"modified":"2025-06-25T14:52:54","modified_gmt":"2025-06-25T12:52:54","slug":"kurzvortraege-und-diskussion-der-neuaufbau-des-sports-nach-1945-24-6","status":"publish","type":"post","link":"https:\/\/blog.sub.uni-hamburg.de\/?p=40414","title":{"rendered":"Kurzvortr\u00e4ge und Diskussion: Der Neuaufbau des Sports nach 1945 (24.6.)"},"content":{"rendered":"<p><strong>Dienstag, 24.6., 19 Uhr, Vortragsraum.<\/strong><div id=\"attachment_40416\" style=\"width: 310px\" class=\"wp-caption alignright\"><a href=\"https:\/\/blog.sub.uni-hamburg.de\/wp-content\/uploads\/2025\/06\/propagandaplakat-fdj.jpg\"><img loading=\"lazy\" decoding=\"async\" aria-describedby=\"caption-attachment-40416\" data-attachment-id=\"40416\" data-permalink=\"https:\/\/blog.sub.uni-hamburg.de\/?attachment_id=40416\" data-orig-file=\"https:\/\/blog.sub.uni-hamburg.de\/wp-content\/uploads\/2025\/06\/propagandaplakat-fdj.jpg\" data-orig-size=\"1240,697\" data-comments-opened=\"1\" data-image-meta=\"{&quot;aperture&quot;:&quot;0&quot;,&quot;credit&quot;:&quot;&quot;,&quot;camera&quot;:&quot;&quot;,&quot;caption&quot;:&quot;&quot;,&quot;created_timestamp&quot;:&quot;0&quot;,&quot;copyright&quot;:&quot;&quot;,&quot;focal_length&quot;:&quot;0&quot;,&quot;iso&quot;:&quot;0&quot;,&quot;shutter_speed&quot;:&quot;0&quot;,&quot;title&quot;:&quot;&quot;,&quot;orientation&quot;:&quot;0&quot;}\" data-image-title=\"propagandaplakat-fdj\" data-image-description=\"\" data-image-caption=\"&lt;p&gt;Archiv Zentrum deutsche Sportgeschichte &lt;\/p&gt;\n\" data-large-file=\"https:\/\/blog.sub.uni-hamburg.de\/wp-content\/uploads\/2025\/06\/propagandaplakat-fdj-1024x576.jpg\" src=\"https:\/\/blog.sub.uni-hamburg.de\/wp-content\/uploads\/2025\/06\/propagandaplakat-fdj-300x169.jpg\" alt=\"\u00a9 Archiv Zentrum deutsche Sportgeschichte\" title=\"\u00a9 Archiv Zentrum deutsche Sportgeschichte\" width=\"300\" height=\"169\" class=\"size-medium wp-image-40416\" srcset=\"https:\/\/blog.sub.uni-hamburg.de\/wp-content\/uploads\/2025\/06\/propagandaplakat-fdj-300x169.jpg 300w, https:\/\/blog.sub.uni-hamburg.de\/wp-content\/uploads\/2025\/06\/propagandaplakat-fdj-1024x576.jpg 1024w, https:\/\/blog.sub.uni-hamburg.de\/wp-content\/uploads\/2025\/06\/propagandaplakat-fdj-150x84.jpg 150w, https:\/\/blog.sub.uni-hamburg.de\/wp-content\/uploads\/2025\/06\/propagandaplakat-fdj-768x432.jpg 768w, https:\/\/blog.sub.uni-hamburg.de\/wp-content\/uploads\/2025\/06\/propagandaplakat-fdj.jpg 1240w\" sizes=\"auto, (max-width: 300px) 100vw, 300px\" \/><\/a><p id=\"caption-attachment-40416\" class=\"wp-caption-text\">\u00a9 Archiv Zentrum deutsche Sportgeschichte<\/p><\/div><\/p>\n<p>Nach dem Kriegsende 1945 wurden alle nationalsozialistischen Organisationen von den Alliierten verboten. Zu ihnen z\u00e4hlten auch alle Sportvereine, die im Nationalsozialistischen Reichsbund f\u00fcr Leibes\u00fcbungen (NSRL) organisiert und zugleich ein m\u00e4chtiges Werkzeug zur Verbreitung der NS-Ideologie waren.<br \/>\nJedoch zeigte sich bereits gegen Ende des Jahres 1945, dass die Sportentwicklung in den vier Besatzungszonen ganz unterschiedliche Verl\u00e4ufe annahm. Die gegens\u00e4tzlichen weltpolitischen Konzeptionen der beiden Hauptm\u00e4chte UdSSR und USA wirkte sich auf die Deutschlandpolitik der einzelnen Besatzungsm\u00e4chte und auf den Neuaufbau des deutschen Sports aus. W\u00e4hrend in der sowjetisch besetzten Zone rigoros eine sozialistische Entwicklung gef\u00f6rdert wurde, fand das b\u00fcrgerliche Vereins- und Verbandswesen des Sports in den drei Westzonen nach und nach zu seinem alten Gesicht zur\u00fcck.<br \/>\n<!--more--><\/p>\n<p>Es referieren <strong>Prof. em. Lorenz Peiffer<\/strong> (Universit\u00e4t Hannover) und <strong>Dr. Berno Bahro<\/strong> (Universit\u00e4t Potsdam) zu den unterschiedlichen Sportentwicklungen nach 1945 in den einzelnen Besatzungszonen und im geteilten Deutschland.<\/p>\n<p>Im anschlie\u00dfenden Podiumsgespr\u00e4ch diskutieren die Experten mit <strong>Dr. Ren\u00e9 Wiese<\/strong> (Zentrum deutsche Sportgeschichte, Moderation) \u00fcber Strukturen, Transformationsprozesse und Biografien im geteilten deutschen Sport.<\/p>\n<p>Eine Veranstaltung der Landeszentrale f\u00fcr politische Bildung. Der Eintritt ist frei.<\/p>\n","protected":false},"excerpt":{"rendered":"<p>Dienstag, 24.6., 19 Uhr, Vortragsraum. Nach dem Kriegsende 1945 wurden alle nationalsozialistischen Organisationen von den Alliierten verboten. Zu ihnen z\u00e4hlten auch alle Sportvereine, die im Nationalsozialistischen Reichsbund f\u00fcr Leibes\u00fcbungen (NSRL) organisiert und zugleich ein m\u00e4chtiges Werkzeug zur Verbreitung der NS-Ideologie waren. Jedoch zeigte sich bereits gegen Ende des Jahres 1945, dass die Sportentwicklung in den [&hellip;]<\/p>\n","protected":false},"author":19,"featured_media":0,"comment_status":"open","ping_status":"open","sticky":false,"template":"","format":"standard","meta":{"jetpack_post_was_ever_published":false,"_jetpack_newsletter_access":"","_jetpack_dont_email_post_to_subs":false,"_jetpack_newsletter_tier_id":0,"_jetpack_memberships_contains_paywalled_content":false,"_jetpack_memberships_contains_paid_content":false,"footnotes":"","jetpack_publicize_message":"","jetpack_publicize_feature_enabled":true,"jetpack_social_post_already_shared":true,"jetpack_social_options":{"image_generator_settings":{"template":"highway","default_image_id":0,"font":"","enabled":false},"version":2}},"categories":[9],"tags":[],"class_list":["post-40414","post","type-post","status-publish","format-standard","hentry","category-ausstellungen"],"views":704,"jetpack_publicize_connections":[],"jetpack_featured_media_url":"","jetpack_shortlink":"https:\/\/wp.me\/p7hfNR-avQ","jetpack-related-posts":[{"id":34211,"url":"https:\/\/blog.sub.uni-hamburg.de\/?p=34211","url_meta":{"origin":40414,"position":0},"title":"Vortrag: \u201eArisierung\u201c und Ausbeutung als Expertenaufgabe \u2013 Der Hamburger \u00d6konom und NS-Funktion\u00e4r Walter Emmerich im besetzten Polen (28.9.)","author":"Markus Trapp","date":"14-09-22","format":false,"excerpt":"Mittwoch, 28.9., 18 Uhr, Vortragsraum. Die Nationalsozialisten unterwarfen das Generalgouvernement Polen einer brutalen antij\u00fcdischen Verfolgungspolitik sowie einem r\u00fccksichtslosen Ausbeutungsregime. Einer der f\u00fchrenden K\u00f6pfe dieser Herrschaftspraxis war der Hamburger \u00d6konom Walter Emmerich, der seit 1940 in der Krakauer Besatzungsregierung als defacto-Wirtschaftsminister t\u00e4tig war. Dieser hochqualifizierte Experte f\u00fcr antisemitische Verdr\u00e4ngungsma\u00dfnahmen, Handels\u00f6konomie und\u2026","rel":"","context":"In &quot;Ausstellungen und Veranstaltungen&quot;","block_context":{"text":"Ausstellungen und Veranstaltungen","link":"https:\/\/blog.sub.uni-hamburg.de\/?cat=9"},"img":{"alt_text":"Grundlagen und Probleme der Eisenindustrie in Brasilien","src":"https:\/\/i0.wp.com\/blog.sub.uni-hamburg.de\/wp-content\/uploads\/2022\/09\/emmerich-titelblatt.jpg?resize=350%2C200&ssl=1","width":350,"height":200},"classes":[]},{"id":10983,"url":"https:\/\/blog.sub.uni-hamburg.de\/?p=10983","url_meta":{"origin":40414,"position":1},"title":"Holocaust-Zeitzeugen: &#8220;Die Quellen sprechen&#8221;","author":"Markus Trapp","date":"29-01-13","format":false,"excerpt":"Im Artikel \u00abDie Wucht der Geschichte\u00bb informiert die S\u00fcddeutsche Zeitung \u00fcber die umfassendste Holocaust-Dokumentation in der Geschichte des deutschen Rundfunks: Der BR produziert in Zusammenarbeit mit dem Institut f\u00fcr Zeitgeschichte und dem Oldenbourg-Verlag die H\u00f6redition \"Die Quellen sprechen\": An einem konkreten Beispiel, an einer einzelnen Begebenheit oder an einem winzigen\u2026","rel":"","context":"In &quot;Aufgelesen&quot;","block_context":{"text":"Aufgelesen","link":"https:\/\/blog.sub.uni-hamburg.de\/?cat=18"},"img":{"alt_text":"quellen-sprechen2","src":"https:\/\/i0.wp.com\/blog.sub.uni-hamburg.de\/wp-content\/uploads\/2013\/01\/quellen-sprechen2.jpg?resize=350%2C200&ssl=1","width":350,"height":200},"classes":[]},{"id":11324,"url":"https:\/\/blog.sub.uni-hamburg.de\/?p=11324","url_meta":{"origin":40414,"position":2},"title":"Vortrag \u00fcber Hamburger Sozialverwaltung als Verfolgungsinstitution 1933 bis 1945 (20.3.)","author":"MG","date":"13-03-13","format":false,"excerpt":"\u00a0 Dr. Uwe Lohalm: Die Hamburger Sozialverwaltung als Verfolgungsinstitution 1933 bis 1945 Mittwoch, 20. M\u00e4rz 2013, 18 Uhr Vortragsraum, 1. Etage, Eintritt frei Die nationalsozialistische F\u00fcrsorge unterwarf Teile der deutschen Bev\u00f6lkerung einem fortschreitenden Prozess der Marginalisierung und Ausgrenzung. Sogenannte Erbminderwertige, Gemeinschafts- und Rassenfremde wurden minder versorgt, zur Pflichtarbeit gepresst, in\u2026","rel":"","context":"In &quot;Ausstellungen und Veranstaltungen&quot;","block_context":{"text":"Ausstellungen und Veranstaltungen","link":"https:\/\/blog.sub.uni-hamburg.de\/?cat=9"},"img":{"alt_text":"\"Pflichtarbeiter\"","src":"https:\/\/i0.wp.com\/blog.sub.uni-hamburg.de\/wp-content\/uploads\/2013\/03\/13-VHG-LohalmPflichtarbeiter_klein2.jpg?resize=350%2C200&ssl=1","width":350,"height":200},"classes":[]},{"id":2432,"url":"https:\/\/blog.sub.uni-hamburg.de\/?p=2432","url_meta":{"origin":40414,"position":3},"title":"Nationalsozialistische Schulpolitik in Hamburg &#8211; Vortragsveranstaltung mit Buchpr\u00e4sentation (7.7.2010)","author":"Isabella Meinecke","date":"22-06-10","format":false,"excerpt":"Mit \u201eHamburger Schulen im \u201aDritten Reich\u2018\u201c, verfasst vom Historiker und langj\u00e4hrigen Hamburger Schulleiter Dr. Uwe Schmidt (1931\u20132008), liegt die erste Gesamtdarstellung des Schulwesens in der Hansestadt zwischen 1933 und 1945 vor. Sie setzt sich intensiv mit der NS-Schulpolitik auseinander. Die umfangreiche Studie - im Print 2 Bde. Hardcover, insg. 1046\u2026","rel":"","context":"In &quot;Ausstellungen und Veranstaltungen&quot;","block_context":{"text":"Ausstellungen und Veranstaltungen","link":"https:\/\/blog.sub.uni-hamburg.de\/?cat=9"},"img":{"alt_text":"Einladung_NS-Schulpolitik in HH_Cover_Flyer","src":"https:\/\/i0.wp.com\/blog.sub.uni-hamburg.de\/wp-content\/uploads\/2010\/06\/StabiHH_Einladung_Flyer_cover.jpg?resize=350%2C200&ssl=1","width":350,"height":200},"classes":[]},{"id":861,"url":"https:\/\/blog.sub.uni-hamburg.de\/?p=861","url_meta":{"origin":40414,"position":4},"title":"Ausstellung \u201eWissenschaft \u2013 Planung \u2013 Vertreibung\u201c (4.3. &#8211; 3.4.2008)","author":"BP","date":"08-02-08","format":false,"excerpt":"Unter dem Titel \u201eWissenschaft, Planung, Vertreibung \u2013 Der Generalplan Ost der Nationalsozialisten\u201c zeigt die Deutsche Forschungsgemeinschaft ab 4. M\u00e4rz in der Staats- und Universit\u00e4tsbibliothek eine Ausstellung, die von der engen Verbindung akademischer Forschung, rationaler Planung und Forschungsf\u00f6rderung im Dienste der nationalsozialistischen Eroberungs- und Vernichtungspolitik berichtet. In drei Abteilungen skizziert die\u2026","rel":"","context":"In &quot;Ausstellungen und Veranstaltungen&quot;","block_context":{"text":"Ausstellungen und Veranstaltungen","link":"https:\/\/blog.sub.uni-hamburg.de\/?cat=9"},"img":{"alt_text":"","src":"https:\/\/i0.wp.com\/blog.sub.uni-hamburg.de\/wp-content\/uploads\/2008\/02\/dfg_wissenschaft_planung_vertreibung.png?resize=350%2C200&ssl=1","width":350,"height":200,"srcset":"https:\/\/i0.wp.com\/blog.sub.uni-hamburg.de\/wp-content\/uploads\/2008\/02\/dfg_wissenschaft_planung_vertreibung.png?resize=350%2C200&ssl=1 1x, https:\/\/i0.wp.com\/blog.sub.uni-hamburg.de\/wp-content\/uploads\/2008\/02\/dfg_wissenschaft_planung_vertreibung.png?resize=525%2C300&ssl=1 1.5x"},"classes":[]},{"id":1726,"url":"https:\/\/blog.sub.uni-hamburg.de\/?p=1726","url_meta":{"origin":40414,"position":5},"title":"Auf Leben und Tod. Stolpersteine in Altona &#8211; eine biographische Spurensuche (Ausstellung 14.4.-2.6.2010)","author":"MG","date":"08-04-10","format":false,"excerpt":"Die Ausstellung des Stadtteilarchivs Ottensen \"Auf Leben und Tod\" wird im Informationszentrum der Stabi in der ersten Etage gezeigt. In Altona erinnern \u00fcber 160 \u201eStolpersteine\u201c des K\u00fcnstlers Gunter Demnig an Opfer des Nationalsozialismus. Die Ausstellung geht den biographischen Spuren von zwanzig Altonaern und Altonaerinnen nach, die unter nationalsozialistischer Herrschaft ermordet\u2026","rel":"","context":"In &quot;Ausstellungen und Veranstaltungen&quot;","block_context":{"text":"Ausstellungen und Veranstaltungen","link":"https:\/\/blog.sub.uni-hamburg.de\/?cat=9"},"img":{"alt_text":"","src":"https:\/\/i0.wp.com\/blog.sub.uni-hamburg.de\/wp-content\/uploads\/2010\/04\/10-Stolperstein-Pl.jpg?resize=350%2C200&ssl=1","width":350,"height":200,"srcset":"https:\/\/i0.wp.com\/blog.sub.uni-hamburg.de\/wp-content\/uploads\/2010\/04\/10-Stolperstein-Pl.jpg?resize=350%2C200&ssl=1 1x, https:\/\/i0.wp.com\/blog.sub.uni-hamburg.de\/wp-content\/uploads\/2010\/04\/10-Stolperstein-Pl.jpg?resize=525%2C300&ssl=1 1.5x, https:\/\/i0.wp.com\/blog.sub.uni-hamburg.de\/wp-content\/uploads\/2010\/04\/10-Stolperstein-Pl.jpg?resize=700%2C400&ssl=1 2x"},"classes":[]}],"jetpack_sharing_enabled":true,"_links":{"self":[{"href":"https:\/\/blog.sub.uni-hamburg.de\/index.php?rest_route=\/wp\/v2\/posts\/40414","targetHints":{"allow":["GET"]}}],"collection":[{"href":"https:\/\/blog.sub.uni-hamburg.de\/index.php?rest_route=\/wp\/v2\/posts"}],"about":[{"href":"https:\/\/blog.sub.uni-hamburg.de\/index.php?rest_route=\/wp\/v2\/types\/post"}],"author":[{"embeddable":true,"href":"https:\/\/blog.sub.uni-hamburg.de\/index.php?rest_route=\/wp\/v2\/users\/19"}],"replies":[{"embeddable":true,"href":"https:\/\/blog.sub.uni-hamburg.de\/index.php?rest_route=%2Fwp%2Fv2%2Fcomments&post=40414"}],"version-history":[{"count":3,"href":"https:\/\/blog.sub.uni-hamburg.de\/index.php?rest_route=\/wp\/v2\/posts\/40414\/revisions"}],"predecessor-version":[{"id":40418,"href":"https:\/\/blog.sub.uni-hamburg.de\/index.php?rest_route=\/wp\/v2\/posts\/40414\/revisions\/40418"}],"wp:attachment":[{"href":"https:\/\/blog.sub.uni-hamburg.de\/index.php?rest_route=%2Fwp%2Fv2%2Fmedia&parent=40414"}],"wp:term":[{"taxonomy":"category","embeddable":true,"href":"https:\/\/blog.sub.uni-hamburg.de\/index.php?rest_route=%2Fwp%2Fv2%2Fcategories&post=40414"},{"taxonomy":"post_tag","embeddable":true,"href":"https:\/\/blog.sub.uni-hamburg.de\/index.php?rest_route=%2Fwp%2Fv2%2Ftags&post=40414"}],"curies":[{"name":"wp","href":"https:\/\/api.w.org\/{rel}","templated":true}]}}