{"id":40359,"date":"2025-06-02T11:21:19","date_gmt":"2025-06-02T09:21:19","guid":{"rendered":"https:\/\/blog.sub.uni-hamburg.de\/?p=40359"},"modified":"2025-08-04T12:41:01","modified_gmt":"2025-08-04T10:41:01","slug":"die-wissenschaft-vom-niederdeutschen-einblicke-in-die-werkstatt-der-niederdeutschen-forschung-11-6-21-7","status":"publish","type":"post","link":"https:\/\/blog.sub.uni-hamburg.de\/?p=40359","title":{"rendered":"Die Wissenschaft vom Niederdeutschen. Einblicke in die Werkstatt der niederdeutschen Forschung (11.6.-21.7.)"},"content":{"rendered":"<p><a href=\"https:\/\/blog.sub.uni-hamburg.de\/wp-content\/uploads\/2025\/06\/Ausstellung-Niederdeutsch-gr.jpg\"><img loading=\"lazy\" decoding=\"async\" data-attachment-id=\"40361\" data-permalink=\"https:\/\/blog.sub.uni-hamburg.de\/?attachment_id=40361\" data-orig-file=\"https:\/\/blog.sub.uni-hamburg.de\/wp-content\/uploads\/2025\/06\/Ausstellung-Niederdeutsch.jpg\" data-orig-size=\"305,432\" data-comments-opened=\"1\" data-image-meta=\"{&quot;aperture&quot;:&quot;0&quot;,&quot;credit&quot;:&quot;&quot;,&quot;camera&quot;:&quot;&quot;,&quot;caption&quot;:&quot;&quot;,&quot;created_timestamp&quot;:&quot;0&quot;,&quot;copyright&quot;:&quot;&quot;,&quot;focal_length&quot;:&quot;0&quot;,&quot;iso&quot;:&quot;0&quot;,&quot;shutter_speed&quot;:&quot;0&quot;,&quot;title&quot;:&quot;&quot;,&quot;orientation&quot;:&quot;0&quot;}\" data-image-title=\"Ausstellung-Niederdeutsch\" data-image-description=\"\" data-image-caption=\"\" data-large-file=\"https:\/\/blog.sub.uni-hamburg.de\/wp-content\/uploads\/2025\/06\/Ausstellung-Niederdeutsch.jpg\" class=\"alignright size-full wp-image-40361\" title=\"Plakt der Ausstellung 'Die Wissenschaft vom Niederdeutschen. Einblicke in die Werkstatt der niederdeutschen Forschung (11.6.-21.7.)'\" src=\"https:\/\/blog.sub.uni-hamburg.de\/wp-content\/uploads\/2025\/06\/Ausstellung-Niederdeutsch.jpg\" alt=\"Plakt der Ausstellung 'Die Wissenschaft vom Niederdeutschen. Einblicke in die Werkstatt der niederdeutschen Forschung (11.6.-21.7.)'\" width=\"305\" height=\"432\" srcset=\"https:\/\/blog.sub.uni-hamburg.de\/wp-content\/uploads\/2025\/06\/Ausstellung-Niederdeutsch.jpg 305w, https:\/\/blog.sub.uni-hamburg.de\/wp-content\/uploads\/2025\/06\/Ausstellung-Niederdeutsch-212x300.jpg 212w, https:\/\/blog.sub.uni-hamburg.de\/wp-content\/uploads\/2025\/06\/Ausstellung-Niederdeutsch-106x150.jpg 106w\" sizes=\"auto, (max-width: 305px) 100vw, 305px\" \/><\/a> <strong>11. Juni bis 21. Juli, Ausstellungsraum.<\/strong><\/p>\n<p>Seit 150 Jahren gibt es den <a href=\"https:\/\/www.vnds.de\/\">Verein f\u00fcr niederdeutsche Sprachforschung<\/a>, der in Hamburg gegr\u00fcndet wurde. Diesem Jubil\u00e4um ist eine Ausstellung gewidmet, die vielf\u00e4ltige Einblicke in die niederdeutsche Sprache und Literatur und deren Erforschung bietet, vom Mittelalter bis zur Gegenwart. Die Themen sind vielf\u00e4ltig: das \u201eHamburger Schiffsrecht\u201c und der \u201eReynke de Vos\u201c, niederdeutsche W\u00f6rterb\u00fccher und Dialektatlanten, Sprachbiographieforschung und Norddeutsch in den Medien, Hamburger Stra\u00dfennamen, Plattdeutsch in der Schule und vieles mehr.<\/p>\n<p>Im Ausstellungsraum im Erdgeschoss.<br \/>\n\u00d6ffnungszeiten: Mo.-Fr. 9-24 Uhr, Sa.-So. 10-24 Uhr.<br \/>\nDer Eintritt ist frei.<\/p>\n<h4>Ausstellungser\u00f6ffnung<\/h4>\n<p>Die Ausstellung wird am <strong>Mittwoch, 11. Juni, um 18 Uhr<\/strong> im Vortragsraum er\u00f6ffnet. Um Anmeldung wird gebeten unter: <a href=\"mailto:pr@sub.uni-hamburg.de\">pr@sub.uni-hamburg.de<\/a><\/p>\n<p>Zum <strong>virtuellen Ausstellungsrundgang<\/strong> geht es <a href=\"https:\/\/schaukasten.sub.uni-hamburg.de\/virtueller_rundgang\/ausstellung\/2025\/niederdeutschesprache\/\">hier<\/a>.<\/p>\n","protected":false},"excerpt":{"rendered":"<p>11. Juni bis 21. Juli, Ausstellungsraum. Seit 150 Jahren gibt es den Verein f\u00fcr niederdeutsche Sprachforschung, der in Hamburg gegr\u00fcndet wurde. Diesem Jubil\u00e4um ist eine Ausstellung gewidmet, die vielf\u00e4ltige Einblicke in die niederdeutsche Sprache und Literatur und deren Erforschung bietet, vom Mittelalter bis zur Gegenwart. Die Themen sind vielf\u00e4ltig: das \u201eHamburger Schiffsrecht\u201c und der \u201eReynke [&hellip;]<\/p>\n","protected":false},"author":19,"featured_media":0,"comment_status":"open","ping_status":"open","sticky":false,"template":"","format":"standard","meta":{"jetpack_post_was_ever_published":false,"_jetpack_newsletter_access":"","_jetpack_dont_email_post_to_subs":false,"_jetpack_newsletter_tier_id":0,"_jetpack_memberships_contains_paywalled_content":false,"_jetpack_memberships_contains_paid_content":false,"footnotes":"","jetpack_publicize_message":"","jetpack_publicize_feature_enabled":true,"jetpack_social_post_already_shared":true,"jetpack_social_options":{"image_generator_settings":{"template":"highway","default_image_id":0,"font":"","enabled":false},"version":2}},"categories":[9],"tags":[],"class_list":["post-40359","post","type-post","status-publish","format-standard","hentry","category-ausstellungen"],"views":4725,"jetpack_publicize_connections":[],"jetpack_featured_media_url":"","jetpack_shortlink":"https:\/\/wp.me\/p7hfNR-auX","jetpack-related-posts":[{"id":40355,"url":"https:\/\/blog.sub.uni-hamburg.de\/?p=40355","url_meta":{"origin":40359,"position":0},"title":"Jahrestagung: Verein f\u00fcr niederdeutsche Sprachforschung (10.-12.6.)","author":"Markus Trapp","date":"02-06-25","format":false,"excerpt":"Dienstag, 10.6. bis Donnerstag, 12.6., Lichthof. Im Jahr 1875 fand in Hamburg die erste Tagung des Vereins f\u00fcr niederdeutsche Sprachforschung (Vnds) statt. Seither kommen internationale Fachleute einmal im Jahr in der Pfingstwoche zusammen, um sich mit der niederdeutschen Sprache und Literatur zu besch\u00e4ftigen. Auf der Jubil\u00e4umstagung wird vor allem die\u2026","rel":"","context":"In &quot;Ausstellungen und Veranstaltungen&quot;","block_context":{"text":"Ausstellungen und Veranstaltungen","link":"https:\/\/blog.sub.uni-hamburg.de\/?cat=9"},"img":{"alt_text":"Logo des Vereins f\u00fcr niederdeutsche Sprachforschung","src":"https:\/\/i0.wp.com\/blog.sub.uni-hamburg.de\/wp-content\/uploads\/2024\/09\/vnds-300x72.png?resize=350%2C200&ssl=1","width":350,"height":200},"classes":[]},{"id":38666,"url":"https:\/\/blog.sub.uni-hamburg.de\/?p=38666","url_meta":{"origin":40359,"position":1},"title":"Festveranstaltung: 150 Jahre Verein f\u00fcr niederdeutsche Sprachforschung (25.9.)","author":"Markus Trapp","date":"10-09-24","format":false,"excerpt":"Mittwoch, 25.9., 19 Uhr, Vortragsraum. Der Verein f\u00fcr niederdeutsche Sprachforschung widmet sich als wissenschaftliche Gesellschaft der Entwicklung des Niederdeutschen von den Anf\u00e4ngen der \u00dcberlieferung bis zur Gegenwart, der aktuellen sprachlichen Variation in Norddeutschland sowie der niederdeutschen Literatur. Anl\u00e4sslich des 150j\u00e4hrigen Bestehens werden Highlights der Niederdeutsch-Forschung, Einblicke in die fr\u00fche Vereinsgeschichte,\u2026","rel":"","context":"In &quot;Ausstellungen und Veranstaltungen&quot;","block_context":{"text":"Ausstellungen und Veranstaltungen","link":"https:\/\/blog.sub.uni-hamburg.de\/?cat=9"},"img":{"alt_text":"Statuten des Vereins von 1875","src":"https:\/\/i0.wp.com\/blog.sub.uni-hamburg.de\/wp-content\/uploads\/2024\/09\/2024-09-25-Statuten-des-Vereins-von-1875.png?resize=350%2C200&ssl=1","width":350,"height":200},"classes":[]},{"id":35022,"url":"https:\/\/blog.sub.uni-hamburg.de\/?p=35022","url_meta":{"origin":40359,"position":2},"title":"Vortrag: De gantze hillige Schrifft Sassisch. Niederdeutsche Bibel\u00fcbersetzungen und norddeutsche Sprachgeschichte (26.1.)","author":"Markus Trapp","date":"05-01-23","format":false,"excerpt":"Prof. Dr. Ingrid Schr\u00f6der (Institut f\u00fcr Germanistik der Universit\u00e4t Hamburg). Donnerstag, 26.1.2023, 17 Uhr, Konferenzraum SUB Hamburg (2. Etage). Welche Rolle spielen niederdeutsche Bibel\u00fcbersetzungen in der norddeutschen Sprachgeschichte? Was k\u00f6nnen wir aus ihnen zur Entwicklung des Niederdeutschen ablesen, \u00fcber Sprachgebrauch und Sprachstruktur? Die Geschichte niederdeutscher Bibel\u00fcbersetzungen wird im Vortrag schlaglichtartig\u2026","rel":"","context":"In &quot;Ausstellungen und Veranstaltungen&quot;","block_context":{"text":"Ausstellungen und Veranstaltungen","link":"https:\/\/blog.sub.uni-hamburg.de\/?cat=9"},"img":{"alt_text":"Dat nyge Testament","src":"https:\/\/i0.wp.com\/blog.sub.uni-hamburg.de\/wp-content\/uploads\/2023\/01\/Dat-nyge-Testament.jpg?resize=350%2C200&ssl=1","width":350,"height":200},"classes":[]},{"id":34910,"url":"https:\/\/blog.sub.uni-hamburg.de\/?p=34910","url_meta":{"origin":40359,"position":3},"title":"Ausstellung: De gantze hillige Schrifft. 500 Jahre Bibeldruck in Hamburg (11.1.-26.3.)","author":"Markus Trapp","date":"16-12-22","format":false,"excerpt":"Kein Werk ist in mehr Sprachen \u00fcbersetzt und in mehr Ausgaben gedruckt worden als die Bibel. In Hamburg jedoch konnte der Bibeldruck nur in einem engen Rahmen stattfinden, da sich die Stadt bis ins 19. Jahrhundert hinein allein der \u201eLutherschen Lehre\u201c verschrieben hatte und andere Bekenntnisse nicht gelten lie\u00df. Als\u2026","rel":"","context":"In &quot;Ausstellungen und Veranstaltungen&quot;","block_context":{"text":"Ausstellungen und Veranstaltungen","link":"https:\/\/blog.sub.uni-hamburg.de\/?cat=9"},"img":{"alt_text":"","src":"https:\/\/i0.wp.com\/blog.sub.uni-hamburg.de\/wp-content\/uploads\/2022\/12\/bibeldruck-poster.jpg?resize=350%2C200&ssl=1","width":350,"height":200},"classes":[]},{"id":23357,"url":"https:\/\/blog.sub.uni-hamburg.de\/?p=23357","url_meta":{"origin":40359,"position":4},"title":"Kolloquium niederdeutsche Sprachforschung (5.\/6.10.)","author":"Markus Trapp","date":"18-09-17","format":false,"excerpt":"8. Kolloquium des Forums Sprachvariation der Internationalen Gesellschaft f\u00fcr Dialektologie des Deutschen (IGDD) \/ 6. Nachwuchskolloquium des Vereins f\u00fcr niederdeutsche Sprachforschung (VndS) Auf der gemeinsamen Nachwuchstagung stellen NachwuchswissenschaftlerInnen ihre Forschungsprojekte vor und diskutieren sie. Die Vortr\u00e4ge besch\u00e4ftigen sich mit Themen der Dialektologie und Regionalsprachenforschung sowie der historischen Sprach- und Literaturwissenschaft.\u2026","rel":"","context":"In &quot;Ausstellungen und Veranstaltungen&quot;","block_context":{"text":"Ausstellungen und Veranstaltungen","link":"https:\/\/blog.sub.uni-hamburg.de\/?cat=9"},"img":{"alt_text":"","src":"https:\/\/i0.wp.com\/blog.sub.uni-hamburg.de\/wp-content\/uploads\/2017\/09\/Sprachforschung.jpg?resize=350%2C200&ssl=1","width":350,"height":200,"srcset":"https:\/\/i0.wp.com\/blog.sub.uni-hamburg.de\/wp-content\/uploads\/2017\/09\/Sprachforschung.jpg?resize=350%2C200&ssl=1 1x, https:\/\/i0.wp.com\/blog.sub.uni-hamburg.de\/wp-content\/uploads\/2017\/09\/Sprachforschung.jpg?resize=525%2C300&ssl=1 1.5x"},"classes":[]},{"id":22636,"url":"https:\/\/blog.sub.uni-hamburg.de\/?p=22636","url_meta":{"origin":40359,"position":5},"title":"De Stabi nu ok op platt&#8230; das mehrsprachige Angebot der Stabi-Webseiten","author":"HS","date":"04-05-17","format":false,"excerpt":"Die Stabi bietet seit einigen Jahren eine mehrsprachige Serviceseite an. Diese haben wir in den letzten Tagen \u00fcberarbeitet und dabei neben englisch, franz\u00f6sisch, spanisch, t\u00fcrkisch, russisch, arabisch und chinesisch noch eine neue Sprache eingepflegt: Mit Moin! Moin! beginnt unsere Serviceseite auf plattdeutsch - womit auch sonst?! Als Landesbibliothek\u00a0 der Freien\u2026","rel":"","context":"In &quot;Aktuelles&quot;","block_context":{"text":"Aktuelles","link":"https:\/\/blog.sub.uni-hamburg.de\/?cat=1"},"img":{"alt_text":"","src":"https:\/\/i0.wp.com\/blog.sub.uni-hamburg.de\/wp-content\/uploads\/2017\/05\/spazeergang-blogbild2-300x208.jpg?resize=350%2C200&ssl=1","width":350,"height":200},"classes":[]}],"jetpack_sharing_enabled":true,"_links":{"self":[{"href":"https:\/\/blog.sub.uni-hamburg.de\/index.php?rest_route=\/wp\/v2\/posts\/40359","targetHints":{"allow":["GET"]}}],"collection":[{"href":"https:\/\/blog.sub.uni-hamburg.de\/index.php?rest_route=\/wp\/v2\/posts"}],"about":[{"href":"https:\/\/blog.sub.uni-hamburg.de\/index.php?rest_route=\/wp\/v2\/types\/post"}],"author":[{"embeddable":true,"href":"https:\/\/blog.sub.uni-hamburg.de\/index.php?rest_route=\/wp\/v2\/users\/19"}],"replies":[{"embeddable":true,"href":"https:\/\/blog.sub.uni-hamburg.de\/index.php?rest_route=%2Fwp%2Fv2%2Fcomments&post=40359"}],"version-history":[{"count":4,"href":"https:\/\/blog.sub.uni-hamburg.de\/index.php?rest_route=\/wp\/v2\/posts\/40359\/revisions"}],"predecessor-version":[{"id":40578,"href":"https:\/\/blog.sub.uni-hamburg.de\/index.php?rest_route=\/wp\/v2\/posts\/40359\/revisions\/40578"}],"wp:attachment":[{"href":"https:\/\/blog.sub.uni-hamburg.de\/index.php?rest_route=%2Fwp%2Fv2%2Fmedia&parent=40359"}],"wp:term":[{"taxonomy":"category","embeddable":true,"href":"https:\/\/blog.sub.uni-hamburg.de\/index.php?rest_route=%2Fwp%2Fv2%2Fcategories&post=40359"},{"taxonomy":"post_tag","embeddable":true,"href":"https:\/\/blog.sub.uni-hamburg.de\/index.php?rest_route=%2Fwp%2Fv2%2Ftags&post=40359"}],"curies":[{"name":"wp","href":"https:\/\/api.w.org\/{rel}","templated":true}]}}