{"id":40330,"date":"2025-05-27T12:09:51","date_gmt":"2025-05-27T10:09:51","guid":{"rendered":"https:\/\/blog.sub.uni-hamburg.de\/?p=40330"},"modified":"2025-05-27T18:31:53","modified_gmt":"2025-05-27T16:31:53","slug":"diversity-tage-2025-vermoegensaufbau-und-altersvorsorge-wie-gehe-ich-es-an-26-juni","status":"publish","type":"post","link":"https:\/\/blog.sub.uni-hamburg.de\/?p=40330","title":{"rendered":"Diversity-Tage 2025 | &#8220;Verm\u00f6gensaufbau und Altersvorsorge \u2013 wie gehe ich es an?&#8221; (26.6.)"},"content":{"rendered":"<p><em>von den Gleichstellungsbeauftragten der SUB Hamburg (Korinna Meschke &amp; Nina Blank)<br \/>\n<\/em><\/p>\n<div id=\"attachment_35816\" style=\"width: 1128px\" class=\"wp-caption alignnone\"><img loading=\"lazy\" decoding=\"async\" aria-describedby=\"caption-attachment-35816\" data-attachment-id=\"35816\" data-permalink=\"https:\/\/blog.sub.uni-hamburg.de\/?attachment_id=35816\" data-orig-file=\"https:\/\/blog.sub.uni-hamburg.de\/wp-content\/uploads\/2023\/05\/diversity-tage-uhh.jpg\" data-orig-size=\"1118,210\" data-comments-opened=\"1\" data-image-meta=\"{&quot;aperture&quot;:&quot;0&quot;,&quot;credit&quot;:&quot;Allgemeinheit&quot;,&quot;camera&quot;:&quot;&quot;,&quot;caption&quot;:&quot;&quot;,&quot;created_timestamp&quot;:&quot;1597761097&quot;,&quot;copyright&quot;:&quot;&quot;,&quot;focal_length&quot;:&quot;0&quot;,&quot;iso&quot;:&quot;0&quot;,&quot;shutter_speed&quot;:&quot;0&quot;,&quot;title&quot;:&quot;&quot;,&quot;orientation&quot;:&quot;0&quot;}\" data-image-title=\"diversity-tage-uhh\" data-image-description=\"\" data-image-caption=\"\" data-large-file=\"https:\/\/blog.sub.uni-hamburg.de\/wp-content\/uploads\/2023\/05\/diversity-tage-uhh.jpg\" class=\"wp-image-35816 size-full\" src=\"https:\/\/blog.sub.uni-hamburg.de\/wp-content\/uploads\/2023\/05\/diversity-tage-uhh.jpg\" alt=\"\" width=\"1118\" height=\"210\" \/><p id=\"caption-attachment-35816\" class=\"wp-caption-text\">Foto: Nuran Karadeniz<\/p><\/div>\n<p>Die diesj\u00e4hrigen <strong>Diversity-Tage <\/strong>finden in der Woche vom\u00a0<strong data-prosemirror-content-type=\"mark\" data-prosemirror-mark-name=\"strong\">23. bis zum 27. Juni 2025 <\/strong>statt.<\/p>\n<p>Von den zahlreichen Veranstaltungen und Aktionen, welche die Vielfalt an der Universit\u00e4t Hamburg sichtbar machen sollen, wollen wir auf eine Veranstaltung besonders aufmerksam machen.<\/p>\n<p>In Kooperation mit der <strong>Stabstelle Gleichstellung der UHH<\/strong> haben die <strong>Gleichstellungsbeauftragten der SUB Hamburg<\/strong> Frau Sandra Klug von der Verbraucherzentrale Hamburg f\u00fcr einen Vortrag zum Thema <strong>&#8220;Verm\u00f6gensaufbau und Altersvorsorge&#8221;<\/strong> gewinnen k\u00f6nnen.<\/p>\n<p>Sie informiert \u00fcber das immer wichtigere Thema der finanziellen Absicherung im Alter am <strong>26. Juni 2025 von 14.00-15.30 Uhr im Vortragsraum der SUB<\/strong>.<\/p>\n<p><!--more--><\/p>\n<div class=\"outer h1\">\n<table>\n<tbody>\n<tr>\n<td width=\"604\">\n<h3>Verm\u00f6gensaufbau und Altersvorsorge \u2013 wie gehe ich es an?<\/h3>\n<p>Kinderbetreuung, Teilzeitarbeit, geringere L\u00f6hne \u2013 wir sollten rechtzeitig f\u00fcrs Alter vorsorgen, doch viele Menschen haben Ber\u00fchrungs\u00e4ngste und schieben das Thema auf die lange Bank. Noch dazu kommen aktuell die hohen Energiekosten und gestiegenen Supermarktpreise &#8211; wo bleibt da noch Geld zum Sparen \u00fcbrig? Der Vortrag zeigt Ihnen, wie Sie das Sparen f\u00fcrs Alter trotzdem am besten angehen.<\/p>\n<p><strong>Referent:in<\/strong> Sandra Klug (Verbraucherzentrale Hamburg, Abteilungsleiterin Geldanlage, Altersvorsorge, Versicherungen)<\/p>\n<p><strong>Veranstaltungsart<\/strong> Vortrag mit Diskussion<\/p>\n<p><strong>Zielgruppe<\/strong> Studierende, Lehrende, Forschende, TVP-Besch\u00e4ftigte, \u00f6ffentlich<\/p>\n<p><strong>Zeit <\/strong>Donnerstag, 26. Juni 2025, 14.00 &#8211; 15.30 Uhr<\/p>\n<p><strong>Ort<\/strong> Staats- und Universit\u00e4tsbibliothek Hamburg, Vortragsraum (HG154)<\/p>\n<p><strong>Veranstalter:in<\/strong> Kooperation der Stabsstelle Gleichstellung und Familienb\u00fcro UHH, Gleichstellungsbeauftragte TVP UHH, Gleichstellungsbeauftragte SUB Hamburg<\/td>\n<\/tr>\n<\/tbody>\n<\/table>\n<\/div>\n<p>Mehr Informationen zum Programm und der Anmeldung finden Sie unter: <a href=\"https:\/\/www.uni-hamburg.de\/gleichstellung\/diversity\/diversity-tag\/1-einzelveranstatungen-detailseiten\/do-vermoegensaufbau.html\" target=\"_blank\" rel=\"noopener\">https:\/\/www.uni-hamburg.de\/gleichstellung\/diversity\/diversity-tag\/1-einzelveranstatungen-detailseiten\/do-vermoegensaufbau.html<\/a><\/p>\n","protected":false},"excerpt":{"rendered":"<p>von den Gleichstellungsbeauftragten der SUB Hamburg (Korinna Meschke &amp; Nina Blank) Die diesj\u00e4hrigen Diversity-Tage finden in der Woche vom\u00a023. bis zum 27. Juni 2025 statt. Von den zahlreichen Veranstaltungen und Aktionen, welche die Vielfalt an der Universit\u00e4t Hamburg sichtbar machen sollen, wollen wir auf eine Veranstaltung besonders aufmerksam machen. In Kooperation mit der Stabstelle Gleichstellung [&hellip;]<\/p>\n","protected":false},"author":52,"featured_media":0,"comment_status":"open","ping_status":"open","sticky":false,"template":"","format":"standard","meta":{"jetpack_post_was_ever_published":false,"_jetpack_newsletter_access":"","_jetpack_dont_email_post_to_subs":false,"_jetpack_newsletter_tier_id":0,"_jetpack_memberships_contains_paywalled_content":false,"_jetpack_memberships_contains_paid_content":false,"footnotes":"","jetpack_publicize_message":"","jetpack_publicize_feature_enabled":true,"jetpack_social_post_already_shared":true,"jetpack_social_options":{"image_generator_settings":{"template":"highway","default_image_id":0,"font":"","enabled":false},"version":2}},"categories":[9],"tags":[141],"class_list":["post-40330","post","type-post","status-publish","format-standard","hentry","category-ausstellungen","tag-diversity-tage"],"views":742,"jetpack_publicize_connections":[],"jetpack_featured_media_url":"","jetpack_shortlink":"https:\/\/wp.me\/p7hfNR-auu","jetpack-related-posts":[{"id":35813,"url":"https:\/\/blog.sub.uni-hamburg.de\/?p=35813","url_meta":{"origin":40330,"position":0},"title":"&#8220;Verm\u00f6gensaufbau und Altersvorsorge \u2013 wie gehe ich es an?&#8221; &#8211; Diversity-Tage 2023 (8.6.)","author":"Korinna Meschke","date":"08-05-23","format":false,"excerpt":"von den Gleichstellungsbeauftragten der SUB Hamburg (Korinna Meschke & Nina Blank) Die diesj\u00e4hrigen Diversity-Tage finden in der Woche vom 05. bis zum 09. Juni 2023 statt. Von den zahlreichen Veranstaltungen und Aktionen, welche die Vielfalt an der Universit\u00e4t Hamburg sichtbar machen sollen, wollen wir auf eine Veranstaltung besonders aufmerksam machen.\u2026","rel":"","context":"In &quot;Ausstellungen und Veranstaltungen&quot;","block_context":{"text":"Ausstellungen und Veranstaltungen","link":"https:\/\/blog.sub.uni-hamburg.de\/?cat=9"},"img":{"alt_text":"","src":"https:\/\/i0.wp.com\/blog.sub.uni-hamburg.de\/wp-content\/uploads\/2023\/05\/diversity-tage-uhh.jpg?resize=350%2C200&ssl=1","width":350,"height":200,"srcset":"https:\/\/i0.wp.com\/blog.sub.uni-hamburg.de\/wp-content\/uploads\/2023\/05\/diversity-tage-uhh.jpg?resize=350%2C200&ssl=1 1x, https:\/\/i0.wp.com\/blog.sub.uni-hamburg.de\/wp-content\/uploads\/2023\/05\/diversity-tage-uhh.jpg?resize=525%2C300&ssl=1 1.5x, https:\/\/i0.wp.com\/blog.sub.uni-hamburg.de\/wp-content\/uploads\/2023\/05\/diversity-tage-uhh.jpg?resize=700%2C400&ssl=1 2x, https:\/\/i0.wp.com\/blog.sub.uni-hamburg.de\/wp-content\/uploads\/2023\/05\/diversity-tage-uhh.jpg?resize=1050%2C600&ssl=1 3x"},"classes":[]},{"id":40473,"url":"https:\/\/blog.sub.uni-hamburg.de\/?p=40473","url_meta":{"origin":40330,"position":1},"title":"Diversity-Regal zum Auftakt der Diversity-Tage 2025","author":"Korinna Meschke","date":"24-06-25","format":false,"excerpt":"Zum Start der diesj\u00e4hrigen Diversity-Tage an der Universit\u00e4t Hamburg gibt es im Ausleihzentrum (ALZ) der Staats- und Universit\u00e4tsbibliothek Hamburg eine besondere Aktion: Ab dem 23. Juni 2025 l\u00e4dt ein neues Diversity-Regal dazu ein, sich mit verschiedenen Facetten von Vielfalt, Chancengleichheit und Antidiskriminierung auseinanderzusetzen. Das Regal ist ein gemeinschaftliches Projekt der\u2026","rel":"","context":"In &quot;Aktuelles&quot;","block_context":{"text":"Aktuelles","link":"https:\/\/blog.sub.uni-hamburg.de\/?cat=1"},"img":{"alt_text":"","src":"https:\/\/i0.wp.com\/blog.sub.uni-hamburg.de\/wp-content\/uploads\/2025\/06\/Diversity-Regal-Banner-1024x292.png?resize=350%2C200&ssl=1","width":350,"height":200,"srcset":"https:\/\/i0.wp.com\/blog.sub.uni-hamburg.de\/wp-content\/uploads\/2025\/06\/Diversity-Regal-Banner-1024x292.png?resize=350%2C200&ssl=1 1x, https:\/\/i0.wp.com\/blog.sub.uni-hamburg.de\/wp-content\/uploads\/2025\/06\/Diversity-Regal-Banner-1024x292.png?resize=525%2C300&ssl=1 1.5x, https:\/\/i0.wp.com\/blog.sub.uni-hamburg.de\/wp-content\/uploads\/2025\/06\/Diversity-Regal-Banner-1024x292.png?resize=700%2C400&ssl=1 2x"},"classes":[]},{"id":31384,"url":"https:\/\/blog.sub.uni-hamburg.de\/?p=31384","url_meta":{"origin":40330,"position":2},"title":"Diversity-Tage 7. bis 11. Juni 2021","author":"Korinna Meschke","date":"07-06-21","format":false,"excerpt":"von den Gleichstellungsbeauftragten der SUB Hamburg. Die Gleichstellungsbeauftragten der SUB Hamburg hatten Sie im April dazu eingeladen, im Rahmen der diesj\u00e4hrigen Diversity-Tage Buchvorschl\u00e4ge einzusenden, die aus Ihrer Sicht Vielfalt darstellen und f\u00fcr Sie besonders macht: Welche B\u00fccher, in denen Vielfalt dargestellt wird, haben Sie gelesen oder mit Ihren Kindern angeschaut?\u2026","rel":"","context":"In &quot;Aktuelles&quot;","block_context":{"text":"Aktuelles","link":"https:\/\/blog.sub.uni-hamburg.de\/?cat=1"},"img":{"alt_text":"","src":"https:\/\/i0.wp.com\/blog.sub.uni-hamburg.de\/wp-content\/uploads\/2021\/06\/diversity-5353013_640.jpg?resize=350%2C200&ssl=1","width":350,"height":200,"srcset":"https:\/\/i0.wp.com\/blog.sub.uni-hamburg.de\/wp-content\/uploads\/2021\/06\/diversity-5353013_640.jpg?resize=350%2C200&ssl=1 1x, https:\/\/i0.wp.com\/blog.sub.uni-hamburg.de\/wp-content\/uploads\/2021\/06\/diversity-5353013_640.jpg?resize=525%2C300&ssl=1 1.5x"},"classes":[]},{"id":30958,"url":"https:\/\/blog.sub.uni-hamburg.de\/?p=30958","url_meta":{"origin":40330,"position":3},"title":"Vielfalt in der Literatur &#8211; Blogslam der Stabi","author":"Korinna Meschke","date":"06-04-21","format":false,"excerpt":"von den Gleichstellungsbeauftragten der SUB Hamburg. Unsere Gesellschaft ist vielf\u00e4ltig und besteht aus Menschen mit verschiedenen sexuellen und geschlechtlichen Identit\u00e4ten, aus alten und jungen Menschen mit unterschiedlichen Hautfarben, aus Personen mit und ohne Migrationsbiografie sowie aus Menschen mit und ohne k\u00f6rperlicher oder geistiger Einschr\u00e4nkung. Sie alle wollen wir auch in\u2026","rel":"","context":"In &quot;Aktuelles&quot;","block_context":{"text":"Aktuelles","link":"https:\/\/blog.sub.uni-hamburg.de\/?cat=1"},"img":{"alt_text":"","src":"https:\/\/i0.wp.com\/blog.sub.uni-hamburg.de\/wp-content\/uploads\/2021\/03\/people-5592232_640.jpg?resize=350%2C200&ssl=1","width":350,"height":200,"srcset":"https:\/\/i0.wp.com\/blog.sub.uni-hamburg.de\/wp-content\/uploads\/2021\/03\/people-5592232_640.jpg?resize=350%2C200&ssl=1 1x, https:\/\/i0.wp.com\/blog.sub.uni-hamburg.de\/wp-content\/uploads\/2021\/03\/people-5592232_640.jpg?resize=525%2C300&ssl=1 1.5x"},"classes":[]},{"id":29409,"url":"https:\/\/blog.sub.uni-hamburg.de\/?p=29409","url_meta":{"origin":40330,"position":4},"title":"Drei sind keiner zu viel &#8211; Unser Beitrag zum 8. Deutschen Diversity-Tag","author":"Redaktion","date":"08-06-20","format":false,"excerpt":"Von den Gleichstellungsbeauftragten (Korinna Meschke und Birgit Straubel). So lautet ein Titel der vielen B\u00fccher, die wir als Gleichstellungsbeauftragte der SUB Hamburg Ihnen gerne im Rahmen der Diversity-Tage vor Ort gezeigt h\u00e4tten. Geplant war, einen B\u00fcchertisch im Foyer mit geschlechtersensibler Kinderliteratur aufzustellen und mit Ihnen, als interessierte Besucher*innen, ins Gespr\u00e4ch\u2026","rel":"","context":"In &quot;Aktuelles&quot;","block_context":{"text":"Aktuelles","link":"https:\/\/blog.sub.uni-hamburg.de\/?cat=1"},"img":{"alt_text":"","src":"https:\/\/i0.wp.com\/blog.sub.uni-hamburg.de\/wp-content\/uploads\/2020\/05\/diversity-bucher.jpg?resize=350%2C200&ssl=1","width":350,"height":200},"classes":[]},{"id":39023,"url":"https:\/\/blog.sub.uni-hamburg.de\/?p=39023","url_meta":{"origin":40330,"position":5},"title":"Awareness-Wochen an der Universit\u00e4t Hamburg &#8211; Zeichen gegen Rassismus","author":"Korinna Meschke","date":"29-10-24","format":false,"excerpt":"Angesichts alarmierender Entwicklungen, die Rassismus und Intoleranz normalisieren, setzt die Universit\u00e4t Hamburg ein klares Zeichen gegen Rassismus und Antisemitismus und f\u00fcr Vielfalt und Toleranz. PIASTA organisiert vom 14.10. bis 30.11.2024 Awareness-Wochen. \u00dcber sieben Wochen finden Veranstaltungen online und auf dem Campus statt, die von der Kampagne #UnbequemeRealit\u00e4ten auf Social Media\u2026","rel":"","context":"In &quot;Ausstellungen und Veranstaltungen&quot;","block_context":{"text":"Ausstellungen und Veranstaltungen","link":"https:\/\/blog.sub.uni-hamburg.de\/?cat=9"},"img":{"alt_text":"","src":"https:\/\/i0.wp.com\/blog.sub.uni-hamburg.de\/wp-content\/uploads\/2024\/10\/Kampagnen_Titel_englisch.png?resize=350%2C200&ssl=1","width":350,"height":200,"srcset":"https:\/\/i0.wp.com\/blog.sub.uni-hamburg.de\/wp-content\/uploads\/2024\/10\/Kampagnen_Titel_englisch.png?resize=350%2C200&ssl=1 1x, https:\/\/i0.wp.com\/blog.sub.uni-hamburg.de\/wp-content\/uploads\/2024\/10\/Kampagnen_Titel_englisch.png?resize=525%2C300&ssl=1 1.5x, https:\/\/i0.wp.com\/blog.sub.uni-hamburg.de\/wp-content\/uploads\/2024\/10\/Kampagnen_Titel_englisch.png?resize=700%2C400&ssl=1 2x"},"classes":[]}],"jetpack_sharing_enabled":true,"_links":{"self":[{"href":"https:\/\/blog.sub.uni-hamburg.de\/index.php?rest_route=\/wp\/v2\/posts\/40330","targetHints":{"allow":["GET"]}}],"collection":[{"href":"https:\/\/blog.sub.uni-hamburg.de\/index.php?rest_route=\/wp\/v2\/posts"}],"about":[{"href":"https:\/\/blog.sub.uni-hamburg.de\/index.php?rest_route=\/wp\/v2\/types\/post"}],"author":[{"embeddable":true,"href":"https:\/\/blog.sub.uni-hamburg.de\/index.php?rest_route=\/wp\/v2\/users\/52"}],"replies":[{"embeddable":true,"href":"https:\/\/blog.sub.uni-hamburg.de\/index.php?rest_route=%2Fwp%2Fv2%2Fcomments&post=40330"}],"version-history":[{"count":4,"href":"https:\/\/blog.sub.uni-hamburg.de\/index.php?rest_route=\/wp\/v2\/posts\/40330\/revisions"}],"predecessor-version":[{"id":40338,"href":"https:\/\/blog.sub.uni-hamburg.de\/index.php?rest_route=\/wp\/v2\/posts\/40330\/revisions\/40338"}],"wp:attachment":[{"href":"https:\/\/blog.sub.uni-hamburg.de\/index.php?rest_route=%2Fwp%2Fv2%2Fmedia&parent=40330"}],"wp:term":[{"taxonomy":"category","embeddable":true,"href":"https:\/\/blog.sub.uni-hamburg.de\/index.php?rest_route=%2Fwp%2Fv2%2Fcategories&post=40330"},{"taxonomy":"post_tag","embeddable":true,"href":"https:\/\/blog.sub.uni-hamburg.de\/index.php?rest_route=%2Fwp%2Fv2%2Ftags&post=40330"}],"curies":[{"name":"wp","href":"https:\/\/api.w.org\/{rel}","templated":true}]}}