{"id":39883,"date":"2025-03-21T08:00:47","date_gmt":"2025-03-21T07:00:47","guid":{"rendered":"https:\/\/blog.sub.uni-hamburg.de\/?p=39883"},"modified":"2025-04-05T08:41:37","modified_gmt":"2025-04-05T06:41:37","slug":"nacht-der-bibliotheken-in-der-stabi-hamburg-4-4","status":"publish","type":"post","link":"https:\/\/blog.sub.uni-hamburg.de\/?p=39883","title":{"rendered":"Nacht der Bibliotheken in der Stabi Hamburg (4.4.)"},"content":{"rendered":"<p><strong>Freitag, 4.4., Staats- und Universit\u00e4tsbibliothek Hamburg.<\/strong><\/p>\n<p><a href=\"https:\/\/blog.sub.uni-hamburg.de\/wp-content\/uploads\/2025\/03\/Nacht_der_Bibliotheken_2025-gr.jpg\"><img loading=\"lazy\" decoding=\"async\" data-attachment-id=\"39885\" data-permalink=\"https:\/\/blog.sub.uni-hamburg.de\/?attachment_id=39885\" data-orig-file=\"https:\/\/blog.sub.uni-hamburg.de\/wp-content\/uploads\/2025\/03\/Nacht_der_Bibliotheken_2025.jpg\" data-orig-size=\"250,444\" data-comments-opened=\"1\" data-image-meta=\"{&quot;aperture&quot;:&quot;0&quot;,&quot;credit&quot;:&quot;&quot;,&quot;camera&quot;:&quot;&quot;,&quot;caption&quot;:&quot;&quot;,&quot;created_timestamp&quot;:&quot;0&quot;,&quot;copyright&quot;:&quot;&quot;,&quot;focal_length&quot;:&quot;0&quot;,&quot;iso&quot;:&quot;0&quot;,&quot;shutter_speed&quot;:&quot;0&quot;,&quot;title&quot;:&quot;&quot;,&quot;orientation&quot;:&quot;0&quot;}\" data-image-title=\"Nacht_der_Bibliotheken_2025\" data-image-description=\"\" data-image-caption=\"\" data-large-file=\"https:\/\/blog.sub.uni-hamburg.de\/wp-content\/uploads\/2025\/03\/Nacht_der_Bibliotheken_2025.jpg\" src=\"https:\/\/blog.sub.uni-hamburg.de\/wp-content\/uploads\/2025\/03\/Nacht_der_Bibliotheken_2025.jpg\" alt=\"Plakat Nacht der Bibliotheken\" title=\"Plakat Nacht der Bibliotheken\" width=\"250\" height=\"444\" class=\"alignright size-full wp-image-39885\" srcset=\"https:\/\/blog.sub.uni-hamburg.de\/wp-content\/uploads\/2025\/03\/Nacht_der_Bibliotheken_2025.jpg 250w, https:\/\/blog.sub.uni-hamburg.de\/wp-content\/uploads\/2025\/03\/Nacht_der_Bibliotheken_2025-169x300.jpg 169w, https:\/\/blog.sub.uni-hamburg.de\/wp-content\/uploads\/2025\/03\/Nacht_der_Bibliotheken_2025-84x150.jpg 84w\" sizes=\"auto, (max-width: 250px) 100vw, 250px\" \/><\/a> Unter dem Motto \u201eWissen. Teilen. Entdecken.\u201c wird am 4. April in ganz Deutschland die \u201e<a href=\"https:\/\/www.nachtderbibliotheken.de\/\">Nacht der Bibliotheken<\/a>\u201c gefeiert. An diesem Abend erwartet Interessierte ein abwechslungsreiches Programm mit Vortr\u00e4gen, F\u00fchrungen und Workshops. Auch die Staats- und Universit\u00e4tsbibliothek Hamburg l\u00e4dt herzlich ein und bietet ein umfangreiches Rahmenprogramm an. Die Hamburger Veranstaltungen im \u00dcberblick finden Sie auf diese Website der Nacht der Bibliotheken. Die Teilnahme ist jeweils kostenfrei. Die einzelnen Stabi-Programmpunkte stellen wir auch hier im Detail vor, kommen Sie vorbei, es lohnt sich!<br \/>\n<!--more--><\/p>\n<div id=\"nb1\">\n<h3>Demokratie vor Ort \u2013 Pers\u00f6nliche Erinnerungen von Hamburger:innen aus der DDR, ab 18 Uhr, Ossietzky-Forum<\/h3>\n<p><a href=\"https:\/\/www.nachtderbibliotheken.de\/veranstaltungen\/hamburg\/368794927.demokratie-vor-ort-persoenliche-erinnerungen-von-hamburger-innen-aus-der-ddr\/\"><img loading=\"lazy\" decoding=\"async\" data-attachment-id=\"39889\" data-permalink=\"https:\/\/blog.sub.uni-hamburg.de\/?attachment_id=39889\" data-orig-file=\"https:\/\/blog.sub.uni-hamburg.de\/wp-content\/uploads\/2025\/03\/demokratievorort.png\" data-orig-size=\"230,300\" data-comments-opened=\"1\" data-image-meta=\"{&quot;aperture&quot;:&quot;0&quot;,&quot;credit&quot;:&quot;&quot;,&quot;camera&quot;:&quot;&quot;,&quot;caption&quot;:&quot;&quot;,&quot;created_timestamp&quot;:&quot;0&quot;,&quot;copyright&quot;:&quot;&quot;,&quot;focal_length&quot;:&quot;0&quot;,&quot;iso&quot;:&quot;0&quot;,&quot;shutter_speed&quot;:&quot;0&quot;,&quot;title&quot;:&quot;&quot;,&quot;orientation&quot;:&quot;0&quot;}\" data-image-title=\"demokratievorort\" data-image-description=\"\" data-image-caption=\"\" data-large-file=\"https:\/\/blog.sub.uni-hamburg.de\/wp-content\/uploads\/2025\/03\/demokratievorort.png\" src=\"https:\/\/blog.sub.uni-hamburg.de\/wp-content\/uploads\/2025\/03\/demokratievorort.png\" alt=\"Demokratie vor Ort \u2013 Pers\u00f6nliche Erinnerungen von Hamburger:innen aus der DDR, ab 18 Uhr, Ossietzky-Forum\" title=\"Demokratie vor Ort \u2013 Pers\u00f6nliche Erinnerungen von Hamburger:innen aus der DDR, ab 18 Uhr, Ossietzky-Forum\" width=\"230\" height=\"300\" class=\"alignleft size-full wp-image-39889\" srcset=\"https:\/\/blog.sub.uni-hamburg.de\/wp-content\/uploads\/2025\/03\/demokratievorort.png 230w, https:\/\/blog.sub.uni-hamburg.de\/wp-content\/uploads\/2025\/03\/demokratievorort-115x150.png 115w\" sizes=\"auto, (max-width: 230px) 100vw, 230px\" \/><\/a> In der Wanderausstellung (24. M\u00e4rz bis 17. April 2025) begegnen den Besucher:innen an H\u00f6rstationen und Texttafeln Geschichten und Erfahrungen von Menschen, die zu unterschiedlichen Zeiten und auf verschiedenen Wegen aus der DDR nach Hamburg gekommen sind. Sie erz\u00e4hlen von Flucht, Ausreise und Ankommen in einem neuen Leben. Zudem berichten sie von erlebter Diktatur und Aufnahme in einer teils vertrauten, teils fremden Gesellschaft. <\/p>\n<p>Jede Stunde (18, 19 und 20 Uhr) gibt es halbst\u00fcndige F\u00fchrungen durch die Ausstellung und ab 21 Uhr eine offene Schreibwerkstatt, bei der dazu eingeladen wird, die eigenen Gedanken und Gef\u00fchle in die Ausstellung einzubringen.\n<\/p><\/div>\n<div id=\"nb2\">\n<h3>Recherchieren. Lernen. Wissen. \u2013 Eine F\u00fchrung durch die Stabi Hamburg, 18 Uhr, Treffpunkt: Foyer<\/h3>\n<p><a href=\"https:\/\/www.nachtderbibliotheken.de\/veranstaltungen\/hamburg\/368797208.recherchieren-lernen-wissen-eine-fuehrung-durch-die-stabi-hamburg\/\"><img loading=\"lazy\" decoding=\"async\" data-attachment-id=\"39891\" data-permalink=\"https:\/\/blog.sub.uni-hamburg.de\/?attachment_id=39891\" data-orig-file=\"https:\/\/blog.sub.uni-hamburg.de\/wp-content\/uploads\/2025\/03\/recherchieren.png\" data-orig-size=\"240,300\" data-comments-opened=\"1\" data-image-meta=\"{&quot;aperture&quot;:&quot;0&quot;,&quot;credit&quot;:&quot;&quot;,&quot;camera&quot;:&quot;&quot;,&quot;caption&quot;:&quot;&quot;,&quot;created_timestamp&quot;:&quot;0&quot;,&quot;copyright&quot;:&quot;&quot;,&quot;focal_length&quot;:&quot;0&quot;,&quot;iso&quot;:&quot;0&quot;,&quot;shutter_speed&quot;:&quot;0&quot;,&quot;title&quot;:&quot;&quot;,&quot;orientation&quot;:&quot;0&quot;}\" data-image-title=\"recherchieren\" data-image-description=\"\" data-image-caption=\"\" data-large-file=\"https:\/\/blog.sub.uni-hamburg.de\/wp-content\/uploads\/2025\/03\/recherchieren.png\" src=\"https:\/\/blog.sub.uni-hamburg.de\/wp-content\/uploads\/2025\/03\/recherchieren.png\" alt=\"\" width=\"240\" height=\"300\" class=\"alignright size-full wp-image-39891\" srcset=\"https:\/\/blog.sub.uni-hamburg.de\/wp-content\/uploads\/2025\/03\/recherchieren.png 240w, https:\/\/blog.sub.uni-hamburg.de\/wp-content\/uploads\/2025\/03\/recherchieren-120x150.png 120w\" sizes=\"auto, (max-width: 240px) 100vw, 240px\" \/><\/a> Die Staats- und Universit\u00e4tsbibliothek ist Hamburgs gr\u00f6\u00dfte wissenschaftliche Allgemeinbibliothek mit \u00fcber 500-j\u00e4hriger Geschichte. Gleichzeitig ist sie die zentrale Bibliothek der Universit\u00e4t Hamburg und der anderen Hochschulen der Stadt. \u00dcber eine Million Besucher:innen kommen j\u00e4hrlich in die Stabi und nutzen die komfortablen \u00d6ffnungszeiten bis 24 Uhr an sieben Tagen die Woche. In der einst\u00fcndigen F\u00fchrung erhalten Sie einen Eindruck von den vielen und vielf\u00e4ltigen R\u00e4umlichkeiten sowie Services und Angeboten vor Ort.\n<\/div>\n<div id=\"nb3\">\n<h3>Hamburgs digitale Sch\u00e4tze: Eine Website, die es in sich hat!, 18 und 20 Uhr, Treffpunkt: Foyer <\/h3>\n<p><a href=\"https:\/\/www.nachtderbibliotheken.de\/veranstaltungen\/hamburg\/368799489.hamburgs-digitale-schaetze-eine-website-die-es-in-sich-hat\/\"><img loading=\"lazy\" decoding=\"async\" data-attachment-id=\"39893\" data-permalink=\"https:\/\/blog.sub.uni-hamburg.de\/?attachment_id=39893\" data-orig-file=\"https:\/\/blog.sub.uni-hamburg.de\/wp-content\/uploads\/2025\/03\/hamburgsdigitaleschaetze.png\" data-orig-size=\"240,300\" data-comments-opened=\"1\" data-image-meta=\"{&quot;aperture&quot;:&quot;0&quot;,&quot;credit&quot;:&quot;&quot;,&quot;camera&quot;:&quot;&quot;,&quot;caption&quot;:&quot;&quot;,&quot;created_timestamp&quot;:&quot;0&quot;,&quot;copyright&quot;:&quot;&quot;,&quot;focal_length&quot;:&quot;0&quot;,&quot;iso&quot;:&quot;0&quot;,&quot;shutter_speed&quot;:&quot;0&quot;,&quot;title&quot;:&quot;&quot;,&quot;orientation&quot;:&quot;0&quot;}\" data-image-title=\"hamburgsdigitaleschaetze\" data-image-description=\"\" data-image-caption=\"\" data-large-file=\"https:\/\/blog.sub.uni-hamburg.de\/wp-content\/uploads\/2025\/03\/hamburgsdigitaleschaetze.png\" src=\"https:\/\/blog.sub.uni-hamburg.de\/wp-content\/uploads\/2025\/03\/hamburgsdigitaleschaetze.png\" alt=\"Hamburgs digitale Sch\u00e4tze: Eine Website, die es in sich hat!, 18 und 20 Uhr, Treffpunkt: Foyer\" title=\"Hamburgs digitale Sch\u00e4tze: Eine Website, die es in sich hat!, 18 und 20 Uhr, Treffpunkt: Foyer\" width=\"240\" height=\"300\" class=\"alignleft size-full wp-image-39893\" srcset=\"https:\/\/blog.sub.uni-hamburg.de\/wp-content\/uploads\/2025\/03\/hamburgsdigitaleschaetze.png 240w, https:\/\/blog.sub.uni-hamburg.de\/wp-content\/uploads\/2025\/03\/hamburgsdigitaleschaetze-120x150.png 120w\" sizes=\"auto, (max-width: 240px) 100vw, 240px\" \/><\/a> Seit vielen Jahren digitalisiert die Staats- und Universit\u00e4tsbibliothek Hamburg teils einzigartige Werke aus \u00fcber drei\u00dfig Hamburger Einrichtungen und stellt sie frei zug\u00e4nglich auf ihrer Webseite zur Verf\u00fcgung. Darunter Hamburgensien, historische Kinderb\u00fccher, Auktionskataloge, unikale Handschriften und Briefe, aber auch Fotos, Graphiken, Portraits und vieles mehr.<br \/>\nIn dem Vortrag werden die digitalen Sch\u00e4tze der Bibliothek pr\u00e4sentiert und es wird erkl\u00e4rt wie aus einem gedruckten Werk eine virtuelle Version entsteht. Zudem wird ein Blick hinter die Kulissen der hauseigenen Medienwerkstatt gew\u00e4hrt.\n<\/div>\n<div id=\"nb4\">\n<h3>Semana Santa in Lateinamerika, 19 und 20 Uhr, Treffpunkt: Ossietzky-Forum<\/h3>\n<p><a href=\"https:\/\/www.nachtderbibliotheken.de\/veranstaltungen\/hamburg\/373097694.semana-santa-in-lateinamerika\/\"><img loading=\"lazy\" decoding=\"async\" data-attachment-id=\"39896\" data-permalink=\"https:\/\/blog.sub.uni-hamburg.de\/?attachment_id=39896\" data-orig-file=\"https:\/\/blog.sub.uni-hamburg.de\/wp-content\/uploads\/2025\/03\/linga.png\" data-orig-size=\"239,300\" data-comments-opened=\"1\" data-image-meta=\"{&quot;aperture&quot;:&quot;0&quot;,&quot;credit&quot;:&quot;&quot;,&quot;camera&quot;:&quot;&quot;,&quot;caption&quot;:&quot;&quot;,&quot;created_timestamp&quot;:&quot;0&quot;,&quot;copyright&quot;:&quot;&quot;,&quot;focal_length&quot;:&quot;0&quot;,&quot;iso&quot;:&quot;0&quot;,&quot;shutter_speed&quot;:&quot;0&quot;,&quot;title&quot;:&quot;&quot;,&quot;orientation&quot;:&quot;0&quot;}\" data-image-title=\"linga\" data-image-description=\"\" data-image-caption=\"\" data-large-file=\"https:\/\/blog.sub.uni-hamburg.de\/wp-content\/uploads\/2025\/03\/linga.png\" src=\"https:\/\/blog.sub.uni-hamburg.de\/wp-content\/uploads\/2025\/03\/linga.png\" alt=\"Semana Santa in Lateinamerika, 19 und 20 Uhr, Treffpunkt: Ossietzky-Forum\" title=\"Semana Santa in Lateinamerika, 19 und 20 Uhr, Treffpunkt: Ossietzky-Forum\" width=\"239\" height=\"300\" class=\"alignright size-full wp-image-39896\" srcset=\"https:\/\/blog.sub.uni-hamburg.de\/wp-content\/uploads\/2025\/03\/linga.png 239w, https:\/\/blog.sub.uni-hamburg.de\/wp-content\/uploads\/2025\/03\/linga-120x150.png 120w\" sizes=\"auto, (max-width: 239px) 100vw, 239px\" \/><\/a>Wie wird eigentlich in Lateinamerika Ostern gefeiert? Die Linga-Bibliothek f\u00fcr Lateinamerika-Forschung gibt anhand ausgew\u00e4hlter Werke aus verschiedenen L\u00e4ndern und Zeiten einen Einblick in die unterschiedlichen Br\u00e4uche rund um die Semana Santa. Wie in Europa auch vermischen sich dabei religi\u00f6se Riten mit einheimischen Traditionen. Ein visueller Schwerpunkt liegt auf der Semana Santa in Guatemala \u2013 eine Fotoserie des Lateinamerika-Historikers Otto Danwerth zeigt eindrucksvoll die feierlichen Prozessionen, die wir in \u00e4hnlicher Form aus Andalusien kennen. Um 19 und 20 Uhr bieten wir zus\u00e4tzlich F\u00fchrungen in die R\u00e4ume der Linga-Bibliothek an.\n<\/div>\n<div id=\"nb5\">\n<h3>F\u00fchrung durch die Ausstellung \u201eHappy Birthday Hubert Fichte!\u201c, 18 Uhr, Treffpunkt: Foyer<\/h3>\n<p><a href=\"https:\/\/www.nachtderbibliotheken.de\/veranstaltungen\/hamburg\/377132379.happy-birthday-hubert-fichte\/\"><img loading=\"lazy\" decoding=\"async\" data-attachment-id=\"39898\" data-permalink=\"https:\/\/blog.sub.uni-hamburg.de\/?attachment_id=39898\" data-orig-file=\"https:\/\/blog.sub.uni-hamburg.de\/wp-content\/uploads\/2025\/03\/fichte.png\" data-orig-size=\"240,300\" data-comments-opened=\"1\" data-image-meta=\"{&quot;aperture&quot;:&quot;0&quot;,&quot;credit&quot;:&quot;&quot;,&quot;camera&quot;:&quot;&quot;,&quot;caption&quot;:&quot;&quot;,&quot;created_timestamp&quot;:&quot;0&quot;,&quot;copyright&quot;:&quot;&quot;,&quot;focal_length&quot;:&quot;0&quot;,&quot;iso&quot;:&quot;0&quot;,&quot;shutter_speed&quot;:&quot;0&quot;,&quot;title&quot;:&quot;&quot;,&quot;orientation&quot;:&quot;0&quot;}\" data-image-title=\"fichte\" data-image-description=\"\" data-image-caption=\"\" data-large-file=\"https:\/\/blog.sub.uni-hamburg.de\/wp-content\/uploads\/2025\/03\/fichte.png\" src=\"https:\/\/blog.sub.uni-hamburg.de\/wp-content\/uploads\/2025\/03\/fichte.png\" alt=\"F\u00fchrung durch die Ausstellung \u201eHappy Birthday Hubert Fichte!\u201c, 18 Uhr, Treffpunkt: Foyer\" title=\"F\u00fchrung durch die Ausstellung \u201eHappy Birthday Hubert Fichte!\u201c, 18 Uhr, Treffpunkt: Foyer\" width=\"240\" height=\"300\" class=\"alignleft size-full wp-image-39898\" srcset=\"https:\/\/blog.sub.uni-hamburg.de\/wp-content\/uploads\/2025\/03\/fichte.png 240w, https:\/\/blog.sub.uni-hamburg.de\/wp-content\/uploads\/2025\/03\/fichte-120x150.png 120w\" sizes=\"auto, (max-width: 240px) 100vw, 240px\" \/><\/a> Zum 90. Geburtstag des Autors Hubert Fichte pr\u00e4sentiert die Filmemacherin und K\u00fcnstlerin Nathalie David eine Auswahl aus dem Nachlass Fichtes, der gr\u00f6\u00dftenteils in der Staats- und Universit\u00e4tsbibliothek Hamburg liegt. Zur Nacht der Bibliotheken f\u00fchrt sie Interessierte ab 18 Uhr durch die von ihr kuratierte Ausstellung.\n<\/div>\n<div id=\"nb6\">\n<h3>\u201eIn Gedanken unterhalte ich mich die ganze Zeit mit Dir.\u201c Hubert Fichte und Peter Michel Ladiges, 19 Uhr, Vortragsraum<\/h3>\n<p><a href=\"https:\/\/www.nachtderbibliotheken.de\/veranstaltungen\/hamburg\/377093912.in-gedanken-unterhalte-ich-mich-die-ganze-zeit-mit-dir\/\"><img loading=\"lazy\" decoding=\"async\" data-attachment-id=\"39915\" data-permalink=\"https:\/\/blog.sub.uni-hamburg.de\/?attachment_id=39915\" data-orig-file=\"https:\/\/blog.sub.uni-hamburg.de\/wp-content\/uploads\/2025\/03\/IMG_9642.jpeg\" data-orig-size=\"226,300\" data-comments-opened=\"1\" data-image-meta=\"{&quot;aperture&quot;:&quot;0&quot;,&quot;credit&quot;:&quot;&quot;,&quot;camera&quot;:&quot;&quot;,&quot;caption&quot;:&quot;&quot;,&quot;created_timestamp&quot;:&quot;0&quot;,&quot;copyright&quot;:&quot;&quot;,&quot;focal_length&quot;:&quot;0&quot;,&quot;iso&quot;:&quot;0&quot;,&quot;shutter_speed&quot;:&quot;0&quot;,&quot;title&quot;:&quot;&quot;,&quot;orientation&quot;:&quot;1&quot;}\" data-image-title=\"IMG_9642\" data-image-description=\"\" data-image-caption=\"\" data-large-file=\"https:\/\/blog.sub.uni-hamburg.de\/wp-content\/uploads\/2025\/03\/IMG_9642.jpeg\" src=\"https:\/\/blog.sub.uni-hamburg.de\/wp-content\/uploads\/2025\/03\/IMG_9642.jpeg\" alt=\"\u2018In Gedanken unterhalte ich mich die ganze Zeit mit Dir.\u2018 Hubert Fichte und Peter Michel Ladiges\" title=\"\u2018In Gedanken unterhalte ich mich die ganze Zeit mit Dir.\u2018 Hubert Fichte und Peter Michel Ladiges\" width=\"226\" height=\"300\" class=\"alignright size-full wp-image-39915\" srcset=\"https:\/\/blog.sub.uni-hamburg.de\/wp-content\/uploads\/2025\/03\/IMG_9642.jpeg 226w, https:\/\/blog.sub.uni-hamburg.de\/wp-content\/uploads\/2025\/03\/IMG_9642-113x150.jpeg 113w\" sizes=\"auto, (max-width: 226px) 100vw, 226px\" \/><\/a> In ihrer Freundschaft sei er der Satellit und Peter Michel Ladiges die Bodenstation, so beschrieb Hubert Fichte einmal ihre Beziehung. Beide teilten die Leidenschaft f\u00fcr Literatur und Ethnologie und suchten nach neuen Formen der Darstellung \u2013 Fichte als Autor, der Radiofeatures \u00fcber afroamerikanische Religionen schrieb, Ladiges als freier Rundfunkregisseur, der Fichtes Manuskripte inszenierte und eigene ethnologische Sendungen \u00fcber die indigenen Kulturen Mittelamerikas realisierte. Peter Braun stellt den Briefwechsel von Fichte und Ladiges als Zeugnis ihrer Freundschaft vor.<br \/>\nZu Gast: Mark Ladiges. Musik: Ulrich Wendt. Moderation: Roland Spahr.<br \/>\nEine Veranstaltung im Begleitprogramm der Ausstellung \u201e<a href=\"https:\/\/blog.sub.uni-hamburg.de\/?p=39671\">Happy Birthday Hubert Fichte!<\/a>\u201c.\n<\/div>\n","protected":false},"excerpt":{"rendered":"<p>Freitag, 4.4., Staats- und Universit\u00e4tsbibliothek Hamburg. Unter dem Motto \u201eWissen. Teilen. Entdecken.\u201c wird am 4. April in ganz Deutschland die \u201eNacht der Bibliotheken\u201c gefeiert. An diesem Abend erwartet Interessierte ein abwechslungsreiches Programm mit Vortr\u00e4gen, F\u00fchrungen und Workshops. Auch die Staats- und Universit\u00e4tsbibliothek Hamburg l\u00e4dt herzlich ein und bietet ein umfangreiches Rahmenprogramm an. Die Hamburger Veranstaltungen [&hellip;]<\/p>\n","protected":false},"author":19,"featured_media":0,"comment_status":"open","ping_status":"open","sticky":false,"template":"","format":"standard","meta":{"jetpack_post_was_ever_published":false,"_jetpack_newsletter_access":"","_jetpack_dont_email_post_to_subs":false,"_jetpack_newsletter_tier_id":0,"_jetpack_memberships_contains_paywalled_content":false,"_jetpack_memberships_contains_paid_content":false,"footnotes":"","jetpack_publicize_message":"","jetpack_publicize_feature_enabled":true,"jetpack_social_post_already_shared":true,"jetpack_social_options":{"image_generator_settings":{"template":"highway","default_image_id":0,"font":"","enabled":false},"version":2}},"categories":[9],"tags":[],"class_list":["post-39883","post","type-post","status-publish","format-standard","hentry","category-ausstellungen"],"views":2906,"jetpack_publicize_connections":[],"jetpack_featured_media_url":"","jetpack_shortlink":"https:\/\/wp.me\/p7hfNR-anh","jetpack-related-posts":[{"id":514,"url":"https:\/\/blog.sub.uni-hamburg.de\/?p=514","url_meta":{"origin":39883,"position":0},"title":"2. Nacht des Wissens &#8211; Programm der Stabi","author":"MG","date":"10-04-07","format":false,"excerpt":"Willkommen in der Staats- und Universit\u00e4tsbibliothek! Die Stabi nimmt an der 2. Nacht des Wissens am 9. Juni teil \u2013 und l\u00e4dt alle Wissenshungrigen der Stadt zu sich ein. Das bunte Programm spiegelt die vielen Funktionen der Bibliothek wider \u2013 als Universit\u00e4tsbibliothek, wissenschaftliche Allgemeinbibliothek, Landesbibliothek und lebendige Kulturinstitution Hamburgs. Auch\u2026","rel":"","context":"In &quot;Ausstellungen und Veranstaltungen&quot;","block_context":{"text":"Ausstellungen und Veranstaltungen","link":"https:\/\/blog.sub.uni-hamburg.de\/?cat=9"},"img":{"alt_text":"","src":"","width":0,"height":0},"classes":[]},{"id":22022,"url":"https:\/\/blog.sub.uni-hamburg.de\/?p=22022","url_meta":{"origin":39883,"position":1},"title":"Lange Nacht der aufgeschobenen Hausarbeiten (16.2.)","author":"Markus Trapp","date":"26-01-17","format":false,"excerpt":"Langschl\u00e4fer? Nachtaktiv? Studierende, die am liebsten sp\u00e4tabends \u00fcber ihren Themen br\u00fcten, werden in der 6. Langen Nacht auf vielf\u00e4ltige Weise beim Schreiben unterst\u00fctzt. Denn dann hei\u00dft es wieder: anfangen, rohtexten, dranbleiben \u2013 zu Ende bringen! Von 16 Uhr bis Mitternacht geht es um das akademische Schreiben: mit Workshops zu \u201eWissenschaftssprache\u201c,\u2026","rel":"","context":"In &quot;Ausstellungen und Veranstaltungen&quot;","block_context":{"text":"Ausstellungen und Veranstaltungen","link":"https:\/\/blog.sub.uni-hamburg.de\/?cat=9"},"img":{"alt_text":"","src":"https:\/\/i0.wp.com\/blog.sub.uni-hamburg.de\/wp-content\/uploads\/2017\/01\/17-LangeNacht-Text.jpg?resize=350%2C200&ssl=1","width":350,"height":200,"srcset":"https:\/\/i0.wp.com\/blog.sub.uni-hamburg.de\/wp-content\/uploads\/2017\/01\/17-LangeNacht-Text.jpg?resize=350%2C200&ssl=1 1x, https:\/\/i0.wp.com\/blog.sub.uni-hamburg.de\/wp-content\/uploads\/2017\/01\/17-LangeNacht-Text.jpg?resize=525%2C300&ssl=1 1.5x"},"classes":[]},{"id":37149,"url":"https:\/\/blog.sub.uni-hamburg.de\/?p=37149","url_meta":{"origin":39883,"position":2},"title":"Weihnachts-Buchmesse der Liste unabh\u00e4ngiger Verlage (LuV) (9.12.)","author":"Markus Trapp","date":"24-11-23","format":false,"excerpt":"Samstag, 9.12., 13 bis 21 Uhr, Lichthof. Am 9. Dezember 2023 findet im Lichthof der Staats- und Universit\u00e4tsbibliothek zum ersten Mal die HamBuch statt, Hamburgs Buchmesse der unabh\u00e4ngigen Verlage. Alle G\u00e4ste sind eingeladen, die Vielfalt der Hamburger Indie-Verlage kennenzulernen und sich nach Herzenslust mit Lekt\u00fcre und Weihnachtsgeschenken einzudecken. Indie-Verlage, die\u2026","rel":"","context":"In &quot;Ausstellungen und Veranstaltungen&quot;","block_context":{"text":"Ausstellungen und Veranstaltungen","link":"https:\/\/blog.sub.uni-hamburg.de\/?cat=9"},"img":{"alt_text":"","src":"https:\/\/i0.wp.com\/blog.sub.uni-hamburg.de\/wp-content\/uploads\/2023\/11\/Hambuch-Lichthof.jpg?resize=350%2C200&ssl=1","width":350,"height":200,"srcset":"https:\/\/i0.wp.com\/blog.sub.uni-hamburg.de\/wp-content\/uploads\/2023\/11\/Hambuch-Lichthof.jpg?resize=350%2C200&ssl=1 1x, https:\/\/i0.wp.com\/blog.sub.uni-hamburg.de\/wp-content\/uploads\/2023\/11\/Hambuch-Lichthof.jpg?resize=525%2C300&ssl=1 1.5x"},"classes":[]},{"id":26674,"url":"https:\/\/blog.sub.uni-hamburg.de\/?p=26674","url_meta":{"origin":39883,"position":3},"title":"8. Lange Nacht der aufgeschobenen Hausarbeiten (7.3.)","author":"Markus Trapp","date":"22-02-19","format":false,"excerpt":"Am Donnerstag, den 7. M\u00e4rz 2019 ist es wieder soweit. Zum achten Mal findet in der Stabi von 16-24 Uhr die beliebte \u00abLange Nacht der aufgeschobenen Hausarbeiten\u00bb statt. Alle Studierenden, die ein Schreibprojekt beginnen, bearbeiten oder beenden m\u00f6chten, erhalten an diesem Abend Unterst\u00fctzung: In entspannter Atmosph\u00e4re unter Gleichgesinnten und fachkundiger\u2026","rel":"","context":"In &quot;Ausstellungen und Veranstaltungen&quot;","block_context":{"text":"Ausstellungen und Veranstaltungen","link":"https:\/\/blog.sub.uni-hamburg.de\/?cat=9"},"img":{"alt_text":"","src":"https:\/\/i0.wp.com\/blog.sub.uni-hamburg.de\/wp-content\/uploads\/2019\/02\/LangeNacht-2019.jpg?resize=350%2C200&ssl=1","width":350,"height":200,"srcset":"https:\/\/i0.wp.com\/blog.sub.uni-hamburg.de\/wp-content\/uploads\/2019\/02\/LangeNacht-2019.jpg?resize=350%2C200&ssl=1 1x, https:\/\/i0.wp.com\/blog.sub.uni-hamburg.de\/wp-content\/uploads\/2019\/02\/LangeNacht-2019.jpg?resize=525%2C300&ssl=1 1.5x"},"classes":[]},{"id":27726,"url":"https:\/\/blog.sub.uni-hamburg.de\/?p=27726","url_meta":{"origin":39883,"position":4},"title":"Open Science in der Praxis &#8211; Veranstaltungsreihe der Uni Hamburg mit Stabi-Beteiligung","author":"Markus Trapp","date":"04-09-19","format":false,"excerpt":"Im Wintersemester 2019\/2010 gibt es unter dem Titel \"Open Science in der Praxis\" eine Reihe von interessanten Vorlesungen im Rahmen des Allgemeinen Vorlesungswesens der Universit\u00e4t Hamburg, zwei mal sogar mit Stabi-Beteilung: Die Open Science-Bewegung will die Potentiale der Digitalisierung nutzen, um die wissenschaftliche Arbeit und ihre Ergebnisse sowohl innerhalb der\u2026","rel":"","context":"In &quot;Ausstellungen und Veranstaltungen&quot;","block_context":{"text":"Ausstellungen und Veranstaltungen","link":"https:\/\/blog.sub.uni-hamburg.de\/?cat=9"},"img":{"alt_text":"","src":"https:\/\/i0.wp.com\/blog.sub.uni-hamburg.de\/wp-content\/uploads\/2019\/09\/vl-ws-2019-2020.jpg?resize=350%2C200&ssl=1","width":350,"height":200},"classes":[]},{"id":6160,"url":"https:\/\/blog.sub.uni-hamburg.de\/?p=6160","url_meta":{"origin":39883,"position":5},"title":"Stabi bis Mitternacht ge\u00f6ffnet: zur &#8220;Nacht des Wissens&#8221; am 29. Oktober","author":"MG","date":"21-10-11","format":false,"excerpt":"Am Sonnabend, dem 29. Oktober, bleibt die Staats- und Universit\u00e4tsbibliothek bis 24 Uhr ge\u00f6ffnet! Die Stabi nimmt Teil an der \"Nacht des Wissens 2011\" und bietet neben F\u00fchrungen ein ganzes F\u00fcllhorn von digitalen Hamburg-Angeboten. Schauen Sie selbst und probieren Sie aus. Au\u00dferdem gibt es F\u00fchrungen hinter die Kulissen der Bibliothek.\u2026","rel":"","context":"In &quot;Aktuelles&quot;","block_context":{"text":"Aktuelles","link":"https:\/\/blog.sub.uni-hamburg.de\/?cat=1"},"img":{"alt_text":"","src":"","width":0,"height":0},"classes":[]}],"jetpack_sharing_enabled":true,"_links":{"self":[{"href":"https:\/\/blog.sub.uni-hamburg.de\/index.php?rest_route=\/wp\/v2\/posts\/39883","targetHints":{"allow":["GET"]}}],"collection":[{"href":"https:\/\/blog.sub.uni-hamburg.de\/index.php?rest_route=\/wp\/v2\/posts"}],"about":[{"href":"https:\/\/blog.sub.uni-hamburg.de\/index.php?rest_route=\/wp\/v2\/types\/post"}],"author":[{"embeddable":true,"href":"https:\/\/blog.sub.uni-hamburg.de\/index.php?rest_route=\/wp\/v2\/users\/19"}],"replies":[{"embeddable":true,"href":"https:\/\/blog.sub.uni-hamburg.de\/index.php?rest_route=%2Fwp%2Fv2%2Fcomments&post=39883"}],"version-history":[{"count":19,"href":"https:\/\/blog.sub.uni-hamburg.de\/index.php?rest_route=\/wp\/v2\/posts\/39883\/revisions"}],"predecessor-version":[{"id":40014,"href":"https:\/\/blog.sub.uni-hamburg.de\/index.php?rest_route=\/wp\/v2\/posts\/39883\/revisions\/40014"}],"wp:attachment":[{"href":"https:\/\/blog.sub.uni-hamburg.de\/index.php?rest_route=%2Fwp%2Fv2%2Fmedia&parent=39883"}],"wp:term":[{"taxonomy":"category","embeddable":true,"href":"https:\/\/blog.sub.uni-hamburg.de\/index.php?rest_route=%2Fwp%2Fv2%2Fcategories&post=39883"},{"taxonomy":"post_tag","embeddable":true,"href":"https:\/\/blog.sub.uni-hamburg.de\/index.php?rest_route=%2Fwp%2Fv2%2Ftags&post=39883"}],"curies":[{"name":"wp","href":"https:\/\/api.w.org\/{rel}","templated":true}]}}