{"id":39671,"date":"2025-03-06T08:00:55","date_gmt":"2025-03-06T07:00:55","guid":{"rendered":"https:\/\/blog.sub.uni-hamburg.de\/?p=39671"},"modified":"2025-04-28T09:15:02","modified_gmt":"2025-04-28T07:15:02","slug":"happy-birthday-hubert-fichte-22-3-27-4","status":"publish","type":"post","link":"https:\/\/blog.sub.uni-hamburg.de\/?p=39671","title":{"rendered":"Happy Birthday Hubert Fichte! (22.3.-27.4.)"},"content":{"rendered":"<p><a href=\"https:\/\/blog.sub.uni-hamburg.de\/wp-content\/uploads\/2025\/03\/Hubert-Fichte-Plakat-gr.jpg\"><img loading=\"lazy\" decoding=\"async\" data-attachment-id=\"39805\" data-permalink=\"https:\/\/blog.sub.uni-hamburg.de\/?attachment_id=39805\" data-orig-file=\"https:\/\/blog.sub.uni-hamburg.de\/wp-content\/uploads\/2025\/03\/Hubert-Fichte-Plakat.jpg\" data-orig-size=\"300,425\" data-comments-opened=\"1\" data-image-meta=\"{&quot;aperture&quot;:&quot;0&quot;,&quot;credit&quot;:&quot;&quot;,&quot;camera&quot;:&quot;&quot;,&quot;caption&quot;:&quot;&quot;,&quot;created_timestamp&quot;:&quot;0&quot;,&quot;copyright&quot;:&quot;&quot;,&quot;focal_length&quot;:&quot;0&quot;,&quot;iso&quot;:&quot;0&quot;,&quot;shutter_speed&quot;:&quot;0&quot;,&quot;title&quot;:&quot;&quot;,&quot;orientation&quot;:&quot;0&quot;}\" data-image-title=\"Hubert-Fichte-Plakat\" data-image-description=\"\" data-image-caption=\"\" data-large-file=\"https:\/\/blog.sub.uni-hamburg.de\/wp-content\/uploads\/2025\/03\/Hubert-Fichte-Plakat.jpg\" class=\"alignright size-full wp-image-39805\" title=\"Plakat der Ausstellung 'Happy Birthday Hubert Fichte!'\" src=\"https:\/\/blog.sub.uni-hamburg.de\/wp-content\/uploads\/2025\/03\/Hubert-Fichte-Plakat.jpg\" alt=\"Plakat der Ausstellung 'Happy Birthday Hubert Fichte!'\" width=\"300\" height=\"425\" srcset=\"https:\/\/blog.sub.uni-hamburg.de\/wp-content\/uploads\/2025\/03\/Hubert-Fichte-Plakat.jpg 300w, https:\/\/blog.sub.uni-hamburg.de\/wp-content\/uploads\/2025\/03\/Hubert-Fichte-Plakat-212x300.jpg 212w, https:\/\/blog.sub.uni-hamburg.de\/wp-content\/uploads\/2025\/03\/Hubert-Fichte-Plakat-106x150.jpg 106w\" sizes=\"auto, (max-width: 300px) 100vw, 300px\" \/><\/a> <strong>22. M\u00e4rz bis 27. April 2025, Ausstellungsraum.<\/strong><\/p>\n<p>Hubert Fichte, 1935 im brandenburgischen Perleberg geboren, war nach dem Zweiten Weltkrieg Kinderdarsteller an den gro\u00dfen Hamburger Theatern und Schauspielstudent, dann Schafhirte in der Provence und Landwirtschaftslehrling. Ab 1963 lebte er als freier Schriftsteller in Hamburg. Obwohl er bereits kurz vor seinem 51. Geburtstag starb, hinterlie\u00df er ein kaum \u00fcberschaubares Lebenswerk: In seinen Romanen und Erz\u00e4hlungen rebellierte er gegen die sozialen und literarischen Normen seiner Zeit. Er produzierte H\u00f6rspiele und Features, in die er Interviews einflie\u00dfen lie\u00df. Als Spoken-Word-Poet war er f\u00fcr die Beatgeneration eine Koryph\u00e4e, als Aktivist f\u00fcr die Schwulenbewegung. Mit seiner Lebensgef\u00e4hrtin, der Fotografin Leonore Mau (1916-2013), publizierte er bedeutende Studien \u00fcber synkretistische Religionen und die L\u00e4nder, in denen sie praktiziert werden. Zudem sammelte er auf seinen Reisen zahlreiche Objekte. Er lie\u00df sich fotografieren und wurde gemalt.<br \/>\n<!--more--><\/p>\n<p>Der Nachlass Fichtes liegt gr\u00f6\u00dftenteils in der Staats- und Universit\u00e4tsbibliothek Hamburg. Zum 90. Geburtstag des Autors pr\u00e4sentiert die Filmemacherin und K\u00fcnstlerin Nathalie David eine Auswahl daraus in der Ausstellung \u201eHappy Birthday Hubert Fichte!\u201c. Neben Fotos, Manuskripte, Briefe und Objekte, von denen einige noch nie \u00f6ffentlich gezeigt wurden, treten k\u00fcnstlerische Ann\u00e4herungen an den Autor und dessen Nachlass. Ein vielf\u00e4ltiges Begleitprogramm umkreist Fichte zudem in Lesungen, Filmvorf\u00fchrungen und einem Schreibworkshop.<\/p>\n<p>\u201eHappy Birthday Hubert Fichte!\u201c wird gef\u00f6rdert von der Liebelt-Stiftung, der S. Fischer Stiftung und der Beh\u00f6rde f\u00fcr Kultur und Medien.<\/p>\n<p>Im Ausstellungsraum im Erdgeschoss.<br \/>\n\u00d6ffnungszeiten: Mo.-Fr. 9-24 Uhr, Sa.-So. 10-24 Uhr.<br \/>\nDer Eintritt ist frei.<\/p>\n<p><a href=\"https:\/\/blog.sub.uni-hamburg.de\/wp-content\/uploads\/2025\/03\/Hubert-Fichte-Banner-gr.jpg\"><img loading=\"lazy\" decoding=\"async\" data-attachment-id=\"39808\" data-permalink=\"https:\/\/blog.sub.uni-hamburg.de\/?attachment_id=39808\" data-orig-file=\"https:\/\/blog.sub.uni-hamburg.de\/wp-content\/uploads\/2025\/03\/Hubert-Fichte-Banner.jpg\" data-orig-size=\"650,195\" data-comments-opened=\"1\" data-image-meta=\"{&quot;aperture&quot;:&quot;0&quot;,&quot;credit&quot;:&quot;&quot;,&quot;camera&quot;:&quot;&quot;,&quot;caption&quot;:&quot;&quot;,&quot;created_timestamp&quot;:&quot;0&quot;,&quot;copyright&quot;:&quot;&quot;,&quot;focal_length&quot;:&quot;0&quot;,&quot;iso&quot;:&quot;0&quot;,&quot;shutter_speed&quot;:&quot;0&quot;,&quot;title&quot;:&quot;&quot;,&quot;orientation&quot;:&quot;0&quot;}\" data-image-title=\"Hubert-Fichte-Banner\" data-image-description=\"\" data-image-caption=\"\" data-large-file=\"https:\/\/blog.sub.uni-hamburg.de\/wp-content\/uploads\/2025\/03\/Hubert-Fichte-Banner.jpg\" class=\"aligncenter size-full wp-image-39808\" title=\"Banner der Ausstellung 'Happy Birthday Hubert Fichte!'\" src=\"https:\/\/blog.sub.uni-hamburg.de\/wp-content\/uploads\/2025\/03\/Hubert-Fichte-Banner.jpg\" alt=\"Banner der Ausstellung 'Happy Birthday Hubert Fichte!'\" width=\"650\" height=\"195\" srcset=\"https:\/\/blog.sub.uni-hamburg.de\/wp-content\/uploads\/2025\/03\/Hubert-Fichte-Banner.jpg 650w, https:\/\/blog.sub.uni-hamburg.de\/wp-content\/uploads\/2025\/03\/Hubert-Fichte-Banner-300x90.jpg 300w, https:\/\/blog.sub.uni-hamburg.de\/wp-content\/uploads\/2025\/03\/Hubert-Fichte-Banner-150x45.jpg 150w\" sizes=\"auto, (max-width: 650px) 100vw, 650px\" \/><\/a><\/p>\n<h3>Ausstellungser\u00f6ffnung<\/h3>\n<p><strong>Freitag, 21. M\u00e4rz 2025, 18 Uhr, Vortragsraum<\/strong><br \/>\nGru\u00dfwort von <strong>Prof. Robert Zepf<\/strong> (Direktor SUB)<br \/>\nEinf\u00fchrung in die Ausstellung durch die Kuratorin <strong>Nathalie David<\/strong><br \/>\nLesung von <strong>Thomas Meinecke<\/strong><br \/>\nIm Anschluss Empfang und Besichtigung der Ausstellung.<\/p>\n<div id=\"r\">\n<h3>Rahmenprogramm<\/h3>\n<ul>\n<li>Mittwoch, 26.3., 19 Uhr, Vortragsraum<br \/>\n<a href=\"https:\/\/blog.sub.uni-hamburg.de\/?p=39850\">Film: Palette revisited. Eine Kneipe und ein Roman<\/a><\/li>\n<li>Donnerstag, 3.4., 19 Uhr, Vortragsraum<br \/>\n<a href=\"https:\/\/blog.sub.uni-hamburg.de\/?p=39856\">Film: \u201eDiese Photographin hei\u00dft Leonore Mau\u201c (2005) Nathalie David<\/a><\/li>\n<li>Freitag, 4.4., 18 Uhr, Treffpunkt: Foyer<br \/>\n<a href=\"https:\/\/blog.sub.uni-hamburg.de\/?p=39883#nb5\">F\u00fchrung durch die Ausstellung \u201eHappy Birthday Hubert Fichte!\u201c<\/a><\/li>\n<li>Freitag, 4.4., 19 Uhr, Vortragsraum<br \/>\n<a href=\"https:\/\/blog.sub.uni-hamburg.de\/?p=39883#nb5\">\u201eIn Gedanken unterhalte ich mich die ganze Zeit mit Dir.\u201c Hubert Fichte und Peter Michel Ladiges&#8221;<\/a><\/li>\n<li>Samstag, 5.4., 19 Uhr, Konferenzraum<br \/>\n<a href=\"https:\/\/blog.sub.uni-hamburg.de\/?p=39906\">Schreibworkshop: Happy Birthday Hubert Fichte!<\/a><\/li>\n<li>Donnerstag, 10.4., 19 Uhr, Vortragsraum<br \/>\n<a href=\"https:\/\/blog.sub.uni-hamburg.de\/?p=39937\">Buchvorstellung: \u201eDas Gewicht der Welt und das Leben in der Literatur. Zum Werk Hubert Fichtes\u201c<\/a><\/li>\n<li>Sonntag, 27.4., 15 Uhr, Vortragsraum<br \/>\n<a href=\"https:\/\/blog.sub.uni-hamburg.de\/?p=40057\">Finissage: Gustav Peter W\u00f6hler liest aus \u201eDas Waisenhaus\u201c von Hubert Fichte<\/a><\/li>\n<\/ul>\n<\/div>\n<div id=\"v\">\n<h3>Virtueller Rundgang durch die Ausstellung<\/h3>\n<p>Wer die Ausstellung noch einmal virtuell besuchen m\u00f6chte, oder nicht in die Stabi kommen konnte, um sie zu sehen, hat die M\u00f6glichkeit im <a href=\"https:\/\/schaukasten.sub.uni-hamburg.de\/virtueller_rundgang\/ausstellung\/2025\/hubert_fichte\/\">virtuellen Rundgang<\/a> durch die Werkschau zu streifen und sich in Ruhe die Objektbeschreibungen durchzulesen oder die Audio-Dateien der H\u00f6rstation zu h\u00f6ren:<\/p>\n<p><a href=\"https:\/\/schaukasten.sub.uni-hamburg.de\/virtueller_rundgang\/ausstellung\/2025\/hubert_fichte\/\"><img loading=\"lazy\" decoding=\"async\" data-attachment-id=\"40083\" data-permalink=\"https:\/\/blog.sub.uni-hamburg.de\/?attachment_id=40083\" data-orig-file=\"https:\/\/blog.sub.uni-hamburg.de\/wp-content\/uploads\/2025\/03\/fichte-schaukasten.jpg\" data-orig-size=\"650,337\" data-comments-opened=\"1\" data-image-meta=\"{&quot;aperture&quot;:&quot;0&quot;,&quot;credit&quot;:&quot;&quot;,&quot;camera&quot;:&quot;&quot;,&quot;caption&quot;:&quot;&quot;,&quot;created_timestamp&quot;:&quot;0&quot;,&quot;copyright&quot;:&quot;&quot;,&quot;focal_length&quot;:&quot;0&quot;,&quot;iso&quot;:&quot;0&quot;,&quot;shutter_speed&quot;:&quot;0&quot;,&quot;title&quot;:&quot;&quot;,&quot;orientation&quot;:&quot;0&quot;}\" data-image-title=\"fichte-schaukasten\" data-image-description=\"\" data-image-caption=\"\" data-large-file=\"https:\/\/blog.sub.uni-hamburg.de\/wp-content\/uploads\/2025\/03\/fichte-schaukasten.jpg\" src=\"https:\/\/blog.sub.uni-hamburg.de\/wp-content\/uploads\/2025\/03\/fichte-schaukasten.jpg\" alt=\"Virtueller Rundgang durch die Ausstellung\" title=\"Virtueller Rundgang durch die Ausstellung\" width=\"650\" height=\"337\" class=\"aligncenter size-full wp-image-40083\" srcset=\"https:\/\/blog.sub.uni-hamburg.de\/wp-content\/uploads\/2025\/03\/fichte-schaukasten.jpg 650w, https:\/\/blog.sub.uni-hamburg.de\/wp-content\/uploads\/2025\/03\/fichte-schaukasten-300x156.jpg 300w, https:\/\/blog.sub.uni-hamburg.de\/wp-content\/uploads\/2025\/03\/fichte-schaukasten-150x78.jpg 150w\" sizes=\"auto, (max-width: 650px) 100vw, 650px\" \/><\/a>\n<\/div>\n<div id=\"f\">\n<h3>Fotoauswahl zur Fichte-Ausstellung<\/h3>\n<p>Alle Fotos auf Klick in gro\u00df:<\/p>\n<div id=\"attachment_39868\" style=\"width: 660px\" class=\"wp-caption aligncenter\"><a href=\"https:\/\/blog.sub.uni-hamburg.de\/wp-content\/uploads\/2025\/03\/c-SUB-Hamburg.-Hubert-Fichte-im-Pelzmantel.jpg\"><img loading=\"lazy\" decoding=\"async\" aria-describedby=\"caption-attachment-39868\" data-attachment-id=\"39868\" data-permalink=\"https:\/\/blog.sub.uni-hamburg.de\/?attachment_id=39868\" data-orig-file=\"https:\/\/blog.sub.uni-hamburg.de\/wp-content\/uploads\/2025\/03\/c-SUB-Hamburg.-Hubert-Fichte-im-Pelzmantel-kl.jpg\" data-orig-size=\"650,960\" data-comments-opened=\"1\" data-image-meta=\"{&quot;aperture&quot;:&quot;0&quot;,&quot;credit&quot;:&quot;&quot;,&quot;camera&quot;:&quot;Expression 12000XL&quot;,&quot;caption&quot;:&quot;&quot;,&quot;created_timestamp&quot;:&quot;0&quot;,&quot;copyright&quot;:&quot;&quot;,&quot;focal_length&quot;:&quot;0&quot;,&quot;iso&quot;:&quot;0&quot;,&quot;shutter_speed&quot;:&quot;0&quot;,&quot;title&quot;:&quot;&quot;,&quot;orientation&quot;:&quot;1&quot;}\" data-image-title=\"(c) SUB Hamburg. Hubert Fichte im Pelzmantel\" data-image-description=\"\" data-image-caption=\"&lt;p&gt;(c) SUB Hamburg. Hubert Fichte im Pelzmantel&lt;\/p&gt;\n\" data-large-file=\"https:\/\/blog.sub.uni-hamburg.de\/wp-content\/uploads\/2025\/03\/c-SUB-Hamburg.-Hubert-Fichte-im-Pelzmantel-kl.jpg\" class=\"size-full wp-image-39868\" title=\"Hubert Fichte im Pelzmantel\" src=\"https:\/\/blog.sub.uni-hamburg.de\/wp-content\/uploads\/2025\/03\/c-SUB-Hamburg.-Hubert-Fichte-im-Pelzmantel-kl.jpg\" alt=\"Hubert Fichte im Pelzmantel\" width=\"650\" height=\"960\" srcset=\"https:\/\/blog.sub.uni-hamburg.de\/wp-content\/uploads\/2025\/03\/c-SUB-Hamburg.-Hubert-Fichte-im-Pelzmantel-kl.jpg 650w, https:\/\/blog.sub.uni-hamburg.de\/wp-content\/uploads\/2025\/03\/c-SUB-Hamburg.-Hubert-Fichte-im-Pelzmantel-kl-203x300.jpg 203w, https:\/\/blog.sub.uni-hamburg.de\/wp-content\/uploads\/2025\/03\/c-SUB-Hamburg.-Hubert-Fichte-im-Pelzmantel-kl-102x150.jpg 102w\" sizes=\"auto, (max-width: 650px) 100vw, 650px\" \/><\/a><p id=\"caption-attachment-39868\" class=\"wp-caption-text\">(c) SUB Hamburg. Hubert Fichte im Pelzmantel<\/p><\/div>\n<div id=\"attachment_39865\" style=\"width: 660px\" class=\"wp-caption aligncenter\"><a href=\"https:\/\/blog.sub.uni-hamburg.de\/wp-content\/uploads\/2025\/03\/c-SUB-Hamburg-Hubert-Fichte-im-Hotel-Avila-Caracas.jpg\"><img loading=\"lazy\" decoding=\"async\" aria-describedby=\"caption-attachment-39865\" data-attachment-id=\"39865\" data-permalink=\"https:\/\/blog.sub.uni-hamburg.de\/?attachment_id=39865\" data-orig-file=\"https:\/\/blog.sub.uni-hamburg.de\/wp-content\/uploads\/2025\/03\/c-SUB-Hamburg-Hubert-Fichte-im-Hotel-Avila-Caracas-kl.jpg\" data-orig-size=\"650,447\" data-comments-opened=\"1\" data-image-meta=\"{&quot;aperture&quot;:&quot;0&quot;,&quot;credit&quot;:&quot;&quot;,&quot;camera&quot;:&quot;Expression 12000XL&quot;,&quot;caption&quot;:&quot;&quot;,&quot;created_timestamp&quot;:&quot;0&quot;,&quot;copyright&quot;:&quot;&quot;,&quot;focal_length&quot;:&quot;0&quot;,&quot;iso&quot;:&quot;0&quot;,&quot;shutter_speed&quot;:&quot;0&quot;,&quot;title&quot;:&quot;&quot;,&quot;orientation&quot;:&quot;1&quot;}\" data-image-title=\"(c) SUB Hamburg &amp;#8211; Hubert Fichte im Hotel Avila, Caracas-kl\" data-image-description=\"\" data-image-caption=\"&lt;p&gt;(c) SUB Hamburg &amp;#8211; Hubert Fichte im Hotel Avila, Caracas&lt;\/p&gt;\n\" data-large-file=\"https:\/\/blog.sub.uni-hamburg.de\/wp-content\/uploads\/2025\/03\/c-SUB-Hamburg-Hubert-Fichte-im-Hotel-Avila-Caracas-kl.jpg\" class=\"size-full wp-image-39865\" title=\"Hubert Fichte im Hotel Avila, Caracas\" src=\"https:\/\/blog.sub.uni-hamburg.de\/wp-content\/uploads\/2025\/03\/c-SUB-Hamburg-Hubert-Fichte-im-Hotel-Avila-Caracas-kl.jpg\" alt=\"Hubert Fichte im Hotel Avila, Caracas\" width=\"650\" height=\"447\" srcset=\"https:\/\/blog.sub.uni-hamburg.de\/wp-content\/uploads\/2025\/03\/c-SUB-Hamburg-Hubert-Fichte-im-Hotel-Avila-Caracas-kl.jpg 650w, https:\/\/blog.sub.uni-hamburg.de\/wp-content\/uploads\/2025\/03\/c-SUB-Hamburg-Hubert-Fichte-im-Hotel-Avila-Caracas-kl-300x206.jpg 300w, https:\/\/blog.sub.uni-hamburg.de\/wp-content\/uploads\/2025\/03\/c-SUB-Hamburg-Hubert-Fichte-im-Hotel-Avila-Caracas-kl-150x103.jpg 150w\" sizes=\"auto, (max-width: 650px) 100vw, 650px\" \/><\/a><p id=\"caption-attachment-39865\" class=\"wp-caption-text\">(c) SUB Hamburg &#8211; Hubert Fichte im Hotel Avila, Caracas<\/p><\/div>\n<div id=\"attachment_39867\" style=\"width: 660px\" class=\"wp-caption aligncenter\"><a href=\"https:\/\/blog.sub.uni-hamburg.de\/wp-content\/uploads\/2025\/03\/c-SUB-Hamburg.-Hubert-Fichte-im-Esszimmer-in-der-Duererstrasse-9-in-Othmarschen.jpg\"><img loading=\"lazy\" decoding=\"async\" aria-describedby=\"caption-attachment-39867\" data-attachment-id=\"39867\" data-permalink=\"https:\/\/blog.sub.uni-hamburg.de\/?attachment_id=39867\" data-orig-file=\"https:\/\/blog.sub.uni-hamburg.de\/wp-content\/uploads\/2025\/03\/c-SUB-Hamburg.-Hubert-Fichte-im-Esszimmer-in-der-Duererstrasse-9-in-Othmarschen-kl.jpg\" data-orig-size=\"650,442\" data-comments-opened=\"1\" data-image-meta=\"{&quot;aperture&quot;:&quot;0&quot;,&quot;credit&quot;:&quot;&quot;,&quot;camera&quot;:&quot;&quot;,&quot;caption&quot;:&quot;&quot;,&quot;created_timestamp&quot;:&quot;1738669020&quot;,&quot;copyright&quot;:&quot;&quot;,&quot;focal_length&quot;:&quot;0&quot;,&quot;iso&quot;:&quot;0&quot;,&quot;shutter_speed&quot;:&quot;0&quot;,&quot;title&quot;:&quot;&quot;,&quot;orientation&quot;:&quot;1&quot;}\" data-image-title=\"(c) SUB Hamburg. Hubert Fichte im Esszimmer in der D\u00fcrerstra\u00dfe 9 in Othmarschen\" data-image-description=\"\" data-image-caption=\"&lt;p&gt;(c) SUB Hamburg. Hubert Fichte im Esszimmer in der D\u00fcrerstra\u00dfe 9 in Othmarschen&lt;\/p&gt;\n\" data-large-file=\"https:\/\/blog.sub.uni-hamburg.de\/wp-content\/uploads\/2025\/03\/c-SUB-Hamburg.-Hubert-Fichte-im-Esszimmer-in-der-Duererstrasse-9-in-Othmarschen-kl.jpg\" class=\"size-full wp-image-39867\" title=\"Hubert Fichte im Esszimmer in der D\u00fcrerstra\u00dfe 9 in Othmarschen\" src=\"https:\/\/blog.sub.uni-hamburg.de\/wp-content\/uploads\/2025\/03\/c-SUB-Hamburg.-Hubert-Fichte-im-Esszimmer-in-der-Duererstrasse-9-in-Othmarschen-kl.jpg\" alt=\"Hubert Fichte im Esszimmer in der D\u00fcrerstra\u00dfe 9 in Othmarschen\" width=\"650\" height=\"442\" srcset=\"https:\/\/blog.sub.uni-hamburg.de\/wp-content\/uploads\/2025\/03\/c-SUB-Hamburg.-Hubert-Fichte-im-Esszimmer-in-der-Duererstrasse-9-in-Othmarschen-kl.jpg 650w, https:\/\/blog.sub.uni-hamburg.de\/wp-content\/uploads\/2025\/03\/c-SUB-Hamburg.-Hubert-Fichte-im-Esszimmer-in-der-Duererstrasse-9-in-Othmarschen-kl-300x204.jpg 300w, https:\/\/blog.sub.uni-hamburg.de\/wp-content\/uploads\/2025\/03\/c-SUB-Hamburg.-Hubert-Fichte-im-Esszimmer-in-der-Duererstrasse-9-in-Othmarschen-kl-150x102.jpg 150w\" sizes=\"auto, (max-width: 650px) 100vw, 650px\" \/><\/a><p id=\"caption-attachment-39867\" class=\"wp-caption-text\">(c) SUB Hamburg. Hubert Fichte im Esszimmer in der D\u00fcrerstra\u00dfe 9 in Othmarschen<\/p><\/div>\n<div id=\"attachment_39870\" style=\"width: 660px\" class=\"wp-caption aligncenter\"><a href=\"https:\/\/blog.sub.uni-hamburg.de\/wp-content\/uploads\/2025\/03\/c-SUB-Hamburg.-Hubert-Fichte-vor-den-Skizzen-zum-Roman-Versuch-ueber-die-Pubertaet-1972.jpg\"><img loading=\"lazy\" decoding=\"async\" aria-describedby=\"caption-attachment-39870\" data-attachment-id=\"39870\" data-permalink=\"https:\/\/blog.sub.uni-hamburg.de\/?attachment_id=39870\" data-orig-file=\"https:\/\/blog.sub.uni-hamburg.de\/wp-content\/uploads\/2025\/03\/c-SUB-Hamburg.-Hubert-Fichte-vor-den-Skizzen-zum-Roman-Versuch-ueber-die-Pubertaet-1972-kl.jpg\" data-orig-size=\"650,827\" data-comments-opened=\"1\" data-image-meta=\"{&quot;aperture&quot;:&quot;0&quot;,&quot;credit&quot;:&quot;&quot;,&quot;camera&quot;:&quot;&quot;,&quot;caption&quot;:&quot;&quot;,&quot;created_timestamp&quot;:&quot;1738328057&quot;,&quot;copyright&quot;:&quot;&quot;,&quot;focal_length&quot;:&quot;0&quot;,&quot;iso&quot;:&quot;0&quot;,&quot;shutter_speed&quot;:&quot;0&quot;,&quot;title&quot;:&quot;&quot;,&quot;orientation&quot;:&quot;1&quot;}\" data-image-title=\"(c) SUB Hamburg. Hubert Fichte vor den Skizzen zum Roman Versuch \u00fcber die Pubert\u00e4t, 1972\" data-image-description=\"\" data-image-caption=\"\" data-large-file=\"https:\/\/blog.sub.uni-hamburg.de\/wp-content\/uploads\/2025\/03\/c-SUB-Hamburg.-Hubert-Fichte-vor-den-Skizzen-zum-Roman-Versuch-ueber-die-Pubertaet-1972-kl.jpg\" class=\"size-full wp-image-39870\" title=\"Hubert Fichte vor den Skizzen zum Roman Versuch \u00fcber die Pubert\u00e4t, 1972\" src=\"https:\/\/blog.sub.uni-hamburg.de\/wp-content\/uploads\/2025\/03\/c-SUB-Hamburg.-Hubert-Fichte-vor-den-Skizzen-zum-Roman-Versuch-ueber-die-Pubertaet-1972-kl.jpg\" alt=\"Hubert Fichte vor den Skizzen zum Roman Versuch \u00fcber die Pubert\u00e4t, 1972\" width=\"650\" height=\"827\" srcset=\"https:\/\/blog.sub.uni-hamburg.de\/wp-content\/uploads\/2025\/03\/c-SUB-Hamburg.-Hubert-Fichte-vor-den-Skizzen-zum-Roman-Versuch-ueber-die-Pubertaet-1972-kl.jpg 650w, https:\/\/blog.sub.uni-hamburg.de\/wp-content\/uploads\/2025\/03\/c-SUB-Hamburg.-Hubert-Fichte-vor-den-Skizzen-zum-Roman-Versuch-ueber-die-Pubertaet-1972-kl-236x300.jpg 236w, https:\/\/blog.sub.uni-hamburg.de\/wp-content\/uploads\/2025\/03\/c-SUB-Hamburg.-Hubert-Fichte-vor-den-Skizzen-zum-Roman-Versuch-ueber-die-Pubertaet-1972-kl-118x150.jpg 118w\" sizes=\"auto, (max-width: 650px) 100vw, 650px\" \/><\/a><p id=\"caption-attachment-39870\" class=\"wp-caption-text\">(c) SUB Hamburg. Hubert Fichte vor den Skizzen zum Roman Versuch \u00fcber die Pubert\u00e4t, 1972<\/p><\/div>\n<div id=\"attachment_39863\" style=\"width: 657px\" class=\"wp-caption aligncenter\"><a href=\"https:\/\/blog.sub.uni-hamburg.de\/wp-content\/uploads\/2025\/03\/c-bpk-S.-Fischer-Stiftung.-Hubert-Fichte-in-Paris-1985.jpg\"><img loading=\"lazy\" decoding=\"async\" aria-describedby=\"caption-attachment-39863\" data-attachment-id=\"39863\" data-permalink=\"https:\/\/blog.sub.uni-hamburg.de\/?attachment_id=39863\" data-orig-file=\"https:\/\/blog.sub.uni-hamburg.de\/wp-content\/uploads\/2025\/03\/c-bpk-S.-Fischer-Stiftung.-Hubert-Fichte-in-Paris-1985-kl.jpg\" data-orig-size=\"647,778\" data-comments-opened=\"1\" data-image-meta=\"{&quot;aperture&quot;:&quot;0&quot;,&quot;credit&quot;:&quot;Leonore Mau&quot;,&quot;camera&quot;:&quot;&quot;,&quot;caption&quot;:&quot;Der Schriftsteller Hubert Fichte vor dem eingerissenen Bain de Penthi\\u00e8vre.\\n\\&quot;Der 50. Geburtstag. Vor dem eingerissenen Bain de Penthi\\u00e8vre, auf seinen Wunsch eigens davor fotografiert. Letzte Aufnahme von vorne.\\&quot;\\nReferenz: Ronald Kay, H\\u00e4lfte des Lebens, D\\u00f6lling und Galitz Verlag, 1996, Aufnahmedatum: 21.03.1985, Material\/Technik: Foto \/ Silbergelatine auf PE-Papier, Bildformat (Foto): 23,3 x 28,5 cm, Aufnahmeort: Paris, Inventar-Nr.: LM-500191,    , Das Foto darf nicht bearbeitet oder beschnitten werden!, Werbliche Nutzung nur nach R\\u00fccksprache mit der S. Fischer Stiftung!, , Verwendung der Bilder auf Social Media Plattformen nur mit Copyrightnachweis im Bild!, Copyright: bpk \/ S. Fischer Stiftung \/ Leonore Mau&quot;,&quot;created_timestamp&quot;:&quot;0&quot;,&quot;copyright&quot;:&quot;bpk \/ S. Fischer Stiftung \/ Leonore Mau&quot;,&quot;focal_length&quot;:&quot;0&quot;,&quot;iso&quot;:&quot;0&quot;,&quot;shutter_speed&quot;:&quot;0&quot;,&quot;title&quot;:&quot;&quot;,&quot;orientation&quot;:&quot;1&quot;}\" data-image-title=\"(c) bpk &amp;#8211; S. Fischer Stiftung. Hubert Fichte in Paris, 1985-kl\" data-image-description=\"&lt;p&gt;Das Foto darf nicht bearbeitet oder beschnitten werden!, Werbliche Nutzung nur nach R\u00fccksprache mit der S. Fischer Stiftung!, , Verwendung der Bilder auf Social Media Plattformen nur mit Copyrightnachweis im Bild!, Copyright: bpk \/ S. Fischer Stiftung \/ Leonore Mau&lt;\/p&gt;\n\" data-image-caption=\"&lt;p&gt;Der Schriftsteller Hubert Fichte vor dem eingerissenen Bain de Penthi\u00e8vre.&lt;br \/&gt;\n&amp;#8220;Der 50. Geburtstag. Vor dem eingerissenen Bain de Penthi\u00e8vre, auf seinen Wunsch eigens davor fotografiert. Letzte Aufnahme von vorne.&amp;#8221;&lt;br \/&gt;\nReferenz: Ronald Kay, H\u00e4lfte des Lebens, D\u00f6lling und Galitz Verlag, 1996, Aufnahmedatum: 21.03.1985, Material\/Technik: Foto \/ Silbergelatine auf PE-Papier, Bildformat (Foto): 23,3 x 28,5 cm, Aufnahmeort: Paris, Inventar-Nr.: LM-500191,  &lt;\/p&gt;\n\" data-large-file=\"https:\/\/blog.sub.uni-hamburg.de\/wp-content\/uploads\/2025\/03\/c-bpk-S.-Fischer-Stiftung.-Hubert-Fichte-in-Paris-1985-kl.jpg\" class=\"size-full wp-image-39863\" title=\"Der Schriftsteller Hubert Fichte vor dem eingerissenen Bain de Penthi\u00e8vre.\" src=\"https:\/\/blog.sub.uni-hamburg.de\/wp-content\/uploads\/2025\/03\/c-bpk-S.-Fischer-Stiftung.-Hubert-Fichte-in-Paris-1985-kl.jpg\" alt=\"Der Schriftsteller Hubert Fichte vor dem eingerissenen Bain de Penthi\u00e8vre.\" width=\"647\" height=\"778\" srcset=\"https:\/\/blog.sub.uni-hamburg.de\/wp-content\/uploads\/2025\/03\/c-bpk-S.-Fischer-Stiftung.-Hubert-Fichte-in-Paris-1985-kl.jpg 647w, https:\/\/blog.sub.uni-hamburg.de\/wp-content\/uploads\/2025\/03\/c-bpk-S.-Fischer-Stiftung.-Hubert-Fichte-in-Paris-1985-kl-249x300.jpg 249w, https:\/\/blog.sub.uni-hamburg.de\/wp-content\/uploads\/2025\/03\/c-bpk-S.-Fischer-Stiftung.-Hubert-Fichte-in-Paris-1985-kl-125x150.jpg 125w\" sizes=\"auto, (max-width: 647px) 100vw, 647px\" \/><\/a><p id=\"caption-attachment-39863\" class=\"wp-caption-text\">(c) bpk &#8211; S. Fischer Stiftung. Der Schriftsteller Hubert Fichte vor dem eingerissenen Bain de Penthi\u00e8vre.<br \/>&#8220;Der 50. Geburtstag. Vor dem eingerissenen Bain de Penthi\u00e8vre, auf seinen Wunsch eigens davor fotografiert. Letzte Aufnahme von vorne.&#8221;<br \/>Referenz: Ronald Kay, H\u00e4lfte des Lebens, D\u00f6lling und Galitz Verlag, 1996, Aufnahmedatum: 21.03.1985, Material\/Technik: Foto \/ Silbergelatine auf PE-Papier, Bildformat (Foto): 23,3 x 28,5 cm, Aufnahmeort: Paris, Inventar-Nr.: LM-500191<\/p><\/div>\n<\/div>\n","protected":false},"excerpt":{"rendered":"<p>22. M\u00e4rz bis 27. April 2025, Ausstellungsraum. Hubert Fichte, 1935 im brandenburgischen Perleberg geboren, war nach dem Zweiten Weltkrieg Kinderdarsteller an den gro\u00dfen Hamburger Theatern und Schauspielstudent, dann Schafhirte in der Provence und Landwirtschaftslehrling. Ab 1963 lebte er als freier Schriftsteller in Hamburg. Obwohl er bereits kurz vor seinem 51. Geburtstag starb, hinterlie\u00df er ein [&hellip;]<\/p>\n","protected":false},"author":19,"featured_media":0,"comment_status":"open","ping_status":"open","sticky":false,"template":"","format":"standard","meta":{"jetpack_post_was_ever_published":false,"_jetpack_newsletter_access":"","_jetpack_dont_email_post_to_subs":false,"_jetpack_newsletter_tier_id":0,"_jetpack_memberships_contains_paywalled_content":false,"_jetpack_memberships_contains_paid_content":false,"footnotes":"","jetpack_publicize_message":"","jetpack_publicize_feature_enabled":true,"jetpack_social_post_already_shared":true,"jetpack_social_options":{"image_generator_settings":{"template":"highway","default_image_id":0,"font":"","enabled":false},"version":2}},"categories":[9,17],"tags":[],"class_list":["post-39671","post","type-post","status-publish","format-standard","hentry","category-ausstellungen","category-hamburg"],"views":22213,"jetpack_publicize_connections":[],"jetpack_featured_media_url":"","jetpack_shortlink":"https:\/\/wp.me\/p7hfNR-ajR","jetpack-related-posts":[{"id":40057,"url":"https:\/\/blog.sub.uni-hamburg.de\/?p=40057","url_meta":{"origin":39671,"position":0},"title":"Finissage: Gustav Peter W\u00f6hler liest aus \u201eDas Waisenhaus\u201c von Hubert Fichte (27.4.)","author":"Markus Trapp","date":"09-04-25","format":false,"excerpt":"Sonntag, 27.4., 15 Uhr, Vortragsraum. Detlevs Vater ist Jude. Die Mutter versteckt ihren Sohn 1942 in einem Waisenhaus vor den Nazis. Weit weg von Hamburg, dem Ort der Kindheit, lernt der Junge in Bayern eine neue Welt kennen. Der Schauspieler und Sprecher Gustav Peter W\u00f6hler liest Passagen aus Fichtes Roman.\u2026","rel":"","context":"In &quot;Ausstellungen und Veranstaltungen&quot;","block_context":{"text":"Ausstellungen und Veranstaltungen","link":"https:\/\/blog.sub.uni-hamburg.de\/?cat=9"},"img":{"alt_text":"Das Waisenhaus, Hubert Fichte","src":"https:\/\/i0.wp.com\/blog.sub.uni-hamburg.de\/wp-content\/uploads\/2025\/04\/waisenhaus-fichte-197x300.jpg?resize=350%2C200&ssl=1","width":350,"height":200},"classes":[]},{"id":39937,"url":"https:\/\/blog.sub.uni-hamburg.de\/?p=39937","url_meta":{"origin":39671,"position":1},"title":"Buchvorstellung: \u201eDas Gewicht der Welt und das Leben in der Literatur. Zum Werk Hubert Fichtes\u201c (10.4.)","author":"Markus Trapp","date":"26-03-25","format":false,"excerpt":"Donnerstag, 10.4., 19 Uhr, Vortragsraum. Die Welt verw\u00f6rtern \u2013 das war Hubert Fichtes Idee von Literatur, der Christa Karpenstein-E\u00dfbach in ihrem Buch \u201eDas Gewicht der Welt und das Leben in der Literatur. Zum Werk Hubert Fichtes\u201c nachsp\u00fcrt. Fichtes Werk entwirft keine fiktiven Welten, sondern forscht den Denk-, Verhaltens- und Vorstellungsweisen\u2026","rel":"","context":"In &quot;Ausstellungen und Veranstaltungen&quot;","block_context":{"text":"Ausstellungen und Veranstaltungen","link":"https:\/\/blog.sub.uni-hamburg.de\/?cat=9"},"img":{"alt_text":"","src":"https:\/\/i0.wp.com\/blog.sub.uni-hamburg.de\/wp-content\/uploads\/2025\/03\/gewichtderwelt.png?resize=350%2C200&ssl=1","width":350,"height":200},"classes":[]},{"id":39883,"url":"https:\/\/blog.sub.uni-hamburg.de\/?p=39883","url_meta":{"origin":39671,"position":2},"title":"Nacht der Bibliotheken in der Stabi Hamburg (4.4.)","author":"Markus Trapp","date":"21-03-25","format":false,"excerpt":"Freitag, 4.4., Staats- und Universit\u00e4tsbibliothek Hamburg. Unter dem Motto \u201eWissen. Teilen. Entdecken.\u201c wird am 4. April in ganz Deutschland die \u201eNacht der Bibliotheken\u201c gefeiert. An diesem Abend erwartet Interessierte ein abwechslungsreiches Programm mit Vortr\u00e4gen, F\u00fchrungen und Workshops. Auch die Staats- und Universit\u00e4tsbibliothek Hamburg l\u00e4dt herzlich ein und bietet ein umfangreiches\u2026","rel":"","context":"In &quot;Ausstellungen und Veranstaltungen&quot;","block_context":{"text":"Ausstellungen und Veranstaltungen","link":"https:\/\/blog.sub.uni-hamburg.de\/?cat=9"},"img":{"alt_text":"Plakat Nacht der Bibliotheken","src":"https:\/\/i0.wp.com\/blog.sub.uni-hamburg.de\/wp-content\/uploads\/2025\/03\/Nacht_der_Bibliotheken_2025.jpg?resize=350%2C200&ssl=1","width":350,"height":200},"classes":[]},{"id":39906,"url":"https:\/\/blog.sub.uni-hamburg.de\/?p=39906","url_meta":{"origin":39671,"position":3},"title":"Schreibworkshop: Happy Birthday Hubert Fichte! (5.4.)","author":"Markus Trapp","date":"21-03-25","format":false,"excerpt":"Samstag, 5.4., 11 bis 17 Uhr, Konferenzraum. Ausgangspunkt des kreativen Schreibworkshops ist eine intensive Auseinandersetzung mit der Ausstellung \u201eHappy Birthday Hubert Fichte!\u201c. Die dort gezeigten Objekte, Fotografien und Installationen sowie literarische Fundst\u00fccke aus Hubert Fichtes Werk sind Inspiration f\u00fcr eigene Texte, die gemeinsam besprochen werden. Angeleitet wird der Schreibworkshop von\u2026","rel":"","context":"In &quot;Ausstellungen und Veranstaltungen&quot;","block_context":{"text":"Ausstellungen und Veranstaltungen","link":"https:\/\/blog.sub.uni-hamburg.de\/?cat=9"},"img":{"alt_text":"Hubert Fichte vor den Skizzen zum Roman Versuch \u00fcber die Pubert\u00e4t, 1972","src":"https:\/\/i0.wp.com\/blog.sub.uni-hamburg.de\/wp-content\/uploads\/2025\/03\/c-SUB-Hamburg.-Hubert-Fichte-vor-den-Skizzen-zum-Roman-Versuch-ueber-die-Pubertaet-1972-kl-236x300.jpg?resize=350%2C200&ssl=1","width":350,"height":200},"classes":[]},{"id":10031,"url":"https:\/\/blog.sub.uni-hamburg.de\/?p=10031","url_meta":{"origin":39671,"position":4},"title":"Hamburger Autorin Tina Uebel erh\u00e4lt den Hubert-Fichte-Preis","author":"HS","date":"30-11-12","format":false,"excerpt":"Der Hamburger Senat zeichnet die Autorin Tina Uebel mit dem Hubert-Fichte-Preis 2012 aus. Die 1969 in Hamburg geborene und hier lebende Schriftstellerin erh\u00e4lt den Preis f\u00fcr ihr Gesamtwerk. Die Preistr\u00e4gerin, urspr\u00fcnglich Grafikerin und Illustratorin, hat bereits f\u00fcnf Romane, zahlreiche Kurzgeschichten und Reportagen ver\u00f6ffentlicht, in denen sie sich stilistisch zwischen Belletristik\u2026","rel":"","context":"In &quot;Aktuelles&quot;","block_context":{"text":"Aktuelles","link":"https:\/\/blog.sub.uni-hamburg.de\/?cat=1"},"img":{"alt_text":"","src":"https:\/\/i0.wp.com\/img.youtube.com\/vi\/fix48hDd4h8\/0.jpg?resize=350%2C200","width":350,"height":200},"classes":[]},{"id":39856,"url":"https:\/\/blog.sub.uni-hamburg.de\/?p=39856","url_meta":{"origin":39671,"position":5},"title":"Film: \u201eDiese Photographin hei\u00dft Leonore Mau\u201c (2005) von Nathalie David (3.4.)","author":"Markus Trapp","date":"17-03-25","format":false,"excerpt":"Donnerstag, 3.4., 19 Uhr, Vortragsraum. Von 1995 bis zu ihrem Tod im Jahr 2013 war Nathalie David Assistentin der Fotografin Leonore Mau, die seit den 1960er Jahren mit Hubert Fichte zusammenlebte. Der Film, basierend auf zwei B\u00fcchern mit literarisch bearbeiteten Dialogen von Fichte und Mau sowie etlichen Fotos und erg\u00e4nzt\u2026","rel":"","context":"In &quot;Ausstellungen und Veranstaltungen&quot;","block_context":{"text":"Ausstellungen und Veranstaltungen","link":"https:\/\/blog.sub.uni-hamburg.de\/?cat=9"},"img":{"alt_text":"Leonore Mau","src":"https:\/\/i0.wp.com\/blog.sub.uni-hamburg.de\/wp-content\/uploads\/2025\/03\/Leonore_Mau-300x170.jpg?resize=350%2C200&ssl=1","width":350,"height":200},"classes":[]}],"jetpack_sharing_enabled":true,"_links":{"self":[{"href":"https:\/\/blog.sub.uni-hamburg.de\/index.php?rest_route=\/wp\/v2\/posts\/39671","targetHints":{"allow":["GET"]}}],"collection":[{"href":"https:\/\/blog.sub.uni-hamburg.de\/index.php?rest_route=\/wp\/v2\/posts"}],"about":[{"href":"https:\/\/blog.sub.uni-hamburg.de\/index.php?rest_route=\/wp\/v2\/types\/post"}],"author":[{"embeddable":true,"href":"https:\/\/blog.sub.uni-hamburg.de\/index.php?rest_route=\/wp\/v2\/users\/19"}],"replies":[{"embeddable":true,"href":"https:\/\/blog.sub.uni-hamburg.de\/index.php?rest_route=%2Fwp%2Fv2%2Fcomments&post=39671"}],"version-history":[{"count":27,"href":"https:\/\/blog.sub.uni-hamburg.de\/index.php?rest_route=\/wp\/v2\/posts\/39671\/revisions"}],"predecessor-version":[{"id":40085,"href":"https:\/\/blog.sub.uni-hamburg.de\/index.php?rest_route=\/wp\/v2\/posts\/39671\/revisions\/40085"}],"wp:attachment":[{"href":"https:\/\/blog.sub.uni-hamburg.de\/index.php?rest_route=%2Fwp%2Fv2%2Fmedia&parent=39671"}],"wp:term":[{"taxonomy":"category","embeddable":true,"href":"https:\/\/blog.sub.uni-hamburg.de\/index.php?rest_route=%2Fwp%2Fv2%2Fcategories&post=39671"},{"taxonomy":"post_tag","embeddable":true,"href":"https:\/\/blog.sub.uni-hamburg.de\/index.php?rest_route=%2Fwp%2Fv2%2Ftags&post=39671"}],"curies":[{"name":"wp","href":"https:\/\/api.w.org\/{rel}","templated":true}]}}