{"id":39632,"date":"2025-01-29T08:00:24","date_gmt":"2025-01-29T07:00:24","guid":{"rendered":"https:\/\/blog.sub.uni-hamburg.de\/?p=39632"},"modified":"2025-02-17T08:26:07","modified_gmt":"2025-02-17T07:26:07","slug":"lesung-und-vortrag-der-exilroman-das-vaterland-von-heinz-liepman-in-neuauflage-12-2","status":"publish","type":"post","link":"https:\/\/blog.sub.uni-hamburg.de\/?p=39632","title":{"rendered":"Lesung und Vortrag: Der Exilroman \u201eDas Vaterland\u201c von Heinz Liepman in Neuauflage (12.2.)"},"content":{"rendered":"<p><strong>Mittwoch, 12.2., 19 Uhr, Vortragsraum.<\/strong><\/p>\n<p><a href=\"https:\/\/blog.sub.uni-hamburg.de\/wp-content\/uploads\/2025\/01\/Heinz_Liepman\u00a9Sammlung_Weinke-gr.jpg\"><img loading=\"lazy\" decoding=\"async\" data-attachment-id=\"39634\" data-permalink=\"https:\/\/blog.sub.uni-hamburg.de\/?attachment_id=39634\" data-orig-file=\"https:\/\/blog.sub.uni-hamburg.de\/wp-content\/uploads\/2025\/01\/Heinz_Liepman\u00a9Sammlung_Weinke.jpg\" data-orig-size=\"300,433\" data-comments-opened=\"1\" data-image-meta=\"{&quot;aperture&quot;:&quot;0&quot;,&quot;credit&quot;:&quot;&quot;,&quot;camera&quot;:&quot;&quot;,&quot;caption&quot;:&quot;&quot;,&quot;created_timestamp&quot;:&quot;0&quot;,&quot;copyright&quot;:&quot;&quot;,&quot;focal_length&quot;:&quot;0&quot;,&quot;iso&quot;:&quot;0&quot;,&quot;shutter_speed&quot;:&quot;0&quot;,&quot;title&quot;:&quot;&quot;,&quot;orientation&quot;:&quot;1&quot;}\" data-image-title=\"Heinz_Liepman\u00a9Sammlung_Weinke\" data-image-description=\"\" data-image-caption=\"\" data-large-file=\"https:\/\/blog.sub.uni-hamburg.de\/wp-content\/uploads\/2025\/01\/Heinz_Liepman\u00a9Sammlung_Weinke.jpg\" src=\"https:\/\/blog.sub.uni-hamburg.de\/wp-content\/uploads\/2025\/01\/Heinz_Liepman\u00a9Sammlung_Weinke.jpg\" alt=\"Heinz Liepman\" title=\"Heinz Liepman\" width=\"300\" height=\"433\" class=\"alignleft size-full wp-image-39634\" srcset=\"https:\/\/blog.sub.uni-hamburg.de\/wp-content\/uploads\/2025\/01\/Heinz_Liepman\u00a9Sammlung_Weinke.jpg 300w, https:\/\/blog.sub.uni-hamburg.de\/wp-content\/uploads\/2025\/01\/Heinz_Liepman\u00a9Sammlung_Weinke-208x300.jpg 208w, https:\/\/blog.sub.uni-hamburg.de\/wp-content\/uploads\/2025\/01\/Heinz_Liepman\u00a9Sammlung_Weinke-104x150.jpg 104w\" sizes=\"auto, (max-width: 300px) 100vw, 300px\" \/><\/a> <a href=\"https:\/\/blog.sub.uni-hamburg.de\/wp-content\/uploads\/2025\/01\/Wilfried-Weinke-gr.jpg\"><img loading=\"lazy\" decoding=\"async\" data-attachment-id=\"39639\" data-permalink=\"https:\/\/blog.sub.uni-hamburg.de\/?attachment_id=39639\" data-orig-file=\"https:\/\/blog.sub.uni-hamburg.de\/wp-content\/uploads\/2025\/01\/Wilfried-Weinke.jpg\" data-orig-size=\"250,167\" data-comments-opened=\"1\" data-image-meta=\"{&quot;aperture&quot;:&quot;0&quot;,&quot;credit&quot;:&quot;&quot;,&quot;camera&quot;:&quot;&quot;,&quot;caption&quot;:&quot;&quot;,&quot;created_timestamp&quot;:&quot;0&quot;,&quot;copyright&quot;:&quot;&quot;,&quot;focal_length&quot;:&quot;0&quot;,&quot;iso&quot;:&quot;0&quot;,&quot;shutter_speed&quot;:&quot;0&quot;,&quot;title&quot;:&quot;&quot;,&quot;orientation&quot;:&quot;1&quot;}\" data-image-title=\"Wilfried-Weinke\" data-image-description=\"\" data-image-caption=\"\" data-large-file=\"https:\/\/blog.sub.uni-hamburg.de\/wp-content\/uploads\/2025\/01\/Wilfried-Weinke.jpg\" src=\"https:\/\/blog.sub.uni-hamburg.de\/wp-content\/uploads\/2025\/01\/Wilfried-Weinke.jpg\" alt=\"Wilfried Weinke\" title=\"Wilfried Weinke\" width=\"250\" height=\"167\" class=\"alignright size-full wp-image-39639\" srcset=\"https:\/\/blog.sub.uni-hamburg.de\/wp-content\/uploads\/2025\/01\/Wilfried-Weinke.jpg 250w, https:\/\/blog.sub.uni-hamburg.de\/wp-content\/uploads\/2025\/01\/Wilfried-Weinke-150x100.jpg 150w\" sizes=\"auto, (max-width: 250px) 100vw, 250px\" \/><\/a> Der Journalist und Schriftsteller Heinz Liepman war 1933 wegen seiner j\u00fcdischen Herkunft und Gegnerschaft zu den Nationalsozialisten zur Flucht aus Hamburg gezwungen.<\/p>\n<p>Hamburg 1933: Nach drei Monaten auf See kehrt der Dampfer \u201eKulm\u201c in seinen Heimathafen zur\u00fcck. Die sozial wie weltanschaulich h\u00f6chst unterschiedliche Besatzung des Schiffes trifft auf eine radikal ver\u00e4nderte politische Lage; die Nationalsozialisten sind an der Macht und herrschen mit brutaler Gewalt und Willk\u00fcr.<\/p>\n<p><a href=\"https:\/\/blog.sub.uni-hamburg.de\/wp-content\/uploads\/2025\/01\/Stephan-Benson-gr.jpg\"><img loading=\"lazy\" decoding=\"async\" data-attachment-id=\"39637\" data-permalink=\"https:\/\/blog.sub.uni-hamburg.de\/?attachment_id=39637\" data-orig-file=\"https:\/\/blog.sub.uni-hamburg.de\/wp-content\/uploads\/2025\/01\/Stephan-Benson.jpg\" data-orig-size=\"167,250\" data-comments-opened=\"1\" data-image-meta=\"{&quot;aperture&quot;:&quot;0&quot;,&quot;credit&quot;:&quot;&quot;,&quot;camera&quot;:&quot;&quot;,&quot;caption&quot;:&quot;&quot;,&quot;created_timestamp&quot;:&quot;0&quot;,&quot;copyright&quot;:&quot;&quot;,&quot;focal_length&quot;:&quot;0&quot;,&quot;iso&quot;:&quot;0&quot;,&quot;shutter_speed&quot;:&quot;0&quot;,&quot;title&quot;:&quot;&quot;,&quot;orientation&quot;:&quot;0&quot;}\" data-image-title=\"Stephan-Benson\" data-image-description=\"\" data-image-caption=\"\" data-large-file=\"https:\/\/blog.sub.uni-hamburg.de\/wp-content\/uploads\/2025\/01\/Stephan-Benson.jpg\" src=\"https:\/\/blog.sub.uni-hamburg.de\/wp-content\/uploads\/2025\/01\/Stephan-Benson.jpg\" alt=\"Stephan Benson\" title=\"Stephan Benson\" width=\"167\" height=\"250\" class=\"alignright size-full wp-image-39637\" srcset=\"https:\/\/blog.sub.uni-hamburg.de\/wp-content\/uploads\/2025\/01\/Stephan-Benson.jpg 167w, https:\/\/blog.sub.uni-hamburg.de\/wp-content\/uploads\/2025\/01\/Stephan-Benson-100x150.jpg 100w\" sizes=\"auto, (max-width: 167px) 100vw, 167px\" \/><\/a> Der Hamburger Journalist und Schriftsteller Heinz Liepman (1905\u20131966) schilderte in packenden Episoden die Konfrontation der Mannschaft mit den neuen Machtverh\u00e4ltnissen. Liepman widmete seinen 1933 erschienenen Roman \u201eden in Hitler-Deutschland ermordeten Juden\u201c. <!--more--><\/p>\n<p>Im Februar 2025 erscheint das Buch in einer <a href=\"https:\/\/www.pendragon.de\/heinz-liepman\/das-vaterland\">Neuauflage<\/a>, herausgegeben und mit einem Nachwort versehen von dem Publizisten <strong>Wilfried Weinke<\/strong> (Abb. oben rechts). Er stellt Autor und Buch vor; der Schauspieler <strong>Stephan Benson<\/strong> (Abb. rechts) liest markante Textstellen aus dem antifaschistischen Exilroman.<\/p>\n<p><a href=\"https:\/\/koerber-stiftung.de\/projekte\/tage-des-exils\/tage-des-exils-hamburg-2025\/veranstaltungen\/\"><img loading=\"lazy\" decoding=\"async\" data-attachment-id=\"39636\" data-permalink=\"https:\/\/blog.sub.uni-hamburg.de\/?attachment_id=39636\" data-orig-file=\"https:\/\/blog.sub.uni-hamburg.de\/wp-content\/uploads\/2025\/01\/TagedesExils_Logo.jpg\" data-orig-size=\"251,130\" data-comments-opened=\"1\" data-image-meta=\"{&quot;aperture&quot;:&quot;0&quot;,&quot;credit&quot;:&quot;&quot;,&quot;camera&quot;:&quot;&quot;,&quot;caption&quot;:&quot;&quot;,&quot;created_timestamp&quot;:&quot;0&quot;,&quot;copyright&quot;:&quot;&quot;,&quot;focal_length&quot;:&quot;0&quot;,&quot;iso&quot;:&quot;0&quot;,&quot;shutter_speed&quot;:&quot;0&quot;,&quot;title&quot;:&quot;&quot;,&quot;orientation&quot;:&quot;0&quot;}\" data-image-title=\"TagedesExils_Logo\" data-image-description=\"\" data-image-caption=\"\" data-large-file=\"https:\/\/blog.sub.uni-hamburg.de\/wp-content\/uploads\/2025\/01\/TagedesExils_Logo.jpg\" src=\"https:\/\/blog.sub.uni-hamburg.de\/wp-content\/uploads\/2025\/01\/TagedesExils_Logo.jpg\" alt=\"\" width=\"251\" height=\"130\" class=\"alignleft size-full wp-image-39636\" srcset=\"https:\/\/blog.sub.uni-hamburg.de\/wp-content\/uploads\/2025\/01\/TagedesExils_Logo.jpg 251w, https:\/\/blog.sub.uni-hamburg.de\/wp-content\/uploads\/2025\/01\/TagedesExils_Logo-150x78.jpg 150w\" sizes=\"auto, (max-width: 251px) 100vw, 251px\" \/><\/a> Die Veranstaltung findet in Kooperation mit der Staats- und Universit\u00e4tsbibliothek Hamburg und im Rahmen der \u201e<a href=\"https:\/\/koerber-stiftung.de\/projekte\/tage-des-exils\/tage-des-exils-hamburg-2025\/veranstaltungen\/\">Tage des Exils<\/a>\u201c (5.2.-7.3.2025) der K\u00f6rber-Stiftung statt. Sie wird gef\u00f6rdert durch die Stiftung Hamburger Gedenkst\u00e4tten und Lernorte sowie durch Mittel der Freien und Hansestadt Hamburg. Der Eintritt ist frei.<\/p>\n","protected":false},"excerpt":{"rendered":"<p>Mittwoch, 12.2., 19 Uhr, Vortragsraum. Der Journalist und Schriftsteller Heinz Liepman war 1933 wegen seiner j\u00fcdischen Herkunft und Gegnerschaft zu den Nationalsozialisten zur Flucht aus Hamburg gezwungen. Hamburg 1933: Nach drei Monaten auf See kehrt der Dampfer \u201eKulm\u201c in seinen Heimathafen zur\u00fcck. Die sozial wie weltanschaulich h\u00f6chst unterschiedliche Besatzung des Schiffes trifft auf eine radikal [&hellip;]<\/p>\n","protected":false},"author":19,"featured_media":0,"comment_status":"open","ping_status":"open","sticky":false,"template":"","format":"standard","meta":{"jetpack_post_was_ever_published":false,"_jetpack_newsletter_access":"","_jetpack_dont_email_post_to_subs":false,"_jetpack_newsletter_tier_id":0,"_jetpack_memberships_contains_paywalled_content":false,"_jetpack_memberships_contains_paid_content":false,"footnotes":"","jetpack_publicize_message":"","jetpack_publicize_feature_enabled":true,"jetpack_social_post_already_shared":true,"jetpack_social_options":{"image_generator_settings":{"template":"highway","default_image_id":0,"font":"","enabled":false},"version":2}},"categories":[9,17],"tags":[],"class_list":["post-39632","post","type-post","status-publish","format-standard","hentry","category-ausstellungen","category-hamburg"],"views":1302,"jetpack_publicize_connections":[],"jetpack_featured_media_url":"","jetpack_shortlink":"https:\/\/wp.me\/p7hfNR-aje","jetpack-related-posts":[{"id":20928,"url":"https:\/\/blog.sub.uni-hamburg.de\/?p=20928","url_meta":{"origin":39632,"position":0},"title":"Der Schriftsteller und Journalist Heinz Liepman (5.10.)","author":"Markus Trapp","date":"12-09-16","format":false,"excerpt":"Wilfried Weinke: \u201eIch werde vielleicht sp\u00e4ter einmal Einflu\u00df zu gewinnen suchen\u2026\u201c \u2013 Der Schriftsteller und Journalist Heinz Liepman (1905-1966) Mittwoch, 5. Oktober 2016, 18 Uhr Ort: Vortragsraum, 1. Etage. Eintritt frei. Heinz Liepman, der bis 1933 in Hamburg lebte, ist heute ein fast vergessener Autor, obwohl er sich schon vor\u2026","rel":"","context":"In &quot;Ausstellungen und Veranstaltungen&quot;","block_context":{"text":"Ausstellungen und Veranstaltungen","link":"https:\/\/blog.sub.uni-hamburg.de\/?cat=9"},"img":{"alt_text":"","src":"https:\/\/i0.wp.com\/blog.sub.uni-hamburg.de\/wp-content\/uploads\/2016\/09\/Liepman-Remarque.jpg?resize=350%2C200&ssl=1","width":350,"height":200,"srcset":"https:\/\/i0.wp.com\/blog.sub.uni-hamburg.de\/wp-content\/uploads\/2016\/09\/Liepman-Remarque.jpg?resize=350%2C200&ssl=1 1x, https:\/\/i0.wp.com\/blog.sub.uni-hamburg.de\/wp-content\/uploads\/2016\/09\/Liepman-Remarque.jpg?resize=525%2C300&ssl=1 1.5x"},"classes":[]},{"id":11955,"url":"https:\/\/blog.sub.uni-hamburg.de\/?p=11955","url_meta":{"origin":39632,"position":1},"title":"Briefe von und an Max Sauerlandt. Buchpr\u00e4sentation (6.6.)","author":"Markus Trapp","date":"27-05-13","format":false,"excerpt":"Ethos des Kunsturteils. Briefe von und an Max Sauerlandt. Buchpr\u00e4sentation Max Sauerlandt z\u00e4hlte als Museumsdirektor in Halle (1909 \u2013 1919) und Hamburg (1919-1933) zu den herausragenden Museumspers\u00f6nlichkeiten in Deutschland. Sein energisches Eintreten f\u00fcr die Moderne kostete ihn 1933 sein Direktorenamt am Museum f\u00fcr Kunst und Gewerbe. Sein umfangreicher, bislang kaum\u2026","rel":"","context":"In &quot;Ausstellungen und Veranstaltungen&quot;","block_context":{"text":"Ausstellungen und Veranstaltungen","link":"https:\/\/blog.sub.uni-hamburg.de\/?cat=9"},"img":{"alt_text":"Briefe von und an Max Sauerlandt.","src":"https:\/\/i0.wp.com\/blog.sub.uni-hamburg.de\/wp-content\/uploads\/2013\/05\/13-Junisauerlandt_bb_web1.jpg?resize=350%2C200&ssl=1","width":350,"height":200},"classes":[]},{"id":41856,"url":"https:\/\/blog.sub.uni-hamburg.de\/?p=41856","url_meta":{"origin":39632,"position":2},"title":"Vortrag: Das Hakenkreuz im Heiligen Land. Die Landesgruppe der NSDAP in Pal\u00e4stina &#8211; Ralf Balke (12.2.)","author":"Markus Trapp","date":"27-01-26","format":false,"excerpt":"Donnerstag, 12.2., 18 Uhr, Vortragsraum. Rund 2.500 nichtj\u00fcdische deutsche Staatsb\u00fcrger lebten vor der Gr\u00fcndung Israel in dem Gebiet zwischen Mittelmeer und Jordan, und das bereits seit Ende der 1860 Jahre. Anfang der 1930er Jahre gr\u00fcndeten diese Pal\u00e4stina-Deutschen in Haifa, Jerusalem und anderswo im Land Ortsgruppen der NSDAP, die bald schon\u2026","rel":"","context":"In &quot;Ausstellungen und Veranstaltungen&quot;","block_context":{"text":"Ausstellungen und Veranstaltungen","link":"https:\/\/blog.sub.uni-hamburg.de\/?cat=9"},"img":{"alt_text":"Ralf Balke: Das Hakenkreuz im Heiligen Land. Die Landesgruppe der NSDAP in Pal\u00e4stina","src":"https:\/\/i0.wp.com\/blog.sub.uni-hamburg.de\/wp-content\/uploads\/2026\/01\/ralf-balke.jpg?resize=350%2C200&ssl=1","width":350,"height":200},"classes":[]},{"id":40117,"url":"https:\/\/blog.sub.uni-hamburg.de\/?p=40117","url_meta":{"origin":39632,"position":3},"title":"Hamburg liest die Elbe (5.5.-6.6.)","author":"Konstantin Ulmer","date":"22-04-25","format":false,"excerpt":"Stabi l\u00e4dt zum stadtweiten Literaturfestival \u201eHamburg liest\u201c mit mehr als f\u00fcnfzig Veranstaltungen und Ausstellungen ein. Vom 5. Mai bis zum 6. Juni widmet sich das Literaturfestival \u201eHamburg liest die Elbe\u201c dem Fluss, der die Stadt gepr\u00e4gt hat und bis heute pr\u00e4gt: der \u201estadtstinkenden kaiklatschenden schilfschaukelnden sandsabbelnden m\u00f6wenm\u00fctzigen graugr\u00fcnen gro\u00dfen guten\u2026","rel":"","context":"In &quot;Ausstellungen und Veranstaltungen&quot;","block_context":{"text":"Ausstellungen und Veranstaltungen","link":"https:\/\/blog.sub.uni-hamburg.de\/?cat=9"},"img":{"alt_text":"Plakat Hamburg liest die Elbe","src":"https:\/\/i0.wp.com\/blog.sub.uni-hamburg.de\/wp-content\/uploads\/2025\/04\/Hamburg_liest_Elbe_2025-Plakat.jpg?resize=350%2C200&ssl=1","width":350,"height":200},"classes":[]},{"id":17025,"url":"https:\/\/blog.sub.uni-hamburg.de\/?p=17025","url_meta":{"origin":39632,"position":4},"title":"Unterwasserarch\u00e4ologische Untersuchungen auf der Halbinsel Yucat\u00e1n, Mexiko (12.2.)","author":"Markus Trapp","date":"26-01-15","format":false,"excerpt":"Update 27.1.2015: Die Veranstaltung muss leider entfallen! Marlen Kr\u00f6ger (Christian-Albrechts-Universit\u00e4t zu Kiel): Unterwasserarch\u00e4ologische Untersuchungen auf der Halbinsel Yucat\u00e1n, Mexiko Der Vortrag besch\u00e4ftigt sich mit der Bedeutung der Cenoten und gefluteten H\u00f6hlensystemen auf der yukatekischen Halbinsel f\u00fcr unterschiedliche Forschungsbereiche. Es wird eine Auswahl subaquatischer Fundpl\u00e4tze vorgestellt, die jeweils von Bedeutung f\u00fcr\u2026","rel":"","context":"In &quot;Ausstellungen und Veranstaltungen&quot;","block_context":{"text":"Ausstellungen und Veranstaltungen","link":"https:\/\/blog.sub.uni-hamburg.de\/?cat=9"},"img":{"alt_text":"","src":"https:\/\/i0.wp.com\/blog.sub.uni-hamburg.de\/wp-content\/uploads\/2015\/01\/meso-tauchen.jpg?resize=350%2C200&ssl=1","width":350,"height":200,"srcset":"https:\/\/i0.wp.com\/blog.sub.uni-hamburg.de\/wp-content\/uploads\/2015\/01\/meso-tauchen.jpg?resize=350%2C200&ssl=1 1x, https:\/\/i0.wp.com\/blog.sub.uni-hamburg.de\/wp-content\/uploads\/2015\/01\/meso-tauchen.jpg?resize=525%2C300&ssl=1 1.5x"},"classes":[]},{"id":39473,"url":"https:\/\/blog.sub.uni-hamburg.de\/?p=39473","url_meta":{"origin":39632,"position":5},"title":"Lesung: Heinz Strunk pr\u00e4sentiert Ausschnitte aus seinem Gesamtwerk (16.1.)","author":"Markus Trapp","date":"19-12-24","format":false,"excerpt":"Donnerstag, 16.1., 19 Uhr, Vortragsraum. Die Lesung ist ausgebucht!! Heinz Strunk, Musiker und Schriftsteller, wurde 2004 mit seinem Buch \u201eFleisch ist mein Gem\u00fcse\u201c \u00fcber Nacht zum Bestsellerautor. Seither \u00fcberrascht er sein Publikum immer wieder mit neuen Themen und Formaten. Sein Roman \u201eDer Goldene Handschuh\u201c wurde 2019 von Fatih Akin verfilmt.\u2026","rel":"","context":"In &quot;Ausstellungen und Veranstaltungen&quot;","block_context":{"text":"Ausstellungen und Veranstaltungen","link":"https:\/\/blog.sub.uni-hamburg.de\/?cat=9"},"img":{"alt_text":"","src":"https:\/\/i0.wp.com\/blog.sub.uni-hamburg.de\/wp-content\/uploads\/2024\/12\/Heinz_Strunk_c_Dennis_Dirksen.jpg?resize=350%2C200&ssl=1","width":350,"height":200,"srcset":"https:\/\/i0.wp.com\/blog.sub.uni-hamburg.de\/wp-content\/uploads\/2024\/12\/Heinz_Strunk_c_Dennis_Dirksen.jpg?resize=350%2C200&ssl=1 1x, https:\/\/i0.wp.com\/blog.sub.uni-hamburg.de\/wp-content\/uploads\/2024\/12\/Heinz_Strunk_c_Dennis_Dirksen.jpg?resize=525%2C300&ssl=1 1.5x"},"classes":[]}],"jetpack_sharing_enabled":true,"_links":{"self":[{"href":"https:\/\/blog.sub.uni-hamburg.de\/index.php?rest_route=\/wp\/v2\/posts\/39632","targetHints":{"allow":["GET"]}}],"collection":[{"href":"https:\/\/blog.sub.uni-hamburg.de\/index.php?rest_route=\/wp\/v2\/posts"}],"about":[{"href":"https:\/\/blog.sub.uni-hamburg.de\/index.php?rest_route=\/wp\/v2\/types\/post"}],"author":[{"embeddable":true,"href":"https:\/\/blog.sub.uni-hamburg.de\/index.php?rest_route=\/wp\/v2\/users\/19"}],"replies":[{"embeddable":true,"href":"https:\/\/blog.sub.uni-hamburg.de\/index.php?rest_route=%2Fwp%2Fv2%2Fcomments&post=39632"}],"version-history":[{"count":8,"href":"https:\/\/blog.sub.uni-hamburg.de\/index.php?rest_route=\/wp\/v2\/posts\/39632\/revisions"}],"predecessor-version":[{"id":39682,"href":"https:\/\/blog.sub.uni-hamburg.de\/index.php?rest_route=\/wp\/v2\/posts\/39632\/revisions\/39682"}],"wp:attachment":[{"href":"https:\/\/blog.sub.uni-hamburg.de\/index.php?rest_route=%2Fwp%2Fv2%2Fmedia&parent=39632"}],"wp:term":[{"taxonomy":"category","embeddable":true,"href":"https:\/\/blog.sub.uni-hamburg.de\/index.php?rest_route=%2Fwp%2Fv2%2Fcategories&post=39632"},{"taxonomy":"post_tag","embeddable":true,"href":"https:\/\/blog.sub.uni-hamburg.de\/index.php?rest_route=%2Fwp%2Fv2%2Ftags&post=39632"}],"curies":[{"name":"wp","href":"https:\/\/api.w.org\/{rel}","templated":true}]}}