{"id":395,"date":"2006-12-22T17:16:51","date_gmt":"2006-12-22T16:16:51","guid":{"rendered":"http:\/\/www.sub.uni-hamburg.de\/blog\/?p=395"},"modified":"2016-03-06T17:46:51","modified_gmt":"2016-03-06T16:46:51","slug":"franz-exner-1881-1947-ein-pionier-der-kriminologie-in-seinem-umfeld-und-seiner-zeit-101%e2%80%932522007","status":"publish","type":"post","link":"https:\/\/blog.sub.uni-hamburg.de\/?p=395","title":{"rendered":"Franz Exner (1881-1947) &#8211; Ein Pionier der Kriminologie in seinem Umfeld und seiner Zeit (10.1\u201325.2.2007)"},"content":{"rendered":"<p><img decoding=\"async\" class=\"alignleft\" alt=\"Franz Exner\" id=\"image402\" title=\"Franz Exner\" src=\"https:\/\/blog.sub.uni-hamburg.de\/wp-content\/uploads\/2007\/01\/exner.jpg\" \/> Doris Lorenz, Doktorandin am Hamburger Institut f\u00fcr kriminologische Sozialforschung, zeigt im Informationszentrum der Bibliothek (1. Stock) Exponate aus dem von ihr im Sommer 2004 gefundenen Nachlass des Kriminologen und Strafrechtlers Franz Exner. Damit wird ein Nachlass \u00f6ffentlich gemacht, der einen vertieften Zugang zur Geschichte der deutschen Kriminologie im zwanzigsten Jahrhundert erm\u00f6glicht. F\u00fcr die Universit\u00e4t Hamburg ist das umfangreiche Material v.a. f\u00fcr die kriminologische Sozialforschung und die sozial- und wirtschaftsgeschichtlichen Forschung interessant. Der wissenschaftlich relevante Teil des Nachlasses soll sp\u00e4ter der Staats- und Universit\u00e4tsbibliothek Hamburg \u00fcbergeben werden.<\/p>\n<p>Franz Exners professionelle Biographie und Karriere umfasst vier politische Perioden Deutschlands \u2013 das Kaiserreich, die Weimarer Republik, das Nazi-Reich sowie die Anf\u00e4nge der Bonner Republik. Seine berufliche Laufbahn f\u00fchrte ihn von einer Privatdozentur in Wien (1910) \u00fcber Professuren in Czernowitz, Prag, T\u00fcbingen, Leipzig und M\u00fcnchen (ab 1933). Bekannt wurde Exner in der Weimarer Zeit mit Untersuchungen \u00fcber den Einfluss der politischen und \u00f6konomischen Verh\u00e4ltnisse auf die Kriminalit\u00e4t und die Rechtsprechung. W\u00e4hrend der NS-Zeit kritisierte Exner, um die Wahrung von Resten von Rechtstaatlichkeit im NS-System bem\u00fcht, den Entwurf zum \u201eGemeinschaftsfremdengesetz\u201c. Im Unterschied zu vielen Kollegen konnte er nach dem Krieg seine Professur behalten. Im N\u00fcrnberger Prozess verteidigte Exner, mit Einverst\u00e4ndnis der Alliierten, Generaloberst Alfred Jodl. 1947 wurde er Mitglied in der \u201eBayerischen Akadmeie der Wissenschaften\u201c.<\/p>\n","protected":false},"excerpt":{"rendered":"<p>Doris Lorenz, Doktorandin am Hamburger Institut f\u00fcr kriminologische Sozialforschung, zeigt im Informationszentrum der Bibliothek (1. Stock) Exponate aus dem von ihr im Sommer 2004 gefundenen Nachlass des Kriminologen und Strafrechtlers Franz Exner. Damit wird ein Nachlass \u00f6ffentlich gemacht, der einen vertieften Zugang zur Geschichte der deutschen Kriminologie im zwanzigsten Jahrhundert erm\u00f6glicht. F\u00fcr die Universit\u00e4t Hamburg [&hellip;]<\/p>\n","protected":false},"author":5,"featured_media":0,"comment_status":"open","ping_status":"open","sticky":false,"template":"","format":"standard","meta":{"jetpack_post_was_ever_published":false,"_jetpack_newsletter_access":"","_jetpack_dont_email_post_to_subs":false,"_jetpack_newsletter_tier_id":0,"_jetpack_memberships_contains_paywalled_content":false,"_jetpack_memberships_contains_paid_content":false,"footnotes":"","jetpack_publicize_message":"","jetpack_publicize_feature_enabled":true,"jetpack_social_post_already_shared":false,"jetpack_social_options":{"image_generator_settings":{"template":"highway","default_image_id":0,"font":"","enabled":false},"version":2}},"categories":[9],"tags":[],"class_list":["post-395","post","type-post","status-publish","format-standard","hentry","category-ausstellungen"],"views":9996,"jetpack_publicize_connections":[],"jetpack_featured_media_url":"","jetpack_shortlink":"https:\/\/wp.me\/p7hfNR-6n","jetpack-related-posts":[{"id":40473,"url":"https:\/\/blog.sub.uni-hamburg.de\/?p=40473","url_meta":{"origin":395,"position":0},"title":"Diversity-Regal zum Auftakt der Diversity-Tage 2025","author":"Korinna Meschke","date":"24-06-25","format":false,"excerpt":"Zum Start der diesj\u00e4hrigen Diversity-Tage an der Universit\u00e4t Hamburg gibt es im Ausleihzentrum (ALZ) der Staats- und Universit\u00e4tsbibliothek Hamburg eine besondere Aktion: Ab dem 23. Juni 2025 l\u00e4dt ein neues Diversity-Regal dazu ein, sich mit verschiedenen Facetten von Vielfalt, Chancengleichheit und Antidiskriminierung auseinanderzusetzen. Das Regal ist ein gemeinschaftliches Projekt der\u2026","rel":"","context":"In &quot;Aktuelles&quot;","block_context":{"text":"Aktuelles","link":"https:\/\/blog.sub.uni-hamburg.de\/?cat=1"},"img":{"alt_text":"","src":"https:\/\/i0.wp.com\/blog.sub.uni-hamburg.de\/wp-content\/uploads\/2025\/06\/Diversity-Regal-Banner-1024x292.png?resize=350%2C200&ssl=1","width":350,"height":200,"srcset":"https:\/\/i0.wp.com\/blog.sub.uni-hamburg.de\/wp-content\/uploads\/2025\/06\/Diversity-Regal-Banner-1024x292.png?resize=350%2C200&ssl=1 1x, https:\/\/i0.wp.com\/blog.sub.uni-hamburg.de\/wp-content\/uploads\/2025\/06\/Diversity-Regal-Banner-1024x292.png?resize=525%2C300&ssl=1 1.5x, https:\/\/i0.wp.com\/blog.sub.uni-hamburg.de\/wp-content\/uploads\/2025\/06\/Diversity-Regal-Banner-1024x292.png?resize=700%2C400&ssl=1 2x"},"classes":[]},{"id":4945,"url":"https:\/\/blog.sub.uni-hamburg.de\/?p=4945","url_meta":{"origin":395,"position":1},"title":"Dr. Heike Talkenberger: Die Autobiographie des Betr\u00fcgers Luer Meyer (1.6.)","author":"Markus Trapp","date":"19-05-11","format":false,"excerpt":"Vortrag am Mittwoch, 1. Juni 2011, 18 Uhr Dr. Heike Talkenberger: Zwischen Abenteuer und Gef\u00e4ngnis. Die Autobiographie des Betr\u00fcgers Luer Meyer (1833\u20131855) Luer Meyer betrog Pastoren, Handwerker und Kaufleute, wanderte hinter Gitter \u2013 und hinterlie\u00df uns einen spannenden Lebensbericht. Den Ansto\u00df zu diesem Bericht gab der Gef\u00e4ngnisreformer Friedrich Heinrich Wilhelm\u2026","rel":"","context":"In &quot;Ausstellungen und Veranstaltungen&quot;","block_context":{"text":"Ausstellungen und Veranstaltungen","link":"https:\/\/blog.sub.uni-hamburg.de\/?cat=9"},"img":{"alt_text":"Die Autobiographie des Betr\u00fcgers Luer Meyer 1833-1855","src":"https:\/\/i0.wp.com\/blog.sub.uni-hamburg.de\/wp-content\/uploads\/2011\/05\/luer-meyer.jpg?resize=350%2C200&ssl=1","width":350,"height":200},"classes":[]},{"id":1222,"url":"https:\/\/blog.sub.uni-hamburg.de\/?p=1222","url_meta":{"origin":395,"position":2},"title":"Buchpr\u00e4sentation: Jacob Bernays: Geschichte der klassischen Philologie (12.3.2009)","author":"MG","date":"24-02-09","format":false,"excerpt":"Hans Kurigs Publikation von Jacob Bernays' (1824 - 1881) Geschichte der klassischen Philologie beruht auf einer Vorlesungsnachschrift, die Robert M\u00fcnzel (1859 - 1917), sp\u00e4ter Direktor der Hamburger Stadtbibliothek, w\u00e4hrend seines Studiums an der Universit\u00e4t Bonn im Wintersemester 1878\/79 angefertigt hat. M\u00fcnzel wurde \u2013 nach umfangreichen Studien der Arch\u00e4ologie, der Klassischen\u2026","rel":"","context":"In &quot;Ausstellungen und Veranstaltungen&quot;","block_context":{"text":"Ausstellungen und Veranstaltungen","link":"https:\/\/blog.sub.uni-hamburg.de\/?cat=9"},"img":{"alt_text":"","src":"https:\/\/i0.wp.com\/blog.sub.uni-hamburg.de\/wp-content\/uploads\/2009\/02\/M%C3%BCnzel_schnitt.jpg?resize=350%2C200&ssl=1","width":350,"height":200,"srcset":"https:\/\/i0.wp.com\/blog.sub.uni-hamburg.de\/wp-content\/uploads\/2009\/02\/M%C3%BCnzel_schnitt.jpg?resize=350%2C200&ssl=1 1x, https:\/\/i0.wp.com\/blog.sub.uni-hamburg.de\/wp-content\/uploads\/2009\/02\/M%C3%BCnzel_schnitt.jpg?resize=525%2C300&ssl=1 1.5x, https:\/\/i0.wp.com\/blog.sub.uni-hamburg.de\/wp-content\/uploads\/2009\/02\/M%C3%BCnzel_schnitt.jpg?resize=700%2C400&ssl=1 2x, https:\/\/i0.wp.com\/blog.sub.uni-hamburg.de\/wp-content\/uploads\/2009\/02\/M%C3%BCnzel_schnitt.jpg?resize=1050%2C600&ssl=1 3x, https:\/\/i0.wp.com\/blog.sub.uni-hamburg.de\/wp-content\/uploads\/2009\/02\/M%C3%BCnzel_schnitt.jpg?resize=1400%2C800&ssl=1 4x"},"classes":[]},{"id":42431,"url":"https:\/\/blog.sub.uni-hamburg.de\/?p=42431","url_meta":{"origin":395,"position":3},"title":"Stabi erwirbt Teilnachlass von Bruno und Liesl Frank","author":"Markus Trapp","date":"21-04-26","format":false,"excerpt":"Einzigartiger Schatz der Exil-Literatur. Mit F\u00f6rderung der Kulturstiftung der L\u00e4nder und der Hermann Reemtsma Stiftung hat die Staats- und Universit\u00e4tsbibliothek Hamburg (SUB) einen umfangreichen Teilnachlass des Schriftstellers Bruno Frank (1887\u20131945) und seiner Frau Elisabeth \u201eLiesl\u201c Frank (1903\u20131979) erworben. Der Bestand umfasst bisher unbekannte Briefe der Familie Mann, Korrespondenzen mit weiteren\u2026","rel":"","context":"In &quot;Aktuelles&quot;","block_context":{"text":"Aktuelles","link":"https:\/\/blog.sub.uni-hamburg.de\/?cat=1"},"img":{"alt_text":"Teilnachlass von Bruno und Liesl Frank","src":"https:\/\/i0.wp.com\/blog.sub.uni-hamburg.de\/wp-content\/uploads\/2026\/04\/Nachlass_Bruno_Liesl_Frank1.jpg?resize=350%2C200&ssl=1","width":350,"height":200,"srcset":"https:\/\/i0.wp.com\/blog.sub.uni-hamburg.de\/wp-content\/uploads\/2026\/04\/Nachlass_Bruno_Liesl_Frank1.jpg?resize=350%2C200&ssl=1 1x, https:\/\/i0.wp.com\/blog.sub.uni-hamburg.de\/wp-content\/uploads\/2026\/04\/Nachlass_Bruno_Liesl_Frank1.jpg?resize=525%2C300&ssl=1 1.5x, https:\/\/i0.wp.com\/blog.sub.uni-hamburg.de\/wp-content\/uploads\/2026\/04\/Nachlass_Bruno_Liesl_Frank1.jpg?resize=700%2C400&ssl=1 2x"},"classes":[]},{"id":9230,"url":"https:\/\/blog.sub.uni-hamburg.de\/?p=9230","url_meta":{"origin":395,"position":4},"title":"Tagung Afrodeszendenz und Alterit\u00e4t in der brasilianischen Kultur (19.10.)","author":"Markus Trapp","date":"02-10-12","format":false,"excerpt":"Freitag, 19. Oktober 2012, 09-18:30 Uhr Staats- und Universit\u00e4tsbibliothek Universit\u00e4t Hamburg Carl von Ossietzky Konferenzraum 2. Etage Organisation: Joachim Michael \/ Markus Klaus Sch\u00e4ffauer Institut f\u00fcr Romanistik Universit\u00e4t Hamburg Ausgangspunkt der Tagung ist das Andauern der ethnischen Differenzen innerhalb der brasilianischen Gesellschaft, die nach dem offiziellen und harmonisierenden Rassenmischungsmodell nicht\u2026","rel":"","context":"In &quot;Ausstellungen und Veranstaltungen&quot;","block_context":{"text":"Ausstellungen und Veranstaltungen","link":"https:\/\/blog.sub.uni-hamburg.de\/?cat=9"},"img":{"alt_text":"Tagung: Afrodeszendenz und Alterit\u00e4t in der brasilianischen Kultur","src":"https:\/\/i0.wp.com\/blog.sub.uni-hamburg.de\/wp-content\/uploads\/2012\/10\/plakat_afrika-tagung-3502.jpg?resize=350%2C200&ssl=1","width":350,"height":200},"classes":[]},{"id":40434,"url":"https:\/\/blog.sub.uni-hamburg.de\/?p=40434","url_meta":{"origin":395,"position":5},"title":"Buchvorstellung und Gespr\u00e4ch: Konzentrationslager als Gesellschaften (25.6.)","author":"Markus Trapp","date":"17-06-25","format":false,"excerpt":"Mittwoch, 25.6., 18.15 Uhr, Vortragsraum. Die nationalsozialistischen Lager stellten eine brutale Gegenwelt dar, aber auch hier fanden sich Regeln und Strukturen \u2013 die Konzentrationslager waren also auch soziale R\u00e4ume. Der neue Band der Reihe \u201eBeitr\u00e4ge zur Geschichte des Nationalsozialismus\u201c beleuchtet aus interdisziplin\u00e4rer Perspektive die sozialen und kulturellen Praktiken von Inhaftierten\u2026","rel":"","context":"In &quot;Ausstellungen und Veranstaltungen&quot;","block_context":{"text":"Ausstellungen und Veranstaltungen","link":"https:\/\/blog.sub.uni-hamburg.de\/?cat=9"},"img":{"alt_text":"","src":"https:\/\/i0.wp.com\/blog.sub.uni-hamburg.de\/wp-content\/uploads\/2025\/06\/2025-06-25-Konzentrationslager-als-Gesellschaften.png?resize=350%2C200&ssl=1","width":350,"height":200},"classes":[]}],"jetpack_sharing_enabled":true,"_links":{"self":[{"href":"https:\/\/blog.sub.uni-hamburg.de\/index.php?rest_route=\/wp\/v2\/posts\/395","targetHints":{"allow":["GET"]}}],"collection":[{"href":"https:\/\/blog.sub.uni-hamburg.de\/index.php?rest_route=\/wp\/v2\/posts"}],"about":[{"href":"https:\/\/blog.sub.uni-hamburg.de\/index.php?rest_route=\/wp\/v2\/types\/post"}],"author":[{"embeddable":true,"href":"https:\/\/blog.sub.uni-hamburg.de\/index.php?rest_route=\/wp\/v2\/users\/5"}],"replies":[{"embeddable":true,"href":"https:\/\/blog.sub.uni-hamburg.de\/index.php?rest_route=%2Fwp%2Fv2%2Fcomments&post=395"}],"version-history":[{"count":2,"href":"https:\/\/blog.sub.uni-hamburg.de\/index.php?rest_route=\/wp\/v2\/posts\/395\/revisions"}],"predecessor-version":[{"id":19721,"href":"https:\/\/blog.sub.uni-hamburg.de\/index.php?rest_route=\/wp\/v2\/posts\/395\/revisions\/19721"}],"wp:attachment":[{"href":"https:\/\/blog.sub.uni-hamburg.de\/index.php?rest_route=%2Fwp%2Fv2%2Fmedia&parent=395"}],"wp:term":[{"taxonomy":"category","embeddable":true,"href":"https:\/\/blog.sub.uni-hamburg.de\/index.php?rest_route=%2Fwp%2Fv2%2Fcategories&post=395"},{"taxonomy":"post_tag","embeddable":true,"href":"https:\/\/blog.sub.uni-hamburg.de\/index.php?rest_route=%2Fwp%2Fv2%2Ftags&post=395"}],"curies":[{"name":"wp","href":"https:\/\/api.w.org\/{rel}","templated":true}]}}