{"id":3935,"date":"2010-12-14T10:10:36","date_gmt":"2010-12-14T09:10:36","guid":{"rendered":"http:\/\/www.sub.uni-hamburg.de\/blog\/?p=3935"},"modified":"2010-12-16T11:03:29","modified_gmt":"2010-12-16T10:03:29","slug":"alice-im-ipad-land-bewegungsgesteuerte-bucher","status":"publish","type":"post","link":"https:\/\/blog.sub.uni-hamburg.de\/?p=3935","title":{"rendered":"Alice im iPad-Land &#8211; bewegungsgesteuerte B\u00fccher"},"content":{"rendered":"<p><object classid=\"clsid:d27cdb6e-ae6d-11cf-96b8-444553540000\" width=\"560\" height=\"340\" codebase=\"http:\/\/download.macromedia.com\/pub\/shockwave\/cabs\/flash\/swflash.cab#version=6,0,40,0\"><param name=\"allowFullScreen\" value=\"true\" \/><param name=\"allowscriptaccess\" value=\"always\" \/><param name=\"src\" value=\"http:\/\/www.youtube.com\/v\/gew68Qj5kxw?fs=1&amp;hl=de_DE&amp;color1=0x5d1719&amp;color2=0xcd311b\" \/><param name=\"allowfullscreen\" value=\"true\" \/><\/object><\/p>\n<p>Was das iPad und die noch kommenden <a href=\"http:\/\/de.wikipedia.org\/wiki\/Tablet-PC\">Tablet-PCs<\/a> anderer Hersteller f\u00fcr die Zukunft des Buches bedeuten k\u00f6nnen, l\u00e4sst sich sehr gut erahnen, wenn man sich \u00ab<a href=\"http:\/\/itunes.apple.com\/us\/app\/alice-for-the-ipad\/id354537426?mt=8\">Alice for the iPad<\/a>\u00bb anschaut (man muss dazu kein Geld ausgeben: eine Probeversion, die schon viel von der bewegungsgesteuerten Aktivit\u00e4t in der Bebilderung vermittelt, gibt es kostenlos: <a href=\"http:\/\/itunes.apple.com\/de\/app\/alice-for-the-ipad-lite\/id364746811?mt=8\">Alice for the iPad-Lite<\/a>). Lassen Sie sich nicht von dem etwas hektisch anmutenden Pr\u00e4sentationsvideo abschrecken. F\u00fchrt man das iPad mit ruhiger Hand, ist Alice im Wunderland in der iPad-Version wirklich eine nette Entdeckung &#8211; nicht nur f\u00fcr die Kleinen.<\/p>\n<p>Weitere Kinderb\u00fccher mit Grafiken zum Sch\u00fctteln stellt das hervorragende spanischsprachige Blog iPadizate vor: <a href=\"http:\/\/www.ipadizate.es\/2010\/12\/13\/ipad-5-cuentos-infantiles-clasicos-ninos-aplicaciones\/\">5 Cuentos Infantiles Cl\u00e1sicos se Reinventan para iPad<\/a> (5 Kinderbuchklassiker werden f\u00fcr das iPad neu erfunden). Wenn Sie kein Spanisch k\u00f6nnen, folgen Sie einfach den dortigen Links auf die B\u00fccher oder schauen Sie sich die dortigen Pr\u00e4sentationsvideos an. Ein gutes deutschsprachiges Blog zum iPad ist \u00fcbrigens das <a href=\"http:\/\/ipad-mag.de\/\">iPad-Magazin<\/a>.<\/p>\n<p>Wie Sie \u00ab<a href=\"https:\/\/blog.sub.uni-hamburg.de\/?p=2637\">Mit dem iPad die Angebote der Stabi nutzen<\/a>\u00bb k\u00f6nnen, habe ich bereits in einem ausf\u00fchrlichen Artikel im Sommer vorgestellt.<\/p>\n","protected":false},"excerpt":{"rendered":"<p>Was das iPad und die noch kommenden Tablet-PCs anderer Hersteller f\u00fcr die Zukunft des Buches bedeuten k\u00f6nnen, l\u00e4sst sich sehr gut erahnen, wenn man sich \u00abAlice for the iPad\u00bb anschaut (man muss dazu kein Geld ausgeben: eine Probeversion, die schon viel von der bewegungsgesteuerten Aktivit\u00e4t in der Bebilderung vermittelt, gibt es kostenlos: Alice for the [&hellip;]<\/p>\n","protected":false},"author":19,"featured_media":0,"comment_status":"open","ping_status":"open","sticky":false,"template":"","format":"standard","meta":{"jetpack_post_was_ever_published":false,"_jetpack_newsletter_access":"","_jetpack_dont_email_post_to_subs":false,"_jetpack_newsletter_tier_id":0,"_jetpack_memberships_contains_paywalled_content":false,"_jetpack_memberships_contains_paid_content":false,"footnotes":"","jetpack_publicize_message":"","jetpack_publicize_feature_enabled":true,"jetpack_social_post_already_shared":false,"jetpack_social_options":{"image_generator_settings":{"template":"highway","default_image_id":0,"font":"","enabled":false},"version":2}},"categories":[18,11],"tags":[],"class_list":["post-3935","post","type-post","status-publish","format-standard","hentry","category-aufgelesen","category-elektronische-medien"],"views":6569,"jetpack_publicize_connections":[],"jetpack_featured_media_url":"","jetpack_shortlink":"https:\/\/wp.me\/p7hfNR-11t","jetpack-related-posts":[{"id":2637,"url":"https:\/\/blog.sub.uni-hamburg.de\/?p=2637","url_meta":{"origin":3935,"position":0},"title":"Mit dem iPad die Angebote der Stabi nutzen","author":"Markus Trapp","date":"29-06-10","format":false,"excerpt":"Haben Sie sich einen Tablet-PC zugelegt? Zum Beispiel ein iPad von Apple? Oder spielen Sie mit dem Gedanken, sich so ein Ger\u00e4t anzuschaffen und fragen sich: \u00abKann ich darauf auch die Online-Angebote der Stabi nutzen?\u00bb Dieser Artikel bietet Ihnen erste Informationen zur Beantwortung der Frage. Ehe auf die konkreten Stabi-Dienste\u2026","rel":"","context":"In &quot;E-Medien&quot;","block_context":{"text":"E-Medien","link":"https:\/\/blog.sub.uni-hamburg.de\/?cat=11"},"img":{"alt_text":"iPad mit eBook","src":"https:\/\/i0.wp.com\/blog.sub.uni-hamburg.de\/wp-content\/uploads\/2010\/06\/ipad-lessing.jpg?resize=350%2C200&ssl=1","width":350,"height":200},"classes":[]},{"id":14237,"url":"https:\/\/blog.sub.uni-hamburg.de\/?p=14237","url_meta":{"origin":3935,"position":1},"title":"Weltbrand 1914 \u2013 App der Stabi zum 1. Weltkrieg: Bilder und Berichte aus Hamburger Zeitungen","author":"Markus Trapp","date":"24-04-14","format":false,"excerpt":"Der Erste Weltkrieg gilt als die \u201eUrkatastrophe des 20. Jahrhunderts\u201c. Eine komplexe Vorgeschichte und vielf\u00e4ltige Ursachen f\u00fchrten dazu, dass innerhalb weniger Wochen nach dem Attentat auf das \u00f6sterreichische Thronfolgerpaar in Sarajevo am 28. Juni 1914 ein \u201eWeltbrand\u201c bisher unbekannten Ausma\u00dfes entstand. Der Erste Weltkrieg wurde herbeigef\u00fchrt von Herrschern, Politikern und\u2026","rel":"","context":"In &quot;Aktuelles&quot;","block_context":{"text":"Aktuelles","link":"https:\/\/blog.sub.uni-hamburg.de\/?cat=1"},"img":{"alt_text":"Weltbrand App","src":"https:\/\/i0.wp.com\/blog.sub.uni-hamburg.de\/wp-content\/uploads\/2014\/04\/weltbrand-startscreen.jpg?resize=350%2C200&ssl=1","width":350,"height":200,"srcset":"https:\/\/i0.wp.com\/blog.sub.uni-hamburg.de\/wp-content\/uploads\/2014\/04\/weltbrand-startscreen.jpg?resize=350%2C200&ssl=1 1x, https:\/\/i0.wp.com\/blog.sub.uni-hamburg.de\/wp-content\/uploads\/2014\/04\/weltbrand-startscreen.jpg?resize=525%2C300&ssl=1 1.5x"},"classes":[]},{"id":12879,"url":"https:\/\/blog.sub.uni-hamburg.de\/?p=12879","url_meta":{"origin":3935,"position":2},"title":"Literaturnobelpreis 2013: Alice Munro","author":"EW","date":"10-10-13","format":false,"excerpt":"Heute wurde bekannt gegeben, dass der diesj\u00e4hrige Literaturnobelpreis der kanadischen Autorin Alice Munro verliehen wird. Damit geht die bedeutendste literarische Auszeichnung der Welt erstmals nach Kanada. Munro ist in Kanada und dem angels\u00e4chsischen Raum seit langem als Bestsellerautorin etabliert, die gro\u00dfartige Kurzgeschichten schreibt. Ihr umfangreiches schriftstellerisches Werk besteht sogar fast\u2026","rel":"","context":"In &quot;Aktuelles&quot;","block_context":{"text":"Aktuelles","link":"https:\/\/blog.sub.uni-hamburg.de\/?cat=1"},"img":{"alt_text":"Alice Munro","src":"https:\/\/i0.wp.com\/blog.sub.uni-hamburg.de\/wp-content\/uploads\/2013\/10\/munro.jpg?resize=350%2C200&ssl=1","width":350,"height":200},"classes":[]},{"id":34265,"url":"https:\/\/blog.sub.uni-hamburg.de\/?p=34265","url_meta":{"origin":3935,"position":3},"title":"Max Liebermann und Richard Dehmel","author":"Markus Trapp","date":"26-09-22","format":false,"excerpt":"Vom 24. September bis 20. November ist im Berliner Max Liebermann Haus die Einraumausstellung \u201eMax Liebermann und Richard Dehmel\u201c zu sehen, die damit tempor\u00e4r Teil der Dauerpr\u00e4sentation \u201eMax Liebermanns Welt\u201c ist. Im Zentrum der Ausstellung steht das ber\u00fchmte Portrait Richard Dehmels von Max Liebermann aus der Hamburger Kunsthalle. Die Staats-\u2026","rel":"","context":"In &quot;Ausstellungen und Veranstaltungen&quot;","block_context":{"text":"Ausstellungen und Veranstaltungen","link":"https:\/\/blog.sub.uni-hamburg.de\/?cat=9"},"img":{"alt_text":"Brief Ida Dehmel an Alice Bensheimer","src":"https:\/\/i0.wp.com\/blog.sub.uni-hamburg.de\/wp-content\/uploads\/2022\/09\/Ida-Dehmel-an-Alice-Bensheimer.jpg?resize=350%2C200&ssl=1","width":350,"height":200,"srcset":"https:\/\/i0.wp.com\/blog.sub.uni-hamburg.de\/wp-content\/uploads\/2022\/09\/Ida-Dehmel-an-Alice-Bensheimer.jpg?resize=350%2C200&ssl=1 1x, https:\/\/i0.wp.com\/blog.sub.uni-hamburg.de\/wp-content\/uploads\/2022\/09\/Ida-Dehmel-an-Alice-Bensheimer.jpg?resize=525%2C300&ssl=1 1.5x"},"classes":[]},{"id":25836,"url":"https:\/\/blog.sub.uni-hamburg.de\/?p=25836","url_meta":{"origin":3935,"position":4},"title":"Alice Ekert-Rotholz: \u00bbHamburg war und blieb ihre teure Heimatstadt \u2026\u00ab (6.11.)","author":"Markus Trapp","date":"19-10-18","format":false,"excerpt":"Lesung und Vortrag. Alice Ekert-Rotholz\u2019 Feuilletons erschienen zuerst im \u201eVorw\u00e4rts\u201c und im \u201eSimplicissimus\u201c, ihre scharfz\u00fcngigen Gedichte in Carl von Ossietzkys \u201eWeltb\u00fchne\u201c. Nach mehrw\u00f6chiger Inhaftierung im KZ-Fuhlsb\u00fcttel floh sie gemeinsam mit ihrem Mann im M\u00e4rz 1939 nach Siam. 1951 kehrte sie nach Hamburg zur\u00fcck, wurde hier zur Bestseller-Autorin. In einer Collage\u2026","rel":"","context":"In &quot;Ausstellungen und Veranstaltungen&quot;","block_context":{"text":"Ausstellungen und Veranstaltungen","link":"https:\/\/blog.sub.uni-hamburg.de\/?cat=9"},"img":{"alt_text":"","src":"https:\/\/i0.wp.com\/blog.sub.uni-hamburg.de\/wp-content\/uploads\/2018\/10\/Alice-Ekert-Rotholz.jpg?resize=350%2C200&ssl=1","width":350,"height":200},"classes":[]},{"id":15692,"url":"https:\/\/blog.sub.uni-hamburg.de\/?p=15692","url_meta":{"origin":3935,"position":5},"title":"Abendjournal Spezial: Der Erste Weltkrieg in Hamburg","author":"Markus Trapp","date":"25-08-14","format":false,"excerpt":"NDR 90,3 hat am vergangenen Samstag im Abendjournal Spezial das Thema \u00abDer Erste Weltkrieg in Hamburg\u00bb behandelt: Das Abendjournal Spezial berichtet vom Alltag der Menschen in Hamburg und dar\u00fcber, wie die Frauen ihre M\u00e4nner an der Front mit \"Liebesgaben\" unterst\u00fctzten. Es geht in der Sendung um die Frage, welche Macht\u2026","rel":"","context":"In &quot;Aktuelles&quot;","block_context":{"text":"Aktuelles","link":"https:\/\/blog.sub.uni-hamburg.de\/?cat=1"},"img":{"alt_text":"Icon Weltbrand 1914","src":"https:\/\/i0.wp.com\/blog.sub.uni-hamburg.de\/wp-content\/uploads\/2014\/04\/weltbrand-1914.jpg?resize=350%2C200&ssl=1","width":350,"height":200},"classes":[]}],"jetpack_sharing_enabled":true,"_links":{"self":[{"href":"https:\/\/blog.sub.uni-hamburg.de\/index.php?rest_route=\/wp\/v2\/posts\/3935","targetHints":{"allow":["GET"]}}],"collection":[{"href":"https:\/\/blog.sub.uni-hamburg.de\/index.php?rest_route=\/wp\/v2\/posts"}],"about":[{"href":"https:\/\/blog.sub.uni-hamburg.de\/index.php?rest_route=\/wp\/v2\/types\/post"}],"author":[{"embeddable":true,"href":"https:\/\/blog.sub.uni-hamburg.de\/index.php?rest_route=\/wp\/v2\/users\/19"}],"replies":[{"embeddable":true,"href":"https:\/\/blog.sub.uni-hamburg.de\/index.php?rest_route=%2Fwp%2Fv2%2Fcomments&post=3935"}],"version-history":[{"count":6,"href":"https:\/\/blog.sub.uni-hamburg.de\/index.php?rest_route=\/wp\/v2\/posts\/3935\/revisions"}],"predecessor-version":[{"id":3990,"href":"https:\/\/blog.sub.uni-hamburg.de\/index.php?rest_route=\/wp\/v2\/posts\/3935\/revisions\/3990"}],"wp:attachment":[{"href":"https:\/\/blog.sub.uni-hamburg.de\/index.php?rest_route=%2Fwp%2Fv2%2Fmedia&parent=3935"}],"wp:term":[{"taxonomy":"category","embeddable":true,"href":"https:\/\/blog.sub.uni-hamburg.de\/index.php?rest_route=%2Fwp%2Fv2%2Fcategories&post=3935"},{"taxonomy":"post_tag","embeddable":true,"href":"https:\/\/blog.sub.uni-hamburg.de\/index.php?rest_route=%2Fwp%2Fv2%2Ftags&post=3935"}],"curies":[{"name":"wp","href":"https:\/\/api.w.org\/{rel}","templated":true}]}}