{"id":39327,"date":"2024-12-04T09:21:45","date_gmt":"2024-12-04T08:21:45","guid":{"rendered":"https:\/\/blog.sub.uni-hamburg.de\/?p=39327"},"modified":"2025-03-06T11:06:21","modified_gmt":"2025-03-06T10:06:21","slug":"exit-die-stabi-hamburg-verlaesst-x","status":"publish","type":"post","link":"https:\/\/blog.sub.uni-hamburg.de\/?p=39327","title":{"rendered":"eXit &#8211; Die Stabi Hamburg verl\u00e4sst X"},"content":{"rendered":"<p><a href=\"https:\/\/blog.sub.uni-hamburg.de\/wp-content\/uploads\/2024\/12\/exit-gr.jpg\"><img loading=\"lazy\" decoding=\"async\" data-attachment-id=\"39333\" data-permalink=\"https:\/\/blog.sub.uni-hamburg.de\/?attachment_id=39333\" data-orig-file=\"https:\/\/blog.sub.uni-hamburg.de\/wp-content\/uploads\/2024\/12\/exit.jpg\" data-orig-size=\"350,466\" data-comments-opened=\"1\" data-image-meta=\"{&quot;aperture&quot;:&quot;0&quot;,&quot;credit&quot;:&quot;&quot;,&quot;camera&quot;:&quot;&quot;,&quot;caption&quot;:&quot;&quot;,&quot;created_timestamp&quot;:&quot;0&quot;,&quot;copyright&quot;:&quot;&quot;,&quot;focal_length&quot;:&quot;0&quot;,&quot;iso&quot;:&quot;0&quot;,&quot;shutter_speed&quot;:&quot;0&quot;,&quot;title&quot;:&quot;exit&quot;,&quot;orientation&quot;:&quot;0&quot;}\" data-image-title=\"exit\" data-image-description=\"\" data-image-caption=\"\" data-large-file=\"https:\/\/blog.sub.uni-hamburg.de\/wp-content\/uploads\/2024\/12\/exit.jpg\" src=\"https:\/\/blog.sub.uni-hamburg.de\/wp-content\/uploads\/2024\/12\/exit.jpg\" alt=\"\" width=\"350\" height=\"466\" class=\"alignright size-full wp-image-39333\" srcset=\"https:\/\/blog.sub.uni-hamburg.de\/wp-content\/uploads\/2024\/12\/exit.jpg 350w, https:\/\/blog.sub.uni-hamburg.de\/wp-content\/uploads\/2024\/12\/exit-225x300.jpg 225w, https:\/\/blog.sub.uni-hamburg.de\/wp-content\/uploads\/2024\/12\/exit-113x150.jpg 113w\" sizes=\"auto, (max-width: 350px) 100vw, 350px\" \/><\/a> Der seit der \u00dcbernahme von Twitter durch Elon Musk im Oktober 2022 eingeleitete Niedergang des Kurznachrichtendienstes <a href=\"https:\/\/de.wikipedia.org\/wiki\/X_(soziales_Netzwerk)\">X<\/a> hat durch die Implikation von Musk in den US-amerikanischen Wahlkampf als Unterst\u00fctzer von Donald Trump und von rechtsextremen Fundamentalisten, sowie durch die Berufung von Musk in die kommende Regierung Trump einen neuen Tiefpunkt erreicht. Dies f\u00fchrt nun dazu, dass auch die Staats- und Universit\u00e4tsbibliothek Hamburg den Dienst verl\u00e4sst, den sie seit 2009, und damit seit 15,5 Jahren, intensiv und fast t\u00e4glich genutzt hatte.<\/p>\n<p>Wir haben als dem freien Wissen und dem Zugang zu Informationen verpflichtete Bibliothek lange daf\u00fcr pl\u00e4diert, auf X zu bleiben, um den negativen Str\u00f6mungen und der Verbreitung von Fake News als seri\u00f6se Quelle und als humanistischen und demokratischen Prinzipien verpflichtete Institution wertvollen Content dagegen zu halten. Doch nun ist die Grenze erreicht, an der auch wir es nicht mehr verantworten k\u00f6nnen, an diesem toxischen Ort zu bleiben.<br \/>\n<!--more--><\/p>\n<p>Wir laden alle Menschen und Institutionen, die bisher der Stabi auf X gefolgt waren, ein, uns auf den Social-Media-Kan\u00e4len ihres Vertrauens zu folgen. Sie finden uns auf <a href=\"https:\/\/www.instagram.com\/stabihh\/\">Instagram<\/a>, <a href=\"https:\/\/openbiblio.social\/@stabihh\">Mastodon<\/a>, <a href=\"https:\/\/bsky.app\/profile\/stabihh.bsky.social\">Bluesky<\/a> und <a href=\"https:\/\/www.facebook.com\/stabihh\">Facebook<\/a>. <\/p>\n<p>Wir haben unseren Twitter-Account nicht gel\u00f6scht, sondern werden dort nichts mehr ver\u00f6ffentlichen. Wir haben im November das komplette Archiv der Tweets der Stabi Hamburg von Juni 2009 bis November 2024 von X\/Twitter heruntergeladen und lokal archiviert. Mit Hilfe dieses <a href=\"https:\/\/tibor.net\/social-media\/bluesky\/anleitung-so-kann-man-die-eigenen-tweets-von-twitter-x-zu-bluesky-importieren\/\">Skriptes<\/a> haben wir die Tweets in einen eigens daf\u00fcr angelegten Archiv-Account der Stabi auf Bluesky eingespielt: <a href=\"https:\/\/bsky.app\/profile\/archivstabihh.bsky.social\">https:\/\/bsky.app\/profile\/archivstabihh.bsky.social<\/a>. Dadurch bleiben die von uns geteilten Informationen der vergangenen 15,5 Jahre an einem nicht-toxischen Ort erhalten, online zug\u00e4nglich und referenzierbar.<\/p>\n","protected":false},"excerpt":{"rendered":"<p>Der seit der \u00dcbernahme von Twitter durch Elon Musk im Oktober 2022 eingeleitete Niedergang des Kurznachrichtendienstes X hat durch die Implikation von Musk in den US-amerikanischen Wahlkampf als Unterst\u00fctzer von Donald Trump und von rechtsextremen Fundamentalisten, sowie durch die Berufung von Musk in die kommende Regierung Trump einen neuen Tiefpunkt erreicht. Dies f\u00fchrt nun dazu, [&hellip;]<\/p>\n","protected":false},"author":19,"featured_media":0,"comment_status":"open","ping_status":"open","sticky":false,"template":"","format":"standard","meta":{"jetpack_post_was_ever_published":false,"_jetpack_newsletter_access":"","_jetpack_dont_email_post_to_subs":false,"_jetpack_newsletter_tier_id":0,"_jetpack_memberships_contains_paywalled_content":false,"_jetpack_memberships_contains_paid_content":false,"footnotes":"","jetpack_publicize_message":"eXit - Die Stabi Hamburg verl\u00e4sst X","jetpack_publicize_feature_enabled":true,"jetpack_social_post_already_shared":true,"jetpack_social_options":{"image_generator_settings":{"template":"highway","default_image_id":0,"font":"","enabled":false},"version":2}},"categories":[1],"tags":[],"class_list":["post-39327","post","type-post","status-publish","format-standard","hentry","category-1"],"views":29216,"jetpack_publicize_connections":[],"jetpack_featured_media_url":"","jetpack_shortlink":"https:\/\/wp.me\/p7hfNR-aej","jetpack-related-posts":[{"id":526,"url":"https:\/\/blog.sub.uni-hamburg.de\/?p=526","url_meta":{"origin":39327,"position":0},"title":"Neuerscheinungen im Verlag der Staats- und Universit\u00e4tsbibliothek","author":"Isabella Meinecke","date":"19-04-07","format":false,"excerpt":"Hamburg University Press, der Verlag der Staats- und Universit\u00e4tsbibliothek Hamburg Carl von Ossietzky, ver\u00f6ffentlicht die Schriftenreihe M\u00e4zene f\u00fcr Wissenschaft. Diese Reihe wurde von der Hamburgischen Wissenschaftlichen Stiftung anl\u00e4sslich ihres 100-j\u00e4hrigen Jubil\u00e4ums in diesem Jahr ins Leben gerufen und wird von Dr. Ekkehard N\u00fcmann herausgegeben. In der Reihe wird die Geschichte\u2026","rel":"","context":"In &quot;Hamburg University Press&quot;","block_context":{"text":"Hamburg University Press","link":"https:\/\/blog.sub.uni-hamburg.de\/?cat=19"},"img":{"alt_text":"SU Begr\u00c3\u00bcnder_front_300H.jpg","src":"https:\/\/i0.wp.com\/blog.sub.uni-hamburg.de\/wp-content\/uploads\/2007\/04\/SU%20Begr%C3%BCnder_front_300H.jpg?resize=350%2C200&ssl=1","width":350,"height":200},"classes":[]},{"id":1969,"url":"https:\/\/blog.sub.uni-hamburg.de\/?p=1969","url_meta":{"origin":39327,"position":1},"title":"Stabi: Bibliotheksf\u00fchrung im Juni","author":"ST","date":"18-05-10","format":false,"excerpt":"Sie sind neu in der Stabi? Sie wollten schon immer einmal ein Buch aus der gr\u00f6\u00dften Bibliothek Hamburgs ausleihen, wissen aber nicht wie? Seit Mai 2010 haben wir unsere allgemeinen Bibliotheksf\u00fchrungen \u00fcberarbeitet und bieten Ihnen nun 1 x pro Monat in unserer Mittwochf\u00fchrung einen ersten Eindruck von unseren R\u00e4umlichkeiten und\u2026","rel":"","context":"In &quot;Aktuelles&quot;","block_context":{"text":"Aktuelles","link":"https:\/\/blog.sub.uni-hamburg.de\/?cat=1"},"img":{"alt_text":"","src":"","width":0,"height":0},"classes":[]},{"id":22486,"url":"https:\/\/blog.sub.uni-hamburg.de\/?p=22486","url_meta":{"origin":39327,"position":2},"title":"Hundert Tage Pr\u00e4sident Trump und die Folgen f\u00fcr Amerika und Europa (27.4.)","author":"Markus Trapp","date":"12-04-17","format":false,"excerpt":"Was ist mit den Amis los? Hundert Tage Pr\u00e4sident Trump und die Folgen f\u00fcr Amerika und Europa. Donald Trumps erste Monate im Amt haben Aufruhr ausgel\u00f6st, in den USA und in den transatlantischen Beziehungen. Vieles, was selbstverst\u00e4ndlich erschien, steht in Frage: der Respekt eines Pr\u00e4sidenten vor Gerichten und Medien, die\u2026","rel":"","context":"In &quot;Ausstellungen und Veranstaltungen&quot;","block_context":{"text":"Ausstellungen und Veranstaltungen","link":"https:\/\/blog.sub.uni-hamburg.de\/?cat=9"},"img":{"alt_text":"","src":"https:\/\/i0.wp.com\/blog.sub.uni-hamburg.de\/wp-content\/uploads\/2017\/04\/wasistmitamislos.png?resize=350%2C200&ssl=1","width":350,"height":200},"classes":[]},{"id":13828,"url":"https:\/\/blog.sub.uni-hamburg.de\/?p=13828","url_meta":{"origin":39327,"position":3},"title":"Webportal Kriegssammlungen in Deutschland 1914-1918","author":"UH","date":"17-02-14","format":false,"excerpt":"Das Webportal Kriegssammlungen in Deutschland 1914-1918 weist 235 Sammlungen des Ersten Weltkriegs und die ihnen bis heute verbliebenen Sammlungsmaterialien nach, darunter 13 Hamburger Sammlungen, die teilweise noch bestehen. Zwischen 1914 und 1918 legten Bibliotheken, Archive, Museen, Beh\u00f6rden und Privatpersonen \u00fcberall im Deutschen Reich Kriegssammlungen an, in denen der Erste Weltkrieg\u2026","rel":"","context":"In &quot;Aktuelles&quot;","block_context":{"text":"Aktuelles","link":"https:\/\/blog.sub.uni-hamburg.de\/?cat=1"},"img":{"alt_text":"Feldpostkarte Daheim","src":"https:\/\/i0.wp.com\/blog.sub.uni-hamburg.de\/wp-content\/uploads\/2014\/02\/KS-Nr-5-b-Postkarte.jpg?resize=350%2C200&ssl=1","width":350,"height":200},"classes":[]},{"id":37265,"url":"https:\/\/blog.sub.uni-hamburg.de\/?p=37265","url_meta":{"origin":39327,"position":4},"title":"Impressionen HamburgerKulturgutDigital 2023","author":"Markus Trapp","date":"21-12-23","format":false,"excerpt":"Als kleinen Jahresr\u00fcckblick zeigen wir Ihnen hier einige Impressionen aus unserer Digitalisierungsarbeit im Projekt HaKiN - \u201eHamburger Kulturgut im Netz\u201c (bevor Sie ein Video \u00f6ffnen, informieren Sie sich bitte \u00fcber unsere Datenschutzhinweise): https:\/\/youtu.be\/Jj2Kw_g956Y Mit F\u00f6rderung der Stadt Hamburg werden seit 2018 Best\u00e4nde wissenschaftlicher Bibliotheken in Hamburg digitalisiert. Das Projekt \u201eHamburger\u2026","rel":"","context":"In &quot;E-Medien&quot;","block_context":{"text":"E-Medien","link":"https:\/\/blog.sub.uni-hamburg.de\/?cat=11"},"img":{"alt_text":"Collage #HamburgerKulturgutDigital auf Instagram","src":"https:\/\/i0.wp.com\/blog.sub.uni-hamburg.de\/wp-content\/uploads\/2023\/12\/hamburgerkulturgutdigital.jpg?resize=350%2C200&ssl=1","width":350,"height":200},"classes":[]},{"id":695,"url":"https:\/\/blog.sub.uni-hamburg.de\/?p=695","url_meta":{"origin":39327,"position":5},"title":"Neuerscheinungen im Verlag der Staats- und Universit\u00e4tsbibliothek","author":"Isabella Meinecke","date":"15-10-07","format":false,"excerpt":"Alle Publikationen von Hamburg University Press, dem Verlag der SUB, sind online frei verf\u00fcgbar (so genannter Open Access). Die vorliegenden Titel k\u00f6nnen Sie zus\u00e4tzlich im Print direkt beim Verlag bestellen oder \u00fcber den Buchhandel erwerben. Die jetzt als Band 90 und 91 der Reihe \"Ver\u00f6ffentlichungen des Landesarchivs Schleswig-Holstein\" erschienenen Findb\u00fccher\u2026","rel":"","context":"In &quot;Hamburg University Press&quot;","block_context":{"text":"Hamburg University Press","link":"https:\/\/blog.sub.uni-hamburg.de\/?cat=19"},"img":{"alt_text":"","src":"","width":0,"height":0},"classes":[]}],"jetpack_sharing_enabled":true,"_links":{"self":[{"href":"https:\/\/blog.sub.uni-hamburg.de\/index.php?rest_route=\/wp\/v2\/posts\/39327","targetHints":{"allow":["GET"]}}],"collection":[{"href":"https:\/\/blog.sub.uni-hamburg.de\/index.php?rest_route=\/wp\/v2\/posts"}],"about":[{"href":"https:\/\/blog.sub.uni-hamburg.de\/index.php?rest_route=\/wp\/v2\/types\/post"}],"author":[{"embeddable":true,"href":"https:\/\/blog.sub.uni-hamburg.de\/index.php?rest_route=\/wp\/v2\/users\/19"}],"replies":[{"embeddable":true,"href":"https:\/\/blog.sub.uni-hamburg.de\/index.php?rest_route=%2Fwp%2Fv2%2Fcomments&post=39327"}],"version-history":[{"count":13,"href":"https:\/\/blog.sub.uni-hamburg.de\/index.php?rest_route=\/wp\/v2\/posts\/39327\/revisions"}],"predecessor-version":[{"id":39367,"href":"https:\/\/blog.sub.uni-hamburg.de\/index.php?rest_route=\/wp\/v2\/posts\/39327\/revisions\/39367"}],"wp:attachment":[{"href":"https:\/\/blog.sub.uni-hamburg.de\/index.php?rest_route=%2Fwp%2Fv2%2Fmedia&parent=39327"}],"wp:term":[{"taxonomy":"category","embeddable":true,"href":"https:\/\/blog.sub.uni-hamburg.de\/index.php?rest_route=%2Fwp%2Fv2%2Fcategories&post=39327"},{"taxonomy":"post_tag","embeddable":true,"href":"https:\/\/blog.sub.uni-hamburg.de\/index.php?rest_route=%2Fwp%2Fv2%2Ftags&post=39327"}],"curies":[{"name":"wp","href":"https:\/\/api.w.org\/{rel}","templated":true}]}}