{"id":39313,"date":"2024-11-26T16:57:10","date_gmt":"2024-11-26T15:57:10","guid":{"rendered":"https:\/\/blog.sub.uni-hamburg.de\/?p=39313"},"modified":"2024-12-27T11:41:12","modified_gmt":"2024-12-27T10:41:12","slug":"stellenausschreibung-erschliessung-und-digitalisierung-der-briefsammlung-des-dehmel-archivs-e9b","status":"publish","type":"post","link":"https:\/\/blog.sub.uni-hamburg.de\/?p=39313","title":{"rendered":"Stellenausschreibung: Erschlie\u00dfung und Digitalisierung der Briefsammlung des Dehmel-Archivs (E9b)"},"content":{"rendered":"<p><img loading=\"lazy\" decoding=\"async\" class=\" size-full wp-image-15360 alignright\" title=\"Logo Stabi Hamburg\" src=\"https:\/\/blog.sub.uni-hamburg.de\/wp-content\/uploads\/2014\/07\/stabilogo-150.jpg\" alt=\"Logo Stabi Hamburg\" width=\"150\" height=\"104\" \/> In der Staats- und Universit\u00e4tsbibliothek Hamburg ist schnellstm\u00f6glich folgende Stelle zu besetzen:<\/p>\n<h3>Erschlie\u00dfung und Digitalisierung der Briefsammlung des Dehmel-Archivs<br \/>\n<\/h3>\n<div style=\"float: left; padding-left: 0px; margin-right: 25px; margin-bottom: 25px; width: 250px;\">\n<h3>Die Stelle ist:<\/h3>\n<ul>\n<li>befristet (27 Monate)<\/li>\n<li>Vollzeit\/Teilzeit <\/li>\n<\/ul>\n<h2>Stellennummer:<\/h2>\n<p>C 21.14<\/p>\n<\/div>\n<div style=\"float: right; padding-right: 0px; margin-left: 25px; margin-bottom: 25px;\">\n<h3>Die Ausschreibung richtet sich an:<\/h3>\n<p>Alle Interessierten<\/p>\n<h3>Entgelt-\/Besoldungsgruppe:<\/h3>\n<p>EG 9b TV-L<\/p>\n<h3>Bewerbungsschluss:<\/h3>\n<p>22.12.2024<br \/>\n<strong><\/strong>\n<\/div>\n<p style=\"clear: both;\"> Ausf\u00fchrliche Informationen zur Bewerbung entnehmen Sie bitte diesem <a href=\"https:\/\/blog.sub.uni-hamburg.de\/wp-content\/uploads\/2024\/11\/Stellenausschreibung_2417_C_21_14_E9b.pdf\">PDF<\/a>.<\/p>\n<p><!--more--><\/p>\n<p><strong>Ihre Aufgaben<\/strong><\/p>\n<p>Sie\u2026<\/p>\n<ul>\n<li>sind in den Sondersammlungen der SUB t\u00e4tig und im Rahmen eines DFG-Projekts f\u00fcr die Erschlie\u00dfung und Digitalisierung der Briefsammlung des Dehmel-Archivs verantwortlich,<\/li>\n<li>betreuen den gesamten Erschlie\u00dfungs- und Digitalisierungsprozess,<\/li>\n<li>erschlie\u00dfen Briefe des Dehmel-Archivs im Kalliope-Verbundkatalog,<\/li>\n<li>legen Personen- und K\u00f6rperschafts-Norms\u00e4tze in Kalliope an oder erg\u00e4nzen diese,<\/li>\n<li>bearbeiten die Digitalisierungsworkflows im Dokumentmanagementsystem Kitodo,<\/li>\n<li>koordinieren die Digitalisierungsma\u00dfnahmen mit der Medienwerkstatt der SUB<\/li>\n<\/ul>\n<p><strong>Ihr Profil<\/strong><\/p>\n<p><em>Erforderlich<\/em><br \/>\nSie verf\u00fcgen \u00fcber einen<\/p>\n<ul>\n<li>Hochschulabschluss (Bachelor oder gleichwertig) in Bibliotheks- und Informationsmanagement<\/li>\n<\/ul>\n<p><em>Vorteilhaft<\/em><br \/>\nSie verf\u00fcgen \u00fcber<\/p>\n<ul>\n<li>Kenntnisse im Umgang mit Katalogsystemen und Dokumentmanagementsystemen<\/li>\n<li>Erfahrungen im Lesen von Frakturschrift und handschriftlichen Materialien<\/li>\n<li>Erfahrungen im Umgang mit Nachlassmaterialien<\/li>\n<li>Kenntnisse im Bereich der Digitalisierung<\/li>\n<li>kooperative Arbeitsweise, Teamf\u00e4higkeit, Flexibilit\u00e4t, Lern- und Ver\u00e4nderungsbereitschaft, Kommunikationsf\u00e4higkeit<\/li>\n<li>F\u00e4higkeit zum selbst\u00e4ndigen und eigenverantwortlichen Handeln<\/li>\n<\/ul>\n<p><strong>Wir \u00fcber uns<\/strong><\/p>\n<p>Die Staats- und Universit\u00e4tsbibliothek Hamburg (SUB) geh\u00f6rt zu den gro\u00dfen Bibliotheken in Deutschland. Sie versorgt die dynamische Wissenschaftsmetropole Hamburg mit digitalen und physischen Medien und stellt f\u00fcr die Hochschulen und ihre Angeh\u00f6rigen eine breite Palette an Dienstleistungen bereit. Als wissenschaftliche Stadtbibliothek und Landesbibliothek der Freien und Hansestadt Hamburg steht sie allen Menschen offen. Ihr zentral gelegenes Geb\u00e4ude im Grindelviertel ist ein Ort lebendiger akademischer Kultur f\u00fcr Forschende, Lehrende, Studierende und f\u00fcr alle, die sich weiterbilden wollen oder sich f\u00fcr Hamburg in Gegenwart und Geschichte interessieren. <\/p>\n<p>In den Sondersammlungen vereinigt die Bibliothek wesentliche Teile ihres historischen, bis in die Gegenwart hinein erweiterten Bestandes. Mit ihren Spezialit\u00e4ten, Kostbarkeiten und Unika geben die Sondersammlungen der Bibliothek ein individuelles Profil.<\/p>\n<p>Das Dehmel-Archiv ist einer der wichtigsten und umfangreichsten Nachlassbest\u00e4nde der SUB und wird seit Jahrzehnten kontinuierlich am h\u00e4ufigsten wissenschaftlich nachgefragt. Es wurde noch zu Lebzeiten des Dichters Richard Dehmel (1863-1920) von seiner Frau Ida Dehmel (1870-1942) rund um das Wirken und Schaffen ihres Mannes angelegt. Von jeher war dabei die Briefsammlung von insgesamt ca. 35.000 Briefen das Herzst\u00fcck des Archivs. Die Digitalisierung und Online-Ver\u00f6ffentlichung aller Briefe in einer wissenschaftlich nachnutzbaren Form ist daher f\u00fcr viele Disziplinen der geisteswissenschaftlichen Forschung eine sehr gro\u00dfe Bereicherung.<\/p>\n<p>Der Landesbetrieb SUB ist mit dem Siegel \u201eFamilienfreundliches Unternehmen\u201c der Hamburger Allianz f\u00fcr Familien und dem Open Library Badge ausgezeichnet worden. <\/p>\n<p>Die Staats- und Universit\u00e4tsbibliothek Hamburg steht allen Menschen offen und setzt sich aktiv f\u00fcr Chancengleichheit und Teilhabe ein. Wir freuen uns \u00fcber neue Perspektiven, Expertisen und vielf\u00e4ltige Sprachkenntnisse. Wir w\u00fcnschen uns daher Bewerbungen unabh\u00e4ngig von Nationalit\u00e4t, ethnischer und sozialer Herkunft, Religion\/Weltanschauung, Behinderung, Alter sowie sexueller Orientierung und Identit\u00e4t. Weitere Informationen finden Sie unter <a href=\"https:\/\/www.sub.uni-hamburg.de\">www.sub.uni-hamburg.de<\/a><\/p>\n<p>Die SUB ist bestrebt, bestehende Unterrepr\u00e4sentanzen von sowohl Frauen als auch M\u00e4nnern abzubauen. Wir fordern insbesondere M\u00e4nner auf, sich zu bewerben. Sie werden aufgrund ihrer Unterrepr\u00e4sentanz bei gleicher Eignung, Bef\u00e4higung und fachlicher Leistung vorrangig ber\u00fccksichtigt.<\/p>\n<p><strong>Unser Angebot<\/strong><\/p>\n<p>Wir bieten Ihnen\u2026<\/p>\n<ul>\n<li>eine Stelle, befristet f\u00fcr 27 Monate, schnellstm\u00f6glich zu besetzen<\/li>\n<li>Bezahlung nach der Entgeltgruppe EG 9b TV-L (<a href=\"https:\/\/www.tdl-online.de\/fileadmin\/downloads\/TV-L\/TV-L_Anlagen\/Allgemeine_Entgelttabelle__Anlage_B___g%C3%BCltig_ab_01.12.2022.pdf\">Entgelttabelle<\/a>)<\/li>\n<li>eine interessante T\u00e4tigkeit mit einzigartigen Best\u00e4nden in einem besonderen Arbeitsumfeld und innerhalb eines motivierten Teams<\/li>\n<li>Raum zur fachlichen und pers\u00f6nlichen Weiterentwicklung durch interne und externe Fort- und Weiterbildung<\/li>\n<li>einen Arbeitsort im Herzen des Univiertels mit sehr guter Anbindung an den \u00f6ffentlichen Nahverkehr (S-Bahn Dammtor)<\/li>\n<li>30 Tage Urlaub pro Jahr (bei einer 5-Tage-Woche) und Vereinbarkeit von Familie und Beruf (Gleitzeitregelung, Homeoffice-Regelungen)<\/li>\n<li>betriebliche Altersversorgung, verm\u00f6genswirksame Leistungen und Gesundheitsf\u00f6rderung<\/li>\n<li>betriebliche Gesundheitsf\u00f6rderung, M\u00f6glichkeit zum Erwerb des EGYM Wellpass (Firmenfitness)<\/li>\n<\/ul>\n<p><strong>Ihre Bewerbung<\/strong><\/p>\n<p>Bitte \u00fcbersenden Sie uns folgende Dokumente:<\/p>\n<ul>\n<li>Anschreiben,<\/li>\n<li>tabellarischer Lebenslauf,<\/li>\n<li>Nachweise der geforderten Qualifikation,<\/li>\n<li>aktuelle Beurteilung bzw. aktuelles Arbeitszeugnis (nicht \u00e4lter als 3 Jahre),<\/li>\n<li>f\u00fcr die Ber\u00fccksichtigung einer Schwerbehinderung bzw. Gleichstellung im Auswahlverfahren einen Nachweis,<\/li>\n<li>Einverst\u00e4ndniserkl\u00e4rung zur Einsichtnahme in Ihre Personalakte unter Angabe der personalaktenf\u00fchrenden Stelle (nur bei Besch\u00e4ftigten des \u00f6ffentlichen Dienstes).<\/li>\n<\/ul>\n<p>Ihre vollst\u00e4ndige Bewerbung senden Sie uns bitte, unter Angabe der <strong>Kennziffer C 21.14<\/strong>, bis zum <strong>22.12.2024<\/strong> per E-Mail mit den Bewerbungsunterlagen in einer Datei im PDF-Format an: <a href=\"mailto:bewerbungen@sub.uni-hamburg.de\">bewerbungen@sub.uni-hamburg.de<\/a><br \/>\nDie Bewerbungsgespr\u00e4che werden voraussichtlich ab der KW 5 stattfinden.<br \/>\n<a href=\"https:\/\/www.hamburg.de\/politik-und-verwaltung\/behoerden\/personalamt\/arbeit-fuer-schwerbehinderte-118778\">Informationen f\u00fcr Schwerbehinderte und ihnen gleichgestellte Personen<\/a>.<\/p>\n<p><strong>Kontakt bei fachlichen Fragen<\/strong><br \/>\nSondersammlungen<br \/>\nMetzke, Nancy<br \/>\n+49-40-42838-3345; <a href=\"mailto:nancy.metzke@sub.uni-hamburg.de\">nancy.metzke@sub.uni-hamburg.de<\/a> <\/p>\n<p><strong>Kontakt bei Fragen zum Ausschreibungsverfahren<\/strong><br \/>\nPersonal und Organisation<br \/>\nDannenberg, Susanne<br \/>\n<a href=\"mailto:personal@sub.uni-hamburg.de\">personal@sub.uni-hamburg.de<\/a><\/p>\n","protected":false},"excerpt":{"rendered":"<p>In der Staats- und Universit\u00e4tsbibliothek Hamburg ist schnellstm\u00f6glich folgende Stelle zu besetzen: Erschlie\u00dfung und Digitalisierung der Briefsammlung des Dehmel-Archivs Die Stelle ist: befristet (27 Monate) Vollzeit\/Teilzeit Stellennummer: C 21.14 Die Ausschreibung richtet sich an: Alle Interessierten Entgelt-\/Besoldungsgruppe: EG 9b TV-L Bewerbungsschluss: 22.12.2024 Ausf\u00fchrliche Informationen zur Bewerbung entnehmen Sie bitte diesem PDF.<\/p>\n","protected":false},"author":19,"featured_media":0,"comment_status":"open","ping_status":"open","sticky":false,"template":"","format":"standard","meta":{"jetpack_post_was_ever_published":false,"_jetpack_newsletter_access":"","_jetpack_dont_email_post_to_subs":false,"_jetpack_newsletter_tier_id":0,"_jetpack_memberships_contains_paywalled_content":false,"_jetpack_memberships_contains_paid_content":false,"footnotes":"","jetpack_publicize_message":"","jetpack_publicize_feature_enabled":true,"jetpack_social_post_already_shared":true,"jetpack_social_options":{"image_generator_settings":{"template":"highway","default_image_id":0,"font":"","enabled":false},"version":2}},"categories":[1],"tags":[],"class_list":["post-39313","post","type-post","status-publish","format-standard","hentry","category-1"],"views":2076,"jetpack_publicize_connections":[],"jetpack_featured_media_url":"","jetpack_shortlink":"https:\/\/wp.me\/p7hfNR-ae5","jetpack-related-posts":[{"id":22327,"url":"https:\/\/blog.sub.uni-hamburg.de\/?p=22327","url_meta":{"origin":39313,"position":0},"title":"Stellenausschreibung: Erschlie\u00dfung und Bereitstellung von Sondermaterialien, Digitalisierung (E9)","author":"Markus Trapp","date":"28-03-17","format":false,"excerpt":"An der Staats- und Universit\u00e4tsbibliothek Hamburg Carl von Ossietzky ist zum n\u00e4chstm\u00f6glichen Zeitpunkt folgende Stelle zu besetzen: Tarifbesch\u00e4ftigte\/r E9 Mitarbeit im Bereich der Erschlie\u00dfung und Bereitstellung von Sondermaterialien, Digitalisierung F\u00fchrungsposition: nein Arbeitsumfang: Vollzeit auch teilzeitgeeignet Besch\u00e4ftigungsdauer: 12 Monate Bewerbungsschluss: 21.04.2017 Ausf\u00fchrliche Informationen zur Bewerbung entnehmen Sie bitte diesem PDF. Allgemeine\u2026","rel":"","context":"In &quot;Aktuelles&quot;","block_context":{"text":"Aktuelles","link":"https:\/\/blog.sub.uni-hamburg.de\/?cat=1"},"img":{"alt_text":"stabilogo-150","src":"https:\/\/i0.wp.com\/blog.sub.uni-hamburg.de\/wp-content\/uploads\/2014\/07\/stabilogo-150.jpg?resize=350%2C200&ssl=1","width":350,"height":200},"classes":[]},{"id":21955,"url":"https:\/\/blog.sub.uni-hamburg.de\/?p=21955","url_meta":{"origin":39313,"position":1},"title":"Stellenausschreibung: Mitarbeit im Bereich Sondermaterialien (E9)","author":"Markus Trapp","date":"10-01-17","format":false,"excerpt":"An der Staats- und Universit\u00e4tsbibliothek Hamburg Carl von Ossietzky ist zum n\u00e4chstm\u00f6glichen Zeitpunkt folgende unbefristete Stelle zu besetzen: Tarifbesch\u00e4ftigte\/r E9 Mitarbeit im Bereich der Erschlie\u00dfung und Bereitstellung von Sondermaterialien, Digitalisierung F\u00fchrungsposition: nein Arbeitsumfang: Vollzeit auch teilzeitgeeignet Bewerbungsschluss: 06.02.2017 Ausf\u00fchrliche Informationen zur Bewerbung entnehmen Sie bitte diesem PDF. Allgemeine Hinweise Hamburg\u2026","rel":"","context":"In &quot;Aktuelles&quot;","block_context":{"text":"Aktuelles","link":"https:\/\/blog.sub.uni-hamburg.de\/?cat=1"},"img":{"alt_text":"stabilogo-150","src":"https:\/\/i0.wp.com\/blog.sub.uni-hamburg.de\/wp-content\/uploads\/2014\/07\/stabilogo-150.jpg?resize=350%2C200&ssl=1","width":350,"height":200},"classes":[]},{"id":36241,"url":"https:\/\/blog.sub.uni-hamburg.de\/?p=36241","url_meta":{"origin":39313,"position":2},"title":"Stellenausschreibung: Planung der Erschlie\u00dfung und Digitalisierung der graphischen Sammlungen der SUB","author":"MT","date":"18-07-23","format":false,"excerpt":"In der Staats- und Universit\u00e4tsbibliothek Hamburg ist schnellstm\u00f6glich folgende Stelle zu besetzen: Planung der Erschlie\u00dfung und Digitalisierung der graphischen Sammlungen der SUB Die Stelle ist: befristet bis 30.06.2026 Vollzeit\/Teilzeit Stellennummer: S 10.0X Die Ausschreibung richtet sich an: Alle Interessierten Entgelt-\/Besoldungsgruppe: Bezahlung: EG 10 TV-L Bewerbungsschluss: 09.08.2023 Ausf\u00fchrliche Informationen zur Bewerbung\u2026","rel":"","context":"In &quot;Aktuelles&quot;","block_context":{"text":"Aktuelles","link":"https:\/\/blog.sub.uni-hamburg.de\/?cat=1"},"img":{"alt_text":"Logo Stabi Hamburg","src":"https:\/\/i0.wp.com\/blog.sub.uni-hamburg.de\/wp-content\/uploads\/2014\/07\/stabilogo-150.jpg?resize=350%2C200&ssl=1","width":350,"height":200},"classes":[]},{"id":7464,"url":"https:\/\/blog.sub.uni-hamburg.de\/?p=7464","url_meta":{"origin":39313,"position":3},"title":"Stellenausschreibung im Bereich Landesbibliothek","author":"HS","date":"21-03-12","format":false,"excerpt":"Die Staats- und Universit\u00e4tsbibliothek Hamburg sucht zum n\u00e4chstm\u00f6glichen Termin eine Mitarbeiterin \/ einen Mitarbeiter f\u00fcr das Daten- und Qualit\u00e4tsmanagement bei der Digitalisierung von Hamburger Zeitungen. Es handelt sich um eine auf 24 Monate befristete Vollzeitstelle\u00a0 f\u00fcr Tarifbesch\u00e4ftigte, die auch teilzeitgeeignet ist. Die Eingruppierung erfolgt nach E9. Ihre Aufgaben: Qualit\u00e4tsmanagement von\u2026","rel":"","context":"In &quot;Aktuelles&quot;","block_context":{"text":"Aktuelles","link":"https:\/\/blog.sub.uni-hamburg.de\/?cat=1"},"img":{"alt_text":"","src":"","width":0,"height":0},"classes":[]},{"id":28435,"url":"https:\/\/blog.sub.uni-hamburg.de\/?p=28435","url_meta":{"origin":39313,"position":4},"title":"Zwei Menschen \u2013 Richard und Ida Dehmel in Hamburg","author":"AKH","date":"20-12-19","format":false,"excerpt":"Wegen der Schlie\u00dfung der Bibliothek ist die Ausstellung seit dem 14.3.2020 geschlossen. Richard und Ida Dehmel waren zu Beginn des 20. Jahrhunderts das strahlende K\u00fcnstlerpaar Hamburgs. Der ber\u00fchmte, von vielen Komponisten vertonte Dichter und die schillernde, sich zunehmend f\u00fcr Frauenrechte einsetzende Muse waren jedoch mehr als die modernen, unkonventionellen Liebenden.\u2026","rel":"","context":"In &quot;Ausstellungen und Veranstaltungen&quot;","block_context":{"text":"Ausstellungen und Veranstaltungen","link":"https:\/\/blog.sub.uni-hamburg.de\/?cat=9"},"img":{"alt_text":"","src":"https:\/\/i0.wp.com\/blog.sub.uni-hamburg.de\/wp-content\/uploads\/2019\/12\/Richard-und-Ida-Dehmel_Web.png?resize=350%2C200&ssl=1","width":350,"height":200,"srcset":"https:\/\/i0.wp.com\/blog.sub.uni-hamburg.de\/wp-content\/uploads\/2019\/12\/Richard-und-Ida-Dehmel_Web.png?resize=350%2C200&ssl=1 1x, https:\/\/i0.wp.com\/blog.sub.uni-hamburg.de\/wp-content\/uploads\/2019\/12\/Richard-und-Ida-Dehmel_Web.png?resize=525%2C300&ssl=1 1.5x"},"classes":[]},{"id":9826,"url":"https:\/\/blog.sub.uni-hamburg.de\/?p=9826","url_meta":{"origin":39313,"position":5},"title":"Digitalisierte Best\u00e4nde der Stabi","author":"KW","date":"19-11-12","format":false,"excerpt":"\u201eGott sei Dank, der Tisch ist gedeckt!\u201c schreibt Richard Dehmel am 26.5.1906 an Samuel Fischer, den Verleger seiner zehnb\u00e4ndigen \u201eGesammelten Werke\u201c (1906-1909), nachdem er in einem l\u00e4ngeren Briefwechsel alle Details der Schrift, Papierwahl, Ornamentik und anderer Gestaltungselemente mit ihm ausgehandelt hatte. 42 Briefe Dehmels an Fischer finden sich in seinen\u2026","rel":"","context":"In &quot;Aktuelles&quot;","block_context":{"text":"Aktuelles","link":"https:\/\/blog.sub.uni-hamburg.de\/?cat=1"},"img":{"alt_text":"","src":"https:\/\/i0.wp.com\/blog.sub.uni-hamburg.de\/wp-content\/uploads\/2012\/11\/brandes.jpg?resize=350%2C200&ssl=1","width":350,"height":200},"classes":[]}],"jetpack_sharing_enabled":true,"_links":{"self":[{"href":"https:\/\/blog.sub.uni-hamburg.de\/index.php?rest_route=\/wp\/v2\/posts\/39313","targetHints":{"allow":["GET"]}}],"collection":[{"href":"https:\/\/blog.sub.uni-hamburg.de\/index.php?rest_route=\/wp\/v2\/posts"}],"about":[{"href":"https:\/\/blog.sub.uni-hamburg.de\/index.php?rest_route=\/wp\/v2\/types\/post"}],"author":[{"embeddable":true,"href":"https:\/\/blog.sub.uni-hamburg.de\/index.php?rest_route=\/wp\/v2\/users\/19"}],"replies":[{"embeddable":true,"href":"https:\/\/blog.sub.uni-hamburg.de\/index.php?rest_route=%2Fwp%2Fv2%2Fcomments&post=39313"}],"version-history":[{"count":4,"href":"https:\/\/blog.sub.uni-hamburg.de\/index.php?rest_route=\/wp\/v2\/posts\/39313\/revisions"}],"predecessor-version":[{"id":39318,"href":"https:\/\/blog.sub.uni-hamburg.de\/index.php?rest_route=\/wp\/v2\/posts\/39313\/revisions\/39318"}],"wp:attachment":[{"href":"https:\/\/blog.sub.uni-hamburg.de\/index.php?rest_route=%2Fwp%2Fv2%2Fmedia&parent=39313"}],"wp:term":[{"taxonomy":"category","embeddable":true,"href":"https:\/\/blog.sub.uni-hamburg.de\/index.php?rest_route=%2Fwp%2Fv2%2Fcategories&post=39313"},{"taxonomy":"post_tag","embeddable":true,"href":"https:\/\/blog.sub.uni-hamburg.de\/index.php?rest_route=%2Fwp%2Fv2%2Ftags&post=39313"}],"curies":[{"name":"wp","href":"https:\/\/api.w.org\/{rel}","templated":true}]}}