{"id":39290,"date":"2024-11-24T09:31:46","date_gmt":"2024-11-24T08:31:46","guid":{"rendered":"https:\/\/blog.sub.uni-hamburg.de\/?p=39290"},"modified":"2024-11-26T09:52:15","modified_gmt":"2024-11-26T08:52:15","slug":"die-stabi-bleibt-heute-am-sonntag-wegen-wasserschaeden-geschlossen","status":"publish","type":"post","link":"https:\/\/blog.sub.uni-hamburg.de\/?p=39290","title":{"rendered":"Update: Stabi heute am Montag wieder ge\u00f6ffnet &#8211; Die Stabi bleibt heute am Sonntag wegen Wassersch\u00e4den geschlossen"},"content":{"rendered":"<p><img loading=\"lazy\" decoding=\"async\" data-attachment-id=\"39291\" data-permalink=\"https:\/\/blog.sub.uni-hamburg.de\/?attachment_id=39291\" data-orig-file=\"https:\/\/blog.sub.uni-hamburg.de\/wp-content\/uploads\/2024\/11\/stabi-schnee.jpg\" data-orig-size=\"300,171\" data-comments-opened=\"1\" data-image-meta=\"{&quot;aperture&quot;:&quot;0&quot;,&quot;credit&quot;:&quot;&quot;,&quot;camera&quot;:&quot;&quot;,&quot;caption&quot;:&quot;&quot;,&quot;created_timestamp&quot;:&quot;0&quot;,&quot;copyright&quot;:&quot;&quot;,&quot;focal_length&quot;:&quot;0&quot;,&quot;iso&quot;:&quot;0&quot;,&quot;shutter_speed&quot;:&quot;0&quot;,&quot;title&quot;:&quot;&quot;,&quot;orientation&quot;:&quot;0&quot;}\" data-image-title=\"stabi-schnee\" data-image-description=\"\" data-image-caption=\"\" data-large-file=\"https:\/\/blog.sub.uni-hamburg.de\/wp-content\/uploads\/2024\/11\/stabi-schnee.jpg\" class=\"alignright size-full wp-image-39291\" title=\"Stabi im Schnee\" src=\"https:\/\/blog.sub.uni-hamburg.de\/wp-content\/uploads\/2024\/11\/stabi-schnee.jpg\" alt=\"Stabi im Schnee\" width=\"300\" height=\"171\" srcset=\"https:\/\/blog.sub.uni-hamburg.de\/wp-content\/uploads\/2024\/11\/stabi-schnee.jpg 300w, https:\/\/blog.sub.uni-hamburg.de\/wp-content\/uploads\/2024\/11\/stabi-schnee-150x86.jpg 150w\" sizes=\"auto, (max-width: 300px) 100vw, 300px\" \/><\/p>\n<p><em>Update 25.11.2024:<\/em> Die Stabi ist wieder ge\u00f6ffnet!<\/p>\n<p>Wegen erheblicher Wassersch\u00e4den durch die Schneef\u00e4lle und den Regen der letzten Tage, die uns ausgerechnet mitten in den aktuell laufenden Dachsanierungsarbeiten ereilt haben, <strong>muss die Staats- und Universit\u00e4tsbibliothek Hamburg am heutigen Sonntag, 24. November, leider geschlossen bleiben<\/strong>. Wir informieren an dieser Stelle, ob wir morgen wieder \u00f6ffnen k\u00f6nnen.<\/p>\n","protected":false},"excerpt":{"rendered":"<p>Update 25.11.2024: Die Stabi ist wieder ge\u00f6ffnet! Wegen erheblicher Wassersch\u00e4den durch die Schneef\u00e4lle und den Regen der letzten Tage, die uns ausgerechnet mitten in den aktuell laufenden Dachsanierungsarbeiten ereilt haben, muss die Staats- und Universit\u00e4tsbibliothek Hamburg am heutigen Sonntag, 24. November, leider geschlossen bleiben. Wir informieren an dieser Stelle, ob wir morgen wieder \u00f6ffnen k\u00f6nnen.<\/p>\n","protected":false},"author":19,"featured_media":0,"comment_status":"open","ping_status":"open","sticky":false,"template":"","format":"standard","meta":{"jetpack_post_was_ever_published":false,"_jetpack_newsletter_access":"","_jetpack_dont_email_post_to_subs":false,"_jetpack_newsletter_tier_id":0,"_jetpack_memberships_contains_paywalled_content":false,"_jetpack_memberships_contains_paid_content":false,"footnotes":"","jetpack_publicize_message":"","jetpack_publicize_feature_enabled":true,"jetpack_social_post_already_shared":true,"jetpack_social_options":{"image_generator_settings":{"template":"highway","default_image_id":0,"font":"","enabled":false},"version":2}},"categories":[1,10],"tags":[176],"class_list":["post-39290","post","type-post","status-publish","format-standard","hentry","category-1","category-baustelle-stabi","tag-oeffnungszeiten"],"views":3974,"jetpack_publicize_connections":[],"jetpack_featured_media_url":"","jetpack_shortlink":"https:\/\/wp.me\/p7hfNR-adI","jetpack-related-posts":[{"id":957,"url":"https:\/\/blog.sub.uni-hamburg.de\/?p=957","url_meta":{"origin":39290,"position":0},"title":"Stabi: Cafeteria am Wochenende geschlossen","author":"DL","date":"16-05-08","format":false,"excerpt":"Das Stabi-Bistro muss wegen eines Wasserschadens am Wochenende (Sonnabend, 17.5. und Sonntag, 18.5.) leider geschlossen bleiben.","rel":"","context":"In &quot;Aktuelles&quot;","block_context":{"text":"Aktuelles","link":"https:\/\/blog.sub.uni-hamburg.de\/?cat=1"},"img":{"alt_text":"","src":"","width":0,"height":0},"classes":[]},{"id":959,"url":"https:\/\/blog.sub.uni-hamburg.de\/?p=959","url_meta":{"origin":39290,"position":1},"title":"Stabi: Bistro vor\u00fcbergehend geschlossen","author":"ST","date":"19-05-08","format":false,"excerpt":"Am Freitag, 16.5. ereilte ein gr\u00f6\u00dferer Wasserschaden unser Stabi-Bistro Libretto. Bis zur vollst\u00e4ndigen Wiederherstellung muss das Bistro vorerst weiter geschlossen bleiben.","rel":"","context":"In &quot;Aktuelles&quot;","block_context":{"text":"Aktuelles","link":"https:\/\/blog.sub.uni-hamburg.de\/?cat=1"},"img":{"alt_text":"","src":"","width":0,"height":0},"classes":[]},{"id":35103,"url":"https:\/\/blog.sub.uni-hamburg.de\/?p=35103","url_meta":{"origin":39290,"position":2},"title":"Wasser in der Stabi \u2013 Arbeitspl\u00e4tze zum Teil gesperrt","author":"Markus Trapp","date":"20-01-23","format":false,"excerpt":"Nachdem es in den ersten Januarwochen ausdauernd geregnet hat, haben sich in der Stabi wieder Probleme mit dem Dach bemerkbar gemacht. Bereits in der letzten Woche lief Wasser in den Gruppenarbeitsbereich in der zweiten Etage. Am Wochenende dann die b\u00f6se \u00dcberraschung: Im Lesesaal ist es in zwei Bereichen gro\u00dffl\u00e4chig zu\u2026","rel":"","context":"In &quot;Aktuelles&quot;","block_context":{"text":"Aktuelles","link":"https:\/\/blog.sub.uni-hamburg.de\/?cat=1"},"img":{"alt_text":"","src":"https:\/\/i0.wp.com\/blog.sub.uni-hamburg.de\/wp-content\/uploads\/2023\/01\/wasserschaden01-gr-150x113.jpg?resize=350%2C200&ssl=1","width":350,"height":200,"srcset":"https:\/\/i0.wp.com\/blog.sub.uni-hamburg.de\/wp-content\/uploads\/2023\/01\/wasserschaden01-gr-150x113.jpg?resize=350%2C200&ssl=1 1x, https:\/\/i0.wp.com\/blog.sub.uni-hamburg.de\/wp-content\/uploads\/2023\/01\/wasserschaden01-gr-150x113.jpg?resize=525%2C300&ssl=1 1.5x, https:\/\/i0.wp.com\/blog.sub.uni-hamburg.de\/wp-content\/uploads\/2023\/01\/wasserschaden01-gr-150x113.jpg?resize=700%2C400&ssl=1 2x, https:\/\/i0.wp.com\/blog.sub.uni-hamburg.de\/wp-content\/uploads\/2023\/01\/wasserschaden01-gr-150x113.jpg?resize=1050%2C600&ssl=1 3x, https:\/\/i0.wp.com\/blog.sub.uni-hamburg.de\/wp-content\/uploads\/2023\/01\/wasserschaden01-gr-150x113.jpg?resize=1400%2C800&ssl=1 4x"},"classes":[]},{"id":31840,"url":"https:\/\/blog.sub.uni-hamburg.de\/?p=31840","url_meta":{"origin":39290,"position":3},"title":"Blitzeinschlag mit Folgen: Stabi am Wochenende komplett geschlossen, vom 13.-19.9. Teilschlie\u00dfung","author":"ST","date":"10-09-21","format":false,"excerpt":"Heute bis einschlie\u00dflich So, 12.9.2021 bleibt das Bibliotheksgeb\u00e4ude vollst\u00e4ndig geschlossen. Vom Mo, 13.9. bis So, 19.9. werden auch alle Arbeitspl\u00e4tze, einschlie\u00dflich der Lesesaal-Buchausgabe nicht zug\u00e4nglich sein, diese Publikumsbereiche bleiben geschlossen. Derzeit sieht es so aus, als k\u00f6nnten wir aber zumindest das Ausleihzentrum am Montag wieder \u00f6ffnen, so dass die Ausleihe\u2026","rel":"","context":"In &quot;Aktuelles&quot;","block_context":{"text":"Aktuelles","link":"https:\/\/blog.sub.uni-hamburg.de\/?cat=1"},"img":{"alt_text":"Stabi geschlossen","src":"https:\/\/i0.wp.com\/blog.sub.uni-hamburg.de\/wp-content\/uploads\/2008\/02\/image002.jpg?resize=350%2C200&ssl=1","width":350,"height":200},"classes":[]},{"id":7148,"url":"https:\/\/blog.sub.uni-hamburg.de\/?p=7148","url_meta":{"origin":39290,"position":4},"title":"Fachbibliothek Sozialwissenschaften am Wochenende geschlossen (11.\/12.2.)","author":"Markus Trapp","date":"09-02-12","format":false,"excerpt":"Ein Hinweis der Fachbibliothek Sozialwissenschaften: Am Samstag, den 11. 02. und Sonntag, den 12.02. wird aufgrund von Arbeiten an den Wasserleitungen im gesamten Geb\u00e4ude Allende-Platz 1 die Wasserversorgung unterbrochen. Die Fachbibliothek Sozialwissenschaften bleibt an diesen beiden Tagen geschlossen. Als Ausweichm\u00f6glichkeit k\u00f6nnen Sie an diesem Wochenende z.B. die Fachbibliothek Wirtschaftswissenschaften oder\u2026","rel":"","context":"In &quot;Aktuelles&quot;","block_context":{"text":"Aktuelles","link":"https:\/\/blog.sub.uni-hamburg.de\/?cat=1"},"img":{"alt_text":"","src":"","width":0,"height":0},"classes":[]},{"id":37572,"url":"https:\/\/blog.sub.uni-hamburg.de\/?p=37572","url_meta":{"origin":39290,"position":5},"title":"15.2.: Nach Stromausfall &#8211; Bibliothek wieder ge\u00f6ffnet","author":"ST","date":"14-02-24","format":false,"excerpt":"Update 15.2.: Alle St\u00f6rungen sind behoben, die Bibliothek \u00f6ffnet heute wie gewohnt um 9:00 Uhr. Wegen eines technischen Defekts muss die Bibliothek am 14.2. vorzeitig ab 20:30 Uhr geschlossen werden. Infolge eines kurzen Stromausfalls gegen 16:45 Uhr kam es zu einem Defekt in der Geb\u00e4udetechnik. Bis zur Behebung des Fehlers\u2026","rel":"","context":"In &quot;Aktuelles&quot;","block_context":{"text":"Aktuelles","link":"https:\/\/blog.sub.uni-hamburg.de\/?cat=1"},"img":{"alt_text":"Stabi geschlossen","src":"https:\/\/i0.wp.com\/blog.sub.uni-hamburg.de\/wp-content\/uploads\/2008\/02\/image002.jpg?resize=350%2C200&ssl=1","width":350,"height":200},"classes":[]}],"jetpack_sharing_enabled":true,"_links":{"self":[{"href":"https:\/\/blog.sub.uni-hamburg.de\/index.php?rest_route=\/wp\/v2\/posts\/39290","targetHints":{"allow":["GET"]}}],"collection":[{"href":"https:\/\/blog.sub.uni-hamburg.de\/index.php?rest_route=\/wp\/v2\/posts"}],"about":[{"href":"https:\/\/blog.sub.uni-hamburg.de\/index.php?rest_route=\/wp\/v2\/types\/post"}],"author":[{"embeddable":true,"href":"https:\/\/blog.sub.uni-hamburg.de\/index.php?rest_route=\/wp\/v2\/users\/19"}],"replies":[{"embeddable":true,"href":"https:\/\/blog.sub.uni-hamburg.de\/index.php?rest_route=%2Fwp%2Fv2%2Fcomments&post=39290"}],"version-history":[{"count":7,"href":"https:\/\/blog.sub.uni-hamburg.de\/index.php?rest_route=\/wp\/v2\/posts\/39290\/revisions"}],"predecessor-version":[{"id":39299,"href":"https:\/\/blog.sub.uni-hamburg.de\/index.php?rest_route=\/wp\/v2\/posts\/39290\/revisions\/39299"}],"wp:attachment":[{"href":"https:\/\/blog.sub.uni-hamburg.de\/index.php?rest_route=%2Fwp%2Fv2%2Fmedia&parent=39290"}],"wp:term":[{"taxonomy":"category","embeddable":true,"href":"https:\/\/blog.sub.uni-hamburg.de\/index.php?rest_route=%2Fwp%2Fv2%2Fcategories&post=39290"},{"taxonomy":"post_tag","embeddable":true,"href":"https:\/\/blog.sub.uni-hamburg.de\/index.php?rest_route=%2Fwp%2Fv2%2Ftags&post=39290"}],"curies":[{"name":"wp","href":"https:\/\/api.w.org\/{rel}","templated":true}]}}