{"id":39285,"date":"2024-11-22T09:54:36","date_gmt":"2024-11-22T08:54:36","guid":{"rendered":"https:\/\/blog.sub.uni-hamburg.de\/?p=39285"},"modified":"2025-02-10T15:29:54","modified_gmt":"2025-02-10T14:29:54","slug":"diskussion-fernwaerme-in-hamburg-wohin-geht-der-weg-5-12","status":"publish","type":"post","link":"https:\/\/blog.sub.uni-hamburg.de\/?p=39285","title":{"rendered":"Diskussion: Fernw\u00e4rme in Hamburg \u2013 wohin geht der Weg? (5.12.)"},"content":{"rendered":"<p><strong>Donnerstag, 5.12., 18 Uhr, Vortragsraum.<\/strong><\/p>\n<p><a href=\"https:\/\/blog.sub.uni-hamburg.de\/wp-content\/uploads\/2024\/11\/tiefstack.jpg\"><img loading=\"lazy\" decoding=\"async\" data-attachment-id=\"39287\" data-permalink=\"https:\/\/blog.sub.uni-hamburg.de\/?attachment_id=39287\" data-orig-file=\"https:\/\/blog.sub.uni-hamburg.de\/wp-content\/uploads\/2024\/11\/tiefstack.jpg\" data-orig-size=\"350,263\" data-comments-opened=\"1\" data-image-meta=\"{&quot;aperture&quot;:&quot;4.5&quot;,&quot;credit&quot;:&quot;&quot;,&quot;camera&quot;:&quot;Canon PowerShot SX150 IS&quot;,&quot;caption&quot;:&quot;&quot;,&quot;created_timestamp&quot;:&quot;1532269684&quot;,&quot;copyright&quot;:&quot;&quot;,&quot;focal_length&quot;:&quot;20.269&quot;,&quot;iso&quot;:&quot;80&quot;,&quot;shutter_speed&quot;:&quot;0.00125&quot;,&quot;title&quot;:&quot;&quot;,&quot;orientation&quot;:&quot;1&quot;}\" data-image-title=\"Tiefstack\" data-image-description=\"\" data-image-caption=\"\" data-large-file=\"https:\/\/blog.sub.uni-hamburg.de\/wp-content\/uploads\/2024\/11\/tiefstack.jpg\" src=\"https:\/\/blog.sub.uni-hamburg.de\/wp-content\/uploads\/2024\/11\/tiefstack.jpg\" alt=\"Tiefstack\" title=\"Tiefstack\" width=\"350\" height=\"263\" class=\"alignright size-full wp-image-39287\" srcset=\"https:\/\/blog.sub.uni-hamburg.de\/wp-content\/uploads\/2024\/11\/tiefstack.jpg 350w, https:\/\/blog.sub.uni-hamburg.de\/wp-content\/uploads\/2024\/11\/tiefstack-300x225.jpg 300w, https:\/\/blog.sub.uni-hamburg.de\/wp-content\/uploads\/2024\/11\/tiefstack-150x113.jpg 150w\" sizes=\"auto, (max-width: 350px) 100vw, 350px\" \/><\/a> Es gibt viele Ideen, wie Fernw\u00e4rme klimaneutral gemacht werden kann. 2019 hat die Volksinitiative \u201eTsch\u00fcss Kohle\u201c erreicht, dass 2030 keine Kohle mehr verbrannt werden soll. Aktuell dominiert noch das Verbrennen von Steinkohle und Erdgas. Was muss Hamburg also tun, um das Ziel Klimaneutralit\u00e4t zu erreichen? <\/p>\n<p>Es diskutieren: <strong>Jens Kerstan<\/strong> (Umweltsenator), <strong>Burkhard Warmuth<\/strong> (Hamburger Energiewerke), <strong>Dr. Jens Clausen<\/strong> (Institut borderstep) und <strong>Wiebke Hansen<\/strong> (BUND Hamburg).<br \/>\nDer Eintritt ist frei.<\/p>\n","protected":false},"excerpt":{"rendered":"<p>Donnerstag, 5.12., 18 Uhr, Vortragsraum. Es gibt viele Ideen, wie Fernw\u00e4rme klimaneutral gemacht werden kann. 2019 hat die Volksinitiative \u201eTsch\u00fcss Kohle\u201c erreicht, dass 2030 keine Kohle mehr verbrannt werden soll. Aktuell dominiert noch das Verbrennen von Steinkohle und Erdgas. Was muss Hamburg also tun, um das Ziel Klimaneutralit\u00e4t zu erreichen? Es diskutieren: Jens Kerstan (Umweltsenator), [&hellip;]<\/p>\n","protected":false},"author":19,"featured_media":0,"comment_status":"open","ping_status":"open","sticky":false,"template":"","format":"standard","meta":{"jetpack_post_was_ever_published":false,"_jetpack_newsletter_access":"","_jetpack_dont_email_post_to_subs":false,"_jetpack_newsletter_tier_id":0,"_jetpack_memberships_contains_paywalled_content":false,"_jetpack_memberships_contains_paid_content":false,"footnotes":"","jetpack_publicize_message":"","jetpack_publicize_feature_enabled":true,"jetpack_social_post_already_shared":true,"jetpack_social_options":{"image_generator_settings":{"template":"highway","default_image_id":0,"font":"","enabled":false},"version":2}},"categories":[9,17],"tags":[],"class_list":["post-39285","post","type-post","status-publish","format-standard","hentry","category-ausstellungen","category-hamburg"],"views":1426,"jetpack_publicize_connections":[],"jetpack_featured_media_url":"","jetpack_shortlink":"https:\/\/wp.me\/p7hfNR-adD","jetpack-related-posts":[{"id":15720,"url":"https:\/\/blog.sub.uni-hamburg.de\/?p=15720","url_meta":{"origin":39285,"position":0},"title":"\u00d6ffentliche Podiumsdiskussion: 3. Hamburger W\u00e4rmedialog (9.9.)","author":"Markus Trapp","date":"29-08-14","format":false,"excerpt":"Wir m\u00f6chten Sie auf die folgende \u00f6ffentliche Podiumsdiskussion von EnergieNetz Hamburg eG und KEBAP e.V. aufmerksam machen: 3. Hamburger W\u00e4rmedialog: \u201eGutachter- und Beteiligungsprozess Ersatz HKW Wedel\u201c am 9. Sep. 2014 19:00 Uhr im Vortragsraum der Staats- und Universit\u00e4tsbibliothek im 1.OG, von-Melle-Park 3, 20146 Hamburg mit Monika Schaal, MdHB, umweltpolitische Sprecherin\u2026","rel":"","context":"In &quot;Ausstellungen und Veranstaltungen&quot;","block_context":{"text":"Ausstellungen und Veranstaltungen","link":"https:\/\/blog.sub.uni-hamburg.de\/?cat=9"},"img":{"alt_text":"3. Hamburger W\u00e4rmedialog","src":"https:\/\/i0.wp.com\/blog.sub.uni-hamburg.de\/wp-content\/uploads\/2014\/08\/energienetzhamburg092014.jpg?resize=350%2C200&ssl=1","width":350,"height":200,"srcset":"https:\/\/i0.wp.com\/blog.sub.uni-hamburg.de\/wp-content\/uploads\/2014\/08\/energienetzhamburg092014.jpg?resize=350%2C200&ssl=1 1x, https:\/\/i0.wp.com\/blog.sub.uni-hamburg.de\/wp-content\/uploads\/2014\/08\/energienetzhamburg092014.jpg?resize=525%2C300&ssl=1 1.5x"},"classes":[]},{"id":24600,"url":"https:\/\/blog.sub.uni-hamburg.de\/?p=24600","url_meta":{"origin":39285,"position":1},"title":"60. Zukunftsratstreffen und 8. Hamburger W\u00e4rmedialog (17.4.)","author":"Markus Trapp","date":"26-03-18","format":false,"excerpt":"Der Zukunftsrat Hamburg und die EnergieNetz Hamburg eG laden zur zweiten Podiumsdiskussion 2018 ein. Themen sind der aktuelle Stand des R\u00fcckkaufs des Hamburger Fernw\u00e4rmenetzes und die Wirkung der Hamburger Volksinitiative Tsch\u00fcss Kohle zur Unterst\u00fctzung des Kohleausstiegs. Zur Erinnerung: Der R\u00fcckkauf der Energienetze wurde im Volksentscheid 2013 beschlossen. Der R\u00fcckkauf des\u2026","rel":"","context":"In &quot;Ausstellungen und Veranstaltungen&quot;","block_context":{"text":"Ausstellungen und Veranstaltungen","link":"https:\/\/blog.sub.uni-hamburg.de\/?cat=9"},"img":{"alt_text":"Zukunftsrat Hamburg","src":"https:\/\/i0.wp.com\/blog.sub.uni-hamburg.de\/wp-content\/uploads\/2018\/03\/zr_logo-550.jpg?resize=350%2C200&ssl=1","width":350,"height":200,"srcset":"https:\/\/i0.wp.com\/blog.sub.uni-hamburg.de\/wp-content\/uploads\/2018\/03\/zr_logo-550.jpg?resize=350%2C200&ssl=1 1x, https:\/\/i0.wp.com\/blog.sub.uni-hamburg.de\/wp-content\/uploads\/2018\/03\/zr_logo-550.jpg?resize=525%2C300&ssl=1 1.5x"},"classes":[]},{"id":24169,"url":"https:\/\/blog.sub.uni-hamburg.de\/?p=24169","url_meta":{"origin":39285,"position":2},"title":"59. Ratstreffen und 7. Hamburger W\u00e4rmedialog (13.2.)","author":"Markus Trapp","date":"26-01-18","format":false,"excerpt":"Die Entscheidung \u00fcber ein zukunftsweisendes, herausragendes Klimaschutzkonzept und den mutigen Einsatz von erneuerbaren Energien muss 2018 in der Freien und Hansestadt Hamburg deutlich vorangebracht werden. Der Zukunftsrat Hamburg und die EnergieNetz Hamburg eG l\u00e4dt Sie daher zu einer Podiumsdiskussion zum aktuellen Stand der Hamburger Klima- und Energiepolitik ein. Das Pariser\u2026","rel":"","context":"In &quot;Ausstellungen und Veranstaltungen&quot;","block_context":{"text":"Ausstellungen und Veranstaltungen","link":"https:\/\/blog.sub.uni-hamburg.de\/?cat=9"},"img":{"alt_text":"Zukunftsrat Hamburg","src":"https:\/\/i0.wp.com\/blog.sub.uni-hamburg.de\/wp-content\/uploads\/2015\/08\/zukunftsrat-hamburg.jpg?resize=350%2C200&ssl=1","width":350,"height":200,"srcset":"https:\/\/i0.wp.com\/blog.sub.uni-hamburg.de\/wp-content\/uploads\/2015\/08\/zukunftsrat-hamburg.jpg?resize=350%2C200&ssl=1 1x, https:\/\/i0.wp.com\/blog.sub.uni-hamburg.de\/wp-content\/uploads\/2015\/08\/zukunftsrat-hamburg.jpg?resize=525%2C300&ssl=1 1.5x"},"classes":[]},{"id":18198,"url":"https:\/\/blog.sub.uni-hamburg.de\/?p=18198","url_meta":{"origin":39285,"position":3},"title":"Vierter Hamburger W\u00e4rmedialog und 53. Ratstreffen des Zukunftsrats Hamburg (1.9.)","author":"Markus Trapp","date":"04-08-15","format":false,"excerpt":"\u00d6ffentliche Podiumsdiskussion zur aktuellen Hamburger Klima- und Energiepolitik. Der Senat wird sp\u00e4testens 2019 das Fernw\u00e4rmenetz von Vattenfall zur\u00fcckkaufen. Aber bereits im Herbst 2015 werden Entscheidungen zur Fernw\u00e4rmeerzeugung und Fernw\u00e4rmenutzung vorbereitet, die dazu f\u00fchren k\u00f6nnen, dass weiterhin vorwiegend fossile Kohle und fossiles Gas verbrannt werden. Wie aber k\u00f6nnte eine klimafreundliche Fernw\u00e4rmeversorgung\u2026","rel":"","context":"In &quot;Ausstellungen und Veranstaltungen&quot;","block_context":{"text":"Ausstellungen und Veranstaltungen","link":"https:\/\/blog.sub.uni-hamburg.de\/?cat=9"},"img":{"alt_text":"","src":"https:\/\/i0.wp.com\/blog.sub.uni-hamburg.de\/wp-content\/uploads\/2015\/08\/zukunftsrat-hamburg.jpg?resize=350%2C200&ssl=1","width":350,"height":200,"srcset":"https:\/\/i0.wp.com\/blog.sub.uni-hamburg.de\/wp-content\/uploads\/2015\/08\/zukunftsrat-hamburg.jpg?resize=350%2C200&ssl=1 1x, https:\/\/i0.wp.com\/blog.sub.uni-hamburg.de\/wp-content\/uploads\/2015\/08\/zukunftsrat-hamburg.jpg?resize=525%2C300&ssl=1 1.5x"},"classes":[]},{"id":21392,"url":"https:\/\/blog.sub.uni-hamburg.de\/?p=21392","url_meta":{"origin":39285,"position":4},"title":"57. Ratstreffen und 6. Hamburger W\u00e4rmedialog (8.11.)","author":"Markus Trapp","date":"25-10-16","format":false,"excerpt":"Die Diskussion \u00fcber den R\u00fcckkauf des Fernw\u00e4rmenetzes und das Konzept zur W\u00e4rmeversorgung in Hamburg nehmen zum Jahresende Fahrt auf. Der Zukunftsrat Hamburg und die EnergieNetz Hamburg eG laden ein zur \u00f6ffentlichen Podiumsdiskussion \u00fcber den derzeitigen Stand der Planungen f\u00fcr die Umsetzung des Volksentscheides zum R\u00fcckkauf der Energienetze und die Einbindung\u2026","rel":"","context":"In &quot;Ausstellungen und Veranstaltungen&quot;","block_context":{"text":"Ausstellungen und Veranstaltungen","link":"https:\/\/blog.sub.uni-hamburg.de\/?cat=9"},"img":{"alt_text":"","src":"https:\/\/i0.wp.com\/blog.sub.uni-hamburg.de\/wp-content\/uploads\/2016\/10\/energienetz-hh-640.jpg?resize=350%2C200&ssl=1","width":350,"height":200,"srcset":"https:\/\/i0.wp.com\/blog.sub.uni-hamburg.de\/wp-content\/uploads\/2016\/10\/energienetz-hh-640.jpg?resize=350%2C200&ssl=1 1x, https:\/\/i0.wp.com\/blog.sub.uni-hamburg.de\/wp-content\/uploads\/2016\/10\/energienetz-hh-640.jpg?resize=525%2C300&ssl=1 1.5x"},"classes":[]},{"id":28603,"url":"https:\/\/blog.sub.uni-hamburg.de\/?p=28603","url_meta":{"origin":39285,"position":5},"title":"10. Hamburger W\u00e4rmedialog: Sommerpause des HKW Wedel als schnellen Klimaschutzbeitrag f\u00fcr Hamburg? (4.2.)","author":"Markus Trapp","date":"24-01-20","format":false,"excerpt":"Das mit Steinkohle betriebene Heizkraftwerk in Wedel speist W\u00e4rme in das Fernw\u00e4rmenetz der Freien und Hansestadt Hamburg ein. Im Zuge des vollst\u00e4ndigen R\u00fcckkaufs der W\u00e4rmeversorgung durch die Stadt Hamburg wurde das Heizkraftwerk Wedel im September 2019 von der W\u00e4rme Hamburg GmbH \u00fcbernommen, die sich im Eigentum der Stadt Hamburg befindet.\u2026","rel":"","context":"In &quot;Ausstellungen und Veranstaltungen&quot;","block_context":{"text":"Ausstellungen und Veranstaltungen","link":"https:\/\/blog.sub.uni-hamburg.de\/?cat=9"},"img":{"alt_text":"","src":"https:\/\/i0.wp.com\/blog.sub.uni-hamburg.de\/wp-content\/uploads\/2020\/01\/logo_energienetzhamburg.jpg?resize=350%2C200&ssl=1","width":350,"height":200,"srcset":"https:\/\/i0.wp.com\/blog.sub.uni-hamburg.de\/wp-content\/uploads\/2020\/01\/logo_energienetzhamburg.jpg?resize=350%2C200&ssl=1 1x, https:\/\/i0.wp.com\/blog.sub.uni-hamburg.de\/wp-content\/uploads\/2020\/01\/logo_energienetzhamburg.jpg?resize=525%2C300&ssl=1 1.5x"},"classes":[]}],"jetpack_sharing_enabled":true,"_links":{"self":[{"href":"https:\/\/blog.sub.uni-hamburg.de\/index.php?rest_route=\/wp\/v2\/posts\/39285","targetHints":{"allow":["GET"]}}],"collection":[{"href":"https:\/\/blog.sub.uni-hamburg.de\/index.php?rest_route=\/wp\/v2\/posts"}],"about":[{"href":"https:\/\/blog.sub.uni-hamburg.de\/index.php?rest_route=\/wp\/v2\/types\/post"}],"author":[{"embeddable":true,"href":"https:\/\/blog.sub.uni-hamburg.de\/index.php?rest_route=\/wp\/v2\/users\/19"}],"replies":[{"embeddable":true,"href":"https:\/\/blog.sub.uni-hamburg.de\/index.php?rest_route=%2Fwp%2Fv2%2Fcomments&post=39285"}],"version-history":[{"count":2,"href":"https:\/\/blog.sub.uni-hamburg.de\/index.php?rest_route=\/wp\/v2\/posts\/39285\/revisions"}],"predecessor-version":[{"id":39289,"href":"https:\/\/blog.sub.uni-hamburg.de\/index.php?rest_route=\/wp\/v2\/posts\/39285\/revisions\/39289"}],"wp:attachment":[{"href":"https:\/\/blog.sub.uni-hamburg.de\/index.php?rest_route=%2Fwp%2Fv2%2Fmedia&parent=39285"}],"wp:term":[{"taxonomy":"category","embeddable":true,"href":"https:\/\/blog.sub.uni-hamburg.de\/index.php?rest_route=%2Fwp%2Fv2%2Fcategories&post=39285"},{"taxonomy":"post_tag","embeddable":true,"href":"https:\/\/blog.sub.uni-hamburg.de\/index.php?rest_route=%2Fwp%2Fv2%2Ftags&post=39285"}],"curies":[{"name":"wp","href":"https:\/\/api.w.org\/{rel}","templated":true}]}}