{"id":39247,"date":"2024-11-18T16:07:58","date_gmt":"2024-11-18T15:07:58","guid":{"rendered":"https:\/\/blog.sub.uni-hamburg.de\/?p=39247"},"modified":"2024-11-27T16:30:00","modified_gmt":"2024-11-27T15:30:00","slug":"podiumsgespraech-science-schnack-wege-in-die-wissenschaft-27-11","status":"publish","type":"post","link":"https:\/\/blog.sub.uni-hamburg.de\/?p=39247","title":{"rendered":"Podiumsgespr\u00e4ch: Science Schnack \u2013 Wege in die Wissenschaft (27.11.)"},"content":{"rendered":"<p><strong>Mittwoch, 27.11., 14.30 Uhr, Ossietzky-Forum im Altbau der Stabi.<\/strong><\/p>\n<p><img loading=\"lazy\" decoding=\"async\" data-attachment-id=\"39248\" data-permalink=\"https:\/\/blog.sub.uni-hamburg.de\/?attachment_id=39248\" data-orig-file=\"https:\/\/blog.sub.uni-hamburg.de\/wp-content\/uploads\/2024\/11\/Science_Schnack.jpg\" data-orig-size=\"350,233\" data-comments-opened=\"1\" data-image-meta=\"{&quot;aperture&quot;:&quot;0&quot;,&quot;credit&quot;:&quot;Anton Gvozdikov - stock.adobe.co&quot;,&quot;camera&quot;:&quot;&quot;,&quot;caption&quot;:&quot;Female presenter speaks to audiences at workshop&quot;,&quot;created_timestamp&quot;:&quot;0&quot;,&quot;copyright&quot;:&quot;ANTON GVOZDIKOV&quot;,&quot;focal_length&quot;:&quot;0&quot;,&quot;iso&quot;:&quot;0&quot;,&quot;shutter_speed&quot;:&quot;0&quot;,&quot;title&quot;:&quot;Female presenter speaks to audiences&quot;,&quot;orientation&quot;:&quot;0&quot;}\" data-image-title=\"Female presenter speaks to audiences\" data-image-description=\"\" data-image-caption=\"\" data-large-file=\"https:\/\/blog.sub.uni-hamburg.de\/wp-content\/uploads\/2024\/11\/Science_Schnack.jpg\" src=\"https:\/\/blog.sub.uni-hamburg.de\/wp-content\/uploads\/2024\/11\/Science_Schnack.jpg\" alt=\"Female presenter speaks to audiences at workshop\" title=\"Female presenter speaks to audiences at workshop\" width=\"350\" height=\"233\" class=\"alignleft size-full wp-image-39248\" srcset=\"https:\/\/blog.sub.uni-hamburg.de\/wp-content\/uploads\/2024\/11\/Science_Schnack.jpg 350w, https:\/\/blog.sub.uni-hamburg.de\/wp-content\/uploads\/2024\/11\/Science_Schnack-300x200.jpg 300w, https:\/\/blog.sub.uni-hamburg.de\/wp-content\/uploads\/2024\/11\/Science_Schnack-150x100.jpg 150w\" sizes=\"auto, (max-width: 350px) 100vw, 350px\" \/> Die Hamburger Akademie der Wissenschaften l\u00e4dt beim Science Schnack ein, die Faszination der Forschung und die beeindruckenden, vielf\u00e4ltigen Karrierewege junger Wissenschaftler:innen kennenzulernen.<\/p>\n<p>Zu Gast sind <strong>Dr. Larissa Zwar<\/strong>, die als Psychologin erforscht, wie Menschen erfolgreich altern k\u00f6nnen, und <strong>Jun. Prof. Dr. Peter M\u00fcller<\/strong>, dessen Forschungsthema an der Schnittstelle von Mikrobiologie, \u00d6kologie und Geowissenschaften die Wechselwirkung zwischen Boden, Vegetation und Klima ist.<\/p>\n<p>Moderiert wird das Gespr\u00e4ch von der Wissenschaftsjournalistin <strong>Janina Isabell Otto<\/strong>. Als Ansprechpartnerin zum Thema Promotion steht <strong>Dr. Fenja De Silva-Schmidt<\/strong> von der Hamburg Research Academy zur Seite.<br \/>\n<!--more--><\/p>\n<p>Die Science-Schnack-Reihe wird von der Akademie der Wissenschaften in Hamburg in enger Zusammenarbeit mit der <a href=\"https:\/\/www.uni-hamburg.de\/\">Universit\u00e4t Hamburg<\/a> und der <a href=\"https:\/\/www.hra-hamburg.de\/\">Hamburg Research Academy<\/a> pr\u00e4sentiert. Die Teilnahme ist kostenfrei.<\/p>\n","protected":false},"excerpt":{"rendered":"<p>Mittwoch, 27.11., 14.30 Uhr, Ossietzky-Forum im Altbau der Stabi. Die Hamburger Akademie der Wissenschaften l\u00e4dt beim Science Schnack ein, die Faszination der Forschung und die beeindruckenden, vielf\u00e4ltigen Karrierewege junger Wissenschaftler:innen kennenzulernen. Zu Gast sind Dr. Larissa Zwar, die als Psychologin erforscht, wie Menschen erfolgreich altern k\u00f6nnen, und Jun. Prof. Dr. Peter M\u00fcller, dessen Forschungsthema an [&hellip;]<\/p>\n","protected":false},"author":19,"featured_media":0,"comment_status":"open","ping_status":"open","sticky":false,"template":"","format":"standard","meta":{"jetpack_post_was_ever_published":false,"_jetpack_newsletter_access":"","_jetpack_dont_email_post_to_subs":false,"_jetpack_newsletter_tier_id":0,"_jetpack_memberships_contains_paywalled_content":false,"_jetpack_memberships_contains_paid_content":false,"footnotes":"","jetpack_publicize_message":"","jetpack_publicize_feature_enabled":true,"jetpack_social_post_already_shared":true,"jetpack_social_options":{"image_generator_settings":{"template":"highway","default_image_id":0,"font":"","enabled":false},"version":2}},"categories":[9],"tags":[],"class_list":["post-39247","post","type-post","status-publish","format-standard","hentry","category-ausstellungen"],"views":992,"jetpack_publicize_connections":[],"jetpack_featured_media_url":"","jetpack_shortlink":"https:\/\/wp.me\/p7hfNR-ad1","jetpack-related-posts":[{"id":38197,"url":"https:\/\/blog.sub.uni-hamburg.de\/?p=38197","url_meta":{"origin":39247,"position":0},"title":"Science Schnack: Wege in die Wissenschaft (4.6.)","author":"Markus Trapp","date":"23-05-24","format":false,"excerpt":"Dienstag, 4.6., 15 Uhr, Vortragsraum. Die Hamburger Akademie der Wissenschaften l\u00e4dt beim Science Schnack ein, die Faszination der Forschung und die beeindruckenden, vielf\u00e4ltigen Karrierewege junger Wissenschaftlerinnen und Wissenschaftler kennenzulernen. Am 4. Juni freuen sich die Podiumsg\u00e4ste Dr. Anne Dienelt und Dr. Lukas B\u00e4uerle auf Fragen aus dem Publikum. Dr. Anne\u2026","rel":"","context":"In &quot;Ausstellungen und Veranstaltungen&quot;","block_context":{"text":"Ausstellungen und Veranstaltungen","link":"https:\/\/blog.sub.uni-hamburg.de\/?cat=9"},"img":{"alt_text":"Science Schnack: Wege in die Wissenschaft","src":"https:\/\/i0.wp.com\/blog.sub.uni-hamburg.de\/wp-content\/uploads\/2024\/05\/science-snack-adw-04-06-2024-gr-300x169.jpg?resize=350%2C200&ssl=1","width":350,"height":200},"classes":[]},{"id":41218,"url":"https:\/\/blog.sub.uni-hamburg.de\/?p=41218","url_meta":{"origin":39247,"position":1},"title":"Spielraum im vorgegebenen Format: Das Schaffen fr\u00fchmittelalterlicher Urkundenschreiber (27.11.)","author":"Markus Trapp","date":"12-11-25","format":false,"excerpt":"Donnerstag, 27.11., 19 Uhr, Vortragsraum. Begleitend zur aktuellen Ausstellung \u201eNotwendig, n\u00fctzlich, neu \u2013 Langzeitforschung in Hamburg\u201c im Ausstellungsraum der SUB veranstaltet die Akademie der Wissenschaften in Hamburg eine Vorlesungsreihe, bei der sich die sieben Hamburger Langzeitforschungsprojekte der Akademie vorstellen. An diesem Abend wird das Langzeitforschungsprojekt \u201eFormulae \u2013 Litterae- Chartae\u201c von\u2026","rel":"","context":"In &quot;Ausstellungen und Veranstaltungen&quot;","block_context":{"text":"Ausstellungen und Veranstaltungen","link":"https:\/\/blog.sub.uni-hamburg.de\/?cat=9"},"img":{"alt_text":"","src":"https:\/\/i0.wp.com\/blog.sub.uni-hamburg.de\/wp-content\/uploads\/2025\/11\/formulae-logo.jpg?resize=350%2C200&ssl=1","width":350,"height":200},"classes":[]},{"id":25709,"url":"https:\/\/blog.sub.uni-hamburg.de\/?p=25709","url_meta":{"origin":39247,"position":2},"title":"Open-Access-Woche 2018: die Stabi ist dabei","author":"Isabella Meinecke","date":"09-10-18","format":false,"excerpt":"In der Woche vom 22. bis 28.10.2018 wird weltweit das Thema Open Access aufgegriffen, um vor Ort f\u00fcr den freien Zugang zu Wissen und Information aus \u00f6ffentlich gef\u00f6rderter Forschung zu werben und mit Aktionen und Veranstaltungen zu informieren. Die Woche steht unter dem Motto \"Angemessene Grundlagen f\u00fcr offenes Wissen schaffen\"\u2026","rel":"","context":"In &quot;Aktuelles&quot;","block_context":{"text":"Aktuelles","link":"https:\/\/blog.sub.uni-hamburg.de\/?cat=1"},"img":{"alt_text":"Open-Access-Woche 2018","src":"https:\/\/i0.wp.com\/blog.sub.uni-hamburg.de\/wp-content\/uploads\/2018\/10\/OA-Week-2018-Banner-kl.jpg?resize=350%2C200&ssl=1","width":350,"height":200},"classes":[]},{"id":27313,"url":"https:\/\/blog.sub.uni-hamburg.de\/?p=27313","url_meta":{"origin":39247,"position":3},"title":"Manuskriptforschung \u2013  Warum wir Vertr\u00e4ge unterschreiben (18.6.)","author":"Markus Trapp","date":"07-06-19","format":false,"excerpt":"Eine Veranstaltung der Universit\u00e4ts-Gesellschaft Hamburg. Dienstag, 18. Juni 2019, 18.30 Uhr Staatsbibliothek Hamburg, Vortragsraum (1. Etage) Die Universit\u00e4t Hamburg erhielt 2018 im Rahmen der Exzellenzstrategie des Bundes und der L\u00e4nder den Zuschlag f\u00fcr gleich vier Exzellenzcluster \u2013 darunter auch \u00abUnderstanding Written Artefacts\u00bb. Doch worum handelt es sich dabei? Woran wird\u2026","rel":"","context":"In &quot;Ausstellungen und Veranstaltungen&quot;","block_context":{"text":"Ausstellungen und Veranstaltungen","link":"https:\/\/blog.sub.uni-hamburg.de\/?cat=9"},"img":{"alt_text":"Manuscript, Foto: pixabay","src":"https:\/\/i0.wp.com\/blog.sub.uni-hamburg.de\/wp-content\/uploads\/2019\/06\/2018-12-Manuscript-pixabay.jpg?resize=350%2C200&ssl=1","width":350,"height":200},"classes":[]},{"id":27726,"url":"https:\/\/blog.sub.uni-hamburg.de\/?p=27726","url_meta":{"origin":39247,"position":4},"title":"Open Science in der Praxis &#8211; Veranstaltungsreihe der Uni Hamburg mit Stabi-Beteiligung","author":"Markus Trapp","date":"04-09-19","format":false,"excerpt":"Im Wintersemester 2019\/2010 gibt es unter dem Titel \"Open Science in der Praxis\" eine Reihe von interessanten Vorlesungen im Rahmen des Allgemeinen Vorlesungswesens der Universit\u00e4t Hamburg, zwei mal sogar mit Stabi-Beteilung: Die Open Science-Bewegung will die Potentiale der Digitalisierung nutzen, um die wissenschaftliche Arbeit und ihre Ergebnisse sowohl innerhalb der\u2026","rel":"","context":"In &quot;Ausstellungen und Veranstaltungen&quot;","block_context":{"text":"Ausstellungen und Veranstaltungen","link":"https:\/\/blog.sub.uni-hamburg.de\/?cat=9"},"img":{"alt_text":"","src":"https:\/\/i0.wp.com\/blog.sub.uni-hamburg.de\/wp-content\/uploads\/2019\/09\/vl-ws-2019-2020.jpg?resize=350%2C200&ssl=1","width":350,"height":200},"classes":[]},{"id":32022,"url":"https:\/\/blog.sub.uni-hamburg.de\/?p=32022","url_meta":{"origin":39247,"position":5},"title":"Internationale Open-Access-Woche 2021","author":"Isabella Meinecke","date":"20-10-21","format":false,"excerpt":"Banner der Open-Access-Woche 2021 \u00a0 Die Stabi beteiligt sich wieder an der Open-Access-Woche 2021. In der Zeit vom 25. bis 31.10.2021 wird weltweit das Thema Open Access aufgegriffen, um vor Ort f\u00fcr den freien Zugang zu Wissen und Information zu werben und mit Aktionen und Veranstaltungen zu informieren. Open Access\u2026","rel":"","context":"In &quot;Aktuelles&quot;","block_context":{"text":"Aktuelles","link":"https:\/\/blog.sub.uni-hamburg.de\/?cat=1"},"img":{"alt_text":"Banner der Open-Access-Woche 2021","src":"https:\/\/i0.wp.com\/blog.sub.uni-hamburg.de\/wp-content\/uploads\/2021\/10\/2021-OAWeek.jpg?resize=350%2C200&ssl=1","width":350,"height":200,"srcset":"https:\/\/i0.wp.com\/blog.sub.uni-hamburg.de\/wp-content\/uploads\/2021\/10\/2021-OAWeek.jpg?resize=350%2C200&ssl=1 1x, https:\/\/i0.wp.com\/blog.sub.uni-hamburg.de\/wp-content\/uploads\/2021\/10\/2021-OAWeek.jpg?resize=525%2C300&ssl=1 1.5x"},"classes":[]}],"jetpack_sharing_enabled":true,"_links":{"self":[{"href":"https:\/\/blog.sub.uni-hamburg.de\/index.php?rest_route=\/wp\/v2\/posts\/39247","targetHints":{"allow":["GET"]}}],"collection":[{"href":"https:\/\/blog.sub.uni-hamburg.de\/index.php?rest_route=\/wp\/v2\/posts"}],"about":[{"href":"https:\/\/blog.sub.uni-hamburg.de\/index.php?rest_route=\/wp\/v2\/types\/post"}],"author":[{"embeddable":true,"href":"https:\/\/blog.sub.uni-hamburg.de\/index.php?rest_route=\/wp\/v2\/users\/19"}],"replies":[{"embeddable":true,"href":"https:\/\/blog.sub.uni-hamburg.de\/index.php?rest_route=%2Fwp%2Fv2%2Fcomments&post=39247"}],"version-history":[{"count":3,"href":"https:\/\/blog.sub.uni-hamburg.de\/index.php?rest_route=\/wp\/v2\/posts\/39247\/revisions"}],"predecessor-version":[{"id":39251,"href":"https:\/\/blog.sub.uni-hamburg.de\/index.php?rest_route=\/wp\/v2\/posts\/39247\/revisions\/39251"}],"wp:attachment":[{"href":"https:\/\/blog.sub.uni-hamburg.de\/index.php?rest_route=%2Fwp%2Fv2%2Fmedia&parent=39247"}],"wp:term":[{"taxonomy":"category","embeddable":true,"href":"https:\/\/blog.sub.uni-hamburg.de\/index.php?rest_route=%2Fwp%2Fv2%2Fcategories&post=39247"},{"taxonomy":"post_tag","embeddable":true,"href":"https:\/\/blog.sub.uni-hamburg.de\/index.php?rest_route=%2Fwp%2Fv2%2Ftags&post=39247"}],"curies":[{"name":"wp","href":"https:\/\/api.w.org\/{rel}","templated":true}]}}