{"id":39043,"date":"2024-10-30T09:00:04","date_gmt":"2024-10-30T08:00:04","guid":{"rendered":"https:\/\/blog.sub.uni-hamburg.de\/?p=39043"},"modified":"2024-12-07T01:42:44","modified_gmt":"2024-12-07T00:42:44","slug":"dia-de-muertos-in-der-linga-bibliothek-ein-thementisch-zum-gedenken-und-feiern","status":"publish","type":"post","link":"https:\/\/blog.sub.uni-hamburg.de\/?p=39043","title":{"rendered":"<em>D\u00eda de Muertos<\/em> in der Linga-Bibliothek: Ein Thementisch zum Gedenken und Feiern"},"content":{"rendered":"<p><em>Von Nina Blank (Linga-Bibliothek).<\/em><\/p>\n<p><a href=\"https:\/\/blog.sub.uni-hamburg.de\/wp-content\/uploads\/2024\/10\/ofrenda-libros-gr.jpg\"><img loading=\"lazy\" decoding=\"async\" data-attachment-id=\"39049\" data-permalink=\"https:\/\/blog.sub.uni-hamburg.de\/?attachment_id=39049\" data-orig-file=\"https:\/\/blog.sub.uni-hamburg.de\/wp-content\/uploads\/2024\/10\/ofrenda-libros.jpg\" data-orig-size=\"650,366\" data-comments-opened=\"1\" data-image-meta=\"{&quot;aperture&quot;:&quot;1.8&quot;,&quot;credit&quot;:&quot;&quot;,&quot;camera&quot;:&quot;SM-S901B&quot;,&quot;caption&quot;:&quot;&quot;,&quot;created_timestamp&quot;:&quot;1730191017&quot;,&quot;copyright&quot;:&quot;&quot;,&quot;focal_length&quot;:&quot;5.4&quot;,&quot;iso&quot;:&quot;500&quot;,&quot;shutter_speed&quot;:&quot;0.01&quot;,&quot;title&quot;:&quot;&quot;,&quot;orientation&quot;:&quot;1&quot;}\" data-image-title=\"ofrenda-libros\" data-image-description=\"\" data-image-caption=\"\" data-large-file=\"https:\/\/blog.sub.uni-hamburg.de\/wp-content\/uploads\/2024\/10\/ofrenda-libros.jpg\" src=\"https:\/\/blog.sub.uni-hamburg.de\/wp-content\/uploads\/2024\/10\/ofrenda-libros.jpg\" alt=\"\" width=\"650\" height=\"366\" class=\"aligncenter size-full wp-image-39049\" srcset=\"https:\/\/blog.sub.uni-hamburg.de\/wp-content\/uploads\/2024\/10\/ofrenda-libros.jpg 650w, https:\/\/blog.sub.uni-hamburg.de\/wp-content\/uploads\/2024\/10\/ofrenda-libros-300x169.jpg 300w, https:\/\/blog.sub.uni-hamburg.de\/wp-content\/uploads\/2024\/10\/ofrenda-libros-150x84.jpg 150w\" sizes=\"auto, (max-width: 650px) 100vw, 650px\" \/><\/a><\/p>\n<p>Der <em>D\u00eda de Muertos<\/em> (Tag der Toten) ist eines der bekanntesten Feste Mexikos und wird jedes Jahr am 1. und 2. November gefeiert. Dieses farbenfrohe und bewegende Fest vereint Traditionen aus der vorspanischen Zeit mit christlichen Einfl\u00fcssen und ist ein Symbol f\u00fcr die Verbundenheit zwischen den Lebenden und den Toten. Unsere Spezialbibliothek f\u00fcr Lateinamerika-Forschung hat diesem faszinierenden Fest einen Thementisch gewidmet, der die kulturelle Vielfalt und Bedeutung des <em>D\u00eda de Muertos <\/em>zeigt.<br \/>\n<!--more--><\/p>\n<p><strong>Die Bedeutung des <em>D\u00eda de Muertos<\/em><\/strong><\/p>\n<p><a href=\"https:\/\/blog.sub.uni-hamburg.de\/wp-content\/uploads\/2024\/10\/ofrenda-blumen-gr.jpg\"><img loading=\"lazy\" decoding=\"async\" data-attachment-id=\"39050\" data-permalink=\"https:\/\/blog.sub.uni-hamburg.de\/?attachment_id=39050\" data-orig-file=\"https:\/\/blog.sub.uni-hamburg.de\/wp-content\/uploads\/2024\/10\/ofrenda-blumen.jpg\" data-orig-size=\"150,215\" data-comments-opened=\"1\" data-image-meta=\"{&quot;aperture&quot;:&quot;1.8&quot;,&quot;credit&quot;:&quot;&quot;,&quot;camera&quot;:&quot;SM-S901B&quot;,&quot;caption&quot;:&quot;&quot;,&quot;created_timestamp&quot;:&quot;1730191237&quot;,&quot;copyright&quot;:&quot;&quot;,&quot;focal_length&quot;:&quot;5.4&quot;,&quot;iso&quot;:&quot;50&quot;,&quot;shutter_speed&quot;:&quot;0.01&quot;,&quot;title&quot;:&quot;&quot;,&quot;orientation&quot;:&quot;1&quot;}\" data-image-title=\"ofrenda-blumen\" data-image-description=\"\" data-image-caption=\"\" data-large-file=\"https:\/\/blog.sub.uni-hamburg.de\/wp-content\/uploads\/2024\/10\/ofrenda-blumen.jpg\" src=\"https:\/\/blog.sub.uni-hamburg.de\/wp-content\/uploads\/2024\/10\/ofrenda-blumen.jpg\" alt=\"\" width=\"150\" height=\"215\" class=\"alignleft size-full wp-image-39050\" srcset=\"https:\/\/blog.sub.uni-hamburg.de\/wp-content\/uploads\/2024\/10\/ofrenda-blumen.jpg 150w, https:\/\/blog.sub.uni-hamburg.de\/wp-content\/uploads\/2024\/10\/ofrenda-blumen-105x150.jpg 105w\" sizes=\"auto, (max-width: 150px) 100vw, 150px\" \/><\/a> Der <em>D\u00eda de Muertos<\/em> ist kein Tag der Trauer, sondern eine Zeit des Feierns und Gedenkens. Die mexikanische Kultur sieht den Tod nicht als Ende, sondern als Teil des Lebenskreislaufs. Familien schm\u00fccken Alt\u00e4re, sogenannte <em>Ofrendas<\/em>, mit Blumen, Kerzen, Fotos der Verstorbenen und ihren Lieblingsspeisen. Typische Symbole wie bunte <em>Calaveras<\/em> (Sch\u00e4del) und <em>Cempas\u00fachil<\/em>-Blumen (Studentenblumen) sind allgegenw\u00e4rtig. In diesen Tagen wird die Grenze zwischen der Welt der Lebenden und der Toten als durchl\u00e4ssig angesehen, und es wird angenommen, dass die Seelen der Verstorbenen zur\u00fcckkehren, um ihre Familien zu besuchen.<\/p>\n<p><strong>Der Thementisch: Eine Reise durch Kultur, Kunst und Geschichte<\/strong><\/p>\n<p>Unser Thementisch zum <em>D\u00eda de Muertos<\/em> bietet eine Auswahl an Sachb\u00fcchern, Kunstb\u00e4nden und Literatur, die sowohl die traditionellen Aspekte als auch moderne Interpretationen des Festes beleuchten. Die hier pr\u00e4sentierten B\u00fccher k\u00f6nnen wie viele andere Werke zu lateinamerikanischer Kultur bei Interesse bei uns in der Bibliothek eingesehen und (nach Ende der Ausstellung) auch \u00fcber den Katalog<strong><em>plus<\/em><\/strong> ausgeliehen werden.<\/p>\n<p><strong>Eine Ofrenda zur Erinnerung an die Verstorbenen<\/strong><\/p>\n<p><a href=\"https:\/\/blog.sub.uni-hamburg.de\/wp-content\/uploads\/2024\/05\/gabriele-beger-gr.jpg\"><img loading=\"lazy\" decoding=\"async\" data-attachment-id=\"39044\" data-permalink=\"https:\/\/blog.sub.uni-hamburg.de\/?attachment_id=39044\" data-orig-file=\"https:\/\/blog.sub.uni-hamburg.de\/wp-content\/uploads\/2024\/10\/gaby-beger-180.jpg\" data-orig-size=\"182,172\" data-comments-opened=\"1\" data-image-meta=\"{&quot;aperture&quot;:&quot;0&quot;,&quot;credit&quot;:&quot;&quot;,&quot;camera&quot;:&quot;&quot;,&quot;caption&quot;:&quot;&quot;,&quot;created_timestamp&quot;:&quot;0&quot;,&quot;copyright&quot;:&quot;&quot;,&quot;focal_length&quot;:&quot;0&quot;,&quot;iso&quot;:&quot;0&quot;,&quot;shutter_speed&quot;:&quot;0&quot;,&quot;title&quot;:&quot;&quot;,&quot;orientation&quot;:&quot;0&quot;}\" data-image-title=\"gaby-beger-180\" data-image-description=\"\" data-image-caption=\"\" data-large-file=\"https:\/\/blog.sub.uni-hamburg.de\/wp-content\/uploads\/2024\/10\/gaby-beger-180.jpg\" src=\"https:\/\/blog.sub.uni-hamburg.de\/wp-content\/uploads\/2024\/10\/gaby-beger-180.jpg\" alt=\"Gabriele Beger\" title=\"Gabriele Beger\" width=\"160\" height=\"151\" class=\"alignright size-full wp-image-39044\" srcset=\"https:\/\/blog.sub.uni-hamburg.de\/wp-content\/uploads\/2024\/10\/gaby-beger-180.jpg 182w, https:\/\/blog.sub.uni-hamburg.de\/wp-content\/uploads\/2024\/10\/gaby-beger-180-150x142.jpg 150w\" sizes=\"auto, (max-width: 160px) 100vw, 160px\" \/><\/a> Wir pr\u00e4sentieren in diesem Jahr eine Ofrenda zum Gedenken an <a href=\"https:\/\/blog.sub.uni-hamburg.de\/?p=38126\">Frau Prof. Dr. Gabriele Beger<\/a>, unsere ehemalige Direktorin und Vorstandvorsitzende der Linga-Stiftung, die im Mai 2024 verstorben ist. Die Ofrenda l\u00e4dt alle, die Frau Beger kannten, dazu ein, sich an ihre Pers\u00f6nlichkeit und ihr Engagement f\u00fcr die Bibliothek zu erinnern. <\/p>\n<p>Die Fortf\u00fchrung dieser Tradition, die bereits 2007 w\u00e4hrend der <a href=\"https:\/\/linga.sub.uni-hamburg.de\/index.htm\">Jubil\u00e4umsausstellung<\/a> zu Ehren von <a href=\"https:\/\/linga.sub.uni-hamburg.de\/berthaprobst.htm\">Bertha<\/a> und <a href=\"https:\/\/linga.sub.uni-hamburg.de\/carllinga.htm\">Carlos Linga<\/a> initiiert wurde, bereichert den Thementisch und w\u00fcrdigt zugleich Frau Begers pr\u00e4gende Rolle in der Geschichte der Stabi, der Linga-Bibliothek und der Linga-Stiftung.<\/p>\n<div id=\"attachment_39052\" style=\"width: 670px\" class=\"wp-caption aligncenter\"><a href=\"https:\/\/blog.sub.uni-hamburg.de\/wp-content\/uploads\/2024\/10\/Linga-Ausstellung-739-8-Ofrenda-gr.jpg\"><img loading=\"lazy\" decoding=\"async\" aria-describedby=\"caption-attachment-39052\" data-attachment-id=\"39052\" data-permalink=\"https:\/\/blog.sub.uni-hamburg.de\/?attachment_id=39052\" data-orig-file=\"https:\/\/blog.sub.uni-hamburg.de\/wp-content\/uploads\/2024\/10\/Linga-Ausstellung-739-8-Ofrenda.jpg\" data-orig-size=\"660,422\" data-comments-opened=\"1\" data-image-meta=\"{&quot;aperture&quot;:&quot;0&quot;,&quot;credit&quot;:&quot;&quot;,&quot;camera&quot;:&quot;&quot;,&quot;caption&quot;:&quot;&quot;,&quot;created_timestamp&quot;:&quot;0&quot;,&quot;copyright&quot;:&quot;&quot;,&quot;focal_length&quot;:&quot;0&quot;,&quot;iso&quot;:&quot;0&quot;,&quot;shutter_speed&quot;:&quot;0&quot;,&quot;title&quot;:&quot;&quot;,&quot;orientation&quot;:&quot;0&quot;}\" data-image-title=\"Linga-Ausstellung-739-8-Ofrenda\" data-image-description=\"&lt;p&gt;Ofrenda f\u00fcr die Familie Linga zur Jubil\u00e4umsausstellung 2007&lt;\/p&gt;\n\" data-image-caption=\"&lt;p&gt;Ofrenda f\u00fcr die Familie Linga zur Jubil\u00e4umsausstellung 2007&lt;\/p&gt;\n\" data-large-file=\"https:\/\/blog.sub.uni-hamburg.de\/wp-content\/uploads\/2024\/10\/Linga-Ausstellung-739-8-Ofrenda.jpg\" src=\"https:\/\/blog.sub.uni-hamburg.de\/wp-content\/uploads\/2024\/10\/Linga-Ausstellung-739-8-Ofrenda.jpg\" alt=\"\" width=\"660\" height=\"422\" class=\"size-full wp-image-39052\" srcset=\"https:\/\/blog.sub.uni-hamburg.de\/wp-content\/uploads\/2024\/10\/Linga-Ausstellung-739-8-Ofrenda.jpg 660w, https:\/\/blog.sub.uni-hamburg.de\/wp-content\/uploads\/2024\/10\/Linga-Ausstellung-739-8-Ofrenda-300x192.jpg 300w, https:\/\/blog.sub.uni-hamburg.de\/wp-content\/uploads\/2024\/10\/Linga-Ausstellung-739-8-Ofrenda-150x96.jpg 150w\" sizes=\"auto, (max-width: 660px) 100vw, 660px\" \/><\/a><p id=\"caption-attachment-39052\" class=\"wp-caption-text\">Ofrenda f\u00fcr die Familie Linga zur Jubil\u00e4umsausstellung 2007<\/p><\/div>\n<p><strong> Ein Ort des Gedenkens und der Begegnung<\/strong><\/p>\n<p>Unser Thementisch zum <em>D\u00eda de Muertos<\/em> l\u00e4dt dazu ein, sich mit einer einzigartigen Tradition auseinanderzusetzen, die das Leben feiert, w\u00e4hrend sie gleichzeitig den Verstorbenen gedenkt. Es ist ein Ort, der zum Nachdenken \u00fcber die eigene Verg\u00e4nglichkeit anregt und den Wert der Erinnerung in den Vordergrund stellt. Zugleich ist es eine Gelegenheit, die kulturelle Vielfalt Mexikos kennenzulernen und die Sch\u00f6nheit dieser Tradition zu erleben.<\/p>\n<p>Besuchen Sie uns <strong>vom 04. bis zum 28. November<\/strong> w\u00e4hrend unserer \u00d6ffnungszeiten in der <a href=\"https:\/\/www.sub.uni-hamburg.de\/sammlungen\/linga-bibliothek.html\">Linga-Bibliothek<\/a> im Altbau der Stabi und lassen Sie sich inspirieren, entdecken Sie neue Perspektiven und feiern Sie mit uns den <em>D\u00eda de Muertos<\/em> \u2013 ein Fest des Lebens, der Liebe und der Erinnerung.<\/p>\n","protected":false},"excerpt":{"rendered":"<p>Von Nina Blank (Linga-Bibliothek). Der D\u00eda de Muertos (Tag der Toten) ist eines der bekanntesten Feste Mexikos und wird jedes Jahr am 1. und 2. November gefeiert. Dieses farbenfrohe und bewegende Fest vereint Traditionen aus der vorspanischen Zeit mit christlichen Einfl\u00fcssen und ist ein Symbol f\u00fcr die Verbundenheit zwischen den Lebenden und den Toten. Unsere [&hellip;]<\/p>\n","protected":false},"author":38,"featured_media":0,"comment_status":"open","ping_status":"open","sticky":false,"template":"","format":"standard","meta":{"jetpack_post_was_ever_published":false,"_jetpack_newsletter_access":"","_jetpack_dont_email_post_to_subs":false,"_jetpack_newsletter_tier_id":0,"_jetpack_memberships_contains_paywalled_content":false,"_jetpack_memberships_contains_paid_content":false,"footnotes":"","jetpack_publicize_message":"","jetpack_publicize_feature_enabled":true,"jetpack_social_post_already_shared":true,"jetpack_social_options":{"image_generator_settings":{"template":"highway","default_image_id":0,"font":"","enabled":false},"version":2}},"categories":[1],"tags":[],"class_list":["post-39043","post","type-post","status-publish","format-standard","hentry","category-1"],"views":1328,"jetpack_publicize_connections":[],"jetpack_featured_media_url":"","jetpack_shortlink":"https:\/\/wp.me\/p7hfNR-a9J","jetpack-related-posts":[{"id":39731,"url":"https:\/\/blog.sub.uni-hamburg.de\/?p=39731","url_meta":{"origin":39043,"position":0},"title":"Cr\u00f3nicas de Indias in Originalausgaben der Linga-Bibliothek und ihre postkolonialen Lekt\u00fcren im FID Romanistik (11.-16.3.)","author":"Markus Trapp","date":"24-02-25","format":false,"excerpt":"11. M\u00e4rz bis 16. M\u00e4rz, Ausstellungsraum. Die Linga-Bibliothek f\u00fcr Lateinamerika-Forschung pr\u00e4sentiert anl\u00e4sslich des 24. Deutschen Hispanistiktags, der unter dem Motto \u201eTransfer und Hybridisierung\u201c parallel an der Universit\u00e4t Hamburg stattfindet, einige ihrer Sch\u00e4tze aus dem 16. Jahrhundert. Die ausgestellten Chroniken zeigen zeitgen\u00f6ssische Blicke der verschiedenen Beteiligten auf die \u201eBegegnung zweier Welten\u201c.\u2026","rel":"","context":"In &quot;Ausstellungen und Veranstaltungen&quot;","block_context":{"text":"Ausstellungen und Veranstaltungen","link":"https:\/\/blog.sub.uni-hamburg.de\/?cat=9"},"img":{"alt_text":"Plakat der Ausstellung 'Cr\u00f3nicas de Indias - Originale und Kontexte'","src":"https:\/\/i0.wp.com\/blog.sub.uni-hamburg.de\/wp-content\/uploads\/2025\/02\/cronicas-poster.jpg?resize=350%2C200&ssl=1","width":350,"height":200},"classes":[]},{"id":27147,"url":"https:\/\/blog.sub.uni-hamburg.de\/?p=27147","url_meta":{"origin":39043,"position":1},"title":"\u201cEl Antifaz. \u2018Tsch\u00fcss die Seele\u2019 \u2013 Die Verabschiedung\u201d (16.5.)","author":"Markus Trapp","date":"06-05-19","format":false,"excerpt":"Im Rahmen der Reihe \u00abMesoamerika im Film\u00bb wird der Dokumentarfilm \u201eNordwestmexiko, Sierra Tarahumara\u201c von Claus Deimel aus dem Jahr 2018 gezeigt. Die Tarahumara geh\u00f6ren zu den geschundensten V\u00f6lkern Mexikos und des indigenen Lateinamerikas. Kaum eine andere Gruppe sogenannter Indianer \u00fcberlebt derart friedlich und zugleich widerst\u00e4ndisch und ausgestattet mit so wenigen\u2026","rel":"","context":"In &quot;Ausstellungen und Veranstaltungen&quot;","block_context":{"text":"Ausstellungen und Veranstaltungen","link":"https:\/\/blog.sub.uni-hamburg.de\/?cat=9"},"img":{"alt_text":"El Antifaz (2018). Foto: Claus Deimel","src":"https:\/\/i0.wp.com\/blog.sub.uni-hamburg.de\/wp-content\/uploads\/2019\/05\/El_Antifaz_Claus_Deimel_2018.jpg?resize=350%2C200&ssl=1","width":350,"height":200,"srcset":"https:\/\/i0.wp.com\/blog.sub.uni-hamburg.de\/wp-content\/uploads\/2019\/05\/El_Antifaz_Claus_Deimel_2018.jpg?resize=350%2C200&ssl=1 1x, https:\/\/i0.wp.com\/blog.sub.uni-hamburg.de\/wp-content\/uploads\/2019\/05\/El_Antifaz_Claus_Deimel_2018.jpg?resize=525%2C300&ssl=1 1.5x"},"classes":[]},{"id":13265,"url":"https:\/\/blog.sub.uni-hamburg.de\/?p=13265","url_meta":{"origin":39043,"position":2},"title":"Im Schatten der Malinche: Die spanische Eroberung Mexikos (19.12.)","author":"Markus Trapp","date":"06-12-13","format":false,"excerpt":"Dr. Claudine Hartau (Universit\u00e4t Hamburg): Im Schatten der Malinche: Die spanische Eroberung Mexikos Update \u2013 Vortrag zum Nachschauen auf Lecture2go: Die Eroberung des aztekischen Reiches 1519 durch den Spanier Hernando Cort\u00e9s gilt als eins der spektakul\u00e4rsten Ereignisse der Weltgeschichte. Wie konnte es Cort\u00e9s mit anf\u00e4nglich nur 500 spanischen Soldaten gelingen,\u2026","rel":"","context":"In &quot;Ausstellungen und Veranstaltungen&quot;","block_context":{"text":"Ausstellungen und Veranstaltungen","link":"https:\/\/blog.sub.uni-hamburg.de\/?cat=9"},"img":{"alt_text":"","src":"https:\/\/i0.wp.com\/blog.sub.uni-hamburg.de\/wp-content\/uploads\/2013\/11\/Mesoam-Eroberung_Azteken.jpg?resize=350%2C200&ssl=1","width":350,"height":200,"srcset":"https:\/\/i0.wp.com\/blog.sub.uni-hamburg.de\/wp-content\/uploads\/2013\/11\/Mesoam-Eroberung_Azteken.jpg?resize=350%2C200&ssl=1 1x, https:\/\/i0.wp.com\/blog.sub.uni-hamburg.de\/wp-content\/uploads\/2013\/11\/Mesoam-Eroberung_Azteken.jpg?resize=525%2C300&ssl=1 1.5x"},"classes":[]},{"id":21942,"url":"https:\/\/blog.sub.uni-hamburg.de\/?p=21942","url_meta":{"origin":39043,"position":3},"title":"Das Tagebuch von Heinrich Witt [1799-1892] (26.1.)","author":"Markus Trapp","date":"09-01-17","format":false,"excerpt":"Das Tagebuch von Heinrich Witt ist das umfangreichste in Lateinamerika verfasste Tagebuch, welches heute bekannt ist. Es stammt von einem Altonaer Kaufmann, der \u00fcber London nach Peru auswanderte und dort ein riesiges Verm\u00f6gen erwarb. Es dokumentiert in zehn B\u00e4nden Witts Kindheit und Jugend in Altona, seine Auswanderung, sein Leben in\u2026","rel":"","context":"In &quot;Ausstellungen und Veranstaltungen&quot;","block_context":{"text":"Ausstellungen und Veranstaltungen","link":"https:\/\/blog.sub.uni-hamburg.de\/?cat=9"},"img":{"alt_text":"","src":"https:\/\/i0.wp.com\/blog.sub.uni-hamburg.de\/wp-content\/uploads\/2017\/01\/heinrichwitt-veranda.jpg?resize=350%2C200&ssl=1","width":350,"height":200,"srcset":"https:\/\/i0.wp.com\/blog.sub.uni-hamburg.de\/wp-content\/uploads\/2017\/01\/heinrichwitt-veranda.jpg?resize=350%2C200&ssl=1 1x, https:\/\/i0.wp.com\/blog.sub.uni-hamburg.de\/wp-content\/uploads\/2017\/01\/heinrichwitt-veranda.jpg?resize=525%2C300&ssl=1 1.5x"},"classes":[]},{"id":26067,"url":"https:\/\/blog.sub.uni-hamburg.de\/?p=26067","url_meta":{"origin":39043,"position":4},"title":"&#8220;It\u00b4s always the sun&#8221; oder wie ein Stein die Runde macht (8.11.)","author":"Markus Trapp","date":"26-10-18","format":false,"excerpt":"Vortrag von Christian Br\u00fcckner. \"Piedra del Sol\" oder \"Aztekischer Kalenderstein\" wird der tonnenschwere Monolith genannt, der 1790 bei Bauarbeiten in Mexiko-Stadt entdeckt wurde. Als ein imposanter Beweis aztekischer Steinmetzkunst mit einer hoch komplexen Ikonographie bietet der Stein Einblicke in die religi\u00f6s-kosmologischen Vorstellungen aus vorspanischer Zeit. Doch auch die Zweitverwendung als\u2026","rel":"","context":"In &quot;Ausstellungen und Veranstaltungen&quot;","block_context":{"text":"Ausstellungen und Veranstaltungen","link":"https:\/\/blog.sub.uni-hamburg.de\/?cat=9"},"img":{"alt_text":"","src":"https:\/\/i0.wp.com\/blog.sub.uni-hamburg.de\/wp-content\/uploads\/2018\/10\/08-11-18-mesos-La_Piedra_del_Sol.jpg?resize=350%2C200&ssl=1","width":350,"height":200,"srcset":"https:\/\/i0.wp.com\/blog.sub.uni-hamburg.de\/wp-content\/uploads\/2018\/10\/08-11-18-mesos-La_Piedra_del_Sol.jpg?resize=350%2C200&ssl=1 1x, https:\/\/i0.wp.com\/blog.sub.uni-hamburg.de\/wp-content\/uploads\/2018\/10\/08-11-18-mesos-La_Piedra_del_Sol.jpg?resize=525%2C300&ssl=1 1.5x"},"classes":[]},{"id":26794,"url":"https:\/\/blog.sub.uni-hamburg.de\/?p=26794","url_meta":{"origin":39043,"position":5},"title":"Ausstellung: Licht ins Dunkel! (4.4.-23.6.)","author":"Markus Trapp","date":"19-03-19","format":false,"excerpt":"Die Diasammlung des Kunstgeschichtlichen Seminars im Kontext der Zeit. Dauer: 4. April bis 23. Juni 2019. Brosch\u00fcre zur Ausstellung. [Update:] F\u00fchrung durch die Ausstellung \u201eLicht ins Dunkel! Die Diasammlung des Kunstgeschichtlichen Seminars\u201c durch die Kuratorin Dr. Anke Napp am Mittwoch, den 12. Juni 2019, von 14 - 15 Uhr. [Ende\u2026","rel":"","context":"In &quot;Ausstellungen und Veranstaltungen&quot;","block_context":{"text":"Ausstellungen und Veranstaltungen","link":"https:\/\/blog.sub.uni-hamburg.de\/?cat=9"},"img":{"alt_text":"","src":"https:\/\/i0.wp.com\/blog.sub.uni-hamburg.de\/wp-content\/uploads\/2019\/03\/fuehrung-ausstellung-lichtinsdunkel-kl.jpg?resize=350%2C200&ssl=1","width":350,"height":200},"classes":[]}],"jetpack_sharing_enabled":true,"_links":{"self":[{"href":"https:\/\/blog.sub.uni-hamburg.de\/index.php?rest_route=\/wp\/v2\/posts\/39043","targetHints":{"allow":["GET"]}}],"collection":[{"href":"https:\/\/blog.sub.uni-hamburg.de\/index.php?rest_route=\/wp\/v2\/posts"}],"about":[{"href":"https:\/\/blog.sub.uni-hamburg.de\/index.php?rest_route=\/wp\/v2\/types\/post"}],"author":[{"embeddable":true,"href":"https:\/\/blog.sub.uni-hamburg.de\/index.php?rest_route=\/wp\/v2\/users\/38"}],"replies":[{"embeddable":true,"href":"https:\/\/blog.sub.uni-hamburg.de\/index.php?rest_route=%2Fwp%2Fv2%2Fcomments&post=39043"}],"version-history":[{"count":16,"href":"https:\/\/blog.sub.uni-hamburg.de\/index.php?rest_route=\/wp\/v2\/posts\/39043\/revisions"}],"predecessor-version":[{"id":39082,"href":"https:\/\/blog.sub.uni-hamburg.de\/index.php?rest_route=\/wp\/v2\/posts\/39043\/revisions\/39082"}],"wp:attachment":[{"href":"https:\/\/blog.sub.uni-hamburg.de\/index.php?rest_route=%2Fwp%2Fv2%2Fmedia&parent=39043"}],"wp:term":[{"taxonomy":"category","embeddable":true,"href":"https:\/\/blog.sub.uni-hamburg.de\/index.php?rest_route=%2Fwp%2Fv2%2Fcategories&post=39043"},{"taxonomy":"post_tag","embeddable":true,"href":"https:\/\/blog.sub.uni-hamburg.de\/index.php?rest_route=%2Fwp%2Fv2%2Ftags&post=39043"}],"curies":[{"name":"wp","href":"https:\/\/api.w.org\/{rel}","templated":true}]}}