{"id":38924,"date":"2024-10-16T07:51:49","date_gmt":"2024-10-16T05:51:49","guid":{"rendered":"https:\/\/blog.sub.uni-hamburg.de\/?p=38924"},"modified":"2024-10-29T07:55:19","modified_gmt":"2024-10-29T06:55:19","slug":"buchvorstellung-1948-der-erste-arabisch-israelische-krieg-von-benny-morris-28-10","status":"publish","type":"post","link":"https:\/\/blog.sub.uni-hamburg.de\/?p=38924","title":{"rendered":"Buchvorstellung: \u00bb1948. Der erste arabisch-israelische Krieg\u00ab von Benny Morris (28.10.)"},"content":{"rendered":"<p><strong>Montag, 28. Oktober 2024, 19 Uhr, Lichthof.<\/strong><\/p>\n<p><a href=\"https:\/\/blog.sub.uni-hamburg.de\/wp-content\/uploads\/2024\/10\/MORRIS_Instagram.jpeg\"><img loading=\"lazy\" decoding=\"async\" data-attachment-id=\"38925\" data-permalink=\"https:\/\/blog.sub.uni-hamburg.de\/?attachment_id=38925\" data-orig-file=\"https:\/\/blog.sub.uni-hamburg.de\/wp-content\/uploads\/2024\/10\/MORRIS_Instagram.jpeg\" data-orig-size=\"960,960\" data-comments-opened=\"1\" data-image-meta=\"{&quot;aperture&quot;:&quot;0&quot;,&quot;credit&quot;:&quot;&quot;,&quot;camera&quot;:&quot;&quot;,&quot;caption&quot;:&quot;&quot;,&quot;created_timestamp&quot;:&quot;0&quot;,&quot;copyright&quot;:&quot;&quot;,&quot;focal_length&quot;:&quot;0&quot;,&quot;iso&quot;:&quot;0&quot;,&quot;shutter_speed&quot;:&quot;0&quot;,&quot;title&quot;:&quot;&quot;,&quot;orientation&quot;:&quot;0&quot;}\" data-image-title=\"\u00bb1948. Der erste arabisch-israelische Krieg\u00ab\" data-image-description=\"&lt;p&gt;\u00bb1948. Der erste arabisch-israelische Krieg\u00ab&lt;\/p&gt;\n\" data-image-caption=\"\" data-large-file=\"https:\/\/blog.sub.uni-hamburg.de\/wp-content\/uploads\/2024\/10\/MORRIS_Instagram.jpeg\" src=\"https:\/\/blog.sub.uni-hamburg.de\/wp-content\/uploads\/2024\/10\/MORRIS_Instagram-300x300.jpeg\" alt=\"\u00bb1948. Der erste arabisch-israelische Krieg\u00ab\" width=\"300\" height=\"300\" class=\"alignright size-medium wp-image-38925\" srcset=\"https:\/\/blog.sub.uni-hamburg.de\/wp-content\/uploads\/2024\/10\/MORRIS_Instagram-300x300.jpeg 300w, https:\/\/blog.sub.uni-hamburg.de\/wp-content\/uploads\/2024\/10\/MORRIS_Instagram-150x150.jpeg 150w, https:\/\/blog.sub.uni-hamburg.de\/wp-content\/uploads\/2024\/10\/MORRIS_Instagram-768x768.jpeg 768w, https:\/\/blog.sub.uni-hamburg.de\/wp-content\/uploads\/2024\/10\/MORRIS_Instagram.jpeg 960w\" sizes=\"auto, (max-width: 300px) 100vw, 300px\" \/><\/a> Mit seinem Buch \u00bb1948. Der erste arabisch-israelische Krieg\u00ab legte <strong>Benny Morris<\/strong> 2008 ein Standardwerk \u00fcber die K\u00e4mpfe rund um die israelische Staatsgr\u00fcndung vor. Der Autor untersucht darin detailliert Teilungspl\u00e4ne, Truppenbewegungen, Kampfhandlungen und Frontverl\u00e4ufe. Anders als antizionistische \u00bbNew Historians\u00ab wie sein einstiger Weggef\u00e4hrte und Kollege Ilan Papp\u00e9 ergreift er dabei keine Partei. \u00bb1948\u00ab macht deutlich, dass der Nahostkonflikt von Beginn an mitnichten lediglich aus zwei Seiten mit einer territorialen Interessenkollision bestand, sondern darin eine Vielzahl involvierter Staaten ihre je eigene Agenda verfolgten, von \u00c4gypten, Jordanien, dem Libanon, Syrien bis hin zum Irak, von der ehemaligen Mandatsmacht Gro\u00dfbritannien bis zur geostrategischen Politik in der Region durch USA und Sowjetunion \u2013 Konstellationen, die ihre Schatten teilweise bis in die Gegenwart werfen.<br \/>\n<!--more--><\/p>\n<p>Ein Abend \u00fcber das 2023 bei <a href=\"https:\/\/www.hentrichhentrich.de\/buch-1948.html\">Hentrich &#038; Hentrich<\/a> erstmals in deutscher Sprache erschienene Buch von Benny Morris.<\/p>\n<p>Auf dem Podium: <strong>Johannes Bruns<\/strong> und <strong>Peter Kathmann<\/strong> (\u00dcbersetzer des Buchs) sowie <strong>Andreas Stahl<\/strong> (Historiker)<\/p>\n<p>Montag, 28. Oktober 2024, 19 Uhr<br \/>\nStaats- und Universit\u00e4tsbibliothek Hamburg, Lichthof<br \/>\nEingang Edmund-Siemers-Allee \/ Ecke Grindelallee<\/p>\n<p>Eine Veranstaltung der <a href=\"https:\/\/hamburg.deutsch-israelische-gesellschaft.de\/termin\/28-10-1948-der-erste-arabisch-israelische-krieg-von-benny-morris\/\">Deutsch-Israelischen Gesellschaft e.V.<\/a> Anmeldung ist erforderlich unter <a href=\"mailto:kontakt@dighamburg.de\">kontakt@dighamburg.de<\/a>.<\/p>\n","protected":false},"excerpt":{"rendered":"<p>Montag, 28. Oktober 2024, 19 Uhr, Lichthof. Mit seinem Buch \u00bb1948. Der erste arabisch-israelische Krieg\u00ab legte Benny Morris 2008 ein Standardwerk \u00fcber die K\u00e4mpfe rund um die israelische Staatsgr\u00fcndung vor. Der Autor untersucht darin detailliert Teilungspl\u00e4ne, Truppenbewegungen, Kampfhandlungen und Frontverl\u00e4ufe. Anders als antizionistische \u00bbNew Historians\u00ab wie sein einstiger Weggef\u00e4hrte und Kollege Ilan Papp\u00e9 ergreift er [&hellip;]<\/p>\n","protected":false},"author":19,"featured_media":0,"comment_status":"open","ping_status":"open","sticky":false,"template":"","format":"standard","meta":{"jetpack_post_was_ever_published":false,"_jetpack_newsletter_access":"","_jetpack_dont_email_post_to_subs":false,"_jetpack_newsletter_tier_id":0,"_jetpack_memberships_contains_paywalled_content":false,"_jetpack_memberships_contains_paid_content":false,"footnotes":"","jetpack_publicize_message":"","jetpack_publicize_feature_enabled":true,"jetpack_social_post_already_shared":true,"jetpack_social_options":{"image_generator_settings":{"template":"highway","default_image_id":0,"font":"","enabled":false},"version":2}},"categories":[9],"tags":[],"class_list":["post-38924","post","type-post","status-publish","format-standard","hentry","category-ausstellungen"],"views":1090,"jetpack_publicize_connections":[],"jetpack_featured_media_url":"","jetpack_shortlink":"https:\/\/wp.me\/p7hfNR-a7O","jetpack-related-posts":[{"id":6075,"url":"https:\/\/blog.sub.uni-hamburg.de\/?p=6075","url_meta":{"origin":38924,"position":0},"title":"Buchvorstellung: Israel \u2013 Einf\u00fchrung in ein schwieriges Land (18.10., 19 Uhr)","author":"MG","date":"12-10-11","format":false,"excerpt":"Buchvorstellung und Diskussion mit dem Autor Carlo Strenger Di. 18.10.2011, 19 \u2013 21 Uhr Staats- und Universit\u00e4tsbibliothek Hamburg, Von-Melle-Park 3, 20146 Hamburg, Vortragsraum 1. Etage Eine Veranstaltung von umdenken Heinrich-B\u00f6ll-Stiftung Hamburg e.V. Eintritt frei Staat der Juden, Land der R\u00e4tsel: Eine hochmoderne Gesellschaft mit einer lebensfreudigen, liberalen Kultur, geht Israel\u2026","rel":"","context":"In &quot;Aktuelles&quot;","block_context":{"text":"Aktuelles","link":"https:\/\/blog.sub.uni-hamburg.de\/?cat=1"},"img":{"alt_text":"Foto von Carlo Strenger, Fotograf Ofer Chen","src":"https:\/\/i0.wp.com\/blog.sub.uni-hamburg.de\/wp-content\/uploads\/2011\/10\/11-Carlo-Strenger-300x203.jpg?resize=350%2C200&ssl=1","width":350,"height":200},"classes":[]},{"id":2887,"url":"https:\/\/blog.sub.uni-hamburg.de\/?p=2887","url_meta":{"origin":38924,"position":1},"title":"Alberto Manguel stellt &#8220;Alle Menschen l\u00fcgen&#8221; vor (15.9., 19 Uhr)","author":"MG","date":"17-08-10","format":false,"excerpt":"Lesung mit Alberto Manguel: \u201eAlle Menschen l\u00fcgen\u201c Zur Premiere des Romans \u00bbAlle Menschen l\u00fcgen\u00ab von Alberto Manguel laden der S. Fischer Verlag, die Staats- und Universit\u00e4tsbibliothek Hamburg Carl von Ossietzky und das Antiquariat Reinhold Pabel ein:\u00a0 Hans J\u00fcrgen Balmes (S. Fischer Verlag) im Dialog mit Alberto Manguel und Lesung aus\u2026","rel":"","context":"In &quot;Ausstellungen und Veranstaltungen&quot;","block_context":{"text":"Ausstellungen und Veranstaltungen","link":"https:\/\/blog.sub.uni-hamburg.de\/?cat=9"},"img":{"alt_text":"Alberto Manguel","src":"https:\/\/i0.wp.com\/blog.sub.uni-hamburg.de\/wp-content\/uploads\/2010\/08\/albertomanguel.jpg?resize=350%2C200&ssl=1","width":350,"height":200},"classes":[]},{"id":40733,"url":"https:\/\/blog.sub.uni-hamburg.de\/?p=40733","url_meta":{"origin":38924,"position":2},"title":"Film und Gespr\u00e4ch: Nahkritik in Zeiten des Zusammenbruchs (10.9.)","author":"Markus Trapp","date":"08-09-25","format":false,"excerpt":"Mittwoch, 10.09.2025, um 19:00 Uhr im Vortragsraum. Eine Veranstaltung der Galerie der abseitigen K\u00fcnste in Kooperation mit teorema e.V. Filmvorf\u00fchrung und Reflexion zu der Frage nach den Auswirkungen des 7. Oktober und des Gaza-Kriegs \u00bbNacht, schlaflose wei\u00dfe Nacht \u2013 so das Desaster, diese Nacht, der die Dunkelheit fehlt, ohne dass\u2026","rel":"","context":"In &quot;Ausstellungen und Veranstaltungen&quot;","block_context":{"text":"Ausstellungen und Veranstaltungen","link":"https:\/\/blog.sub.uni-hamburg.de\/?cat=9"},"img":{"alt_text":"Filmstill: The Cinema of the Men Who Say No","src":"https:\/\/i0.wp.com\/blog.sub.uni-hamburg.de\/wp-content\/uploads\/2025\/09\/cinema-men-10-09-2025-300x188.jpg?resize=350%2C200&ssl=1","width":350,"height":200},"classes":[]},{"id":40753,"url":"https:\/\/blog.sub.uni-hamburg.de\/?p=40753","url_meta":{"origin":38924,"position":3},"title":"Das Land, das ich dir zeigen will: Lesung mit Sara Klatt (16.9.)","author":"Markus Trapp","date":"11-09-25","format":false,"excerpt":"Dienstag, 16. September 2025, 19 - 21 Uhr, Vortragsraum. Israel ist voller Gegens\u00e4tze \u2013 und genau darin liegt seine Faszination. In ihrem Deb\u00fctroman Das Land, das ich dir zeigen will verbindet die Hamburger Autorin und Fotografin Sara Klatt eigene Erfahrungen mit den Geschichten ihres Vaters und Gro\u00dfvaters. Entstanden ist ein\u2026","rel":"","context":"In &quot;Ausstellungen und Veranstaltungen&quot;","block_context":{"text":"Ausstellungen und Veranstaltungen","link":"https:\/\/blog.sub.uni-hamburg.de\/?cat=9"},"img":{"alt_text":"Das Land, das ich dir Zeigen will: Lesung mit Sara Klatt","src":"https:\/\/i0.wp.com\/blog.sub.uni-hamburg.de\/wp-content\/uploads\/2025\/09\/klatt.png?resize=350%2C200&ssl=1","width":350,"height":200,"srcset":"https:\/\/i0.wp.com\/blog.sub.uni-hamburg.de\/wp-content\/uploads\/2025\/09\/klatt.png?resize=350%2C200&ssl=1 1x, https:\/\/i0.wp.com\/blog.sub.uni-hamburg.de\/wp-content\/uploads\/2025\/09\/klatt.png?resize=525%2C300&ssl=1 1.5x"},"classes":[]},{"id":32986,"url":"https:\/\/blog.sub.uni-hamburg.de\/?p=32986","url_meta":{"origin":38924,"position":4},"title":"Vorank\u00fcndigung: Verfolgen und Aufkl\u00e4ren. Die erste Generation der Holocaustforschung","author":"Konstantin Ulmer","date":"04-04-22","format":false,"excerpt":"Aktuelle Informationen zur Ausstellung und zum Begleitprogramm finden Sie hier: Verfolgen und Aufkl\u00e4ren. Die erste Generation der Holocaustforschung Ausstellung vom 23. August \u2013 10. Oktober 2022 Lichthof der Staats- und Universit\u00e4tsbibliothek Hamburg Im Institut f\u00fcr Kriegsdokumentation in Amsterdam ordnet Louis de Jong Dokumente \u00fcber die deutsche Besatzung der Niederlande, 1950.\u2026","rel":"","context":"In &quot;Ausstellungen und Veranstaltungen&quot;","block_context":{"text":"Ausstellungen und Veranstaltungen","link":"https:\/\/blog.sub.uni-hamburg.de\/?cat=9"},"img":{"alt_text":"Louis de Jong","src":"https:\/\/i0.wp.com\/blog.sub.uni-hamburg.de\/wp-content\/uploads\/2022\/03\/Nationaal-Archief_Collection-Spaarnestad-Photo.jpg?resize=350%2C200&ssl=1","width":350,"height":200,"srcset":"https:\/\/i0.wp.com\/blog.sub.uni-hamburg.de\/wp-content\/uploads\/2022\/03\/Nationaal-Archief_Collection-Spaarnestad-Photo.jpg?resize=350%2C200&ssl=1 1x, https:\/\/i0.wp.com\/blog.sub.uni-hamburg.de\/wp-content\/uploads\/2022\/03\/Nationaal-Archief_Collection-Spaarnestad-Photo.jpg?resize=525%2C300&ssl=1 1.5x"},"classes":[]},{"id":39681,"url":"https:\/\/blog.sub.uni-hamburg.de\/?p=39681","url_meta":{"origin":38924,"position":5},"title":"Szenische Lesung: Tageb\u00fccher im Transit (25.2.)","author":"Markus Trapp","date":"07-02-25","format":false,"excerpt":"Dienstag, 25.2., 19 Uhr, Vortragsraum. Der Autor und Publizist Alfred Kantorowicz (1899\u20131979) dokumentierte ab 1933 sein Leben im Exil in Tageb\u00fcchern. W\u00e4hrend er 1936 Frankreich verlie\u00df, um im Spanischen B\u00fcrgerkrieg zu k\u00e4mpfen, hielt seine Freundin Frieda Wolf (1905\u20131968) ihre Erlebnisse in Paris ebenfalls im Tagebuch fest. Josefine Israel vom Schauspielhaus\u2026","rel":"","context":"In &quot;Ausstellungen und Veranstaltungen&quot;","block_context":{"text":"Ausstellungen und Veranstaltungen","link":"https:\/\/blog.sub.uni-hamburg.de\/?cat=9"},"img":{"alt_text":"","src":"https:\/\/i0.wp.com\/blog.sub.uni-hamburg.de\/wp-content\/uploads\/2025\/02\/2025-02-SzenischeLesung.jpg?resize=350%2C200&ssl=1","width":350,"height":200},"classes":[]}],"jetpack_sharing_enabled":true,"_links":{"self":[{"href":"https:\/\/blog.sub.uni-hamburg.de\/index.php?rest_route=\/wp\/v2\/posts\/38924","targetHints":{"allow":["GET"]}}],"collection":[{"href":"https:\/\/blog.sub.uni-hamburg.de\/index.php?rest_route=\/wp\/v2\/posts"}],"about":[{"href":"https:\/\/blog.sub.uni-hamburg.de\/index.php?rest_route=\/wp\/v2\/types\/post"}],"author":[{"embeddable":true,"href":"https:\/\/blog.sub.uni-hamburg.de\/index.php?rest_route=\/wp\/v2\/users\/19"}],"replies":[{"embeddable":true,"href":"https:\/\/blog.sub.uni-hamburg.de\/index.php?rest_route=%2Fwp%2Fv2%2Fcomments&post=38924"}],"version-history":[{"count":4,"href":"https:\/\/blog.sub.uni-hamburg.de\/index.php?rest_route=\/wp\/v2\/posts\/38924\/revisions"}],"predecessor-version":[{"id":38929,"href":"https:\/\/blog.sub.uni-hamburg.de\/index.php?rest_route=\/wp\/v2\/posts\/38924\/revisions\/38929"}],"wp:attachment":[{"href":"https:\/\/blog.sub.uni-hamburg.de\/index.php?rest_route=%2Fwp%2Fv2%2Fmedia&parent=38924"}],"wp:term":[{"taxonomy":"category","embeddable":true,"href":"https:\/\/blog.sub.uni-hamburg.de\/index.php?rest_route=%2Fwp%2Fv2%2Fcategories&post=38924"},{"taxonomy":"post_tag","embeddable":true,"href":"https:\/\/blog.sub.uni-hamburg.de\/index.php?rest_route=%2Fwp%2Fv2%2Ftags&post=38924"}],"curies":[{"name":"wp","href":"https:\/\/api.w.org\/{rel}","templated":true}]}}