{"id":38734,"date":"2024-10-01T16:21:35","date_gmt":"2024-10-01T14:21:35","guid":{"rendered":"https:\/\/blog.sub.uni-hamburg.de\/?p=38734"},"modified":"2024-10-15T09:48:40","modified_gmt":"2024-10-15T07:48:40","slug":"lesung-und-diskussion-das-ende-der-pressefreiheit-14-10","status":"publish","type":"post","link":"https:\/\/blog.sub.uni-hamburg.de\/?p=38734","title":{"rendered":"Lesung und Diskussion: \u201eDas Ende der Pressefreiheit\u201c (14.10.)"},"content":{"rendered":"<p><strong>Montag, 14.10., 19 Uhr, Lichthof<br \/>\nEin \u201eWeltb\u00fchne\u201c-Abend in der Hamburger Woche der Pressefreiheit.<\/strong><\/p>\n<p><a href=\"https:\/\/blog.sub.uni-hamburg.de\/wp-content\/uploads\/2024\/09\/lichthof-weltbuehne-gr.jpg\"><img loading=\"lazy\" decoding=\"async\" data-attachment-id=\"38732\" data-permalink=\"https:\/\/blog.sub.uni-hamburg.de\/?attachment_id=38732\" data-orig-file=\"https:\/\/blog.sub.uni-hamburg.de\/wp-content\/uploads\/2024\/09\/lichthof-weltbuehne.jpg\" data-orig-size=\"650,433\" data-comments-opened=\"1\" data-image-meta=\"{&quot;aperture&quot;:&quot;3.5&quot;,&quot;credit&quot;:&quot;&quot;,&quot;camera&quot;:&quot;Canon EOS 500D&quot;,&quot;caption&quot;:&quot;&quot;,&quot;created_timestamp&quot;:&quot;1385484588&quot;,&quot;copyright&quot;:&quot;&quot;,&quot;focal_length&quot;:&quot;10&quot;,&quot;iso&quot;:&quot;200&quot;,&quot;shutter_speed&quot;:&quot;0.076923076923077&quot;,&quot;title&quot;:&quot;&quot;,&quot;orientation&quot;:&quot;1&quot;}\" data-image-title=\"lichthof-weltbuehne\" data-image-description=\"\" data-image-caption=\"\" data-large-file=\"https:\/\/blog.sub.uni-hamburg.de\/wp-content\/uploads\/2024\/09\/lichthof-weltbuehne.jpg\" class=\"aligncenter size-full wp-image-38732\" title=\"Lichthof der Stabi Hamburg mit Titelbild einer Weltb\u00fchne-Ausgabe vom 12.03.1929\" src=\"https:\/\/blog.sub.uni-hamburg.de\/wp-content\/uploads\/2024\/09\/lichthof-weltbuehne.jpg\" alt=\"Lichthof der Stabi Hamburg mit Titelbild einer Weltb\u00fchne-Ausgabe vom 12.03.1929\" width=\"650\" height=\"433\" srcset=\"https:\/\/blog.sub.uni-hamburg.de\/wp-content\/uploads\/2024\/09\/lichthof-weltbuehne.jpg 650w, https:\/\/blog.sub.uni-hamburg.de\/wp-content\/uploads\/2024\/09\/lichthof-weltbuehne-300x200.jpg 300w, https:\/\/blog.sub.uni-hamburg.de\/wp-content\/uploads\/2024\/09\/lichthof-weltbuehne-150x100.jpg 150w\" sizes=\"auto, (max-width: 650px) 100vw, 650px\" \/><\/a><\/p>\n<p>Die Gleichschaltung der Medien, die die Nazis 1933 durchsetzten, zeichnete sich bereits in der Weimarer Republik \u00fcber viele Jahre hinweg ab. Carl von Ossietzky, Chefredakteur der legend\u00e4ren \u201eWeltb\u00fchne\u201c und Namensgeber der Staats- und Universit\u00e4tsbibliothek Hamburg, prognostizierte in einem Leitartikel bereits 1932 \u201eDas Ende der Pressefreiheit\u201c.<br \/>\n<!--more--><\/p>\n<p>Um das Bedrohungsszenario jener Jahre sp\u00fcrbar und begreifbar zu machen, lesen Rike Schmid und Damla Hekimo\u011flu nach einem Kurvortrag von Prof. Dr. Alexander Gallus (TU Chemnitz) aus \u201eWeltb\u00fchne\u201c-Texten zum Thema. Chris Drave begleitet den Abend musikalisch.<\/p>\n<p>Die Veranstaltung ist Teil der 2. Hamburger Woche der Pressefreiheit, einer Initiative der K\u00f6rber-Stiftung und der ZEIT STIFTUNG BUCERIUS, und findet als Kooperation der SUB und der Rudolf-Augstein-Stiftungsprofessur zur Praxis des Qualit\u00e4tsjournalismus (Prof. Dr. Volker Lilienthal) statt. Gef\u00f6rdert wird die Veranstaltung von der Bezirksversammlung Eimsb\u00fcttel. Der Eintritt ist frei, eine Anmeldung wird unter <a href=\"mailto:pr@sub.uni-hamburg.de\">pr@sub.uni-hamburg.de<\/a> erbeten. Eingang Edmund-Siemers-Allee\/Ecke Grindelallee.<\/p>\n","protected":false},"excerpt":{"rendered":"<p>Montag, 14.10., 19 Uhr, Lichthof Ein \u201eWeltb\u00fchne\u201c-Abend in der Hamburger Woche der Pressefreiheit. Die Gleichschaltung der Medien, die die Nazis 1933 durchsetzten, zeichnete sich bereits in der Weimarer Republik \u00fcber viele Jahre hinweg ab. Carl von Ossietzky, Chefredakteur der legend\u00e4ren \u201eWeltb\u00fchne\u201c und Namensgeber der Staats- und Universit\u00e4tsbibliothek Hamburg, prognostizierte in einem Leitartikel bereits 1932 \u201eDas [&hellip;]<\/p>\n","protected":false},"author":19,"featured_media":0,"comment_status":"open","ping_status":"open","sticky":false,"template":"","format":"standard","meta":{"jetpack_post_was_ever_published":false,"_jetpack_newsletter_access":"","_jetpack_dont_email_post_to_subs":false,"_jetpack_newsletter_tier_id":0,"_jetpack_memberships_contains_paywalled_content":false,"_jetpack_memberships_contains_paid_content":false,"footnotes":"","jetpack_publicize_message":"","jetpack_publicize_feature_enabled":true,"jetpack_social_post_already_shared":true,"jetpack_social_options":{"image_generator_settings":{"template":"highway","default_image_id":0,"font":"","enabled":false},"version":2}},"categories":[9],"tags":[],"class_list":["post-38734","post","type-post","status-publish","format-standard","hentry","category-ausstellungen"],"views":1534,"jetpack_publicize_connections":[],"jetpack_featured_media_url":"","jetpack_shortlink":"https:\/\/wp.me\/p7hfNR-a4K","jetpack-related-posts":[{"id":35685,"url":"https:\/\/blog.sub.uni-hamburg.de\/?p=35685","url_meta":{"origin":38734,"position":0},"title":"Lesung und Gespr\u00e4ch: Ossietzky, Whistleblower. Eine Veranstaltung zum Tag der Pressefreiheit (3.5.)","author":"Markus Trapp","date":"14-04-23","format":false,"excerpt":"Mittwoch, 3.5., 19 Uhr, Vortragsraum. Zum Internationalen Tag der Pressefreiheit l\u00e4dt die Staats- und Universit\u00e4tsbibliothek in Kooperation mit der Landeszentrale f\u00fcr politische Bildung zu einer Veranstaltung, die sich dem komplexen Thema Whistleblowing anhand eines prominenten historischen Beispiels n\u00e4hert: Carl von Ossietzky, Hamburger, Journalist, Schriftsteller und Pazifist, deckte 1929 in der\u2026","rel":"","context":"In &quot;Ausstellungen und Veranstaltungen&quot;","block_context":{"text":"Ausstellungen und Veranstaltungen","link":"https:\/\/blog.sub.uni-hamburg.de\/?cat=9"},"img":{"alt_text":"","src":"https:\/\/i0.wp.com\/blog.sub.uni-hamburg.de\/wp-content\/uploads\/2023\/04\/Ossietzky_Foto-gr.jpg?resize=350%2C200&ssl=1","width":350,"height":200,"srcset":"https:\/\/i0.wp.com\/blog.sub.uni-hamburg.de\/wp-content\/uploads\/2023\/04\/Ossietzky_Foto-gr.jpg?resize=350%2C200&ssl=1 1x, https:\/\/i0.wp.com\/blog.sub.uni-hamburg.de\/wp-content\/uploads\/2023\/04\/Ossietzky_Foto-gr.jpg?resize=525%2C300&ssl=1 1.5x, https:\/\/i0.wp.com\/blog.sub.uni-hamburg.de\/wp-content\/uploads\/2023\/04\/Ossietzky_Foto-gr.jpg?resize=700%2C400&ssl=1 2x"},"classes":[]},{"id":37985,"url":"https:\/\/blog.sub.uni-hamburg.de\/?p=37985","url_meta":{"origin":38734,"position":1},"title":"Offene Lesung aus verbrannten B\u00fcchern: Carl von Ossietzky und die \u201eWeltb\u00fchne\u201c (3.5.)","author":"Markus Trapp","date":"22-04-24","format":false,"excerpt":"Freitag, 3.5., 14 bis 17 Uhr, Vorplatz der Stabi. In Gedenken an und Gegnerschaft zur B\u00fccherverbrennung 1933, bei der die Werke humanistischer, j\u00fcdischer, sozialistischer und kommunistischer Autor:innen durch NS-Studierende in die Flammen geworfen wurden, wird am Tag der Befreiung Hamburgs, der zudem der Internationale Tag der Pressefreiheit ist, aus den\u2026","rel":"","context":"In &quot;Ausstellungen und Veranstaltungen&quot;","block_context":{"text":"Ausstellungen und Veranstaltungen","link":"https:\/\/blog.sub.uni-hamburg.de\/?cat=9"},"img":{"alt_text":"","src":"https:\/\/i0.wp.com\/blog.sub.uni-hamburg.de\/wp-content\/uploads\/2023\/05\/carl-von-ossietzky-revolution-259x300.jpg?resize=350%2C200&ssl=1","width":350,"height":200},"classes":[]},{"id":42383,"url":"https:\/\/blog.sub.uni-hamburg.de\/?p=42383","url_meta":{"origin":38734,"position":2},"title":"Diskussion: The Algorithm is the Message. Die unsichtbare Grenze der Pressefreiheit (4.5.)","author":"Markus Trapp","date":"20-04-26","format":false,"excerpt":"Montag, 4.5., 19 Uhr, Vortragsraum. Algorithmen steuern, was wir sehen, lesen, glauben. Doch was passiert, wenn Klickraten und Watchtime zur unsichtbaren Redaktionsleitung werden? Die Veranstaltung r\u00fcckt die stille, gef\u00e4hrliche Bedrohung f\u00fcr die Freiheit des Journalismus ins Licht: den vorauseilenden Gehorsam gegen\u00fcber dem Code. Die Moderatorin Felicia Holtkamp, Chefredakteurin von GENZ,\u2026","rel":"","context":"In &quot;Ausstellungen und Veranstaltungen&quot;","block_context":{"text":"Ausstellungen und Veranstaltungen","link":"https:\/\/blog.sub.uni-hamburg.de\/?cat=9"},"img":{"alt_text":"","src":"https:\/\/i0.wp.com\/blog.sub.uni-hamburg.de\/wp-content\/uploads\/2026\/04\/The_Algorithm_is_the_Message.jpg?resize=350%2C200&ssl=1","width":350,"height":200},"classes":[]},{"id":36422,"url":"https:\/\/blog.sub.uni-hamburg.de\/?p=36422","url_meta":{"origin":38734,"position":3},"title":"Diskussion: Was bedeutet journalistische Qualit\u00e4t? (13.9.)","author":"Markus Trapp","date":"24-08-23","format":false,"excerpt":"Mittwoch, 13.9., 19 Uhr, Vortragsraum. Journalismus steht unter Druck: Trolle und Bots polarisieren und verbreiten Falschmeldungen. Nutzen bald alle eigene, alternative Fakten? Kann Journalismus mit verl\u00e4sslichen Informationen noch dagegenhalten? Wie kann er das notwendige Vertrauen (zur\u00fcck)gewinnen und welche Erwartungen bestehen an eine freie Presse? Diese und weitere Fragen diskutieren die\u2026","rel":"","context":"In &quot;Ausstellungen und Veranstaltungen&quot;","block_context":{"text":"Ausstellungen und Veranstaltungen","link":"https:\/\/blog.sub.uni-hamburg.de\/?cat=9"},"img":{"alt_text":"","src":"https:\/\/i0.wp.com\/blog.sub.uni-hamburg.de\/wp-content\/uploads\/2023\/08\/Diskussion-Journalismus-Foto-Claudia-Hoehne.jpg?resize=350%2C200&ssl=1","width":350,"height":200,"srcset":"https:\/\/i0.wp.com\/blog.sub.uni-hamburg.de\/wp-content\/uploads\/2023\/08\/Diskussion-Journalismus-Foto-Claudia-Hoehne.jpg?resize=350%2C200&ssl=1 1x, https:\/\/i0.wp.com\/blog.sub.uni-hamburg.de\/wp-content\/uploads\/2023\/08\/Diskussion-Journalismus-Foto-Claudia-Hoehne.jpg?resize=525%2C300&ssl=1 1.5x"},"classes":[]},{"id":40064,"url":"https:\/\/blog.sub.uni-hamburg.de\/?p=40064","url_meta":{"origin":38734,"position":4},"title":"Lesung und Diskussion: Konflikte und Kriege. Was ist der Beitrag des Journalismus? (29.4.)","author":"Markus Trapp","date":"11-04-25","format":false,"excerpt":"Dienstag, 29.4., 19 Uhr, Vortragsraum. Die Journalist:innen Anna Albrecht, Stefan Niemann und Christian Schweppe geben Einblicke in ihre Arbeit und sprechen mit dem Moderator J\u00f6rg Sadrozinski \u00fcber die Herausforderungen der Kriegsberichterstattung und die Rolle der Medien in Krisenzeiten. Wie pr\u00e4gen Berichte unsere Sicht auf Konflikte, und welche Verantwortung tragen die\u2026","rel":"","context":"In &quot;Ausstellungen und Veranstaltungen&quot;","block_context":{"text":"Ausstellungen und Veranstaltungen","link":"https:\/\/blog.sub.uni-hamburg.de\/?cat=9"},"img":{"alt_text":"Verein Journalismus macht Schule","src":"https:\/\/i0.wp.com\/blog.sub.uni-hamburg.de\/wp-content\/uploads\/2025\/04\/JmS_Logo.png?resize=350%2C200&ssl=1","width":350,"height":200},"classes":[]},{"id":13669,"url":"https:\/\/blog.sub.uni-hamburg.de\/?p=13669","url_meta":{"origin":38734,"position":5},"title":"Wie geht es weiter in der Ukraine? (11.2.)","author":"Markus Trapp","date":"27-01-14","format":false,"excerpt":"Eine Veranstaltung der Friedrich Naumann-Stiftung: Wie geht es weiter in der Ukraine? Demonstrationen und Konfrontationen - Ein ukrainischer Journalist berichtet. Dienstag, 11.02.2014, 19 bis 21 Uhr in Hamburg, Vortragsraum (1. Etage) Foto: Dmitry A. Mottl (Wikipedia, CC BY-SA 3.0) Impulsreferat: \u201eDas Assoziierungsabkommen - was beinhaltet es und was kann sich\u2026","rel":"","context":"In &quot;Ausstellungen und Veranstaltungen&quot;","block_context":{"text":"Ausstellungen und Veranstaltungen","link":"https:\/\/blog.sub.uni-hamburg.de\/?cat=9"},"img":{"alt_text":"Kiew","src":"https:\/\/i0.wp.com\/blog.sub.uni-hamburg.de\/wp-content\/uploads\/2014\/01\/kiew.jpg?resize=350%2C200&ssl=1","width":350,"height":200,"srcset":"https:\/\/i0.wp.com\/blog.sub.uni-hamburg.de\/wp-content\/uploads\/2014\/01\/kiew.jpg?resize=350%2C200&ssl=1 1x, https:\/\/i0.wp.com\/blog.sub.uni-hamburg.de\/wp-content\/uploads\/2014\/01\/kiew.jpg?resize=525%2C300&ssl=1 1.5x"},"classes":[]}],"jetpack_sharing_enabled":true,"_links":{"self":[{"href":"https:\/\/blog.sub.uni-hamburg.de\/index.php?rest_route=\/wp\/v2\/posts\/38734","targetHints":{"allow":["GET"]}}],"collection":[{"href":"https:\/\/blog.sub.uni-hamburg.de\/index.php?rest_route=\/wp\/v2\/posts"}],"about":[{"href":"https:\/\/blog.sub.uni-hamburg.de\/index.php?rest_route=\/wp\/v2\/types\/post"}],"author":[{"embeddable":true,"href":"https:\/\/blog.sub.uni-hamburg.de\/index.php?rest_route=\/wp\/v2\/users\/19"}],"replies":[{"embeddable":true,"href":"https:\/\/blog.sub.uni-hamburg.de\/index.php?rest_route=%2Fwp%2Fv2%2Fcomments&post=38734"}],"version-history":[{"count":7,"href":"https:\/\/blog.sub.uni-hamburg.de\/index.php?rest_route=\/wp\/v2\/posts\/38734\/revisions"}],"predecessor-version":[{"id":38904,"href":"https:\/\/blog.sub.uni-hamburg.de\/index.php?rest_route=\/wp\/v2\/posts\/38734\/revisions\/38904"}],"wp:attachment":[{"href":"https:\/\/blog.sub.uni-hamburg.de\/index.php?rest_route=%2Fwp%2Fv2%2Fmedia&parent=38734"}],"wp:term":[{"taxonomy":"category","embeddable":true,"href":"https:\/\/blog.sub.uni-hamburg.de\/index.php?rest_route=%2Fwp%2Fv2%2Fcategories&post=38734"},{"taxonomy":"post_tag","embeddable":true,"href":"https:\/\/blog.sub.uni-hamburg.de\/index.php?rest_route=%2Fwp%2Fv2%2Ftags&post=38734"}],"curies":[{"name":"wp","href":"https:\/\/api.w.org\/{rel}","templated":true}]}}