{"id":38711,"date":"2024-09-16T13:52:32","date_gmt":"2024-09-16T11:52:32","guid":{"rendered":"https:\/\/blog.sub.uni-hamburg.de\/?p=38711"},"modified":"2024-10-01T23:07:37","modified_gmt":"2024-10-01T21:07:37","slug":"vorlesung-fuer-alle-die-stille-pandemie-was-passiert-wenn-das-antibiotikum-nicht-mehr-hilft-1-10","status":"publish","type":"post","link":"https:\/\/blog.sub.uni-hamburg.de\/?p=38711","title":{"rendered":"Vorlesung f\u00fcr alle: Die stille Pandemie: Was passiert, wenn das Antibiotikum nicht mehr hilft? (1.10.)"},"content":{"rendered":"<p><strong>Dienstag, 1.10., 19 bis 20 Uhr, Lichthof<br \/>\n<a href=\"https:\/\/www.chemie.uni-hamburg.de\/institute\/pha\/arbeitsgruppen\/maison\/personen\/maison-wolfgang.html\">Prof. Dr. Wolfgang Maison<\/a>.<\/strong><\/p>\n<p><a href=\"https:\/\/blog.sub.uni-hamburg.de\/wp-content\/uploads\/2024\/09\/lichthof-maison-gr.jpg\"><img loading=\"lazy\" decoding=\"async\" data-attachment-id=\"38713\" data-permalink=\"https:\/\/blog.sub.uni-hamburg.de\/?attachment_id=38713\" data-orig-file=\"https:\/\/blog.sub.uni-hamburg.de\/wp-content\/uploads\/2024\/09\/lichthof-maison.jpg\" data-orig-size=\"650,433\" data-comments-opened=\"1\" data-image-meta=\"{&quot;aperture&quot;:&quot;4&quot;,&quot;credit&quot;:&quot;&quot;,&quot;camera&quot;:&quot;Canon EOS 500D&quot;,&quot;caption&quot;:&quot;&quot;,&quot;created_timestamp&quot;:&quot;1385484882&quot;,&quot;copyright&quot;:&quot;&quot;,&quot;focal_length&quot;:&quot;10&quot;,&quot;iso&quot;:&quot;100&quot;,&quot;shutter_speed&quot;:&quot;0.02&quot;,&quot;title&quot;:&quot;&quot;,&quot;orientation&quot;:&quot;1&quot;}\" data-image-title=\"lichthof-maison\" data-image-description=\"\" data-image-caption=\"\" data-large-file=\"https:\/\/blog.sub.uni-hamburg.de\/wp-content\/uploads\/2024\/09\/lichthof-maison.jpg\" src=\"https:\/\/blog.sub.uni-hamburg.de\/wp-content\/uploads\/2024\/09\/lichthof-maison.jpg\" alt=\"Foto Wolfgang Maison, Copyright Thomas Lemcke\" title=\"Foto Wolfgang Maison, Copyright Thomas Lemcke\" width=\"650\" height=\"433\" class=\"aligncenter size-full wp-image-38713\" srcset=\"https:\/\/blog.sub.uni-hamburg.de\/wp-content\/uploads\/2024\/09\/lichthof-maison.jpg 650w, https:\/\/blog.sub.uni-hamburg.de\/wp-content\/uploads\/2024\/09\/lichthof-maison-300x200.jpg 300w, https:\/\/blog.sub.uni-hamburg.de\/wp-content\/uploads\/2024\/09\/lichthof-maison-150x100.jpg 150w\" sizes=\"auto, (max-width: 650px) 100vw, 650px\" \/><\/a><\/p>\n<p>Infektionskrankheiten, die durch sogenannte Krankenhauskeime entstehen, verursachen bereits seit Jahren eine weitgehend unbekannte stille Pandemie. Die Ursache liegt im zunehmenden Auftreten resistenter, das hei\u00dft durch Antibiotika nicht mehr therapierbarer, Bakterien. Woher kommen diese Krankheitserreger und warum sind sie kaum noch durch Arzneimittel zu bek\u00e4mpfen? Was sind m\u00f6gliche Strategien, um diesen Keimen zu begegnen? Der Vortrag beleuchtet den komplexen Mikrokosmos bakterieller Infektionen und stellt neue pharmazeutische L\u00f6sungsans\u00e4tze vor, die ohne Schimmel-Ex oder Antibiotika auskommen.<br \/>\n<!--more--><\/p>\n<p>Bei der <a href=\"https:\/\/www.uni-hamburg.de\/wissen-fuer-alle\/vorlesung-fuer-alle.html\">\u201eVorlesung f\u00fcr alle\u201c<\/a> halten Wissenschaftler:innen der Universit\u00e4t Hamburg Vortr\u00e4ge an ungew\u00f6hnlichen Orten in der Stadt. Im Anschluss an die Vorlesung hat das Publikum Gelegenheit, Fragen zu stellen und sich auszutauschen. <\/p>\n<p>Der Eintritt ist frei. Eine Anmeldung ist erforderlich unter: <a href=\"mailto:wissenfueralle@uni-hamburg.de\">wissenfueralle@uni-hamburg.de<\/a><\/p>\n","protected":false},"excerpt":{"rendered":"<p>Dienstag, 1.10., 19 bis 20 Uhr, Lichthof Prof. Dr. Wolfgang Maison. Infektionskrankheiten, die durch sogenannte Krankenhauskeime entstehen, verursachen bereits seit Jahren eine weitgehend unbekannte stille Pandemie. Die Ursache liegt im zunehmenden Auftreten resistenter, das hei\u00dft durch Antibiotika nicht mehr therapierbarer, Bakterien. Woher kommen diese Krankheitserreger und warum sind sie kaum noch durch Arzneimittel zu bek\u00e4mpfen? [&hellip;]<\/p>\n","protected":false},"author":19,"featured_media":0,"comment_status":"open","ping_status":"open","sticky":false,"template":"","format":"standard","meta":{"jetpack_post_was_ever_published":false,"_jetpack_newsletter_access":"","_jetpack_dont_email_post_to_subs":false,"_jetpack_newsletter_tier_id":0,"_jetpack_memberships_contains_paywalled_content":false,"_jetpack_memberships_contains_paid_content":false,"footnotes":"","jetpack_publicize_message":"","jetpack_publicize_feature_enabled":true,"jetpack_social_post_already_shared":true,"jetpack_social_options":{"image_generator_settings":{"template":"highway","default_image_id":0,"font":"","enabled":false},"version":2}},"categories":[9],"tags":[],"class_list":["post-38711","post","type-post","status-publish","format-standard","hentry","category-ausstellungen"],"views":1211,"jetpack_publicize_connections":[],"jetpack_featured_media_url":"","jetpack_shortlink":"https:\/\/wp.me\/p7hfNR-a4n","jetpack-related-posts":[{"id":30621,"url":"https:\/\/blog.sub.uni-hamburg.de\/?p=30621","url_meta":{"origin":38711,"position":0},"title":"Dank am Ende eines schwierigen Jahres","author":"Redaktion","date":"23-12-20","format":false,"excerpt":"Von Robert Zepf, Direktor der Staats- und Universit\u00e4tsbibliothek Hamburg. Das Jahr 2020 war f\u00fcr uns alle kein einfaches Jahr. Mit vereinten Kr\u00e4ften haben wir das Beste daraus gemacht und der Verbreitung von Covid 19 entgegengearbeitet. Ehe dieses pandemiegepr\u00e4gte Jahr nun zu Ende geht, m\u00f6chten wir allen von ganzem Herzen danken,\u2026","rel":"","context":"In &quot;Aktuelles&quot;","block_context":{"text":"Aktuelles","link":"https:\/\/blog.sub.uni-hamburg.de\/?cat=1"},"img":{"alt_text":"","src":"https:\/\/i0.wp.com\/blog.sub.uni-hamburg.de\/wp-content\/uploads\/2020\/12\/weihnachtstasche2020.jpg?resize=350%2C200&ssl=1","width":350,"height":200},"classes":[]},{"id":701,"url":"https:\/\/blog.sub.uni-hamburg.de\/?p=701","url_meta":{"origin":38711,"position":1},"title":"Mo, 1.10.: Mikroformen-Leseraum geschlossen","author":"ST","date":"26-09-07","format":false,"excerpt":"Die am 28.7.2007 begonnenen Arbeiten im Mikroformen-Leseraum finden nun mit den Malerarbeiten ihren Abschluss. Die Benutzung des Raums ist w\u00e4hrenddessen stark beeintr\u00e4chtig. Daher muss der Mikroformen-Leseraum am Montag, 1.10.2007 geschlossen bleiben. Bitte ber\u00fccksichtigen Sie dies bei Ihren Planungen.","rel":"","context":"In &quot;Aktuelles&quot;","block_context":{"text":"Aktuelles","link":"https:\/\/blog.sub.uni-hamburg.de\/?cat=1"},"img":{"alt_text":"","src":"","width":0,"height":0},"classes":[]},{"id":36496,"url":"https:\/\/blog.sub.uni-hamburg.de\/?p=36496","url_meta":{"origin":38711,"position":2},"title":"Pop-Up-Ausstellung: Wissenschaftscomics (29.9.-1.10.)","author":"Markus Trapp","date":"19-09-23","format":false,"excerpt":"29. September \u2013 1. Oktober, Informationszentrum. Gemeinsam mit Comic-K\u00fcnstler:innen haben die Young Academy Fellows der Akademie der Wissenschaften in Hamburg eine Reihe von Wissenschaftscomics erarbeitet. Die Themen kommen aus einer Vielfalt von Forschungsfeldern \u2013 von Psychologie und Soziologie, \u00fcber Rechts- und Politikwissenschaften bis zu Philosophie und Logik und vielen weiteren.\u2026","rel":"","context":"In &quot;Ausstellungen und Veranstaltungen&quot;","block_context":{"text":"Ausstellungen und Veranstaltungen","link":"https:\/\/blog.sub.uni-hamburg.de\/?cat=9"},"img":{"alt_text":"","src":"https:\/\/i0.wp.com\/blog.sub.uni-hamburg.de\/wp-content\/uploads\/2023\/09\/Wissenschaftscomics_Festival_2023-kl.jpg?resize=350%2C200&ssl=1","width":350,"height":200,"srcset":"https:\/\/i0.wp.com\/blog.sub.uni-hamburg.de\/wp-content\/uploads\/2023\/09\/Wissenschaftscomics_Festival_2023-kl.jpg?resize=350%2C200&ssl=1 1x, https:\/\/i0.wp.com\/blog.sub.uni-hamburg.de\/wp-content\/uploads\/2023\/09\/Wissenschaftscomics_Festival_2023-kl.jpg?resize=525%2C300&ssl=1 1.5x"},"classes":[]},{"id":23342,"url":"https:\/\/blog.sub.uni-hamburg.de\/?p=23342","url_meta":{"origin":38711,"position":3},"title":"Dialogischer Vortrag zum 20. Jubil\u00e4um des Vereins KO\u00cfNZI-DANCE (27.9.)","author":"Markus Trapp","date":"12-09-17","format":false,"excerpt":"Jean Weidt: \u201eDie Zelle\u201c (1947), Neuinzenierung: Nele Lipp 2016. T\u00e4nzer: Bogdan Bogdanov, Bella Boldt, Foto: Daniel Kulle. Eine Produktion von KO\u00cfNZI-DANCE e.V. \u00a0 \u00dcber das Fremde das Eigene begreifen. Auch wenn die Kunstgattungen heute einander viel offener gegen\u00fcberstehen, als noch vor zwanzig Jahren, ist der Bereich zwischen ihnen wenig pr\u00e4sent;\u2026","rel":"","context":"In &quot;Ausstellungen und Veranstaltungen&quot;","block_context":{"text":"Ausstellungen und Veranstaltungen","link":"https:\/\/blog.sub.uni-hamburg.de\/?cat=9"},"img":{"alt_text":"","src":"https:\/\/i0.wp.com\/blog.sub.uni-hamburg.de\/wp-content\/uploads\/2017\/09\/Koinzi-Affentanz.jpg?resize=350%2C200&ssl=1","width":350,"height":200,"srcset":"https:\/\/i0.wp.com\/blog.sub.uni-hamburg.de\/wp-content\/uploads\/2017\/09\/Koinzi-Affentanz.jpg?resize=350%2C200&ssl=1 1x, https:\/\/i0.wp.com\/blog.sub.uni-hamburg.de\/wp-content\/uploads\/2017\/09\/Koinzi-Affentanz.jpg?resize=525%2C300&ssl=1 1.5x"},"classes":[]},{"id":18254,"url":"https:\/\/blog.sub.uni-hamburg.de\/?p=18254","url_meta":{"origin":38711,"position":4},"title":"Erreger unter Superlupen \u2013 Aufbruch in unsichtbare Welten (7.9.)","author":"Markus Trapp","date":"14-08-15","format":false,"excerpt":"Ebola, Aids, Tuberkulose \u2013 Infektionskrankheiten z\u00e4hlen zu den TOP 3 der Todesursachen. St\u00e4ndig fordern Erreger uns heraus. Wie sehen sie aus? Wie passen sie sich neuen Umgebungen an? Wie gelangen sie in die Zellen? Welche Wege gibt es, die nat\u00fcrliche Abwehr des Menschen zu unterst\u00fctzen? Dar\u00fcber diskutieren auf Einladung des\u2026","rel":"","context":"In &quot;Ausstellungen und Veranstaltungen&quot;","block_context":{"text":"Ausstellungen und Veranstaltungen","link":"https:\/\/blog.sub.uni-hamburg.de\/?cat=9"},"img":{"alt_text":"Erreger unter Superlupen \u2013 Aufbruch in unsichtbare Welten","src":"https:\/\/i0.wp.com\/blog.sub.uni-hamburg.de\/wp-content\/uploads\/2015\/08\/15-DESY.jpg?resize=350%2C200&ssl=1","width":350,"height":200},"classes":[]},{"id":12781,"url":"https:\/\/blog.sub.uni-hamburg.de\/?p=12781","url_meta":{"origin":38711,"position":5},"title":"Serviceerweiterung &#8211; Ausleihzentrum ab 1.10.2013 l\u00e4nger ge\u00f6ffnet","author":"SH","date":"20-09-13","format":false,"excerpt":"Ab dem 1. Oktober 2013 weiten wir die \u00d6ffnungszeiten des Ausleihzentrums (ALZ) ganz erheblich um 18 Stunden in der Woche aus. Die neuen \u00d6ffnungszeiten sind: Mo - Fr 9 - 21 Uhr Sa 10 - 18 Uhr Was wird neu? Der Serviceplatz ist Mo-Fr von 9-19 Uhr und Sa von\u2026","rel":"","context":"In &quot;Aktuelles&quot;","block_context":{"text":"Aktuelles","link":"https:\/\/blog.sub.uni-hamburg.de\/?cat=1"},"img":{"alt_text":"9-uhr","src":"https:\/\/i0.wp.com\/blog.sub.uni-hamburg.de\/wp-content\/uploads\/2013\/09\/9-uhr1.jpg?resize=350%2C200&ssl=1","width":350,"height":200},"classes":[]}],"jetpack_sharing_enabled":true,"_links":{"self":[{"href":"https:\/\/blog.sub.uni-hamburg.de\/index.php?rest_route=\/wp\/v2\/posts\/38711","targetHints":{"allow":["GET"]}}],"collection":[{"href":"https:\/\/blog.sub.uni-hamburg.de\/index.php?rest_route=\/wp\/v2\/posts"}],"about":[{"href":"https:\/\/blog.sub.uni-hamburg.de\/index.php?rest_route=\/wp\/v2\/types\/post"}],"author":[{"embeddable":true,"href":"https:\/\/blog.sub.uni-hamburg.de\/index.php?rest_route=\/wp\/v2\/users\/19"}],"replies":[{"embeddable":true,"href":"https:\/\/blog.sub.uni-hamburg.de\/index.php?rest_route=%2Fwp%2Fv2%2Fcomments&post=38711"}],"version-history":[{"count":3,"href":"https:\/\/blog.sub.uni-hamburg.de\/index.php?rest_route=\/wp\/v2\/posts\/38711\/revisions"}],"predecessor-version":[{"id":38716,"href":"https:\/\/blog.sub.uni-hamburg.de\/index.php?rest_route=\/wp\/v2\/posts\/38711\/revisions\/38716"}],"wp:attachment":[{"href":"https:\/\/blog.sub.uni-hamburg.de\/index.php?rest_route=%2Fwp%2Fv2%2Fmedia&parent=38711"}],"wp:term":[{"taxonomy":"category","embeddable":true,"href":"https:\/\/blog.sub.uni-hamburg.de\/index.php?rest_route=%2Fwp%2Fv2%2Fcategories&post=38711"},{"taxonomy":"post_tag","embeddable":true,"href":"https:\/\/blog.sub.uni-hamburg.de\/index.php?rest_route=%2Fwp%2Fv2%2Ftags&post=38711"}],"curies":[{"name":"wp","href":"https:\/\/api.w.org\/{rel}","templated":true}]}}