{"id":38443,"date":"2024-07-15T13:21:57","date_gmt":"2024-07-15T11:21:57","guid":{"rendered":"https:\/\/blog.sub.uni-hamburg.de\/?p=38443"},"modified":"2024-11-04T10:53:35","modified_gmt":"2024-11-04T09:53:35","slug":"erweiterte-servicezeiten","status":"publish","type":"post","link":"https:\/\/blog.sub.uni-hamburg.de\/?p=38443","title":{"rendered":"Erweiterte Servicezeiten"},"content":{"rendered":"<p><a href=\"https:\/\/blog.sub.uni-hamburg.de\/wp-content\/uploads\/2024\/07\/infotheke-Eroeffnung-klein.png\"><img loading=\"lazy\" decoding=\"async\" data-attachment-id=\"38451\" data-permalink=\"https:\/\/blog.sub.uni-hamburg.de\/?attachment_id=38451\" data-orig-file=\"https:\/\/blog.sub.uni-hamburg.de\/wp-content\/uploads\/2024\/07\/infotheke-Eroeffnung-klein.png\" data-orig-size=\"1000,702\" data-comments-opened=\"1\" data-image-meta=\"{&quot;aperture&quot;:&quot;0&quot;,&quot;credit&quot;:&quot;&quot;,&quot;camera&quot;:&quot;&quot;,&quot;caption&quot;:&quot;&quot;,&quot;created_timestamp&quot;:&quot;0&quot;,&quot;copyright&quot;:&quot;&quot;,&quot;focal_length&quot;:&quot;0&quot;,&quot;iso&quot;:&quot;0&quot;,&quot;shutter_speed&quot;:&quot;0&quot;,&quot;title&quot;:&quot;&quot;,&quot;orientation&quot;:&quot;0&quot;}\" data-image-title=\"infotheke-Er\u00f6ffnung-klein\" data-image-description=\"\" data-image-caption=\"\" data-large-file=\"https:\/\/blog.sub.uni-hamburg.de\/wp-content\/uploads\/2024\/07\/infotheke-Eroeffnung-klein.png\" class=\"alignright size-medium wp-image-38451\" src=\"https:\/\/blog.sub.uni-hamburg.de\/wp-content\/uploads\/2024\/07\/infotheke-Eroeffnung-klein-300x211.png\" alt=\"\" width=\"300\" height=\"211\" srcset=\"https:\/\/blog.sub.uni-hamburg.de\/wp-content\/uploads\/2024\/07\/infotheke-Eroeffnung-klein-300x211.png 300w, https:\/\/blog.sub.uni-hamburg.de\/wp-content\/uploads\/2024\/07\/infotheke-Eroeffnung-klein-150x105.png 150w, https:\/\/blog.sub.uni-hamburg.de\/wp-content\/uploads\/2024\/07\/infotheke-Eroeffnung-klein-768x539.png 768w, https:\/\/blog.sub.uni-hamburg.de\/wp-content\/uploads\/2024\/07\/infotheke-Eroeffnung-klein.png 1000w\" sizes=\"auto, (max-width: 300px) 100vw, 300px\" \/><\/a>Schon bemerkt? Seit 1. Juli bieten wir an unserer Erstanlaufstelle im Foyer &#8211; der <strong>Infotheke<\/strong> &#8211; jetzt auch <strong>Mo-Fr bis 19 Uhr und Sa von 10-17<\/strong> <strong>Uhr<\/strong> unseren Basis-Service an. Wir freuen uns, dass wir in diesem Zeitraum neben den allgemeinen Informationen zum Bibliotheksangebot, der Hilfe bei Katalogrecherchen, Hinweisen zu Fernleih-M\u00f6glichkeiten und nat\u00fcrlich Ausleihfragen ab sofort auch die Ausstellung und Verl\u00e4ngerung von geb\u00fchrenfreien Bibliotheksausweisen f\u00fcr Hochschulangeh\u00f6rige anbieten k\u00f6nnen.<\/p>\n<p>F\u00fcr komplexere Sachverhalte werden unsere Mitarbeiter:innen Sie mit den Kontaktdaten und -zeiten der jeweiligen Anlaufstellen versorgen.<\/p>\n","protected":false},"excerpt":{"rendered":"<p>Schon bemerkt? Seit 1. Juli bieten wir an unserer Erstanlaufstelle im Foyer &#8211; der Infotheke &#8211; jetzt auch Mo-Fr bis 19 Uhr und Sa von 10-17 Uhr unseren Basis-Service an. Wir freuen uns, dass wir in diesem Zeitraum neben den allgemeinen Informationen zum Bibliotheksangebot, der Hilfe bei Katalogrecherchen, Hinweisen zu Fernleih-M\u00f6glichkeiten und nat\u00fcrlich Ausleihfragen ab [&hellip;]<\/p>\n","protected":false},"author":6,"featured_media":0,"comment_status":"open","ping_status":"open","sticky":false,"template":"","format":"standard","meta":{"jetpack_post_was_ever_published":false,"_jetpack_newsletter_access":"","_jetpack_dont_email_post_to_subs":false,"_jetpack_newsletter_tier_id":0,"_jetpack_memberships_contains_paywalled_content":false,"_jetpack_memberships_contains_paid_content":false,"footnotes":"","jetpack_publicize_message":"","jetpack_publicize_feature_enabled":true,"jetpack_social_post_already_shared":true,"jetpack_social_options":{"image_generator_settings":{"template":"highway","default_image_id":0,"font":"","enabled":false},"version":2}},"categories":[1],"tags":[176],"class_list":["post-38443","post","type-post","status-publish","format-standard","hentry","category-1","tag-oeffnungszeiten"],"views":1720,"jetpack_publicize_connections":[],"jetpack_featured_media_url":"","jetpack_shortlink":"https:\/\/wp.me\/p7hfNR-a03","jetpack-related-posts":[{"id":34023,"url":"https:\/\/blog.sub.uni-hamburg.de\/?p=34023","url_meta":{"origin":38443,"position":0},"title":"Ab September: Servicebereiche mit ge\u00e4nderten Servicezeiten","author":"ST","date":"26-08-22","format":false,"excerpt":"Wir reorganisieren unser Serviceangebot! Ab dem 1.9.2022 werden wir unsere \u00d6ffnungszeiten an den Servicetheken vereinheitlichen. In der Anfangsphase stehen unsere Mitarbeiter:innen vom Serviceplatz des Ausleihzentrums, der Auskunft im Informationszentrum und des Lesesaal-Services, inkl. Buchausgabe, dann Mo-Fr von 9-17 Uhr f\u00fcr Ihre Fragen bereit. Parallel zu dieser zeitlichen Anpassung werden wir\u2026","rel":"","context":"In &quot;Aktuelles&quot;","block_context":{"text":"Aktuelles","link":"https:\/\/blog.sub.uni-hamburg.de\/?cat=1"},"img":{"alt_text":"","src":"https:\/\/i0.wp.com\/blog.sub.uni-hamburg.de\/wp-content\/uploads\/2022\/08\/foyer-300x245.png?resize=350%2C200&ssl=1","width":350,"height":200},"classes":[]},{"id":29372,"url":"https:\/\/blog.sub.uni-hamburg.de\/?p=29372","url_meta":{"origin":38443,"position":1},"title":"Wiederanlauf von R\u00fcckgabeaufforderungen und S\u00e4umnisgeb\u00fchren","author":"Markus Trapp","date":"12-05-20","format":false,"excerpt":"Ab 27. Mai 2020 fallen f\u00fcr B\u00fccher, deren Leihfrist abgelaufen ist, wieder S\u00e4umnisgeb\u00fchren an. Um m\u00f6glichst vielen Nutzer*innen die Ausleihe im Sommersemester zu erm\u00f6glichen, beginnen wir nun die f\u00e4lligen B\u00fccher zur\u00fcckfordern und nach einer ausreichenden Kulanzfrist aktivieren wir auch die Geb\u00fchrenl\u00e4ufe. Heute haben wir deshalb Nutzer*innen, die derzeit B\u00fccher in\u2026","rel":"","context":"In &quot;Aktuelles&quot;","block_context":{"text":"Aktuelles","link":"https:\/\/blog.sub.uni-hamburg.de\/?cat=1"},"img":{"alt_text":"","src":"https:\/\/i0.wp.com\/blog.sub.uni-hamburg.de\/wp-content\/uploads\/2020\/05\/rueckgaberegal.jpg?resize=350%2C200&ssl=1","width":350,"height":200,"srcset":"https:\/\/i0.wp.com\/blog.sub.uni-hamburg.de\/wp-content\/uploads\/2020\/05\/rueckgaberegal.jpg?resize=350%2C200&ssl=1 1x, https:\/\/i0.wp.com\/blog.sub.uni-hamburg.de\/wp-content\/uploads\/2020\/05\/rueckgaberegal.jpg?resize=525%2C300&ssl=1 1.5x"},"classes":[]},{"id":35619,"url":"https:\/\/blog.sub.uni-hamburg.de\/?p=35619","url_meta":{"origin":38443,"position":2},"title":"14.4.-17.4.: Ausleihzentrum teilweise geschlossen \/ Wartungsarbeiten am Ausleihsystem und allen Katalogen","author":"ST","date":"11-04-23","format":false,"excerpt":"Update 17.04., 11: 30 Uhr: Das Ausleihzentrum ist wieder ge\u00f6ffnet und Kataloge sowie Bibliothekskonten sind wieder zug\u00e4nglich. Die Wartungsarbeiten wurden beendet. \u00a0 Aufgrund von Wartungsarbeiten am Ausleihsystem und dem zentralen Bibliothekssystem wird das Ausleihzentrum am Fr, 14.04., ab 18:30 Uhr bis voraussichtlich Mo, 17.04. vormittags geschlossen. W\u00e4hrend des Ausfalls kommt\u2026","rel":"","context":"In &quot;Aktuelles&quot;","block_context":{"text":"Aktuelles","link":"https:\/\/blog.sub.uni-hamburg.de\/?cat=1"},"img":{"alt_text":"","src":"https:\/\/i0.wp.com\/blog.sub.uni-hamburg.de\/wp-content\/uploads\/2011\/06\/baustelle-kl.jpg?resize=350%2C200&ssl=1","width":350,"height":200},"classes":[]},{"id":692,"url":"https:\/\/blog.sub.uni-hamburg.de\/?p=692","url_meta":{"origin":38443,"position":3},"title":"Die Medienwerkstatt wird Teil des Lesesaals","author":"KW","date":"20-09-07","format":false,"excerpt":"In den n\u00e4chsten Wochen wird die Medienwerkstatt im Erdgeschoss mit einem Glastunnel von der jetzigen Fotostelle an den Lesesaalbereich angeschlossen. Gleichzeitig wird die Auftragsannahme f\u00fcr die Fotostelle mit in die Medienwerkstatt verlegt. Mit diesem Anschluss k\u00f6nnen Sie endlich ungehindert Ihre Lesesaal - und Fernleihb\u00fccher (die ohne ausdr\u00fcckliches Kopierverbot) in die\u2026","rel":"","context":"In &quot;Aktuelles&quot;","block_context":{"text":"Aktuelles","link":"https:\/\/blog.sub.uni-hamburg.de\/?cat=1"},"img":{"alt_text":"","src":"","width":0,"height":0},"classes":[]},{"id":34666,"url":"https:\/\/blog.sub.uni-hamburg.de\/?p=34666","url_meta":{"origin":38443,"position":4},"title":"Mo, 14.11.-Do, 17.11.: Serverarbeiten am zentralen Ausleihsystem, Ausleihzentrum geschlossen","author":"ST","date":"03-11-22","format":false,"excerpt":"Aufgrund von Wartungsarbeiten inkl. gr\u00f6\u00dferem Serverumzugs wird von Mo, 14.11., 20 Uhr der Zugriff auf das Ausleihsystem deaktiviert, die Serverarbeiten werden bis einschlie\u00dflich Do, 17.11. andauern. Das Ausleihzentrum wird in dem gesamten Zeitraum geschlossen bleiben und voraussichtlich am Do, 17.11. im Laufe des Tages wieder \u00f6ffnen. Die Details: Ausleihen \/\u2026","rel":"","context":"In &quot;Aktuelles&quot;","block_context":{"text":"Aktuelles","link":"https:\/\/blog.sub.uni-hamburg.de\/?cat=1"},"img":{"alt_text":"Baustelle","src":"https:\/\/i0.wp.com\/blog.sub.uni-hamburg.de\/wp-content\/uploads\/2011\/06\/baustelle.gif?resize=350%2C200&ssl=1","width":350,"height":200},"classes":[]},{"id":31753,"url":"https:\/\/blog.sub.uni-hamburg.de\/?p=31753","url_meta":{"origin":38443,"position":5},"title":"Di, 31.8.: Serverarbeiten am zentralen Ausleihsystem \/ aktuelle Serviceeinschr\u00e4nkungen, Ausleihzentrum geschlossen","author":"ST","date":"28-08-21","format":false,"excerpt":"Aus aktuellem Anlass wird am Mo, 30.8. ab 18 Uhr der Zugriff auf das Ausleihsystem deaktiviert, die Serverarbeiten werden bis einschlie\u00dflich Di, 31.8. andauern. Das Ausleihzentrum wird daher am Dienstag ganzt\u00e4gig geschlossen bleiben und voraussichtlich am Mi, 1.9. um 11 Uhr wieder \u00f6ffnen. Die zuletzt l\u00e4nger anhaltenden Zugriff- und Serviceeinschr\u00e4nkungen\u2026","rel":"","context":"In &quot;Aktuelles&quot;","block_context":{"text":"Aktuelles","link":"https:\/\/blog.sub.uni-hamburg.de\/?cat=1"},"img":{"alt_text":"","src":"https:\/\/i0.wp.com\/blog.sub.uni-hamburg.de\/wp-content\/uploads\/2009\/12\/baustelle2.jpg?resize=350%2C200&ssl=1","width":350,"height":200},"classes":[]}],"jetpack_sharing_enabled":true,"_links":{"self":[{"href":"https:\/\/blog.sub.uni-hamburg.de\/index.php?rest_route=\/wp\/v2\/posts\/38443","targetHints":{"allow":["GET"]}}],"collection":[{"href":"https:\/\/blog.sub.uni-hamburg.de\/index.php?rest_route=\/wp\/v2\/posts"}],"about":[{"href":"https:\/\/blog.sub.uni-hamburg.de\/index.php?rest_route=\/wp\/v2\/types\/post"}],"author":[{"embeddable":true,"href":"https:\/\/blog.sub.uni-hamburg.de\/index.php?rest_route=\/wp\/v2\/users\/6"}],"replies":[{"embeddable":true,"href":"https:\/\/blog.sub.uni-hamburg.de\/index.php?rest_route=%2Fwp%2Fv2%2Fcomments&post=38443"}],"version-history":[{"count":3,"href":"https:\/\/blog.sub.uni-hamburg.de\/index.php?rest_route=\/wp\/v2\/posts\/38443\/revisions"}],"predecessor-version":[{"id":38454,"href":"https:\/\/blog.sub.uni-hamburg.de\/index.php?rest_route=\/wp\/v2\/posts\/38443\/revisions\/38454"}],"wp:attachment":[{"href":"https:\/\/blog.sub.uni-hamburg.de\/index.php?rest_route=%2Fwp%2Fv2%2Fmedia&parent=38443"}],"wp:term":[{"taxonomy":"category","embeddable":true,"href":"https:\/\/blog.sub.uni-hamburg.de\/index.php?rest_route=%2Fwp%2Fv2%2Fcategories&post=38443"},{"taxonomy":"post_tag","embeddable":true,"href":"https:\/\/blog.sub.uni-hamburg.de\/index.php?rest_route=%2Fwp%2Fv2%2Ftags&post=38443"}],"curies":[{"name":"wp","href":"https:\/\/api.w.org\/{rel}","templated":true}]}}