{"id":38372,"date":"2024-06-25T16:15:53","date_gmt":"2024-06-25T14:15:53","guid":{"rendered":"https:\/\/blog.sub.uni-hamburg.de\/?p=38372"},"modified":"2024-07-11T10:39:23","modified_gmt":"2024-07-11T08:39:23","slug":"vortrag-hybrid-digitalisierte-stoffwechselpolitik-kuenstliche-intelligenz-und-oekologische-krise-10-7","status":"publish","type":"post","link":"https:\/\/blog.sub.uni-hamburg.de\/?p=38372","title":{"rendered":"Vortrag (hybrid): Digitalisierte Stoffwechselpolitik: K\u00fcnstliche Intelligenz und \u00d6kologische Krise (10.7.)"},"content":{"rendered":"<p><strong>Mittwoch, 10.7., 19:30 Uhr, Vortragsraum.<\/strong><\/p>\n<p><a href=\"https:\/\/blog.sub.uni-hamburg.de\/wp-content\/uploads\/2024\/06\/RLS-KI.jpg\"><img loading=\"lazy\" decoding=\"async\" data-attachment-id=\"38374\" data-permalink=\"https:\/\/blog.sub.uni-hamburg.de\/?attachment_id=38374\" data-orig-file=\"https:\/\/blog.sub.uni-hamburg.de\/wp-content\/uploads\/2024\/06\/RLS-KI.jpg\" data-orig-size=\"1209,1067\" data-comments-opened=\"1\" data-image-meta=\"{&quot;aperture&quot;:&quot;0&quot;,&quot;credit&quot;:&quot;&quot;,&quot;camera&quot;:&quot;&quot;,&quot;caption&quot;:&quot;&quot;,&quot;created_timestamp&quot;:&quot;1716814698&quot;,&quot;copyright&quot;:&quot;&quot;,&quot;focal_length&quot;:&quot;0&quot;,&quot;iso&quot;:&quot;0&quot;,&quot;shutter_speed&quot;:&quot;0&quot;,&quot;title&quot;:&quot;&quot;,&quot;orientation&quot;:&quot;1&quot;}\" data-image-title=\"RLS-KI\" data-image-description=\"\" data-image-caption=\"\" data-large-file=\"https:\/\/blog.sub.uni-hamburg.de\/wp-content\/uploads\/2024\/06\/RLS-KI-1024x904.jpg\" src=\"https:\/\/blog.sub.uni-hamburg.de\/wp-content\/uploads\/2024\/06\/RLS-KI-300x265.jpg\" alt=\"\" width=\"300\" height=\"265\" class=\"alignright size-medium wp-image-38374\" srcset=\"https:\/\/blog.sub.uni-hamburg.de\/wp-content\/uploads\/2024\/06\/RLS-KI-300x265.jpg 300w, https:\/\/blog.sub.uni-hamburg.de\/wp-content\/uploads\/2024\/06\/RLS-KI-1024x904.jpg 1024w, https:\/\/blog.sub.uni-hamburg.de\/wp-content\/uploads\/2024\/06\/RLS-KI-150x132.jpg 150w, https:\/\/blog.sub.uni-hamburg.de\/wp-content\/uploads\/2024\/06\/RLS-KI-768x678.jpg 768w, https:\/\/blog.sub.uni-hamburg.de\/wp-content\/uploads\/2024\/06\/RLS-KI.jpg 1209w\" sizes=\"auto, (max-width: 300px) 100vw, 300px\" \/><\/a> K\u00fcnstliche Intelligenz (KI) ist eine der zentralen Hoffnungen zur \u201eDematerialisierung\u201c der Wirtschaft und ressourcensparenden Gestaltung der Produktionsabl\u00e4ufe. Tats\u00e4chlich aber ist die Rolle der KI in der \u00f6kologischen Krise ambivalent. Die digitale Technologie entstand, um den Raubbau besser zu koordinieren, erlaubt aber zugleich das Erkennen seiner desastr\u00f6sen Folgen \u2013 und damit deren Kritik. Was bedeutet diese Ambivalenz?<\/p>\n<p><strong>Simon Schaupp<\/strong> arbeitet als Soziologe an der Universit\u00e4t Basel. Er forscht zu Arbeit, Digitalisierung und der \u00f6kologischen Krise. J\u00fcngst erschien von ihm bei Suhrkamp das Buch: \u201e<a href=\"https:\/\/www.suhrkamp.de\/buch\/simon-schaupp-stoffwechselpolitik-t-9783518029862\">Stoffwechselpolitik. Arbeit, Natur und die Zukunft des Planeten<\/a>\u201c.<\/p>\n<p>Eine Veranstaltung der Rosa Luxemburg Stiftung Hamburg. Bei virtueller Teilnahme ist eine Anmeldung n\u00f6tig unter: <a href=\"https:\/\/hamburg.rosalux.de\/\">https:\/\/hamburg.rosalux.de\/<\/a> <\/p>\n","protected":false},"excerpt":{"rendered":"<p>Mittwoch, 10.7., 19:30 Uhr, Vortragsraum. K\u00fcnstliche Intelligenz (KI) ist eine der zentralen Hoffnungen zur \u201eDematerialisierung\u201c der Wirtschaft und ressourcensparenden Gestaltung der Produktionsabl\u00e4ufe. Tats\u00e4chlich aber ist die Rolle der KI in der \u00f6kologischen Krise ambivalent. Die digitale Technologie entstand, um den Raubbau besser zu koordinieren, erlaubt aber zugleich das Erkennen seiner desastr\u00f6sen Folgen \u2013 und damit [&hellip;]<\/p>\n","protected":false},"author":19,"featured_media":0,"comment_status":"open","ping_status":"open","sticky":false,"template":"","format":"standard","meta":{"jetpack_post_was_ever_published":false,"_jetpack_newsletter_access":"","_jetpack_dont_email_post_to_subs":false,"_jetpack_newsletter_tier_id":0,"_jetpack_memberships_contains_paywalled_content":false,"_jetpack_memberships_contains_paid_content":false,"footnotes":"","jetpack_publicize_message":"","jetpack_publicize_feature_enabled":true,"jetpack_social_post_already_shared":true,"jetpack_social_options":{"image_generator_settings":{"template":"highway","default_image_id":0,"font":"","enabled":false},"version":2}},"categories":[9],"tags":[],"class_list":["post-38372","post","type-post","status-publish","format-standard","hentry","category-ausstellungen"],"views":1587,"jetpack_publicize_connections":[],"jetpack_featured_media_url":"","jetpack_shortlink":"https:\/\/wp.me\/p7hfNR-9YU","jetpack-related-posts":[{"id":40794,"url":"https:\/\/blog.sub.uni-hamburg.de\/?p=40794","url_meta":{"origin":38372,"position":0},"title":"Vortrag: Medien, Digitalisierung, kollektives Wissen: Wurzeln und Reichweite K\u00fcnstlicher Intelligenz (6.10.)","author":"Markus Trapp","date":"17-09-25","format":false,"excerpt":"Montag, 6.10., 18:30 Uhr, Ossietzky-Forum. Die \u201emedienkritische Wende\u201c im letzten Drittel des vergangenen Jahrhunderts hat die Geistes- und Sozialwissenschaften nachhaltig ver\u00e4ndert: Medien blieben nicht l\u00e4nger beschr\u00e4nkt auf Massenmedien; vielmehr wurde alles, was wir \u00fcberhaupt kommunizieren, wahrnehmen, denken und erfahren als etwas gedeutet, das durch Medien konstituiert ist. Doch nun beherrschen\u2026","rel":"","context":"In &quot;Ausstellungen und Veranstaltungen&quot;","block_context":{"text":"Ausstellungen und Veranstaltungen","link":"https:\/\/blog.sub.uni-hamburg.de\/?cat=9"},"img":{"alt_text":"Prof. Dr. Dr. h.c. Sybille Kr\u00e4mer","src":"https:\/\/i0.wp.com\/blog.sub.uni-hamburg.de\/wp-content\/uploads\/2025\/09\/Portrait_SybilleKraemer-200x300.jpg?resize=350%2C200&ssl=1","width":350,"height":200},"classes":[]},{"id":40598,"url":"https:\/\/blog.sub.uni-hamburg.de\/?p=40598","url_meta":{"origin":38372,"position":1},"title":"Hamburger Umfrage zur wissenschaftlichen Nutzung von generativer K\u00fcnstlicher Intelligenz (KI)","author":"Markus Trapp","date":"18-07-25","format":false,"excerpt":"Das Digital and Data Literacy in Teaching Lab (DDLitLab) der Universit\u00e4t Hamburg hat gemeinsam mit dem Schreibzentrum eine Umfrage gestartet, auf die wir gerne hinweisen m\u00f6chten. Der Titel \"ChatGPT and me 3.0\" zeigt in der Versionierung, dass es sich bereits um die dritte Umfrage dieser Art handelt. Darum geht's und\u2026","rel":"","context":"In &quot;Aktuelles&quot;","block_context":{"text":"Aktuelles","link":"https:\/\/blog.sub.uni-hamburg.de\/?cat=1"},"img":{"alt_text":"Grafik zur Umfrage 'ChatGPT and me 3.0'; Foto: UHH\/DDLitLab","src":"https:\/\/i0.wp.com\/blog.sub.uni-hamburg.de\/wp-content\/uploads\/2025\/07\/2025-chatgpt-befragung-bild-300x169-1.jpg?resize=350%2C200&ssl=1","width":350,"height":200},"classes":[]},{"id":28220,"url":"https:\/\/blog.sub.uni-hamburg.de\/?p=28220","url_meta":{"origin":38372,"position":2},"title":"Geschichtswettbewerb des Bundespr\u00e4sidenten (6.11.)","author":"Markus Trapp","date":"28-10-19","format":false,"excerpt":"\u201eSo geht\u2019s nicht weiter. Krise, Umbruch, Aufbruch\u201c. 172 Beitr\u00e4ge haben Hamburger Sch\u00fclerinnen und Sch\u00fcler diesmal beim Geschichtswettbewerb des Bundespr\u00e4sidenten eingereicht, in denen sie den Umgang mit politischen, wirtschaftlichen, \u00f6kologischen oder pers\u00f6nlichen Krisen in Hamburg oder der Familie erforscht haben. Die Beitr\u00e4ge sind thematisch vielf\u00e4ltig: von der Hexenverfolgung, Hungerkrisen und Cholera\u2026","rel":"","context":"In &quot;Ausstellungen und Veranstaltungen&quot;","block_context":{"text":"Ausstellungen und Veranstaltungen","link":"https:\/\/blog.sub.uni-hamburg.de\/?cat=9"},"img":{"alt_text":"","src":"https:\/\/i0.wp.com\/blog.sub.uni-hamburg.de\/wp-content\/uploads\/2019\/10\/19-11-06-geschichtswettbewerb.jpg?resize=350%2C200&ssl=1","width":350,"height":200},"classes":[]},{"id":38609,"url":"https:\/\/blog.sub.uni-hamburg.de\/?p=38609","url_meta":{"origin":38372,"position":3},"title":"Veranstaltungsreihe: Die Gl\u00e4sernen \u00dcbersetzer:innen (16.9.-7.10.)","author":"Markus Trapp","date":"02-09-24","format":false,"excerpt":"Montag, 16.9., 23.9., 30.9. und 7.10., jeweils 18 Uhr, Vortragsraum. Bei dem Veranstaltungsformat der \u201eGl\u00e4sernen \u00dcbersetzer:innen\u201c k\u00f6nnen Interessierte vom 16. September bis 7. Oktober montags um 18 Uhr \u00dcbersetzer:innen live bei ihrer Arbeit erleben und mitdiskutieren. Gef\u00f6rdert von der Beh\u00f6rde f\u00fcr Kultur und Medien. Der Eintritt ist frei. 16. September:\u2026","rel":"","context":"In &quot;Ausstellungen und Veranstaltungen&quot;","block_context":{"text":"Ausstellungen und Veranstaltungen","link":"https:\/\/blog.sub.uni-hamburg.de\/?cat=9"},"img":{"alt_text":"","src":"https:\/\/i0.wp.com\/blog.sub.uni-hamburg.de\/wp-content\/uploads\/2024\/08\/glaesernen-uebersetzerinnen.jpg?resize=350%2C200&ssl=1","width":350,"height":200},"classes":[]},{"id":18649,"url":"https:\/\/blog.sub.uni-hamburg.de\/?p=18649","url_meta":{"origin":38372,"position":4},"title":"Die Verlandung des Aralsees (10.11.)","author":"Markus Trapp","date":"22-10-15","format":false,"excerpt":"Eine Veranstaltung der Konrad-Adenauer-Stiftung in Zusammenarbeit mit der Deutsch-Kasachischen Gesellschaft e.V. Weitblicke \u2013 Vortrag und Diskussion Die Verlandung des Aralsees: Folgen des Eingriffs in den Naturhaushalt mit Galina Nurtasinowa Gesch\u00e4ftsf\u00fchrendes Vorstandsmitglied der Deutsch-Kasachische Gesellschaft e. V. Dr. Falk-Juri Knauft Prorektor f\u00fcr Wissenschaft und Forschung an der Deutsch-Kasachischen Universit\u00e4t in Almaty,\u2026","rel":"","context":"In &quot;Ausstellungen und Veranstaltungen&quot;","block_context":{"text":"Ausstellungen und Veranstaltungen","link":"https:\/\/blog.sub.uni-hamburg.de\/?cat=9"},"img":{"alt_text":"","src":"https:\/\/i0.wp.com\/blog.sub.uni-hamburg.de\/wp-content\/uploads\/2015\/10\/Aralsee-Schiffsfriedhof-.jpg?resize=350%2C200&ssl=1","width":350,"height":200,"srcset":"https:\/\/i0.wp.com\/blog.sub.uni-hamburg.de\/wp-content\/uploads\/2015\/10\/Aralsee-Schiffsfriedhof-.jpg?resize=350%2C200&ssl=1 1x, https:\/\/i0.wp.com\/blog.sub.uni-hamburg.de\/wp-content\/uploads\/2015\/10\/Aralsee-Schiffsfriedhof-.jpg?resize=525%2C300&ssl=1 1.5x"},"classes":[]},{"id":9131,"url":"https:\/\/blog.sub.uni-hamburg.de\/?p=9131","url_meta":{"origin":38372,"position":5},"title":"Pr\u00e4sentation: Der \u00f6kologische Fu\u00dfabdruck der Stadt Hamburg (17.10.)","author":"MG","date":"26-09-12","format":false,"excerpt":"Die Notwendigkeit einer zukunftsf\u00e4higen Entwicklung wird heute kaum noch in Frage gestellt. Eine \u00f6kologisch nachhaltige Welt muss auf den erneuerbaren Ressourcen basieren, welche die globalen \u00d6kosysteme bereitstellen k\u00f6nnen. Aber wie viele Ressourcen ben\u00f6tigt der menschliche Konsum von Produkten und Dienstleistungen? Diese Frage kann der \u201e\u00d6kologische Fu\u00dfabdruck\u201c beantworten. Er gibt an,\u2026","rel":"","context":"In &quot;Ausstellungen und Veranstaltungen&quot;","block_context":{"text":"Ausstellungen und Veranstaltungen","link":"https:\/\/blog.sub.uni-hamburg.de\/?cat=9"},"img":{"alt_text":"Zukunftsrat Hamburg","src":"https:\/\/i0.wp.com\/blog.sub.uni-hamburg.de\/wp-content\/uploads\/2012\/09\/zukunftsrat-hh-scr.jpg?resize=350%2C200&ssl=1","width":350,"height":200},"classes":[]}],"jetpack_sharing_enabled":true,"_links":{"self":[{"href":"https:\/\/blog.sub.uni-hamburg.de\/index.php?rest_route=\/wp\/v2\/posts\/38372","targetHints":{"allow":["GET"]}}],"collection":[{"href":"https:\/\/blog.sub.uni-hamburg.de\/index.php?rest_route=\/wp\/v2\/posts"}],"about":[{"href":"https:\/\/blog.sub.uni-hamburg.de\/index.php?rest_route=\/wp\/v2\/types\/post"}],"author":[{"embeddable":true,"href":"https:\/\/blog.sub.uni-hamburg.de\/index.php?rest_route=\/wp\/v2\/users\/19"}],"replies":[{"embeddable":true,"href":"https:\/\/blog.sub.uni-hamburg.de\/index.php?rest_route=%2Fwp%2Fv2%2Fcomments&post=38372"}],"version-history":[{"count":2,"href":"https:\/\/blog.sub.uni-hamburg.de\/index.php?rest_route=\/wp\/v2\/posts\/38372\/revisions"}],"predecessor-version":[{"id":38375,"href":"https:\/\/blog.sub.uni-hamburg.de\/index.php?rest_route=\/wp\/v2\/posts\/38372\/revisions\/38375"}],"wp:attachment":[{"href":"https:\/\/blog.sub.uni-hamburg.de\/index.php?rest_route=%2Fwp%2Fv2%2Fmedia&parent=38372"}],"wp:term":[{"taxonomy":"category","embeddable":true,"href":"https:\/\/blog.sub.uni-hamburg.de\/index.php?rest_route=%2Fwp%2Fv2%2Fcategories&post=38372"},{"taxonomy":"post_tag","embeddable":true,"href":"https:\/\/blog.sub.uni-hamburg.de\/index.php?rest_route=%2Fwp%2Fv2%2Ftags&post=38372"}],"curies":[{"name":"wp","href":"https:\/\/api.w.org\/{rel}","templated":true}]}}