{"id":38126,"date":"2024-05-21T12:12:09","date_gmt":"2024-05-21T10:12:09","guid":{"rendered":"https:\/\/blog.sub.uni-hamburg.de\/?p=38126"},"modified":"2024-12-08T18:44:39","modified_gmt":"2024-12-08T17:44:39","slug":"in-memoriam-prof-dr-gabriele-beger-1952-2024","status":"publish","type":"post","link":"https:\/\/blog.sub.uni-hamburg.de\/?p=38126","title":{"rendered":"In memoriam Prof. Dr. Gabriele Beger (1952 \u2013 2024)"},"content":{"rendered":"<p><a href=\"https:\/\/blog.sub.uni-hamburg.de\/wp-content\/uploads\/2024\/05\/gabriele-beger-gr.jpg\"><img loading=\"lazy\" decoding=\"async\" data-attachment-id=\"38127\" data-permalink=\"https:\/\/blog.sub.uni-hamburg.de\/?attachment_id=38127\" data-orig-file=\"https:\/\/blog.sub.uni-hamburg.de\/wp-content\/uploads\/2024\/05\/gabriele-beger.jpg\" data-orig-size=\"665,444\" data-comments-opened=\"1\" data-image-meta=\"{&quot;aperture&quot;:&quot;4.5&quot;,&quot;credit&quot;:&quot;Staats- und Universit\\u00e4tsbibliot&quot;,&quot;camera&quot;:&quot;NIKON D3X&quot;,&quot;caption&quot;:&quot;&quot;,&quot;created_timestamp&quot;:&quot;1429867461&quot;,&quot;copyright&quot;:&quot;Staats- und Universit\\u00e4tsbibliothek Hamburg&quot;,&quot;focal_length&quot;:&quot;85&quot;,&quot;iso&quot;:&quot;1000&quot;,&quot;shutter_speed&quot;:&quot;0.008&quot;,&quot;title&quot;:&quot;&quot;,&quot;orientation&quot;:&quot;1&quot;}\" data-image-title=\"gabriele-beger\" data-image-description=\"\" data-image-caption=\"\" data-large-file=\"https:\/\/blog.sub.uni-hamburg.de\/wp-content\/uploads\/2024\/05\/gabriele-beger.jpg\" src=\"https:\/\/blog.sub.uni-hamburg.de\/wp-content\/uploads\/2024\/05\/gabriele-beger.jpg\" alt=\"Gabriele Beger\" title=\"Gabriele Beger\" width=\"665\" height=\"444\" class=\"aligncenter size-full wp-image-38127\" srcset=\"https:\/\/blog.sub.uni-hamburg.de\/wp-content\/uploads\/2024\/05\/gabriele-beger.jpg 665w, https:\/\/blog.sub.uni-hamburg.de\/wp-content\/uploads\/2024\/05\/gabriele-beger-300x200.jpg 300w, https:\/\/blog.sub.uni-hamburg.de\/wp-content\/uploads\/2024\/05\/gabriele-beger-150x100.jpg 150w\" sizes=\"auto, (max-width: 665px) 100vw, 665px\" \/><\/a><\/p>\n<p>Wenige Tage nach ihrem 72. Geburtstag ist Prof. Dr. Gabriele Beger in Hamburg nach kurzer, schwerer Krankheit verstorben. Als erste Frau in der fast 550-j\u00e4hrigen Geschichte der Bibliothek leitete sie von 2005 bis 2018 die Staats- und Universit\u00e4tsbibliothek Hamburg Carl von Ossietzky. Als  Beiratsvorsitzende des Hamburger Bibliothekenverbunds gestaltete sie die Zusammenarbeit der wissenschaftlichen Bibliotheken der Stadt.<\/p>\n<p>Gabriele Beger hat ihr ganzes berufliches Leben der Sache der Bibliotheken gewidmet: Am 24. April 1952 in Berlin-Treptow geboren, begann sie 1969 eine Ausbildung zur Bibliotheksassistentin und war von 1971 bis 2005 an der Berliner Stadtbibliothek t\u00e4tig. Dort absolvierte sie berufsbegleitend zun\u00e4chst ein bibliothekarisches Studium an den Fachschulen Leipzig und Berlin und anschlie\u00dfend von 1984 bis 1990 ein wissenschaftliches Studium der Rechtswissenschaft an der Humboldt-Universit\u00e4t zu Berlin. In dieser Zeit war sie wissenschaftliche Assistentin des Direktors, Heinz Werner, einem der f\u00fchrenden Bibliotheksjuristen der DDR, und trat 1992 dessen Nachfolge als Direktorin der Berliner Stadtbibliothek an. 1996 f\u00fchrte sie die Einrichtung in die Stiftung Zentral- und Landesbibliothek Berlin, deren Vorstand sie bis zum Wechsel nach Hamburg angeh\u00f6rte.<br \/>\n<!--more--><\/p>\n<p>Ab 1996 lehrte sie auch wie zuvor Werner am Institut f\u00fcr Bibliothekswissenschaft der Humboldt-Universit\u00e4t, sp\u00e4ter ebenso als Professorin an der FH Potsdam und als Lehrbeauftragte an der Universit\u00e4t Hamburg. 2002 wurde sie an der Humboldt Universit\u00e4t Berlin \u00fcber den Interessenkonflikt zwischen Urheberrecht und elektronischen Bibliotheksangeboten promoviert, einem Thema das sich als ein roter Faden durch ihre berufliche T\u00e4tigkeit zog.<\/p>\n<p>Als Hamburger Bibliotheksdirektorin mit ostdeutscher Biographie war sie auch auf nationaler Ebene eine pr\u00e4gende Pers\u00f6nlichkeit f\u00fcr das Zusammenwachsen der Bibliotheken in Ost und West. Sie engagierte sich f\u00fcr die Entwicklung des Deutschen Bibliotheksverbands zu einer wirksamen Lobbyorganisation f\u00fcr \u00f6ffentliche und wissenschaftliche Bibliotheken. 2006 bis 2009 war sie Bundesvorsitzende des dbv, au\u00dferdem seine erste Ethikbeauftragte.<\/p>\n<p>In Erinnerung bleiben wird Gabriele Beger jedoch vor allem als engagierte Bibliotheksjuristin, die sich im Zeitalter der Digitalisierung erfolgreich f\u00fcr Open Access und umsetzbare Regelungen im Urheberrecht eingesetzt hat. Daf\u00fcr wurde ihr 2018 vom Bundespr\u00e4sidenten \u2013 \u00fcberreicht von der Hamburger Wissenschaftssenatorin Katharina Fegebank \u2013 das Bundesverdienstkreuz erster Klasse verliehen.<\/p>\n<p><!-- Da die Slideshow zur Zeit nicht funktioniert, wurde type=\"slideshow\" nach gallery entfernt --><br \/>\n\n\t\t<style type=\"text\/css\">\n\t\t\t#gallery-1 {\n\t\t\t\tmargin: auto;\n\t\t\t}\n\t\t\t#gallery-1 .gallery-item {\n\t\t\t\tfloat: left;\n\t\t\t\tmargin-top: 10px;\n\t\t\t\ttext-align: center;\n\t\t\t\twidth: 33%;\n\t\t\t}\n\t\t\t#gallery-1 img {\n\t\t\t\tborder: 2px solid #cfcfcf;\n\t\t\t}\n\t\t\t#gallery-1 .gallery-caption {\n\t\t\t\tmargin-left: 0;\n\t\t\t}\n\t\t\t\/* see gallery_shortcode() in wp-includes\/media.php *\/\n\t\t<\/style>\n\t\t<div data-carousel-extra='{&quot;blog_id&quot;:1,&quot;permalink&quot;:&quot;https:\/\/blog.sub.uni-hamburg.de\/?p=38126&quot;}' id='gallery-1' class='gallery galleryid-38126 gallery-columns-3 gallery-size-thumbnail'><dl class='gallery-item'>\n\t\t\t<dt class='gallery-icon portrait'>\n\t\t\t\t<a href='https:\/\/blog.sub.uni-hamburg.de\/?attachment_id=38133'><img loading=\"lazy\" decoding=\"async\" width=\"96\" height=\"150\" src=\"https:\/\/blog.sub.uni-hamburg.de\/wp-content\/uploads\/2024\/05\/fegebank-beger-bvk2018-96x150.jpg\" class=\"attachment-thumbnail size-thumbnail\" alt=\"\" aria-describedby=\"gallery-1-38133\" srcset=\"https:\/\/blog.sub.uni-hamburg.de\/wp-content\/uploads\/2024\/05\/fegebank-beger-bvk2018-96x150.jpg 96w, https:\/\/blog.sub.uni-hamburg.de\/wp-content\/uploads\/2024\/05\/fegebank-beger-bvk2018-193x300.jpg 193w, https:\/\/blog.sub.uni-hamburg.de\/wp-content\/uploads\/2024\/05\/fegebank-beger-bvk2018-658x1024.jpg 658w, https:\/\/blog.sub.uni-hamburg.de\/wp-content\/uploads\/2024\/05\/fegebank-beger-bvk2018-768x1196.jpg 768w, https:\/\/blog.sub.uni-hamburg.de\/wp-content\/uploads\/2024\/05\/fegebank-beger-bvk2018-986x1536.jpg 986w, https:\/\/blog.sub.uni-hamburg.de\/wp-content\/uploads\/2024\/05\/fegebank-beger-bvk2018.jpg 1165w\" sizes=\"auto, (max-width: 96px) 100vw, 96px\" data-attachment-id=\"38133\" data-permalink=\"https:\/\/blog.sub.uni-hamburg.de\/?attachment_id=38133\" data-orig-file=\"https:\/\/blog.sub.uni-hamburg.de\/wp-content\/uploads\/2024\/05\/fegebank-beger-bvk2018.jpg\" data-orig-size=\"1165,1814\" data-comments-opened=\"1\" data-image-meta=\"{&quot;aperture&quot;:&quot;0&quot;,&quot;credit&quot;:&quot;&quot;,&quot;camera&quot;:&quot;&quot;,&quot;caption&quot;:&quot;&quot;,&quot;created_timestamp&quot;:&quot;0&quot;,&quot;copyright&quot;:&quot;&quot;,&quot;focal_length&quot;:&quot;0&quot;,&quot;iso&quot;:&quot;0&quot;,&quot;shutter_speed&quot;:&quot;0&quot;,&quot;title&quot;:&quot;&quot;,&quot;orientation&quot;:&quot;0&quot;}\" data-image-title=\"fegebank-beger-bvk2018\" data-image-description=\"\" data-image-caption=\"&lt;p&gt;Verleihung des Bundesverdienstkreuzes durch Katharina Fegebank im Rathaus von Hamburg im Februar 2018&lt;\/p&gt;\n\" data-large-file=\"https:\/\/blog.sub.uni-hamburg.de\/wp-content\/uploads\/2024\/05\/fegebank-beger-bvk2018-658x1024.jpg\" \/><\/a>\n\t\t\t<\/dt>\n\t\t\t\t<dd class='wp-caption-text gallery-caption' id='gallery-1-38133'>\n\t\t\t\tVerleihung des Bundesverdienstkreuzes durch Katharina Fegebank im Rathaus von Hamburg im Februar 2018\n\t\t\t\t<\/dd><\/dl><dl class='gallery-item'>\n\t\t\t<dt class='gallery-icon landscape'>\n\t\t\t\t<a href='https:\/\/blog.sub.uni-hamburg.de\/?attachment_id=38137'><img loading=\"lazy\" decoding=\"async\" width=\"150\" height=\"100\" src=\"https:\/\/blog.sub.uni-hamburg.de\/wp-content\/uploads\/2024\/05\/Konferenz_Zugang_gestalten_2015_Prof._Dr._Gabriele_Beger_2-150x100.jpg\" class=\"attachment-thumbnail size-thumbnail\" alt=\"\" aria-describedby=\"gallery-1-38137\" srcset=\"https:\/\/blog.sub.uni-hamburg.de\/wp-content\/uploads\/2024\/05\/Konferenz_Zugang_gestalten_2015_Prof._Dr._Gabriele_Beger_2-150x100.jpg 150w, https:\/\/blog.sub.uni-hamburg.de\/wp-content\/uploads\/2024\/05\/Konferenz_Zugang_gestalten_2015_Prof._Dr._Gabriele_Beger_2-300x200.jpg 300w, https:\/\/blog.sub.uni-hamburg.de\/wp-content\/uploads\/2024\/05\/Konferenz_Zugang_gestalten_2015_Prof._Dr._Gabriele_Beger_2-1024x683.jpg 1024w, https:\/\/blog.sub.uni-hamburg.de\/wp-content\/uploads\/2024\/05\/Konferenz_Zugang_gestalten_2015_Prof._Dr._Gabriele_Beger_2-768x512.jpg 768w, https:\/\/blog.sub.uni-hamburg.de\/wp-content\/uploads\/2024\/05\/Konferenz_Zugang_gestalten_2015_Prof._Dr._Gabriele_Beger_2-1536x1024.jpg 1536w, https:\/\/blog.sub.uni-hamburg.de\/wp-content\/uploads\/2024\/05\/Konferenz_Zugang_gestalten_2015_Prof._Dr._Gabriele_Beger_2-2048x1365.jpg 2048w\" sizes=\"auto, (max-width: 150px) 100vw, 150px\" data-attachment-id=\"38137\" data-permalink=\"https:\/\/blog.sub.uni-hamburg.de\/?attachment_id=38137\" data-orig-file=\"https:\/\/blog.sub.uni-hamburg.de\/wp-content\/uploads\/2024\/05\/Konferenz_Zugang_gestalten_2015_Prof._Dr._Gabriele_Beger_2.jpg\" data-orig-size=\"2126,1417\" data-comments-opened=\"1\" data-image-meta=\"{&quot;aperture&quot;:&quot;4.5&quot;,&quot;credit&quot;:&quot;&quot;,&quot;camera&quot;:&quot;Canon EOS 5DS R&quot;,&quot;caption&quot;:&quot;&quot;,&quot;created_timestamp&quot;:&quot;1446825503&quot;,&quot;copyright&quot;:&quot;&quot;,&quot;focal_length&quot;:&quot;200&quot;,&quot;iso&quot;:&quot;3200&quot;,&quot;shutter_speed&quot;:&quot;0.005&quot;,&quot;title&quot;:&quot;&quot;,&quot;orientation&quot;:&quot;1&quot;}\" data-image-title=\"Konferenz_Zugang_gestalten_2015,_Prof._Dr._Gabriele_Beger_2\" data-image-description=\"\" data-image-caption=\"&lt;p&gt;Konferenz Zugang gestalten 2015&lt;\/p&gt;\n\" data-large-file=\"https:\/\/blog.sub.uni-hamburg.de\/wp-content\/uploads\/2024\/05\/Konferenz_Zugang_gestalten_2015_Prof._Dr._Gabriele_Beger_2-1024x683.jpg\" \/><\/a>\n\t\t\t<\/dt>\n\t\t\t\t<dd class='wp-caption-text gallery-caption' id='gallery-1-38137'>\n\t\t\t\tKonferenz Zugang gestalten 2015\n\t\t\t\t<\/dd><\/dl><dl class='gallery-item'>\n\t\t\t<dt class='gallery-icon landscape'>\n\t\t\t\t<a href='https:\/\/blog.sub.uni-hamburg.de\/?attachment_id=38136'><img loading=\"lazy\" decoding=\"async\" width=\"150\" height=\"113\" src=\"https:\/\/blog.sub.uni-hamburg.de\/wp-content\/uploads\/2024\/05\/IMG_5268-150x113.jpg\" class=\"attachment-thumbnail size-thumbnail\" alt=\"\" aria-describedby=\"gallery-1-38136\" srcset=\"https:\/\/blog.sub.uni-hamburg.de\/wp-content\/uploads\/2024\/05\/IMG_5268-150x113.jpg 150w, https:\/\/blog.sub.uni-hamburg.de\/wp-content\/uploads\/2024\/05\/IMG_5268-300x225.jpg 300w, https:\/\/blog.sub.uni-hamburg.de\/wp-content\/uploads\/2024\/05\/IMG_5268-1024x768.jpg 1024w, https:\/\/blog.sub.uni-hamburg.de\/wp-content\/uploads\/2024\/05\/IMG_5268-768x576.jpg 768w, https:\/\/blog.sub.uni-hamburg.de\/wp-content\/uploads\/2024\/05\/IMG_5268-1536x1152.jpg 1536w, https:\/\/blog.sub.uni-hamburg.de\/wp-content\/uploads\/2024\/05\/IMG_5268-2048x1536.jpg 2048w\" sizes=\"auto, (max-width: 150px) 100vw, 150px\" data-attachment-id=\"38136\" data-permalink=\"https:\/\/blog.sub.uni-hamburg.de\/?attachment_id=38136\" data-orig-file=\"https:\/\/blog.sub.uni-hamburg.de\/wp-content\/uploads\/2024\/05\/IMG_5268-scaled.jpg\" data-orig-size=\"2560,1920\" data-comments-opened=\"1\" data-image-meta=\"{&quot;aperture&quot;:&quot;2.4&quot;,&quot;credit&quot;:&quot;&quot;,&quot;camera&quot;:&quot;iPhone 4S&quot;,&quot;caption&quot;:&quot;&quot;,&quot;created_timestamp&quot;:&quot;1402923195&quot;,&quot;copyright&quot;:&quot;&quot;,&quot;focal_length&quot;:&quot;4.28&quot;,&quot;iso&quot;:&quot;125&quot;,&quot;shutter_speed&quot;:&quot;0.05&quot;,&quot;title&quot;:&quot;&quot;,&quot;orientation&quot;:&quot;1&quot;}\" data-image-title=\"IMG_5268\" data-image-description=\"\" data-image-caption=\"&lt;p&gt;Neue Sitzm\u00f6bel im Infozentrum 2014, Gabriele Beger mit Olaf Eigenbrodt und Marlene Grau&lt;\/p&gt;\n\" data-large-file=\"https:\/\/blog.sub.uni-hamburg.de\/wp-content\/uploads\/2024\/05\/IMG_5268-1024x768.jpg\" \/><\/a>\n\t\t\t<\/dt>\n\t\t\t\t<dd class='wp-caption-text gallery-caption' id='gallery-1-38136'>\n\t\t\t\tNeue Sitzm\u00f6bel im Infozentrum 2014, Gabriele Beger mit Olaf Eigenbrodt und Marlene Grau\n\t\t\t\t<\/dd><\/dl><br style=\"clear: both\" \/><dl class='gallery-item'>\n\t\t\t<dt class='gallery-icon landscape'>\n\t\t\t\t<a href='https:\/\/blog.sub.uni-hamburg.de\/?attachment_id=38144'><img loading=\"lazy\" decoding=\"async\" width=\"150\" height=\"113\" src=\"https:\/\/blog.sub.uni-hamburg.de\/wp-content\/uploads\/2024\/05\/PA040053-1-150x113.jpg\" class=\"attachment-thumbnail size-thumbnail\" alt=\"\" aria-describedby=\"gallery-1-38144\" srcset=\"https:\/\/blog.sub.uni-hamburg.de\/wp-content\/uploads\/2024\/05\/PA040053-1-150x113.jpg 150w, https:\/\/blog.sub.uni-hamburg.de\/wp-content\/uploads\/2024\/05\/PA040053-1-300x225.jpg 300w, https:\/\/blog.sub.uni-hamburg.de\/wp-content\/uploads\/2024\/05\/PA040053-1-1024x768.jpg 1024w, https:\/\/blog.sub.uni-hamburg.de\/wp-content\/uploads\/2024\/05\/PA040053-1-768x576.jpg 768w, https:\/\/blog.sub.uni-hamburg.de\/wp-content\/uploads\/2024\/05\/PA040053-1-1536x1152.jpg 1536w, https:\/\/blog.sub.uni-hamburg.de\/wp-content\/uploads\/2024\/05\/PA040053-1-2048x1536.jpg 2048w\" sizes=\"auto, (max-width: 150px) 100vw, 150px\" data-attachment-id=\"38144\" data-permalink=\"https:\/\/blog.sub.uni-hamburg.de\/?attachment_id=38144\" data-orig-file=\"https:\/\/blog.sub.uni-hamburg.de\/wp-content\/uploads\/2024\/05\/PA040053-1.jpg\" data-orig-size=\"2408,1806\" data-comments-opened=\"1\" data-image-meta=\"{&quot;aperture&quot;:&quot;1.9&quot;,&quot;credit&quot;:&quot;&quot;,&quot;camera&quot;:&quot;XZ-1&quot;,&quot;caption&quot;:&quot;OLYMPUS DIGITAL CAMERA&quot;,&quot;created_timestamp&quot;:&quot;1349341391&quot;,&quot;copyright&quot;:&quot;&quot;,&quot;focal_length&quot;:&quot;6.48&quot;,&quot;iso&quot;:&quot;200&quot;,&quot;shutter_speed&quot;:&quot;0.033333333333333&quot;,&quot;title&quot;:&quot;OLYMPUS DIGITAL CAMERA&quot;,&quot;orientation&quot;:&quot;1&quot;}\" data-image-title=\"\" data-image-description=\"\" data-image-caption=\"&lt;p&gt;Er\u00f6ffnung Infozentrum 2014&lt;\/p&gt;\n\" data-large-file=\"https:\/\/blog.sub.uni-hamburg.de\/wp-content\/uploads\/2024\/05\/PA040053-1-1024x768.jpg\" \/><\/a>\n\t\t\t<\/dt>\n\t\t\t\t<dd class='wp-caption-text gallery-caption' id='gallery-1-38144'>\n\t\t\t\tEr\u00f6ffnung Infozentrum 2014\n\t\t\t\t<\/dd><\/dl><dl class='gallery-item'>\n\t\t\t<dt class='gallery-icon landscape'>\n\t\t\t\t<a href='https:\/\/blog.sub.uni-hamburg.de\/?attachment_id=38130'><img loading=\"lazy\" decoding=\"async\" width=\"150\" height=\"100\" src=\"https:\/\/blog.sub.uni-hamburg.de\/wp-content\/uploads\/2024\/05\/503_team-150x100.jpg\" class=\"attachment-thumbnail size-thumbnail\" alt=\"\" aria-describedby=\"gallery-1-38130\" srcset=\"https:\/\/blog.sub.uni-hamburg.de\/wp-content\/uploads\/2024\/05\/503_team-150x100.jpg 150w, https:\/\/blog.sub.uni-hamburg.de\/wp-content\/uploads\/2024\/05\/503_team-300x200.jpg 300w, https:\/\/blog.sub.uni-hamburg.de\/wp-content\/uploads\/2024\/05\/503_team-768x512.jpg 768w, https:\/\/blog.sub.uni-hamburg.de\/wp-content\/uploads\/2024\/05\/503_team.jpg 800w\" sizes=\"auto, (max-width: 150px) 100vw, 150px\" data-attachment-id=\"38130\" data-permalink=\"https:\/\/blog.sub.uni-hamburg.de\/?attachment_id=38130\" data-orig-file=\"https:\/\/blog.sub.uni-hamburg.de\/wp-content\/uploads\/2024\/05\/503_team.jpg\" data-orig-size=\"800,533\" data-comments-opened=\"1\" data-image-meta=\"{&quot;aperture&quot;:&quot;0&quot;,&quot;credit&quot;:&quot;WITTERS&quot;,&quot;camera&quot;:&quot;&quot;,&quot;caption&quot;:&quot;&quot;,&quot;created_timestamp&quot;:&quot;0&quot;,&quot;copyright&quot;:&quot;Witters&quot;,&quot;focal_length&quot;:&quot;0&quot;,&quot;iso&quot;:&quot;0&quot;,&quot;shutter_speed&quot;:&quot;0&quot;,&quot;title&quot;:&quot;503_Staats- und Universitaetsbibliothek Hamburg Carl von Ossietzky.JPG&quot;,&quot;orientation&quot;:&quot;0&quot;}\" data-image-title=\"503_Staats- und Universitaetsbibliothek Hamburg Carl von Ossietzky.JPG\" data-image-description=\"\" data-image-caption=\"&lt;p&gt;Gabriele Beger mit dem Stabi-Team beim HSH Nordbank Run 2011&lt;\/p&gt;\n\" data-large-file=\"https:\/\/blog.sub.uni-hamburg.de\/wp-content\/uploads\/2024\/05\/503_team.jpg\" \/><\/a>\n\t\t\t<\/dt>\n\t\t\t\t<dd class='wp-caption-text gallery-caption' id='gallery-1-38130'>\n\t\t\t\tGabriele Beger mit dem Stabi-Team beim HSH Nordbank Run 2011\n\t\t\t\t<\/dd><\/dl><dl class='gallery-item'>\n\t\t\t<dt class='gallery-icon landscape'>\n\t\t\t\t<a href='https:\/\/blog.sub.uni-hamburg.de\/?attachment_id=38132'><img loading=\"lazy\" decoding=\"async\" width=\"150\" height=\"113\" src=\"https:\/\/blog.sub.uni-hamburg.de\/wp-content\/uploads\/2024\/05\/BILD0166-150x113.jpg\" class=\"attachment-thumbnail size-thumbnail\" alt=\"\" aria-describedby=\"gallery-1-38132\" srcset=\"https:\/\/blog.sub.uni-hamburg.de\/wp-content\/uploads\/2024\/05\/BILD0166-150x113.jpg 150w, https:\/\/blog.sub.uni-hamburg.de\/wp-content\/uploads\/2024\/05\/BILD0166-300x225.jpg 300w, https:\/\/blog.sub.uni-hamburg.de\/wp-content\/uploads\/2024\/05\/BILD0166-1024x768.jpg 1024w, https:\/\/blog.sub.uni-hamburg.de\/wp-content\/uploads\/2024\/05\/BILD0166-768x576.jpg 768w, https:\/\/blog.sub.uni-hamburg.de\/wp-content\/uploads\/2024\/05\/BILD0166-1536x1152.jpg 1536w, https:\/\/blog.sub.uni-hamburg.de\/wp-content\/uploads\/2024\/05\/BILD0166-2048x1536.jpg 2048w\" sizes=\"auto, (max-width: 150px) 100vw, 150px\" data-attachment-id=\"38132\" data-permalink=\"https:\/\/blog.sub.uni-hamburg.de\/?attachment_id=38132\" data-orig-file=\"https:\/\/blog.sub.uni-hamburg.de\/wp-content\/uploads\/2024\/05\/BILD0166-scaled.jpg\" data-orig-size=\"2560,1920\" data-comments-opened=\"1\" data-image-meta=\"{&quot;aperture&quot;:&quot;5.3&quot;,&quot;credit&quot;:&quot;&quot;,&quot;camera&quot;:&quot;RCP-8527X&quot;,&quot;caption&quot;:&quot;Rollei&quot;,&quot;created_timestamp&quot;:&quot;1309016016&quot;,&quot;copyright&quot;:&quot;&quot;,&quot;focal_length&quot;:&quot;6.4&quot;,&quot;iso&quot;:&quot;64&quot;,&quot;shutter_speed&quot;:&quot;0.0038759689922481&quot;,&quot;title&quot;:&quot;Rollei&quot;,&quot;orientation&quot;:&quot;1&quot;}\" data-image-title=\"\" data-image-description=\"\" data-image-caption=\"&lt;p&gt;Gabriele Beger mit dem Stabi-Team beim HSH Nordbank Run 2011&lt;\/p&gt;\n\" data-large-file=\"https:\/\/blog.sub.uni-hamburg.de\/wp-content\/uploads\/2024\/05\/BILD0166-1024x768.jpg\" \/><\/a>\n\t\t\t<\/dt>\n\t\t\t\t<dd class='wp-caption-text gallery-caption' id='gallery-1-38132'>\n\t\t\t\tGabriele Beger mit dem Stabi-Team beim HSH Nordbank Run 2011\n\t\t\t\t<\/dd><\/dl><br style=\"clear: both\" \/><dl class='gallery-item'>\n\t\t\t<dt class='gallery-icon portrait'>\n\t\t\t\t<a href='https:\/\/blog.sub.uni-hamburg.de\/?attachment_id=38131'><img loading=\"lazy\" decoding=\"async\" width=\"85\" height=\"150\" src=\"https:\/\/blog.sub.uni-hamburg.de\/wp-content\/uploads\/2024\/05\/betriebsausflug2017-85x150.jpg\" class=\"attachment-thumbnail size-thumbnail\" alt=\"\" aria-describedby=\"gallery-1-38131\" srcset=\"https:\/\/blog.sub.uni-hamburg.de\/wp-content\/uploads\/2024\/05\/betriebsausflug2017-85x150.jpg 85w, https:\/\/blog.sub.uni-hamburg.de\/wp-content\/uploads\/2024\/05\/betriebsausflug2017-169x300.jpg 169w, https:\/\/blog.sub.uni-hamburg.de\/wp-content\/uploads\/2024\/05\/betriebsausflug2017-577x1024.jpg 577w, https:\/\/blog.sub.uni-hamburg.de\/wp-content\/uploads\/2024\/05\/betriebsausflug2017-768x1363.jpg 768w, https:\/\/blog.sub.uni-hamburg.de\/wp-content\/uploads\/2024\/05\/betriebsausflug2017-865x1536.jpg 865w, https:\/\/blog.sub.uni-hamburg.de\/wp-content\/uploads\/2024\/05\/betriebsausflug2017-1154x2048.jpg 1154w, https:\/\/blog.sub.uni-hamburg.de\/wp-content\/uploads\/2024\/05\/betriebsausflug2017.jpg 1440w\" sizes=\"auto, (max-width: 85px) 100vw, 85px\" data-attachment-id=\"38131\" data-permalink=\"https:\/\/blog.sub.uni-hamburg.de\/?attachment_id=38131\" data-orig-file=\"https:\/\/blog.sub.uni-hamburg.de\/wp-content\/uploads\/2024\/05\/betriebsausflug2017.jpg\" data-orig-size=\"1440,2556\" data-comments-opened=\"1\" data-image-meta=\"{&quot;aperture&quot;:&quot;0&quot;,&quot;credit&quot;:&quot;&quot;,&quot;camera&quot;:&quot;&quot;,&quot;caption&quot;:&quot;&quot;,&quot;created_timestamp&quot;:&quot;0&quot;,&quot;copyright&quot;:&quot;&quot;,&quot;focal_length&quot;:&quot;0&quot;,&quot;iso&quot;:&quot;0&quot;,&quot;shutter_speed&quot;:&quot;0&quot;,&quot;title&quot;:&quot;&quot;,&quot;orientation&quot;:&quot;0&quot;}\" data-image-title=\"Betriebsausflug 2017\" data-image-description=\"\" data-image-caption=\"&lt;p&gt;Betriebsausflug 2017 &lt;\/p&gt;\n\" data-large-file=\"https:\/\/blog.sub.uni-hamburg.de\/wp-content\/uploads\/2024\/05\/betriebsausflug2017-577x1024.jpg\" \/><\/a>\n\t\t\t<\/dt>\n\t\t\t\t<dd class='wp-caption-text gallery-caption' id='gallery-1-38131'>\n\t\t\t\tBetriebsausflug 2017 \n\t\t\t\t<\/dd><\/dl><dl class='gallery-item'>\n\t\t\t<dt class='gallery-icon portrait'>\n\t\t\t\t<a href='https:\/\/blog.sub.uni-hamburg.de\/?attachment_id=38134'><img loading=\"lazy\" decoding=\"async\" width=\"100\" height=\"150\" src=\"https:\/\/blog.sub.uni-hamburg.de\/wp-content\/uploads\/2024\/05\/gb-blumen-abschiedgrau-100x150.jpg\" class=\"attachment-thumbnail size-thumbnail\" alt=\"\" aria-describedby=\"gallery-1-38134\" srcset=\"https:\/\/blog.sub.uni-hamburg.de\/wp-content\/uploads\/2024\/05\/gb-blumen-abschiedgrau-100x150.jpg 100w, https:\/\/blog.sub.uni-hamburg.de\/wp-content\/uploads\/2024\/05\/gb-blumen-abschiedgrau-199x300.jpg 199w, https:\/\/blog.sub.uni-hamburg.de\/wp-content\/uploads\/2024\/05\/gb-blumen-abschiedgrau-679x1024.jpg 679w, https:\/\/blog.sub.uni-hamburg.de\/wp-content\/uploads\/2024\/05\/gb-blumen-abschiedgrau-768x1158.jpg 768w, https:\/\/blog.sub.uni-hamburg.de\/wp-content\/uploads\/2024\/05\/gb-blumen-abschiedgrau-1019x1536.jpg 1019w, https:\/\/blog.sub.uni-hamburg.de\/wp-content\/uploads\/2024\/05\/gb-blumen-abschiedgrau.jpg 1072w\" sizes=\"auto, (max-width: 100px) 100vw, 100px\" data-attachment-id=\"38134\" data-permalink=\"https:\/\/blog.sub.uni-hamburg.de\/?attachment_id=38134\" data-orig-file=\"https:\/\/blog.sub.uni-hamburg.de\/wp-content\/uploads\/2024\/05\/gb-blumen-abschiedgrau.jpg\" data-orig-size=\"1072,1616\" data-comments-opened=\"1\" data-image-meta=\"{&quot;aperture&quot;:&quot;0&quot;,&quot;credit&quot;:&quot;&quot;,&quot;camera&quot;:&quot;&quot;,&quot;caption&quot;:&quot;&quot;,&quot;created_timestamp&quot;:&quot;0&quot;,&quot;copyright&quot;:&quot;&quot;,&quot;focal_length&quot;:&quot;0&quot;,&quot;iso&quot;:&quot;0&quot;,&quot;shutter_speed&quot;:&quot;0&quot;,&quot;title&quot;:&quot;&quot;,&quot;orientation&quot;:&quot;0&quot;}\" data-image-title=\"gb-blumen\" data-image-description=\"\" data-image-caption=\"&lt;p&gt;Blumen zum 65. Geburtstag von Gabriele Beger am 24. April 2017&lt;\/p&gt;\n\" data-large-file=\"https:\/\/blog.sub.uni-hamburg.de\/wp-content\/uploads\/2024\/05\/gb-blumen-abschiedgrau-679x1024.jpg\" \/><\/a>\n\t\t\t<\/dt>\n\t\t\t\t<dd class='wp-caption-text gallery-caption' id='gallery-1-38134'>\n\t\t\t\tBlumen zum 65. Geburtstag von Gabriele Beger am 24. April 2017\n\t\t\t\t<\/dd><\/dl><dl class='gallery-item'>\n\t\t\t<dt class='gallery-icon landscape'>\n\t\t\t\t<a href='https:\/\/blog.sub.uni-hamburg.de\/?attachment_id=38139'><img loading=\"lazy\" decoding=\"async\" width=\"150\" height=\"113\" src=\"https:\/\/blog.sub.uni-hamburg.de\/wp-content\/uploads\/2024\/05\/PA010305-150x113.jpg\" class=\"attachment-thumbnail size-thumbnail\" alt=\"\" aria-describedby=\"gallery-1-38139\" srcset=\"https:\/\/blog.sub.uni-hamburg.de\/wp-content\/uploads\/2024\/05\/PA010305-150x113.jpg 150w, https:\/\/blog.sub.uni-hamburg.de\/wp-content\/uploads\/2024\/05\/PA010305-300x225.jpg 300w, https:\/\/blog.sub.uni-hamburg.de\/wp-content\/uploads\/2024\/05\/PA010305-1024x768.jpg 1024w, https:\/\/blog.sub.uni-hamburg.de\/wp-content\/uploads\/2024\/05\/PA010305-768x576.jpg 768w, https:\/\/blog.sub.uni-hamburg.de\/wp-content\/uploads\/2024\/05\/PA010305-1536x1152.jpg 1536w, https:\/\/blog.sub.uni-hamburg.de\/wp-content\/uploads\/2024\/05\/PA010305.jpg 2048w\" sizes=\"auto, (max-width: 150px) 100vw, 150px\" data-attachment-id=\"38139\" data-permalink=\"https:\/\/blog.sub.uni-hamburg.de\/?attachment_id=38139\" data-orig-file=\"https:\/\/blog.sub.uni-hamburg.de\/wp-content\/uploads\/2024\/05\/PA010305.jpg\" data-orig-size=\"2048,1536\" data-comments-opened=\"1\" data-image-meta=\"{&quot;aperture&quot;:&quot;2.3&quot;,&quot;credit&quot;:&quot;&quot;,&quot;camera&quot;:&quot;XZ-1&quot;,&quot;caption&quot;:&quot;OLYMPUS DIGITAL CAMERA&quot;,&quot;created_timestamp&quot;:&quot;1380626084&quot;,&quot;copyright&quot;:&quot;&quot;,&quot;focal_length&quot;:&quot;16.63&quot;,&quot;iso&quot;:&quot;200&quot;,&quot;shutter_speed&quot;:&quot;0.01&quot;,&quot;title&quot;:&quot;OLYMPUS DIGITAL CAMERA&quot;,&quot;orientation&quot;:&quot;1&quot;}\" data-image-title=\"Open Access Tage 2013\" data-image-description=\"\" data-image-caption=\"&lt;p&gt;Open Access Tage 2013&lt;\/p&gt;\n\" data-large-file=\"https:\/\/blog.sub.uni-hamburg.de\/wp-content\/uploads\/2024\/05\/PA010305-1024x768.jpg\" \/><\/a>\n\t\t\t<\/dt>\n\t\t\t\t<dd class='wp-caption-text gallery-caption' id='gallery-1-38139'>\n\t\t\t\tOpen Access Tage 2013\n\t\t\t\t<\/dd><\/dl><br style=\"clear: both\" \/><dl class='gallery-item'>\n\t\t\t<dt class='gallery-icon landscape'>\n\t\t\t\t<a href='https:\/\/blog.sub.uni-hamburg.de\/?attachment_id=38140'><img loading=\"lazy\" decoding=\"async\" width=\"150\" height=\"97\" src=\"https:\/\/blog.sub.uni-hamburg.de\/wp-content\/uploads\/2024\/05\/speicherverbundnord-2017-150x97.jpg\" class=\"attachment-thumbnail size-thumbnail\" alt=\"\" aria-describedby=\"gallery-1-38140\" srcset=\"https:\/\/blog.sub.uni-hamburg.de\/wp-content\/uploads\/2024\/05\/speicherverbundnord-2017-150x97.jpg 150w, https:\/\/blog.sub.uni-hamburg.de\/wp-content\/uploads\/2024\/05\/speicherverbundnord-2017-300x193.jpg 300w, https:\/\/blog.sub.uni-hamburg.de\/wp-content\/uploads\/2024\/05\/speicherverbundnord-2017-768x495.jpg 768w, https:\/\/blog.sub.uni-hamburg.de\/wp-content\/uploads\/2024\/05\/speicherverbundnord-2017.jpg 1004w\" sizes=\"auto, (max-width: 150px) 100vw, 150px\" data-attachment-id=\"38140\" data-permalink=\"https:\/\/blog.sub.uni-hamburg.de\/?attachment_id=38140\" data-orig-file=\"https:\/\/blog.sub.uni-hamburg.de\/wp-content\/uploads\/2024\/05\/speicherverbundnord-2017.jpg\" data-orig-size=\"1004,647\" data-comments-opened=\"1\" data-image-meta=\"{&quot;aperture&quot;:&quot;0&quot;,&quot;credit&quot;:&quot;&quot;,&quot;camera&quot;:&quot;&quot;,&quot;caption&quot;:&quot;&quot;,&quot;created_timestamp&quot;:&quot;0&quot;,&quot;copyright&quot;:&quot;&quot;,&quot;focal_length&quot;:&quot;0&quot;,&quot;iso&quot;:&quot;0&quot;,&quot;shutter_speed&quot;:&quot;0&quot;,&quot;title&quot;:&quot;&quot;,&quot;orientation&quot;:&quot;0&quot;}\" data-image-title=\"Speicherverbundnord 2017\" data-image-description=\"\" data-image-caption=\"&lt;p&gt;Speicherverbund Nord 2017: Torsten Ahlers, Kerstin Helmkamp, Gabriele Beger, Maria Elisabeth M\u00fcller, Robert Zepf&lt;\/p&gt;\n\" data-large-file=\"https:\/\/blog.sub.uni-hamburg.de\/wp-content\/uploads\/2024\/05\/speicherverbundnord-2017.jpg\" \/><\/a>\n\t\t\t<\/dt>\n\t\t\t\t<dd class='wp-caption-text gallery-caption' id='gallery-1-38140'>\n\t\t\t\tSpeicherverbund Nord 2017: Torsten Ahlers, Kerstin Helmkamp, Gabriele Beger, Maria Elisabeth M\u00fcller, Robert Zepf\n\t\t\t\t<\/dd><\/dl><dl class='gallery-item'>\n\t\t\t<dt class='gallery-icon landscape'>\n\t\t\t\t<a href='https:\/\/blog.sub.uni-hamburg.de\/?attachment_id=38141'><img loading=\"lazy\" decoding=\"async\" width=\"150\" height=\"100\" src=\"https:\/\/blog.sub.uni-hamburg.de\/wp-content\/uploads\/2024\/05\/HH_Buchpreis_2017_053-1-150x100.jpg\" class=\"attachment-thumbnail size-thumbnail\" alt=\"\" aria-describedby=\"gallery-1-38141\" srcset=\"https:\/\/blog.sub.uni-hamburg.de\/wp-content\/uploads\/2024\/05\/HH_Buchpreis_2017_053-1-150x100.jpg 150w, https:\/\/blog.sub.uni-hamburg.de\/wp-content\/uploads\/2024\/05\/HH_Buchpreis_2017_053-1-300x200.jpg 300w, https:\/\/blog.sub.uni-hamburg.de\/wp-content\/uploads\/2024\/05\/HH_Buchpreis_2017_053-1-1024x683.jpg 1024w, https:\/\/blog.sub.uni-hamburg.de\/wp-content\/uploads\/2024\/05\/HH_Buchpreis_2017_053-1-768x512.jpg 768w, https:\/\/blog.sub.uni-hamburg.de\/wp-content\/uploads\/2024\/05\/HH_Buchpreis_2017_053-1-1536x1024.jpg 1536w, https:\/\/blog.sub.uni-hamburg.de\/wp-content\/uploads\/2024\/05\/HH_Buchpreis_2017_053-1-2048x1365.jpg 2048w\" sizes=\"auto, (max-width: 150px) 100vw, 150px\" data-attachment-id=\"38141\" data-permalink=\"https:\/\/blog.sub.uni-hamburg.de\/?attachment_id=38141\" data-orig-file=\"https:\/\/blog.sub.uni-hamburg.de\/wp-content\/uploads\/2024\/05\/HH_Buchpreis_2017_053-1-scaled.jpg\" data-orig-size=\"2560,1706\" data-comments-opened=\"1\" data-image-meta=\"{&quot;aperture&quot;:&quot;2.8&quot;,&quot;credit&quot;:&quot;SUB HAMBURG&quot;,&quot;camera&quot;:&quot;NIKON D3X&quot;,&quot;caption&quot;:&quot;&quot;,&quot;created_timestamp&quot;:&quot;1509129099&quot;,&quot;copyright&quot;:&quot;SUB HAMBURG&quot;,&quot;focal_length&quot;:&quot;24&quot;,&quot;iso&quot;:&quot;400&quot;,&quot;shutter_speed&quot;:&quot;0.008&quot;,&quot;title&quot;:&quot;&quot;,&quot;orientation&quot;:&quot;0&quot;}\" data-image-title=\"HH_Buchpreis_2017_053-1\" data-image-description=\"\" data-image-caption=\"&lt;p&gt;Verabschiedung von Dr. Marlene Grau bei HamburgLesen 2017&lt;\/p&gt;\n\" data-large-file=\"https:\/\/blog.sub.uni-hamburg.de\/wp-content\/uploads\/2024\/05\/HH_Buchpreis_2017_053-1-1024x683.jpg\" \/><\/a>\n\t\t\t<\/dt>\n\t\t\t\t<dd class='wp-caption-text gallery-caption' id='gallery-1-38141'>\n\t\t\t\tVerabschiedung von Dr. Marlene Grau bei HamburgLesen 2017\n\t\t\t\t<\/dd><\/dl><dl class='gallery-item'>\n\t\t\t<dt class='gallery-icon landscape'>\n\t\t\t\t<a href='https:\/\/blog.sub.uni-hamburg.de\/?attachment_id=38142'><img loading=\"lazy\" decoding=\"async\" width=\"150\" height=\"100\" src=\"https:\/\/blog.sub.uni-hamburg.de\/wp-content\/uploads\/2024\/05\/HH_Lesen_2013_Buchpreis_131025_60-1-150x100.jpg\" class=\"attachment-thumbnail size-thumbnail\" alt=\"\" aria-describedby=\"gallery-1-38142\" srcset=\"https:\/\/blog.sub.uni-hamburg.de\/wp-content\/uploads\/2024\/05\/HH_Lesen_2013_Buchpreis_131025_60-1-150x100.jpg 150w, https:\/\/blog.sub.uni-hamburg.de\/wp-content\/uploads\/2024\/05\/HH_Lesen_2013_Buchpreis_131025_60-1-300x200.jpg 300w, https:\/\/blog.sub.uni-hamburg.de\/wp-content\/uploads\/2024\/05\/HH_Lesen_2013_Buchpreis_131025_60-1-1024x683.jpg 1024w, https:\/\/blog.sub.uni-hamburg.de\/wp-content\/uploads\/2024\/05\/HH_Lesen_2013_Buchpreis_131025_60-1-768x512.jpg 768w, https:\/\/blog.sub.uni-hamburg.de\/wp-content\/uploads\/2024\/05\/HH_Lesen_2013_Buchpreis_131025_60-1-1536x1024.jpg 1536w, https:\/\/blog.sub.uni-hamburg.de\/wp-content\/uploads\/2024\/05\/HH_Lesen_2013_Buchpreis_131025_60-1-2048x1365.jpg 2048w\" sizes=\"auto, (max-width: 150px) 100vw, 150px\" data-attachment-id=\"38142\" data-permalink=\"https:\/\/blog.sub.uni-hamburg.de\/?attachment_id=38142\" data-orig-file=\"https:\/\/blog.sub.uni-hamburg.de\/wp-content\/uploads\/2024\/05\/HH_Lesen_2013_Buchpreis_131025_60-1.jpg\" data-orig-size=\"2417,1611\" data-comments-opened=\"1\" data-image-meta=\"{&quot;aperture&quot;:&quot;2.8&quot;,&quot;credit&quot;:&quot;Staats- und Universit\\u00e4tsbibliot&quot;,&quot;camera&quot;:&quot;NIKON D3X&quot;,&quot;caption&quot;:&quot;&quot;,&quot;created_timestamp&quot;:&quot;1382718668&quot;,&quot;copyright&quot;:&quot;Staats- und Universit\\u00e4tsbibliothek Hamburg&quot;,&quot;focal_length&quot;:&quot;26&quot;,&quot;iso&quot;:&quot;640&quot;,&quot;shutter_speed&quot;:&quot;0.008&quot;,&quot;title&quot;:&quot;&quot;,&quot;orientation&quot;:&quot;1&quot;}\" data-image-title=\"HH_Lesen_2013_Buchpreis_131025_60-1\" data-image-description=\"\" data-image-caption=\"&lt;p&gt;Gabriele Beger und der 1. Preistr\u00e4ger von HamburgLesen 2013, Joachim Kersten&lt;\/p&gt;\n\" data-large-file=\"https:\/\/blog.sub.uni-hamburg.de\/wp-content\/uploads\/2024\/05\/HH_Lesen_2013_Buchpreis_131025_60-1-1024x683.jpg\" \/><\/a>\n\t\t\t<\/dt>\n\t\t\t\t<dd class='wp-caption-text gallery-caption' id='gallery-1-38142'>\n\t\t\t\tGabriele Beger und der 1. Preistr\u00e4ger von HamburgLesen 2013, Joachim Kersten\n\t\t\t\t<\/dd><\/dl><br style=\"clear: both\" \/><dl class='gallery-item'>\n\t\t\t<dt class='gallery-icon landscape'>\n\t\t\t\t<a href='https:\/\/blog.sub.uni-hamburg.de\/?attachment_id=38143'><img loading=\"lazy\" decoding=\"async\" width=\"150\" height=\"126\" src=\"https:\/\/blog.sub.uni-hamburg.de\/wp-content\/uploads\/2024\/05\/HH_Buchpreis_2017_046-1-150x126.jpg\" class=\"attachment-thumbnail size-thumbnail\" alt=\"\" aria-describedby=\"gallery-1-38143\" srcset=\"https:\/\/blog.sub.uni-hamburg.de\/wp-content\/uploads\/2024\/05\/HH_Buchpreis_2017_046-1-150x126.jpg 150w, https:\/\/blog.sub.uni-hamburg.de\/wp-content\/uploads\/2024\/05\/HH_Buchpreis_2017_046-1-300x252.jpg 300w, https:\/\/blog.sub.uni-hamburg.de\/wp-content\/uploads\/2024\/05\/HH_Buchpreis_2017_046-1-1024x860.jpg 1024w, https:\/\/blog.sub.uni-hamburg.de\/wp-content\/uploads\/2024\/05\/HH_Buchpreis_2017_046-1-768x645.jpg 768w, https:\/\/blog.sub.uni-hamburg.de\/wp-content\/uploads\/2024\/05\/HH_Buchpreis_2017_046-1-1536x1290.jpg 1536w, https:\/\/blog.sub.uni-hamburg.de\/wp-content\/uploads\/2024\/05\/HH_Buchpreis_2017_046-1.jpg 2008w\" sizes=\"auto, (max-width: 150px) 100vw, 150px\" data-attachment-id=\"38143\" data-permalink=\"https:\/\/blog.sub.uni-hamburg.de\/?attachment_id=38143\" data-orig-file=\"https:\/\/blog.sub.uni-hamburg.de\/wp-content\/uploads\/2024\/05\/HH_Buchpreis_2017_046-1.jpg\" data-orig-size=\"2008,1686\" data-comments-opened=\"1\" data-image-meta=\"{&quot;aperture&quot;:&quot;2.8&quot;,&quot;credit&quot;:&quot;SUB HAMBURG&quot;,&quot;camera&quot;:&quot;NIKON D3X&quot;,&quot;caption&quot;:&quot;&quot;,&quot;created_timestamp&quot;:&quot;1509128444&quot;,&quot;copyright&quot;:&quot;SUB HAMBURG&quot;,&quot;focal_length&quot;:&quot;24&quot;,&quot;iso&quot;:&quot;400&quot;,&quot;shutter_speed&quot;:&quot;0.008&quot;,&quot;title&quot;:&quot;&quot;,&quot;orientation&quot;:&quot;0&quot;}\" data-image-title=\"HH_Buchpreis_2017_046-1\" data-image-description=\"\" data-image-caption=\"&lt;p&gt;HamburgLesen 2017&lt;\/p&gt;\n\" data-large-file=\"https:\/\/blog.sub.uni-hamburg.de\/wp-content\/uploads\/2024\/05\/HH_Buchpreis_2017_046-1-1024x860.jpg\" \/><\/a>\n\t\t\t<\/dt>\n\t\t\t\t<dd class='wp-caption-text gallery-caption' id='gallery-1-38143'>\n\t\t\t\tHamburgLesen 2017\n\t\t\t\t<\/dd><\/dl><dl class='gallery-item'>\n\t\t\t<dt class='gallery-icon landscape'>\n\t\t\t\t<a href='https:\/\/blog.sub.uni-hamburg.de\/?attachment_id=38135'><img loading=\"lazy\" decoding=\"async\" width=\"150\" height=\"128\" src=\"https:\/\/blog.sub.uni-hamburg.de\/wp-content\/uploads\/2024\/05\/hhlesen-unsterblich-150x128.jpg\" class=\"attachment-thumbnail size-thumbnail\" alt=\"\" aria-describedby=\"gallery-1-38135\" srcset=\"https:\/\/blog.sub.uni-hamburg.de\/wp-content\/uploads\/2024\/05\/hhlesen-unsterblich-150x128.jpg 150w, https:\/\/blog.sub.uni-hamburg.de\/wp-content\/uploads\/2024\/05\/hhlesen-unsterblich-300x255.jpg 300w, https:\/\/blog.sub.uni-hamburg.de\/wp-content\/uploads\/2024\/05\/hhlesen-unsterblich-1024x871.jpg 1024w, https:\/\/blog.sub.uni-hamburg.de\/wp-content\/uploads\/2024\/05\/hhlesen-unsterblich-768x653.jpg 768w, https:\/\/blog.sub.uni-hamburg.de\/wp-content\/uploads\/2024\/05\/hhlesen-unsterblich-1536x1307.jpg 1536w, https:\/\/blog.sub.uni-hamburg.de\/wp-content\/uploads\/2024\/05\/hhlesen-unsterblich-2048x1743.jpg 2048w\" sizes=\"auto, (max-width: 150px) 100vw, 150px\" data-attachment-id=\"38135\" data-permalink=\"https:\/\/blog.sub.uni-hamburg.de\/?attachment_id=38135\" data-orig-file=\"https:\/\/blog.sub.uni-hamburg.de\/wp-content\/uploads\/2024\/05\/hhlesen-unsterblich-scaled.jpg\" data-orig-size=\"2560,2178\" data-comments-opened=\"1\" data-image-meta=\"{&quot;aperture&quot;:&quot;0&quot;,&quot;credit&quot;:&quot;&quot;,&quot;camera&quot;:&quot;&quot;,&quot;caption&quot;:&quot;&quot;,&quot;created_timestamp&quot;:&quot;0&quot;,&quot;copyright&quot;:&quot;&quot;,&quot;focal_length&quot;:&quot;0&quot;,&quot;iso&quot;:&quot;0&quot;,&quot;shutter_speed&quot;:&quot;0&quot;,&quot;title&quot;:&quot;&quot;,&quot;orientation&quot;:&quot;0&quot;}\" data-image-title=\"hhlesen-unsterblich\" data-image-description=\"\" data-image-caption=\"&lt;p&gt;HamburgLesen 2020&lt;\/p&gt;\n\" data-large-file=\"https:\/\/blog.sub.uni-hamburg.de\/wp-content\/uploads\/2024\/05\/hhlesen-unsterblich-1024x871.jpg\" \/><\/a>\n\t\t\t<\/dt>\n\t\t\t\t<dd class='wp-caption-text gallery-caption' id='gallery-1-38135'>\n\t\t\t\tHamburgLesen 2020\n\t\t\t\t<\/dd><\/dl><dl class='gallery-item'>\n\t\t\t<dt class='gallery-icon landscape'>\n\t\t\t\t<a href='https:\/\/blog.sub.uni-hamburg.de\/?attachment_id=38146'><img loading=\"lazy\" decoding=\"async\" width=\"150\" height=\"113\" src=\"https:\/\/blog.sub.uni-hamburg.de\/wp-content\/uploads\/2024\/05\/direktor-innen_stabi-1-150x113.jpg\" class=\"attachment-thumbnail size-thumbnail\" alt=\"\" aria-describedby=\"gallery-1-38146\" srcset=\"https:\/\/blog.sub.uni-hamburg.de\/wp-content\/uploads\/2024\/05\/direktor-innen_stabi-1-150x113.jpg 150w, https:\/\/blog.sub.uni-hamburg.de\/wp-content\/uploads\/2024\/05\/direktor-innen_stabi-1-300x225.jpg 300w, https:\/\/blog.sub.uni-hamburg.de\/wp-content\/uploads\/2024\/05\/direktor-innen_stabi-1-1024x768.jpg 1024w, https:\/\/blog.sub.uni-hamburg.de\/wp-content\/uploads\/2024\/05\/direktor-innen_stabi-1-768x576.jpg 768w, https:\/\/blog.sub.uni-hamburg.de\/wp-content\/uploads\/2024\/05\/direktor-innen_stabi-1-1536x1152.jpg 1536w, https:\/\/blog.sub.uni-hamburg.de\/wp-content\/uploads\/2024\/05\/direktor-innen_stabi-1-2048x1536.jpg 2048w\" sizes=\"auto, (max-width: 150px) 100vw, 150px\" data-attachment-id=\"38146\" data-permalink=\"https:\/\/blog.sub.uni-hamburg.de\/?attachment_id=38146\" data-orig-file=\"https:\/\/blog.sub.uni-hamburg.de\/wp-content\/uploads\/2024\/05\/direktor-innen_stabi-1-scaled.jpg\" data-orig-size=\"2560,1920\" data-comments-opened=\"1\" data-image-meta=\"{&quot;aperture&quot;:&quot;0&quot;,&quot;credit&quot;:&quot;&quot;,&quot;camera&quot;:&quot;&quot;,&quot;caption&quot;:&quot;&quot;,&quot;created_timestamp&quot;:&quot;0&quot;,&quot;copyright&quot;:&quot;&quot;,&quot;focal_length&quot;:&quot;0&quot;,&quot;iso&quot;:&quot;0&quot;,&quot;shutter_speed&quot;:&quot;0&quot;,&quot;title&quot;:&quot;&quot;,&quot;orientation&quot;:&quot;0&quot;}\" data-image-title=\"direktor-innen_stabi-1\" data-image-description=\"\" data-image-caption=\"&lt;p&gt;Die drei ehemaligen Direktor:innen der Stabi: Horst Gronemeyer, Peter Rau und Gabriele Beger beim Jahresempfang 04\/2023&lt;\/p&gt;\n\" data-large-file=\"https:\/\/blog.sub.uni-hamburg.de\/wp-content\/uploads\/2024\/05\/direktor-innen_stabi-1-1024x768.jpg\" \/><\/a>\n\t\t\t<\/dt>\n\t\t\t\t<dd class='wp-caption-text gallery-caption' id='gallery-1-38146'>\n\t\t\t\tDie drei ehemaligen Direktor:innen der Stabi: Horst Gronemeyer, Peter Rau und Gabriele Beger beim Jahresempfang 04\/2023\n\t\t\t\t<\/dd><\/dl><br style=\"clear: both\" \/>\n\t\t<\/div>\n<\/p>\n<p>Als Vorsitzende der Rechtskommission und des Fachausschusses Urheberrecht im Deutschen Kulturrat beriet sie den Deutschen Bundestag und das Bundesministerium bei der Gestaltung eines fairen Ausgleichs der Interessen. Als Vertreterin der Bibliotheken in der Kommission Bibliothekstantieme der Kultusministerkonferenz vertrat sie sehr engagiert und kompetent die Sache der Bibliotheken und Hochschulen und verstand es, die Verhandlungen konstruktiv und ergebnisorientiert zu f\u00fchren.<\/p>\n<p>Auch zur Neugestaltung der rechtlichen Grundlagen des Hamburgischen Bibliothekswesens hat sie ma\u00dfgeblich beigetragen: Nicht zuletzt auf ihre Initiative hin beschloss die B\u00fcrgerschaft 2009 eine neues Pflichtexemplargesetz, mit der der SUB die Aufgaben \u00fcbertragen wurde, auch die in der Stadt erscheinenden digitale Publikationen zu sammeln. 2011 erreichte sie die \u00dcberf\u00fchrung der SUB, die bisher Teil der Staatsverwaltung gewesen war, in die agilere Rechtsform eines Landesbetriebs. Dadurch war es leichter m\u00f6glich, die digitalen Services der Bibliothek auszubauen \u2013 und auch die \u00d6ffnungszeiten auf sieben Tage in der Woche auszuweiten.<\/p>\n<p>\u00dcber die Gestaltung der Rechtsnormen hinaus engagierte sich Gabriele Beger auch in der Praxis f\u00fcr die Ausgestaltung des Urheberrechts: als Autorin bibliotheksjuristischer Standardwerke, aber auch als Verantwortliche f\u00fcr den Open-Access-Universit\u00e4tsverlag Hamburg University Press, dessen Erfolg ihr immer am Herzen lag. Mit im Fokus ihres Engagements war es dabei immer, mehr Menschen f\u00fcr bibliothekarische Rechtsfragen zu begeistern und das juristische Know-how im Bibliothekswesen zu st\u00e4rken. So motivierte sie zahlreiche j\u00fcngere Juristinnen und Juristen, sich im Bibliothekswesen zu engagieren, und konnte so bei ihrem Ruhestand den Staffelstab eine neue Generation weitergeben.<\/p>\n<p>Viele Bibliotheken, Hochschulen, Wissenschafts- und Kultureinrichtungen hat sie durch ihre Mitarbeit in Stiftungsgremien und Beir\u00e4ten aktiv unterst\u00fctzt \u2013 unter anderen UNESCO Deutschland, das Goethe-Institut, die deutsche Zentralbibliothek Medizin, die B\u00fccherhallen Hamburg, das Hanseatische Wirtschaftsarchiv der Handelskammer Hamburg, die Stiftung Warburg-Haus, die Stiftung Linga-Bibliothek \u2013 und in verschiedenen Rollen nat\u00fcrlich die Hamburger staatlichen Universit\u00e4ten und Hochschulen. F\u00fcr ihr gesellschaftliches Engagement wurde sie 2008 als erste Deutsche mit dem John-Jacob-Astor-Award der Checkpoint-Charlie-Stiftung ausgezeichnet.<\/p>\n<p>Neben ihrem Engagement f\u00fcr Wissenschaft und Hochschulen war Gabriele Beger aber auch stets der Auftrag der Stabi als \u00f6ffentliche wissenschaftliche Bibliothek und Landesbibliothek der Freien und Hansestadt Hamburg wichtig. <\/p>\n<p>Mit dem von ihr initiierten Buchpreis \u201eHamburg Lesen\u201c, dessen Jury sie zehn Jahre lang angeh\u00f6rte, machte sie \u00f6ffentlich sichtbar, um welche wunderbaren Titel die Hamburg-Sammlung der Stabi jedes Jahr bereichert wird. Aber auch das historische Kulturerbe war ihr wichtig: Mit der Aktion \u201eHamburg ohne Worte\u201c weckte sie das \u00f6ffentliche Bewusstsein f\u00fcr den Erhalt des durch S\u00e4urefra\u00df gef\u00e4hrdeten historischen Kulturguts, das sie auch durch gro\u00df angelegten Digitalisierungsprojekte der \u00d6ffentlichkeit zug\u00e4nglich machte \u2013  durch das Programm \u201eHamburger Kulturgut im Netz\u201c entstand so eine umfassende, weltweit rund um die Uhr frei zug\u00e4ngliche digitale Hamburg-Bibliothek mit einem der bedeutendsten digitalen Zeitungsportale Deutschlands. <\/p>\n<p>Mit Gabriele Beger verlieren die Bibliothekarinnen und Bibliothekare Hamburgs, Berlins und Deutschlands eine engagierte, allseits beliebte und fachlich gesch\u00e4tzte Kollegin, die es durch ihre Pers\u00f6nlichkeit immer wieder verstanden hat, f\u00fcr die Bibliotheken neue Freundinnen und Freunde, Unterst\u00fctzung und F\u00f6rderung zu gewinnen \u2013 und der es als Anw\u00e4ltin des Bibliothekswesens mit Sachkenntnis, Charme und der F\u00e4higkeit zum Kompromiss im rechten Moment immer wieder gelungen ist, die Belange der Wissenschaft, der Bibliotheken und ihrer Nutzenden in schwierigen und manchmal z\u00e4hen Verhandlungen erfolgreich zu vertreten.<\/p>\n<p>Das Kollegium der Stabi erinnert sich mit Respekt und Zuneigung an eine Direktorin, die die Bibliothek auf vielf\u00e4ltige Weise pr\u00e4gte, die nach au\u00dfen stets elegant und seri\u00f6s auftrat und nach innen durch ihre energiegeladene, charismatische und manchmal auch unkonventionelle Pers\u00f6nlichkeit f\u00fcr Motivation und Freude an der Arbeit sorgte. <\/p>\n<p>Prof. Robert Zepf<br \/>\nDirektor der Staats- und Universit\u00e4tsbibliothek Hamburg Carl von Ossietzky<\/p>\n<hr \/>\n<p>Auf Wunsch der Familie von Prof. Beger kann Kondolenzpost an die Stabi geschickt werden, wir leiten sie dann weiter.<\/p>\n<p>Wir bitten, folgende Adresse zu verwenden:<\/p>\n<p>Staats- und Universit\u00e4tsbibliothek Hamburg Carl von Ossietzky<br \/>\nKondolenz Prof. Dr. Gabriele Beger<br \/>\nVon-Melle-Park 3<br \/>\n20146 Hamburg<\/p>\n<hr \/>\n","protected":false},"excerpt":{"rendered":"<p>Wenige Tage nach ihrem 72. Geburtstag ist Prof. Dr. Gabriele Beger in Hamburg nach kurzer, schwerer Krankheit verstorben. Als erste Frau in der fast 550-j\u00e4hrigen Geschichte der Bibliothek leitete sie von 2005 bis 2018 die Staats- und Universit\u00e4tsbibliothek Hamburg Carl von Ossietzky. Als Beiratsvorsitzende des Hamburger Bibliothekenverbunds gestaltete sie die Zusammenarbeit der wissenschaftlichen Bibliotheken der [&hellip;]<\/p>\n","protected":false},"author":38,"featured_media":0,"comment_status":"open","ping_status":"open","sticky":false,"template":"","format":"standard","meta":{"jetpack_post_was_ever_published":false,"_jetpack_newsletter_access":"","_jetpack_dont_email_post_to_subs":false,"_jetpack_newsletter_tier_id":0,"_jetpack_memberships_contains_paywalled_content":false,"_jetpack_memberships_contains_paid_content":false,"footnotes":"","jetpack_publicize_message":"","jetpack_publicize_feature_enabled":true,"jetpack_social_post_already_shared":true,"jetpack_social_options":{"image_generator_settings":{"template":"highway","default_image_id":0,"font":"","enabled":false},"version":2}},"categories":[1,17],"tags":[],"class_list":["post-38126","post","type-post","status-publish","format-standard","hentry","category-1","category-hamburg"],"views":9129,"jetpack_publicize_connections":[],"jetpack_featured_media_url":"","jetpack_shortlink":"https:\/\/wp.me\/p7hfNR-9UW","jetpack-related-posts":[{"id":24372,"url":"https:\/\/blog.sub.uni-hamburg.de\/?p=24372","url_meta":{"origin":38126,"position":0},"title":"Stabi-Direktorin Gabriele Beger mit Bundesverdienstkreuz ausgezeichnet","author":"Markus Trapp","date":"26-02-18","format":false,"excerpt":"Heute \u00fcberreicht die Wissenschaftssenatorin Katharina Fegebank die Ehrung an die Direktorin der Staats- und Universit\u00e4tsbibliothek Hamburg. Der Bundespr\u00e4sident verleiht der Direktorin der Staats- und Universit\u00e4tsbibliothek Hamburg (Stabi) Prof. Dr. Gabriele Beger das Bundesverdienstkreuz 1. Klasse f\u00fcr ihre richtungsweisende Arbeit f\u00fcr das gesamte deutsche Bibliothekssystem und ihr Engagement als ehrenamtliche Verfechterin\u2026","rel":"","context":"In &quot;Aktuelles&quot;","block_context":{"text":"Aktuelles","link":"https:\/\/blog.sub.uni-hamburg.de\/?cat=1"},"img":{"alt_text":"Gabriele Beger","src":"https:\/\/i0.wp.com\/blog.sub.uni-hamburg.de\/wp-content\/uploads\/2018\/02\/gbeger450.jpg?resize=350%2C200&ssl=1","width":350,"height":200},"classes":[]},{"id":18751,"url":"https:\/\/blog.sub.uni-hamburg.de\/?p=18751","url_meta":{"origin":38126,"position":1},"title":"Buchpreis HamburgLesen 2015 f\u00fcr &#8220;Vaterjahre&#8221; von Michael Kleeberg","author":"MG","date":"02-11-15","format":false,"excerpt":"Der Buchpreis der Staatsbibliothek HamburgLesen 2015 geht an \u201eVaterjahre\u201c von Michael Kleeberg. Am Freitag, 30.10., fand die feierliche Preisverleihung im Lichthof der Staats- und Universit\u00e4tsbibliothek statt. Im Beisein von Hamburgs zweiter B\u00fcrgermeisterin, Katharina Fegebank, \u00fcberreichte die Direktorin der Staats- und Universit\u00e4tsbibliothek, Prof. Dr. Gabriele Beger, dem Autor Michael Kleeberg die\u2026","rel":"","context":"In &quot;Aktuelles&quot;","block_context":{"text":"Aktuelles","link":"https:\/\/blog.sub.uni-hamburg.de\/?cat=1"},"img":{"alt_text":"Cafe Royal Salonorchester","src":"https:\/\/i0.wp.com\/blog.sub.uni-hamburg.de\/wp-content\/uploads\/2015\/11\/DSC_8746_-150x100.jpg?resize=350%2C200&ssl=1","width":350,"height":200,"srcset":"https:\/\/i0.wp.com\/blog.sub.uni-hamburg.de\/wp-content\/uploads\/2015\/11\/DSC_8746_-150x100.jpg?resize=350%2C200&ssl=1 1x, https:\/\/i0.wp.com\/blog.sub.uni-hamburg.de\/wp-content\/uploads\/2015\/11\/DSC_8746_-150x100.jpg?resize=525%2C300&ssl=1 1.5x, https:\/\/i0.wp.com\/blog.sub.uni-hamburg.de\/wp-content\/uploads\/2015\/11\/DSC_8746_-150x100.jpg?resize=700%2C400&ssl=1 2x, https:\/\/i0.wp.com\/blog.sub.uni-hamburg.de\/wp-content\/uploads\/2015\/11\/DSC_8746_-150x100.jpg?resize=1050%2C600&ssl=1 3x, https:\/\/i0.wp.com\/blog.sub.uni-hamburg.de\/wp-content\/uploads\/2015\/11\/DSC_8746_-150x100.jpg?resize=1400%2C800&ssl=1 4x"},"classes":[]},{"id":496,"url":"https:\/\/blog.sub.uni-hamburg.de\/?p=496","url_meta":{"origin":38126,"position":2},"title":"Direktorin der Staatsbibliothek neue Vorsitzende des DBV","author":"MG","date":"26-03-07","format":false,"excerpt":"Auf der DBV-Mitgliederversammlung am 21. M\u00e4rz 2007 in Leipzig wurde unsere Direktorin zur neuen DBV-Vorsitzenden gew\u00e4hlt. Am 17. April 2007 nimmt sie ihre verantwortungsvolle T\u00e4tigkeit f\u00fcr das deutsche Bibliothekswesen auf. Frau Prof. Dr. Beger sagte nach Bekanntgabe des Wahlergebnisses: \u201eEs ist dringlichste Aufgabe des DBV daf\u00fcr Sorge zu tragen, dass\u2026","rel":"","context":"In &quot;Aktuelles&quot;","block_context":{"text":"Aktuelles","link":"https:\/\/blog.sub.uni-hamburg.de\/?cat=1"},"img":{"alt_text":"","src":"","width":0,"height":0},"classes":[]},{"id":7575,"url":"https:\/\/blog.sub.uni-hamburg.de\/?p=7575","url_meta":{"origin":38126,"position":3},"title":"Illustre Gesellschaft f\u00fcr die Stabi","author":"MG","date":"02-04-12","format":false,"excerpt":"Freundesgesellschaft der Staatsbibliothek w\u00e4hlte neuen Vorstand Am Mittwoch, dem 28. M\u00e4rz 2012, w\u00e4hlte die Gesellschaft der Freunde der Staats- und Universit\u00e4tsbibliothek Hamburg Carl von Ossietzky e.V. f\u00fcr die Jahre 2012 - 2015 einen neuen Vorstand. Diesem geh\u00f6ren unter dem Vorsitz von Prof. Birgit Dankert folgende Pers\u00f6nlichkeiten aus Wissenschaft und Kultur\u2026","rel":"","context":"In &quot;Aktuelles&quot;","block_context":{"text":"Aktuelles","link":"https:\/\/blog.sub.uni-hamburg.de\/?cat=1"},"img":{"alt_text":"","src":"","width":0,"height":0},"classes":[]},{"id":1222,"url":"https:\/\/blog.sub.uni-hamburg.de\/?p=1222","url_meta":{"origin":38126,"position":4},"title":"Buchpr\u00e4sentation: Jacob Bernays: Geschichte der klassischen Philologie (12.3.2009)","author":"MG","date":"24-02-09","format":false,"excerpt":"Hans Kurigs Publikation von Jacob Bernays' (1824 - 1881) Geschichte der klassischen Philologie beruht auf einer Vorlesungsnachschrift, die Robert M\u00fcnzel (1859 - 1917), sp\u00e4ter Direktor der Hamburger Stadtbibliothek, w\u00e4hrend seines Studiums an der Universit\u00e4t Bonn im Wintersemester 1878\/79 angefertigt hat. M\u00fcnzel wurde \u2013 nach umfangreichen Studien der Arch\u00e4ologie, der Klassischen\u2026","rel":"","context":"In &quot;Ausstellungen und Veranstaltungen&quot;","block_context":{"text":"Ausstellungen und Veranstaltungen","link":"https:\/\/blog.sub.uni-hamburg.de\/?cat=9"},"img":{"alt_text":"","src":"https:\/\/i0.wp.com\/blog.sub.uni-hamburg.de\/wp-content\/uploads\/2009\/02\/M%C3%BCnzel_schnitt.jpg?resize=350%2C200&ssl=1","width":350,"height":200,"srcset":"https:\/\/i0.wp.com\/blog.sub.uni-hamburg.de\/wp-content\/uploads\/2009\/02\/M%C3%BCnzel_schnitt.jpg?resize=350%2C200&ssl=1 1x, https:\/\/i0.wp.com\/blog.sub.uni-hamburg.de\/wp-content\/uploads\/2009\/02\/M%C3%BCnzel_schnitt.jpg?resize=525%2C300&ssl=1 1.5x, https:\/\/i0.wp.com\/blog.sub.uni-hamburg.de\/wp-content\/uploads\/2009\/02\/M%C3%BCnzel_schnitt.jpg?resize=700%2C400&ssl=1 2x, https:\/\/i0.wp.com\/blog.sub.uni-hamburg.de\/wp-content\/uploads\/2009\/02\/M%C3%BCnzel_schnitt.jpg?resize=1050%2C600&ssl=1 3x, https:\/\/i0.wp.com\/blog.sub.uni-hamburg.de\/wp-content\/uploads\/2009\/02\/M%C3%BCnzel_schnitt.jpg?resize=1400%2C800&ssl=1 4x"},"classes":[]},{"id":6578,"url":"https:\/\/blog.sub.uni-hamburg.de\/?p=6578","url_meta":{"origin":38126,"position":5},"title":"Speicherbibliothek Hamburg &#8211; Einweihung zweiter Bauabschnitt","author":"Markus Trapp","date":"20-12-11","format":false,"excerpt":"Gestern wurde im Beisein der Senatorin f\u00fcr Wissenschaft und Forschung, Dr. Dorothee Stapelfeldt, der zweite Bauabschnitt der Speicherbibliothek Hamburg eingeweiht. Wissenschaftlicher Buchspeicher f\u00fcr die Stadt enorm vergr\u00f6\u00dfert Hamburgs kl\u00fcgste Tiefgarage liegt in der Lohbr\u00fcgger Kirchstra\u00dfe in Bergedorf. Hier, im Geb\u00e4ude der HAW, tief unter der Erde, betreiben die Staats- und\u2026","rel":"","context":"In &quot;Aktuelles&quot;","block_context":{"text":"Aktuelles","link":"https:\/\/blog.sub.uni-hamburg.de\/?cat=1"},"img":{"alt_text":"Speicherbibliothek Hamburg","src":"https:\/\/i0.wp.com\/blog.sub.uni-hamburg.de\/wp-content\/uploads\/2011\/12\/sp-buecher.jpg?resize=350%2C200&ssl=1","width":350,"height":200},"classes":[]}],"jetpack_sharing_enabled":true,"_links":{"self":[{"href":"https:\/\/blog.sub.uni-hamburg.de\/index.php?rest_route=\/wp\/v2\/posts\/38126","targetHints":{"allow":["GET"]}}],"collection":[{"href":"https:\/\/blog.sub.uni-hamburg.de\/index.php?rest_route=\/wp\/v2\/posts"}],"about":[{"href":"https:\/\/blog.sub.uni-hamburg.de\/index.php?rest_route=\/wp\/v2\/types\/post"}],"author":[{"embeddable":true,"href":"https:\/\/blog.sub.uni-hamburg.de\/index.php?rest_route=\/wp\/v2\/users\/38"}],"replies":[{"embeddable":true,"href":"https:\/\/blog.sub.uni-hamburg.de\/index.php?rest_route=%2Fwp%2Fv2%2Fcomments&post=38126"}],"version-history":[{"count":9,"href":"https:\/\/blog.sub.uni-hamburg.de\/index.php?rest_route=\/wp\/v2\/posts\/38126\/revisions"}],"predecessor-version":[{"id":39378,"href":"https:\/\/blog.sub.uni-hamburg.de\/index.php?rest_route=\/wp\/v2\/posts\/38126\/revisions\/39378"}],"wp:attachment":[{"href":"https:\/\/blog.sub.uni-hamburg.de\/index.php?rest_route=%2Fwp%2Fv2%2Fmedia&parent=38126"}],"wp:term":[{"taxonomy":"category","embeddable":true,"href":"https:\/\/blog.sub.uni-hamburg.de\/index.php?rest_route=%2Fwp%2Fv2%2Fcategories&post=38126"},{"taxonomy":"post_tag","embeddable":true,"href":"https:\/\/blog.sub.uni-hamburg.de\/index.php?rest_route=%2Fwp%2Fv2%2Ftags&post=38126"}],"curies":[{"name":"wp","href":"https:\/\/api.w.org\/{rel}","templated":true}]}}