{"id":37963,"date":"2024-04-18T17:39:34","date_gmt":"2024-04-18T15:39:34","guid":{"rendered":"https:\/\/blog.sub.uni-hamburg.de\/?p=37963"},"modified":"2024-04-18T17:39:34","modified_gmt":"2024-04-18T15:39:34","slug":"chorkonzert-voix-de-femmes-3-5","status":"publish","type":"post","link":"https:\/\/blog.sub.uni-hamburg.de\/?p=37963","title":{"rendered":"Chorkonzert: Voix de Femmes (3.5.)"},"content":{"rendered":"<p><strong>Freitag, 3.5., 19 Uhr, Lichthof.<\/strong><\/p>\n<p><a href=\"https:\/\/blog.sub.uni-hamburg.de\/wp-content\/uploads\/2023\/05\/Voix-de-Femmes-2023gr.jpg\"><img loading=\"lazy\" decoding=\"async\" data-attachment-id=\"35904\" data-permalink=\"https:\/\/blog.sub.uni-hamburg.de\/?attachment_id=35904\" data-orig-file=\"https:\/\/blog.sub.uni-hamburg.de\/wp-content\/uploads\/2023\/05\/Voix-de-Femmes-2023.jpg\" data-orig-size=\"650,431\" data-comments-opened=\"1\" data-image-meta=\"{&quot;aperture&quot;:&quot;0&quot;,&quot;credit&quot;:&quot;&quot;,&quot;camera&quot;:&quot;&quot;,&quot;caption&quot;:&quot;&quot;,&quot;created_timestamp&quot;:&quot;0&quot;,&quot;copyright&quot;:&quot;&quot;,&quot;focal_length&quot;:&quot;0&quot;,&quot;iso&quot;:&quot;0&quot;,&quot;shutter_speed&quot;:&quot;0&quot;,&quot;title&quot;:&quot;&quot;,&quot;orientation&quot;:&quot;0&quot;}\" data-image-title=\"Voix-de-Femmes-2023\" data-image-description=\"\" data-image-caption=\"\" data-large-file=\"https:\/\/blog.sub.uni-hamburg.de\/wp-content\/uploads\/2023\/05\/Voix-de-Femmes-2023.jpg\" class=\"aligncenter size-full wp-image-35904\" title=\"Ensemble Chorale Voix de Femmes \u2013 Sept 2021 \u00a9Jan-Rainer Bruns\" src=\"https:\/\/blog.sub.uni-hamburg.de\/wp-content\/uploads\/2023\/05\/Voix-de-Femmes-2023.jpg\" alt=\"Ensemble Chorale Voix de Femmes \u2013 Sept 2021 \u00a9Jan-Rainer Bruns\" width=\"650\" height=\"431\" srcset=\"https:\/\/blog.sub.uni-hamburg.de\/wp-content\/uploads\/2023\/05\/Voix-de-Femmes-2023.jpg 650w, https:\/\/blog.sub.uni-hamburg.de\/wp-content\/uploads\/2023\/05\/Voix-de-Femmes-2023-300x199.jpg 300w, https:\/\/blog.sub.uni-hamburg.de\/wp-content\/uploads\/2023\/05\/Voix-de-Femmes-2023-150x99.jpg 150w\" sizes=\"auto, (max-width: 650px) 100vw, 650px\" \/><\/a><br \/>\nEnsemble <a href=\"https:\/\/choralevoixdefemmes.com\/\">Voix de Femmes<\/a><\/p>\n<p>Herz \u2013 Mut \u2013 Tapferkeit: Wer k\u00f6nnte diese Tugenden besser veranschaulichen als all die unbekannten oder ber\u00fchmten Frauen, die seit Urzeiten unter Schmerzen Kinder geb\u00e4ren, f\u00fcr diejenigen brennen, denen sie ihr Herz ge\u00f6ffnet haben, aber immer auch um die Anerkennung ihrer eigenen Existenz und ihrer W\u00fcnsche k\u00e4mpfen m\u00fcssen. Das Programm \u201eLes merveilleuses\u201c feiert viele dieser Frauenschicksale, die gr\u00f6\u00dftenteils aus den ber\u00fchmtesten Opern und Operetten des 19. Jahrhunderts stammen, ohne dabei die aktuellen Bedrohungen unserer Zeit zu vergessen. Aber sind die Antworten von damals nicht auch die Antworten von heute? C\u0153ur \u2013 Rage \u2013 Courage! <\/p>\n<p>Chorkonzert unter der Leitung von R\u00e9mi Laversanne. Tickets: 12 Euro \/ 8 Euro (Sch\u00fcler:innen und Studierende bis 27 Jahre)<br \/>\nEine Kooperationsveranstaltung der Staats- und Universit\u00e4tsbibliothek Hamburg und des arabesques-hamburg e.V. <\/p>\n","protected":false},"excerpt":{"rendered":"<p>Freitag, 3.5., 19 Uhr, Lichthof. Ensemble Voix de Femmes Herz \u2013 Mut \u2013 Tapferkeit: Wer k\u00f6nnte diese Tugenden besser veranschaulichen als all die unbekannten oder ber\u00fchmten Frauen, die seit Urzeiten unter Schmerzen Kinder geb\u00e4ren, f\u00fcr diejenigen brennen, denen sie ihr Herz ge\u00f6ffnet haben, aber immer auch um die Anerkennung ihrer eigenen Existenz und ihrer W\u00fcnsche [&hellip;]<\/p>\n","protected":false},"author":19,"featured_media":0,"comment_status":"open","ping_status":"open","sticky":false,"template":"","format":"standard","meta":{"jetpack_post_was_ever_published":false,"_jetpack_newsletter_access":"","_jetpack_dont_email_post_to_subs":false,"_jetpack_newsletter_tier_id":0,"_jetpack_memberships_contains_paywalled_content":false,"_jetpack_memberships_contains_paid_content":false,"footnotes":"","jetpack_publicize_message":"","jetpack_publicize_feature_enabled":true,"jetpack_social_post_already_shared":true,"jetpack_social_options":{"image_generator_settings":{"template":"highway","default_image_id":0,"font":"","enabled":false},"version":2}},"categories":[9],"tags":[],"class_list":["post-37963","post","type-post","status-publish","format-standard","hentry","category-ausstellungen"],"views":1421,"jetpack_publicize_connections":[],"jetpack_featured_media_url":"","jetpack_shortlink":"https:\/\/wp.me\/p7hfNR-9Sj","jetpack-related-posts":[{"id":28642,"url":"https:\/\/blog.sub.uni-hamburg.de\/?p=28642","url_meta":{"origin":37963,"position":0},"title":"Chorkonzert: Nach mir die Sintflut?! (22.2.)","author":"Markus Trapp","date":"04-02-20","format":false,"excerpt":"Welche ist die beste m\u00f6gliche Antwort auf die Selbstbezogenheit einer Gesellschaft in der Krise? Ein Chor. Nicht nur die Freude am Teilen von Erfahrungen und die Suche nach einem gemeinsamen Ziel, auch die Verbindung der unterschiedlichen Emotionen und Erwartungen jedes und jeder Einzelnen sind das Geheimnis, aus vielen Stimmen eine\u2026","rel":"","context":"In &quot;Ausstellungen und Veranstaltungen&quot;","block_context":{"text":"Ausstellungen und Veranstaltungen","link":"https:\/\/blog.sub.uni-hamburg.de\/?cat=9"},"img":{"alt_text":"\u00a9 Voix-de-Femmes","src":"https:\/\/i0.wp.com\/blog.sub.uni-hamburg.de\/wp-content\/uploads\/2020\/02\/Voix-de-Femmes.jpg?resize=350%2C200&ssl=1","width":350,"height":200,"srcset":"https:\/\/i0.wp.com\/blog.sub.uni-hamburg.de\/wp-content\/uploads\/2020\/02\/Voix-de-Femmes.jpg?resize=350%2C200&ssl=1 1x, https:\/\/i0.wp.com\/blog.sub.uni-hamburg.de\/wp-content\/uploads\/2020\/02\/Voix-de-Femmes.jpg?resize=525%2C300&ssl=1 1.5x"},"classes":[]},{"id":35900,"url":"https:\/\/blog.sub.uni-hamburg.de\/?p=35900","url_meta":{"origin":37963,"position":1},"title":"ABGESAGT: Chorkonzert: Voix de Femmes  (3.6.)","author":"Markus Trapp","date":"22-05-23","format":false,"excerpt":"Samstag, 3.6., 18 Uhr, Lichthof (Einlass 17:30 Uhr) Das Konzert wurde von den Veranstaltern abgesagt! Ensemble Voix de Femmes In einer Welt, die von Krisen, schnellen Ver\u00e4nderungen und Anpassungszwang gepr\u00e4gt ist, ist das H\u00f6ren auf die innere Stimme eine wertvolle Ressource, um grundlegende Werte wie Toleranz, Offenheit und Widerstand gegen\u2026","rel":"","context":"In &quot;Ausstellungen und Veranstaltungen&quot;","block_context":{"text":"Ausstellungen und Veranstaltungen","link":"https:\/\/blog.sub.uni-hamburg.de\/?cat=9"},"img":{"alt_text":"","src":"https:\/\/i0.wp.com\/blog.sub.uni-hamburg.de\/wp-content\/uploads\/2023\/05\/Voix-de-Femmes-2023.jpg?resize=350%2C200&ssl=1","width":350,"height":200,"srcset":"https:\/\/i0.wp.com\/blog.sub.uni-hamburg.de\/wp-content\/uploads\/2023\/05\/Voix-de-Femmes-2023.jpg?resize=350%2C200&ssl=1 1x, https:\/\/i0.wp.com\/blog.sub.uni-hamburg.de\/wp-content\/uploads\/2023\/05\/Voix-de-Femmes-2023.jpg?resize=525%2C300&ssl=1 1.5x"},"classes":[]},{"id":35685,"url":"https:\/\/blog.sub.uni-hamburg.de\/?p=35685","url_meta":{"origin":37963,"position":2},"title":"Lesung und Gespr\u00e4ch: Ossietzky, Whistleblower. Eine Veranstaltung zum Tag der Pressefreiheit (3.5.)","author":"Markus Trapp","date":"14-04-23","format":false,"excerpt":"Mittwoch, 3.5., 19 Uhr, Vortragsraum. Zum Internationalen Tag der Pressefreiheit l\u00e4dt die Staats- und Universit\u00e4tsbibliothek in Kooperation mit der Landeszentrale f\u00fcr politische Bildung zu einer Veranstaltung, die sich dem komplexen Thema Whistleblowing anhand eines prominenten historischen Beispiels n\u00e4hert: Carl von Ossietzky, Hamburger, Journalist, Schriftsteller und Pazifist, deckte 1929 in der\u2026","rel":"","context":"In &quot;Ausstellungen und Veranstaltungen&quot;","block_context":{"text":"Ausstellungen und Veranstaltungen","link":"https:\/\/blog.sub.uni-hamburg.de\/?cat=9"},"img":{"alt_text":"","src":"https:\/\/i0.wp.com\/blog.sub.uni-hamburg.de\/wp-content\/uploads\/2023\/04\/Ossietzky_Foto-gr.jpg?resize=350%2C200&ssl=1","width":350,"height":200,"srcset":"https:\/\/i0.wp.com\/blog.sub.uni-hamburg.de\/wp-content\/uploads\/2023\/04\/Ossietzky_Foto-gr.jpg?resize=350%2C200&ssl=1 1x, https:\/\/i0.wp.com\/blog.sub.uni-hamburg.de\/wp-content\/uploads\/2023\/04\/Ossietzky_Foto-gr.jpg?resize=525%2C300&ssl=1 1.5x, https:\/\/i0.wp.com\/blog.sub.uni-hamburg.de\/wp-content\/uploads\/2023\/04\/Ossietzky_Foto-gr.jpg?resize=700%2C400&ssl=1 2x"},"classes":[]},{"id":7901,"url":"https:\/\/blog.sub.uni-hamburg.de\/?p=7901","url_meta":{"origin":37963,"position":3},"title":"Diskussion mit Senatorin Dr. Stapelfeldt (3.5.)","author":"MG","date":"27-04-12","format":false,"excerpt":"Am Donnerstag, 3. Mai, wird die Senatorin f\u00fcr Wissenschaft und Forschung, Frau Dr. Stapelfeldt, in unserer Bibliothek sein. Sie kommt zu einer Diskussionsveranstaltung mit dem Alumni-Verein der Universit\u00e4t Hamburg um 19 Uhr: \"Den Wissenschaftsstandort Hamburg zukunftsf\u00e4hig machen - bisherige Erfolge und anstehende Herausforderungen\". Moderiert wird die Veranstaltung vom Vorsitzenden von\u2026","rel":"","context":"In &quot;Ausstellungen und Veranstaltungen&quot;","block_context":{"text":"Ausstellungen und Veranstaltungen","link":"https:\/\/blog.sub.uni-hamburg.de\/?cat=9"},"img":{"alt_text":"","src":"https:\/\/i0.wp.com\/blog.sub.uni-hamburg.de\/wp-content\/uploads\/2012\/04\/alumni.jpg?resize=350%2C200&ssl=1","width":350,"height":200},"classes":[]},{"id":37985,"url":"https:\/\/blog.sub.uni-hamburg.de\/?p=37985","url_meta":{"origin":37963,"position":4},"title":"Offene Lesung aus verbrannten B\u00fcchern: Carl von Ossietzky und die \u201eWeltb\u00fchne\u201c (3.5.)","author":"Markus Trapp","date":"22-04-24","format":false,"excerpt":"Freitag, 3.5., 14 bis 17 Uhr, Vorplatz der Stabi. In Gedenken an und Gegnerschaft zur B\u00fccherverbrennung 1933, bei der die Werke humanistischer, j\u00fcdischer, sozialistischer und kommunistischer Autor:innen durch NS-Studierende in die Flammen geworfen wurden, wird am Tag der Befreiung Hamburgs, der zudem der Internationale Tag der Pressefreiheit ist, aus den\u2026","rel":"","context":"In &quot;Ausstellungen und Veranstaltungen&quot;","block_context":{"text":"Ausstellungen und Veranstaltungen","link":"https:\/\/blog.sub.uni-hamburg.de\/?cat=9"},"img":{"alt_text":"","src":"https:\/\/i0.wp.com\/blog.sub.uni-hamburg.de\/wp-content\/uploads\/2023\/05\/carl-von-ossietzky-revolution-259x300.jpg?resize=350%2C200&ssl=1","width":350,"height":200},"classes":[]},{"id":37990,"url":"https:\/\/blog.sub.uni-hamburg.de\/?p=37990","url_meta":{"origin":37963,"position":5},"title":"Unterhausdebatte: Wie soll der Journalismus mit Fake News und Vertrauensverlust umgehen? (3.5.)","author":"Markus Trapp","date":"22-04-24","format":false,"excerpt":"Freitag, 3.5., 18 Uhr, Vortragsraum. Der Journalismus steht unter Druck. Die Vertrauenswerte sinken, das Interesse an Nachrichten nimmt ab, Social Media-Angebote verdr\u00e4ngen etablierte Medien. Gleichzeitig ist Journalismus wichtiger denn je, weil gro\u00df angelegte Kampagnen versuchen, mit Fake News die \u00f6ffentliche Meinung zu beeinflussen. Was muss Journalismus heute leisten? Sollte er\u2026","rel":"","context":"In &quot;Ausstellungen und Veranstaltungen&quot;","block_context":{"text":"Ausstellungen und Veranstaltungen","link":"https:\/\/blog.sub.uni-hamburg.de\/?cat=9"},"img":{"alt_text":"Carina Frey, Fotocredit: Jens Schierenbeck","src":"https:\/\/i0.wp.com\/blog.sub.uni-hamburg.de\/wp-content\/uploads\/2024\/04\/Carina_Frey_Fotocredit_Jens_Schierenbeck-246x300.jpg?resize=350%2C200&ssl=1","width":350,"height":200},"classes":[]}],"jetpack_sharing_enabled":true,"_links":{"self":[{"href":"https:\/\/blog.sub.uni-hamburg.de\/index.php?rest_route=\/wp\/v2\/posts\/37963","targetHints":{"allow":["GET"]}}],"collection":[{"href":"https:\/\/blog.sub.uni-hamburg.de\/index.php?rest_route=\/wp\/v2\/posts"}],"about":[{"href":"https:\/\/blog.sub.uni-hamburg.de\/index.php?rest_route=\/wp\/v2\/types\/post"}],"author":[{"embeddable":true,"href":"https:\/\/blog.sub.uni-hamburg.de\/index.php?rest_route=\/wp\/v2\/users\/19"}],"replies":[{"embeddable":true,"href":"https:\/\/blog.sub.uni-hamburg.de\/index.php?rest_route=%2Fwp%2Fv2%2Fcomments&post=37963"}],"version-history":[{"count":2,"href":"https:\/\/blog.sub.uni-hamburg.de\/index.php?rest_route=\/wp\/v2\/posts\/37963\/revisions"}],"predecessor-version":[{"id":37965,"href":"https:\/\/blog.sub.uni-hamburg.de\/index.php?rest_route=\/wp\/v2\/posts\/37963\/revisions\/37965"}],"wp:attachment":[{"href":"https:\/\/blog.sub.uni-hamburg.de\/index.php?rest_route=%2Fwp%2Fv2%2Fmedia&parent=37963"}],"wp:term":[{"taxonomy":"category","embeddable":true,"href":"https:\/\/blog.sub.uni-hamburg.de\/index.php?rest_route=%2Fwp%2Fv2%2Fcategories&post=37963"},{"taxonomy":"post_tag","embeddable":true,"href":"https:\/\/blog.sub.uni-hamburg.de\/index.php?rest_route=%2Fwp%2Fv2%2Ftags&post=37963"}],"curies":[{"name":"wp","href":"https:\/\/api.w.org\/{rel}","templated":true}]}}