{"id":37667,"date":"2024-03-05T11:13:35","date_gmt":"2024-03-05T10:13:35","guid":{"rendered":"https:\/\/blog.sub.uni-hamburg.de\/?p=37667"},"modified":"2024-03-25T10:12:08","modified_gmt":"2024-03-25T09:12:08","slug":"stabi-veroeffentlicht-film-zu-borcherts-das-ist-unser-manifest","status":"publish","type":"post","link":"https:\/\/blog.sub.uni-hamburg.de\/?p=37667","title":{"rendered":"Stabi ver\u00f6ffentlicht Film zu Borcherts \u201eDas ist unser Manifest\u201c"},"content":{"rendered":"<p class=\"MsoNormal\"><img loading=\"lazy\" decoding=\"async\" data-attachment-id=\"37673\" data-permalink=\"https:\/\/blog.sub.uni-hamburg.de\/?attachment_id=37673\" data-orig-file=\"https:\/\/blog.sub.uni-hamburg.de\/wp-content\/uploads\/2024\/03\/Borchert_Manifest_Teaserbild.jpg\" data-orig-size=\"1792,1008\" data-comments-opened=\"1\" data-image-meta=\"{&quot;aperture&quot;:&quot;0&quot;,&quot;credit&quot;:&quot;&quot;,&quot;camera&quot;:&quot;&quot;,&quot;caption&quot;:&quot;&quot;,&quot;created_timestamp&quot;:&quot;0&quot;,&quot;copyright&quot;:&quot;&quot;,&quot;focal_length&quot;:&quot;0&quot;,&quot;iso&quot;:&quot;0&quot;,&quot;shutter_speed&quot;:&quot;0&quot;,&quot;title&quot;:&quot;&quot;,&quot;orientation&quot;:&quot;1&quot;}\" data-image-title=\"Borchert_Manifest_Teaserbild\" data-image-description=\"\" data-image-caption=\"\" data-large-file=\"https:\/\/blog.sub.uni-hamburg.de\/wp-content\/uploads\/2024\/03\/Borchert_Manifest_Teaserbild-1024x576.jpg\" class=\"size-medium wp-image-37673 alignright\" src=\"https:\/\/blog.sub.uni-hamburg.de\/wp-content\/uploads\/2024\/03\/Borchert_Manifest_Teaserbild-300x169.jpg\" alt=\"\" width=\"300\" height=\"169\" srcset=\"https:\/\/blog.sub.uni-hamburg.de\/wp-content\/uploads\/2024\/03\/Borchert_Manifest_Teaserbild-300x169.jpg 300w, https:\/\/blog.sub.uni-hamburg.de\/wp-content\/uploads\/2024\/03\/Borchert_Manifest_Teaserbild-1024x576.jpg 1024w, https:\/\/blog.sub.uni-hamburg.de\/wp-content\/uploads\/2024\/03\/Borchert_Manifest_Teaserbild-150x84.jpg 150w, https:\/\/blog.sub.uni-hamburg.de\/wp-content\/uploads\/2024\/03\/Borchert_Manifest_Teaserbild-768x432.jpg 768w, https:\/\/blog.sub.uni-hamburg.de\/wp-content\/uploads\/2024\/03\/Borchert_Manifest_Teaserbild-1536x864.jpg 1536w, https:\/\/blog.sub.uni-hamburg.de\/wp-content\/uploads\/2024\/03\/Borchert_Manifest_Teaserbild.jpg 1792w\" sizes=\"auto, (max-width: 300px) 100vw, 300px\" \/>Im Juli 1947 bat der Blanvalet Verlag den schwerkranken Hamburger Autor Wolfgang Borchert um einen programmatischen Beitrag f\u00fcr das Jahrbuch \u201ePh\u00f6nix 1948. Ein Almanach f\u00fcr junge Menschen\u201c. Erst ein Jahr zuvor hatte Borchert mit der Ver\u00f6ffentlichung der Erz\u00e4hlung \u201eDie Hundeblume\u201c sein au\u00dfergew\u00f6hnliches Talent erahnen lassen. Einer gr\u00f6\u00dferen \u00d6ffentlichkeit bekannt geworden war er schlie\u00dflich durch die H\u00f6rspielpremiere seines Dramas \u201eDrau\u00dfen vor der T\u00fcr\u201c im NWDR, das am 13. Februar 1947 durch die Radioempf\u00e4nger zwischen K\u00f6ln, Kiel und Berlin rauschte und die Generation der Kriegsheimkehrer ansprach, die im Nachkriegsdeutschland nicht ankommen konnten. (Zur Resonanz auf das H\u00f6rspiel finden Sie <a href=\"https:\/\/blog.sub.uni-hamburg.de\/?p=32653\">hier<\/a> einen Blogartikel.) Borchert kam der Anfrage des Blanvalet Verlags nach. Er lieferte einen eindringlichen Text mit dem Titel \u201eDas ist unser Manifest\u201c.<\/p>\n<p><!--more--><br \/>\nBevor Sie ein Video \u00f6ffnen, informieren Sie sich bitte \u00fcber unsere <a href=\"#ds\">Datenschutzhinweise<\/a>:<\/p>\n<p><span class=\"embed-youtube\" style=\"text-align:center; display: block;\"><iframe loading=\"lazy\" class=\"youtube-player\" width=\"640\" height=\"360\" src=\"https:\/\/www.youtube.com\/embed\/jMZi6Bn-E0I?version=3&#038;rel=1&#038;showsearch=0&#038;showinfo=1&#038;iv_load_policy=1&#038;fs=1&#038;hl=de-DE-formal&#038;autohide=2&#038;wmode=transparent\" allowfullscreen=\"true\" style=\"border:0;\" sandbox=\"allow-scripts allow-same-origin allow-popups allow-presentation allow-popups-to-escape-sandbox\"><\/iframe><\/span><\/p>\n<p class=\"MsoNormal\">F\u00fcr Borcherts Werk ist \u201eDas ist unser Manifest\u201c ebenso ein Schl\u00fcsseldokument wie f\u00fcr die unmittelbare Nachkriegszeit im Allgemeinen. Die Hamburger Beh\u00f6rde f\u00fcr Schule und Berufsbildung (BSB) hat den Text folgerichtig in die Liste der Schl\u00fcsseltexte f\u00fcr den neuen Rahmenplan Deutsch Studienstufe aufgenommen. F\u00fcr diese Schl\u00fcsseltexte m\u00f6chte die BSB Lehrfilme als Umsetzungshilfe anbieten \u2013 und wir in der Staats- und Universit\u00e4tsbibliothek Hamburg sind der Anfrage, einen Film zu \u201eDas ist unser Manifest\u201c zu produzieren, gerne nachgekommen. Drehort ist die <a href=\"https:\/\/borchert.sub.uni-hamburg.de\/dissonanzen-wolfgang-borchert-1921-1947.html\">Borchert-Box<\/a>, die eine Dauerausstellung zu Leben und Werk des Autors aus dessen Nachlass beheimatet. Den Text eingesprochen hat der Schauspieler und Sprecher <a href=\"https:\/\/www.stephanbenson.org\/\">Stephan Benson<\/a>. Als Explainer tritt der Stabi-Referent f\u00fcr \u00d6ffentlichkeitsarbeit Dr. Konstantin Ulmer auf. Die Produktion hat ein aus Philine Dorenbusch, Claudia Eschborn und Robert M\u00fcller bestehendes Stabi-Team \u00fcbernommen.<\/p>\n<p>&nbsp;<\/p>\n<div style=\"font-size: 12px; line-height: 1.2; margin-bottom: 0;\">\n<p id=\"ds\">Hinweis zum Datenschutz<\/p>\n<p>Mit dem Ingangsetzen der Wiedergabe eines Videos erkl\u00e4ren Sie sich damit einverstanden, dass Ihre Daten an Google und damit ggf. in ein nicht EU-Land \u00fcbermittelt werden, sowie damit, dass Google auf Ihrem Endger\u00e4t Cookies setzt.<\/p>\n<p>Wir haben auf dieser Seite ein Youtube-Video eingebunden, das auf dem Youtube-Kanal der SUB gehostet ist. Wir haben daf\u00fcr den sog. \u201cerweiterten Datenschutz-Modus\u201d verwendet, der dazu f\u00fchrt, dass keine Daten \u00fcber Sie als Nutzer:in an YouTube \u00fcbertragen werden und Youtube\/Google keine Cookies setzt, solange Sie ein Video nicht abspielen. Bitte informieren Sie sich, bevor Sie ein Video starten, \u00fcber die Datennutzung und Cookiesetzung durch Google und lesen unsere Informationen zur Datenverarbeitung und Cookiesetzung durch Google in unserer Datenschutzerkl\u00e4rung.<\/p>\n<\/div>\n","protected":false},"excerpt":{"rendered":"<p>Im Juli 1947 bat der Blanvalet Verlag den schwerkranken Hamburger Autor Wolfgang Borchert um einen programmatischen Beitrag f\u00fcr das Jahrbuch \u201ePh\u00f6nix 1948. Ein Almanach f\u00fcr junge Menschen\u201c. Erst ein Jahr zuvor hatte Borchert mit der Ver\u00f6ffentlichung der Erz\u00e4hlung \u201eDie Hundeblume\u201c sein au\u00dfergew\u00f6hnliches Talent erahnen lassen. Einer gr\u00f6\u00dferen \u00d6ffentlichkeit bekannt geworden war er schlie\u00dflich durch die [&hellip;]<\/p>\n","protected":false},"author":54,"featured_media":0,"comment_status":"open","ping_status":"open","sticky":false,"template":"","format":"standard","meta":{"jetpack_post_was_ever_published":false,"_jetpack_newsletter_access":"","_jetpack_dont_email_post_to_subs":false,"_jetpack_newsletter_tier_id":0,"_jetpack_memberships_contains_paywalled_content":false,"_jetpack_memberships_contains_paid_content":false,"footnotes":"","jetpack_publicize_message":"","jetpack_publicize_feature_enabled":true,"jetpack_social_post_already_shared":true,"jetpack_social_options":{"image_generator_settings":{"template":"highway","default_image_id":0,"font":"","enabled":false},"version":2}},"categories":[1,17],"tags":[],"class_list":["post-37667","post","type-post","status-publish","format-standard","hentry","category-1","category-hamburg"],"views":2135,"jetpack_publicize_connections":[],"jetpack_featured_media_url":"","jetpack_shortlink":"https:\/\/wp.me\/p7hfNR-9Nx","jetpack-related-posts":[{"id":33319,"url":"https:\/\/blog.sub.uni-hamburg.de\/?p=33319","url_meta":{"origin":37667,"position":0},"title":"Die Neuentdeckung eines Autors: Die Borchert-Box feiert ihren ersten Jahrestag","author":"Konstantin Ulmer","date":"20-05-22","format":false,"excerpt":"Wolfgang Borchert, am 20. Mai 1921 als erstes und einziges Kind von Fritz und Hertha Borchert geboren, war bereits als Jugendlicher \u00fcberzeugt, dass in ihm ein Genie schlummerte. Allerdings: Seine quantitativ enorme schriftstellerische Produktion \u2013 oft schrieb der Sechszehnj\u00e4hrige rund zehn Gedichte t\u00e4glich \u2013 lie\u00df nicht allzu viel Talent erkennen.\u2026","rel":"","context":"In &quot;Aktuelles&quot;","block_context":{"text":"Aktuelles","link":"https:\/\/blog.sub.uni-hamburg.de\/?cat=1"},"img":{"alt_text":"","src":"https:\/\/i0.wp.com\/blog.sub.uni-hamburg.de\/wp-content\/uploads\/2022\/05\/Borchert-mit-Pfeife-212x300.jpg?resize=350%2C200&ssl=1","width":350,"height":200},"classes":[]},{"id":34763,"url":"https:\/\/blog.sub.uni-hamburg.de\/?p=34763","url_meta":{"origin":37667,"position":1},"title":"Unbekannte Zeichnungen und Postkarten Wolfgang Borcherts aufgetaucht","author":"Konstantin Ulmer","date":"20-11-22","format":false,"excerpt":"Zum 75. Todestag des Autors und zum 75. Jahrestag der Urauff\u00fchrung seines ber\u00fchmten St\u00fccks \u201eDrau\u00dfen vor der T\u00fcr\u201c erg\u00e4nzt die Staats- und Universit\u00e4tsbibliothek den Nachlass um zwei kleine Konvolute Zeichnungen und Widmungsband Borcherts f\u00fcr seine Bekannte Johanna Ritter-Krems, Ende 1946 \u00a0 Im Mai 1945 schleppte sich der 24-j\u00e4hrige Wehrmachtssoldat Wolfgang\u2026","rel":"","context":"In &quot;Aktuelles&quot;","block_context":{"text":"Aktuelles","link":"https:\/\/blog.sub.uni-hamburg.de\/?cat=1"},"img":{"alt_text":"Zeichnungen und Postkarten von Wolfgang Borchert","src":"https:\/\/i0.wp.com\/blog.sub.uni-hamburg.de\/wp-content\/uploads\/2022\/11\/IMG_20220621_101009064-300x225.jpg?resize=350%2C200&ssl=1","width":350,"height":200},"classes":[]},{"id":33259,"url":"https:\/\/blog.sub.uni-hamburg.de\/?p=33259","url_meta":{"origin":37667,"position":2},"title":"Info-Snack im Stabi HamburgHub: Borcherts Pfeife (18.5.)","author":"Markus Trapp","date":"05-05-22","format":false,"excerpt":"Mittwoch, 18.5.2022, 16 Uhr, Stabi HamburgHub (Zentralbibliothek am H\u00fchnerposten) Info-Snack: Borcherts Pfeife. VIP-Nachl\u00e4sse online. Beim Info-Snack geben wir noch vor der offiziellen Er\u00f6ffnung unseres neuen Au\u00dfenpostens in der Zentralbibliothek der B\u00fccherhallen Einblicke in unsere Best\u00e4nde und Services. Bei der ersten Snack-Veranstaltung geht es um Wolfgang Borchert (1921-1947), eine Ikone der\u2026","rel":"","context":"In &quot;Ausstellungen und Veranstaltungen&quot;","block_context":{"text":"Ausstellungen und Veranstaltungen","link":"https:\/\/blog.sub.uni-hamburg.de\/?cat=9"},"img":{"alt_text":"Pfeifenzubeh\u00f6r von Wolfgang Borchert","src":"https:\/\/i0.wp.com\/blog.sub.uni-hamburg.de\/wp-content\/uploads\/2022\/05\/Info-Snack_Borcherts-Pfeife.jpg?resize=350%2C200&ssl=1","width":350,"height":200,"srcset":"https:\/\/i0.wp.com\/blog.sub.uni-hamburg.de\/wp-content\/uploads\/2022\/05\/Info-Snack_Borcherts-Pfeife.jpg?resize=350%2C200&ssl=1 1x, https:\/\/i0.wp.com\/blog.sub.uni-hamburg.de\/wp-content\/uploads\/2022\/05\/Info-Snack_Borcherts-Pfeife.jpg?resize=525%2C300&ssl=1 1.5x"},"classes":[]},{"id":16062,"url":"https:\/\/blog.sub.uni-hamburg.de\/?p=16062","url_meta":{"origin":37667,"position":3},"title":"Wolfgang Borcherts junge M\u00e4nner (22.10.)","author":"Markus Trapp","date":"07-10-14","format":false,"excerpt":"\u201eHorch\u2019 hinein in den Tumult deiner Abgr\u00fcnde\u201c \u2013 Wolfgang Borcherts junge M\u00e4nner Lesung mit Barbara N\u00fcsse und Felix Knopp, Musik: Caf\u00e9 Royal Salonorchester Konzeption: Sonja Valentin \/ Hans-Gerd Winter Wolfgang Borchert (1921-1947), jung verstorbener Hamburger Autor: seine Anti-Helden, die aus dem zweiten Weltkrieg zur\u00fcckkommen, sind unfertig, kaum der Pubert\u00e4t entronnen,\u2026","rel":"","context":"In &quot;Ausstellungen und Veranstaltungen&quot;","block_context":{"text":"Ausstellungen und Veranstaltungen","link":"https:\/\/blog.sub.uni-hamburg.de\/?cat=9"},"img":{"alt_text":"","src":"https:\/\/i0.wp.com\/blog.sub.uni-hamburg.de\/wp-content\/uploads\/2014\/10\/Borchert-Cafe-Royal.jpg?resize=350%2C200&ssl=1","width":350,"height":200,"srcset":"https:\/\/i0.wp.com\/blog.sub.uni-hamburg.de\/wp-content\/uploads\/2014\/10\/Borchert-Cafe-Royal.jpg?resize=350%2C200&ssl=1 1x, https:\/\/i0.wp.com\/blog.sub.uni-hamburg.de\/wp-content\/uploads\/2014\/10\/Borchert-Cafe-Royal.jpg?resize=525%2C300&ssl=1 1.5x"},"classes":[]},{"id":31285,"url":"https:\/\/blog.sub.uni-hamburg.de\/?p=31285","url_meta":{"origin":37667,"position":4},"title":"Wolfgang Borcherts Nachlass im Netz","author":"Markus Trapp","date":"18-05-21","format":false,"excerpt":"\u2028\u2028Briefe, Manuskripte und Bilder digitalisiert. Das 100. Geburtsjahr Wolfgang Borcherts feiert Hamburg, die Heimatstadt des fr\u00fchverstorbenen Autors, mit einem gro\u00dfen Festival. Die Staats- und Universit\u00e4tsbibliothek tr\u00e4gt dazu neben einer Reihe von Veranstaltungen und der k\u00fcrzlich er\u00f6ffneten Dauerausstellung Dissonanzen. Wolfgang Borchert (1921-1947) noch ein weiteres Highlight bei: Alle Briefe, Manuskripte, Fotos\u2026","rel":"","context":"In &quot;Aktuelles&quot;","block_context":{"text":"Aktuelles","link":"https:\/\/blog.sub.uni-hamburg.de\/?cat=1"},"img":{"alt_text":"Digitalisierte Best\u00e4nde Wolfgang Borchert","src":"https:\/\/i0.wp.com\/blog.sub.uni-hamburg.de\/wp-content\/uploads\/2021\/05\/borchert-digitalisate.jpg?resize=350%2C200&ssl=1","width":350,"height":200,"srcset":"https:\/\/i0.wp.com\/blog.sub.uni-hamburg.de\/wp-content\/uploads\/2021\/05\/borchert-digitalisate.jpg?resize=350%2C200&ssl=1 1x, https:\/\/i0.wp.com\/blog.sub.uni-hamburg.de\/wp-content\/uploads\/2021\/05\/borchert-digitalisate.jpg?resize=525%2C300&ssl=1 1.5x"},"classes":[]},{"id":32527,"url":"https:\/\/blog.sub.uni-hamburg.de\/?p=32527","url_meta":{"origin":37667,"position":5},"title":"Borchert heutzutage &#8211; Ausstellung von Studierenden der HAW in der Stabi (15.1.-20.2.)","author":"Konstantin Ulmer","date":"14-01-22","format":false,"excerpt":"\u201eTOD: \u00dcberfressen. Glatt \u00fcberfressen. Das ist alles. Heutzutage kommt man aus dem R\u00fclpsen gar nicht heraus. Rums! Tschuldigung.\u201c Unter dem Motto \u201eHamburg liest Borchert\u201c stand das vergangene Literaturjahr in der Hansestadt ganz im Zeichen Wolfgang Borcherts, der im Mai 2021 seinen 100. Geburtstag gefeiert h\u00e4tte. Zum Abschluss des Jubil\u00e4umsprogramms stellen\u2026","rel":"","context":"In &quot;Ausstellungen und Veranstaltungen&quot;","block_context":{"text":"Ausstellungen und Veranstaltungen","link":"https:\/\/blog.sub.uni-hamburg.de\/?cat=9"},"img":{"alt_text":"Plakat der Ausstellung 'Borchert heutzutage' (15.1.-20.2.)","src":"https:\/\/i0.wp.com\/blog.sub.uni-hamburg.de\/wp-content\/uploads\/2022\/01\/Borchert_Heutzutage_Plakat.jpg?resize=350%2C200&ssl=1","width":350,"height":200},"classes":[]}],"jetpack_sharing_enabled":true,"_links":{"self":[{"href":"https:\/\/blog.sub.uni-hamburg.de\/index.php?rest_route=\/wp\/v2\/posts\/37667","targetHints":{"allow":["GET"]}}],"collection":[{"href":"https:\/\/blog.sub.uni-hamburg.de\/index.php?rest_route=\/wp\/v2\/posts"}],"about":[{"href":"https:\/\/blog.sub.uni-hamburg.de\/index.php?rest_route=\/wp\/v2\/types\/post"}],"author":[{"embeddable":true,"href":"https:\/\/blog.sub.uni-hamburg.de\/index.php?rest_route=\/wp\/v2\/users\/54"}],"replies":[{"embeddable":true,"href":"https:\/\/blog.sub.uni-hamburg.de\/index.php?rest_route=%2Fwp%2Fv2%2Fcomments&post=37667"}],"version-history":[{"count":10,"href":"https:\/\/blog.sub.uni-hamburg.de\/index.php?rest_route=\/wp\/v2\/posts\/37667\/revisions"}],"predecessor-version":[{"id":37686,"href":"https:\/\/blog.sub.uni-hamburg.de\/index.php?rest_route=\/wp\/v2\/posts\/37667\/revisions\/37686"}],"wp:attachment":[{"href":"https:\/\/blog.sub.uni-hamburg.de\/index.php?rest_route=%2Fwp%2Fv2%2Fmedia&parent=37667"}],"wp:term":[{"taxonomy":"category","embeddable":true,"href":"https:\/\/blog.sub.uni-hamburg.de\/index.php?rest_route=%2Fwp%2Fv2%2Fcategories&post=37667"},{"taxonomy":"post_tag","embeddable":true,"href":"https:\/\/blog.sub.uni-hamburg.de\/index.php?rest_route=%2Fwp%2Fv2%2Ftags&post=37667"}],"curies":[{"name":"wp","href":"https:\/\/api.w.org\/{rel}","templated":true}]}}