{"id":37527,"date":"2024-02-12T09:06:21","date_gmt":"2024-02-12T08:06:21","guid":{"rendered":"https:\/\/blog.sub.uni-hamburg.de\/?p=37527"},"modified":"2024-03-06T10:09:19","modified_gmt":"2024-03-06T09:09:19","slug":"indiestabi-transformation-von-stefan-moos-ein-abend-mit-der-textem-verlagsgesellschaft-21-2","status":"publish","type":"post","link":"https:\/\/blog.sub.uni-hamburg.de\/?p=37527","title":{"rendered":"IndieStabi: \u201eTransformation\u201c von Stefan Moos. Ein Abend mit der TEXTEM-Verlagsgesellschaft (21.2.)"},"content":{"rendered":"<p><a href=\"https:\/\/blog.sub.uni-hamburg.de\/wp-content\/uploads\/2024\/02\/IndieStabi-02-2024.png\"><img loading=\"lazy\" decoding=\"async\" data-attachment-id=\"37530\" data-permalink=\"https:\/\/blog.sub.uni-hamburg.de\/?attachment_id=37530\" data-orig-file=\"https:\/\/blog.sub.uni-hamburg.de\/wp-content\/uploads\/2024\/02\/IndieStabi-02-2024.png\" data-orig-size=\"1128,1632\" data-comments-opened=\"1\" data-image-meta=\"{&quot;aperture&quot;:&quot;0&quot;,&quot;credit&quot;:&quot;&quot;,&quot;camera&quot;:&quot;&quot;,&quot;caption&quot;:&quot;&quot;,&quot;created_timestamp&quot;:&quot;0&quot;,&quot;copyright&quot;:&quot;&quot;,&quot;focal_length&quot;:&quot;0&quot;,&quot;iso&quot;:&quot;0&quot;,&quot;shutter_speed&quot;:&quot;0&quot;,&quot;title&quot;:&quot;&quot;,&quot;orientation&quot;:&quot;0&quot;}\" data-image-title=\"IndieStabi-02-2024\" data-image-description=\"\" data-image-caption=\"\" data-large-file=\"https:\/\/blog.sub.uni-hamburg.de\/wp-content\/uploads\/2024\/02\/IndieStabi-02-2024-708x1024.png\" class=\"alignright size-medium wp-image-37530\" title=\"'Transformation' von Stefan Moos\" src=\"https:\/\/blog.sub.uni-hamburg.de\/wp-content\/uploads\/2024\/02\/IndieStabi-02-2024-207x300.png\" alt=\"'Transformation' von Stefan Moos\" width=\"207\" height=\"300\" srcset=\"https:\/\/blog.sub.uni-hamburg.de\/wp-content\/uploads\/2024\/02\/IndieStabi-02-2024-207x300.png 207w, https:\/\/blog.sub.uni-hamburg.de\/wp-content\/uploads\/2024\/02\/IndieStabi-02-2024-708x1024.png 708w, https:\/\/blog.sub.uni-hamburg.de\/wp-content\/uploads\/2024\/02\/IndieStabi-02-2024-104x150.png 104w, https:\/\/blog.sub.uni-hamburg.de\/wp-content\/uploads\/2024\/02\/IndieStabi-02-2024-768x1111.png 768w, https:\/\/blog.sub.uni-hamburg.de\/wp-content\/uploads\/2024\/02\/IndieStabi-02-2024-1062x1536.png 1062w, https:\/\/blog.sub.uni-hamburg.de\/wp-content\/uploads\/2024\/02\/IndieStabi-02-2024.png 1128w\" sizes=\"auto, (max-width: 207px) 100vw, 207px\" \/><\/a> <strong>Mittwoch, 21.2., 19 Uhr, Vortragsraum.<\/strong><\/p>\n<p>Der K\u00fcnstler und Journalist Stefan Moos (&#8220;<a href=\"https:\/\/schoenstatt-verlag.de\/shop\/item\/9783864853012\/t-transformation-von-stefan-moos#\">Transformation<\/a>&#8220;) unterh\u00e4lt sich mit dem Psychoanalytiker Karl-Josef Pazzini \u00fcber das Verh\u00e4ltnis von Minderheiten zur jeweiligen Mehrheitsgesellschaft: Werden Minderheiten offiziell anerkannt, ver\u00e4ndert das die Minderheiten deutlich und setzt sie einem enormen Normalisierungs- und Anpassungsdruck aus \u2013 w\u00e4hrend die Vertreter der Mehrheit alles tun, um sich nicht \u00e4ndern zu m\u00fcssen.<\/p>\n<p>In der Reihe \u201e<a href=\"https:\/\/blog.sub.uni-hamburg.de\/?tag=IndieStabi\">IndieStabi<\/a>\u201c stellt an jedem dritten Mittwoch im Monat ein Verlag aus der Liste unabh\u00e4ngiger Verlage Hamburg (LuV) sich und seine Produktion vor. Der Eintritt ist frei.<\/p>\n","protected":false},"excerpt":{"rendered":"<p>Mittwoch, 21.2., 19 Uhr, Vortragsraum. Der K\u00fcnstler und Journalist Stefan Moos (&#8220;Transformation&#8220;) unterh\u00e4lt sich mit dem Psychoanalytiker Karl-Josef Pazzini \u00fcber das Verh\u00e4ltnis von Minderheiten zur jeweiligen Mehrheitsgesellschaft: Werden Minderheiten offiziell anerkannt, ver\u00e4ndert das die Minderheiten deutlich und setzt sie einem enormen Normalisierungs- und Anpassungsdruck aus \u2013 w\u00e4hrend die Vertreter der Mehrheit alles tun, um sich [&hellip;]<\/p>\n","protected":false},"author":19,"featured_media":0,"comment_status":"open","ping_status":"open","sticky":false,"template":"","format":"standard","meta":{"jetpack_post_was_ever_published":false,"_jetpack_newsletter_access":"","_jetpack_dont_email_post_to_subs":false,"_jetpack_newsletter_tier_id":0,"_jetpack_memberships_contains_paywalled_content":false,"_jetpack_memberships_contains_paid_content":false,"footnotes":"","jetpack_publicize_message":"","jetpack_publicize_feature_enabled":true,"jetpack_social_post_already_shared":true,"jetpack_social_options":{"image_generator_settings":{"template":"highway","default_image_id":0,"font":"","enabled":false},"version":2}},"categories":[9],"tags":[164],"class_list":["post-37527","post","type-post","status-publish","format-standard","hentry","category-ausstellungen","tag-indiestabi"],"views":2089,"jetpack_publicize_connections":[],"jetpack_featured_media_url":"","jetpack_shortlink":"https:\/\/wp.me\/p7hfNR-9Lh","jetpack-related-posts":[{"id":36040,"url":"https:\/\/blog.sub.uni-hamburg.de\/?p=36040","url_meta":{"origin":37527,"position":0},"title":"IndieStabi: Paula Hildebrandts \u201eWelcome City\u201c. Ein Abend mit dem Adocs Verlag (21.6.)","author":"Markus Trapp","date":"07-06-23","format":false,"excerpt":"Mittwoch, 21.6., 19 Uhr, Vortragsraum. Was sind die ungeschriebenen Regeln einer Gro\u00dfstadt, nach denen neu Ankommende nicht zu fragen wagen oder von denen sie gar nicht wissen, dass sie existieren? Die Autorin Paula Hildebrandt begibt sich auf die Suche nach einer Sprache, um die Realita\u0308t einer diversen Stadtgesellschaft zu beschreiben.\u2026","rel":"","context":"In &quot;Ausstellungen und Veranstaltungen&quot;","block_context":{"text":"Ausstellungen und Veranstaltungen","link":"https:\/\/blog.sub.uni-hamburg.de\/?cat=9"},"img":{"alt_text":"","src":"https:\/\/i0.wp.com\/blog.sub.uni-hamburg.de\/wp-content\/uploads\/2023\/06\/IndieStabi-welcome-city-1.png?resize=350%2C200&ssl=1","width":350,"height":200},"classes":[]},{"id":39099,"url":"https:\/\/blog.sub.uni-hamburg.de\/?p=39099","url_meta":{"origin":37527,"position":1},"title":"IndieStabi: WATT, STRAND UND MARSCH: WO WIR LEBEN. Ein Abend mit dem KJM Buchverlag (20.11.)","author":"Markus Trapp","date":"05-11-24","format":false,"excerpt":"Mittwoch, 20.11., 19 Uhr, Vortragsraum. Meeresforscher:innen und Sozialwissenschaftler:innen loten aus, wie Natur und Mensch in Norddeutschland miteinander oder gegeneinander arbeiten und welche neuen Herausforderungen unter den Bedingungen des Klimawandels gerade entstehen. Seit Jahrzehnten besch\u00e4ftigen sich Karsten Reise und Norbert Fischer mit dem Saum unserer Lebensr\u00e4ume, mit MARSCH, STRAND und WATT.\u2026","rel":"","context":"In &quot;Ausstellungen und Veranstaltungen&quot;","block_context":{"text":"Ausstellungen und Veranstaltungen","link":"https:\/\/blog.sub.uni-hamburg.de\/?cat=9"},"img":{"alt_text":"Karsten Reise \u00a9 Dennis_Williamson","src":"https:\/\/i0.wp.com\/blog.sub.uni-hamburg.de\/wp-content\/uploads\/2024\/11\/Karsten_Reise_%C2%A9_Dennis_Williamson.jpg?resize=350%2C200&ssl=1","width":350,"height":200},"classes":[]},{"id":39656,"url":"https:\/\/blog.sub.uni-hamburg.de\/?p=39656","url_meta":{"origin":37527,"position":2},"title":"IndieStabi: \u201eArbeitsk\u00e4mpfe an die Hochschulen!\u201c. Ein Abend mit dem VSA Verlag (19.2.)","author":"Markus Trapp","date":"04-02-25","format":false,"excerpt":"Mittwoch, 19.2., 19 Uhr, Vortragsraum. Hochschulen sind inzwischen die gr\u00f6\u00dfte Ausbildungsst\u00e4tte f\u00fcr Fachkr\u00e4fte. In den letzten Jahren gibt es auch dort verst\u00e4rkt gewerkschaftliche Selbstorganisation und Arbeitsk\u00e4mpfe, wie die Tarifbewegung der studentischen Besch\u00e4ftigten (TVStud) und Proteste gegen das Wissenschaftszeitvertragsgesetz und (Ketten-)Befristung (#IchBinHanna). Auch Besch\u00e4ftigte in Technik und Verwaltung k\u00e4mpfen gegen Reallohnverlust,\u2026","rel":"","context":"In &quot;Ausstellungen und Veranstaltungen&quot;","block_context":{"text":"Ausstellungen und Veranstaltungen","link":"https:\/\/blog.sub.uni-hamburg.de\/?cat=9"},"img":{"alt_text":"","src":"https:\/\/i0.wp.com\/blog.sub.uni-hamburg.de\/wp-content\/uploads\/2025\/02\/Hoffmann_Hopp.jpg?resize=350%2C200&ssl=1","width":350,"height":200,"srcset":"https:\/\/i0.wp.com\/blog.sub.uni-hamburg.de\/wp-content\/uploads\/2025\/02\/Hoffmann_Hopp.jpg?resize=350%2C200&ssl=1 1x, https:\/\/i0.wp.com\/blog.sub.uni-hamburg.de\/wp-content\/uploads\/2025\/02\/Hoffmann_Hopp.jpg?resize=525%2C300&ssl=1 1.5x"},"classes":[]},{"id":38224,"url":"https:\/\/blog.sub.uni-hamburg.de\/?p=38224","url_meta":{"origin":37527,"position":3},"title":"IndieStabi: \u201eFace with Tears of Joy\u201c \u2013 Eine Comicbuch-Lesung mit Gespr\u00e4ch (19.6.)","author":"Markus Trapp","date":"03-06-24","format":false,"excerpt":"Mittwoch, 19.6., 19 Uhr, Vortragsraum. Im Juni erscheint im Ankerwechsel Verlag die Graphic Novel \u201eFace with Tears of Joy\u201c zum Thema Emojis. Was steckt hinter den Bildschriftzeichen? Woher kommen sie? Wie nutzen wir sie? Sind Emojis divers und demokratisch? Und funktionieren sie wirklich global? Autorin Karla-Jean von Wissel zeichnet sich\u2026","rel":"","context":"In &quot;Ausstellungen und Veranstaltungen&quot;","block_context":{"text":"Ausstellungen und Veranstaltungen","link":"https:\/\/blog.sub.uni-hamburg.de\/?cat=9"},"img":{"alt_text":"Comicbuch","src":"https:\/\/i0.wp.com\/blog.sub.uni-hamburg.de\/wp-content\/uploads\/2024\/06\/Comicbuch-Lesung_II.jpg?resize=350%2C200&ssl=1","width":350,"height":200},"classes":[]},{"id":38053,"url":"https:\/\/blog.sub.uni-hamburg.de\/?p=38053","url_meta":{"origin":37527,"position":4},"title":"IndieStabi: Blumen und Brands\u00e4tze \u2013 eine deutsche Geschichte 1989-2023. Ein Abend mit der Hamburger Edition (15.5.)","author":"Markus Trapp","date":"06-05-24","format":false,"excerpt":"Mittwoch, 15.5., 19 Uhr, Vortragsraum. Kaum etwas erregt die \u00d6ffentlichkeit so sehr wie die Frage, wie viele Schutzsuchende Deutschland aufnehmen sollte. Klaus Neumanns Buch wirft ein Schlaglicht auf Aushandlungsprozesse um die Unterbringung von DDR-\u00dcbersiedlern, Asylsuchenden, Aussiedler:innen und Kriegsfl\u00fcchtlingen. Seine Beispiele aus Hamburg und Sachsen bilden eine gro\u00dfe Bandbreite lokaler Reaktionen\u2026","rel":"","context":"In &quot;Ausstellungen und Veranstaltungen&quot;","block_context":{"text":"Ausstellungen und Veranstaltungen","link":"https:\/\/blog.sub.uni-hamburg.de\/?cat=9"},"img":{"alt_text":"","src":"https:\/\/i0.wp.com\/blog.sub.uni-hamburg.de\/wp-content\/uploads\/2024\/05\/klaus-neumann.jpg?resize=350%2C200&ssl=1","width":350,"height":200},"classes":[]},{"id":37818,"url":"https:\/\/blog.sub.uni-hamburg.de\/?p=37818","url_meta":{"origin":37527,"position":5},"title":"IndieStabi: Hegel: Herrschaft, Knechtschaft, Bewusstsein der Freiheit. Ein Abend mit Thomas Seibert und GadaK (17.4.)","author":"Markus Trapp","date":"02-04-24","format":false,"excerpt":"Mittwoch, 17.4., 19 Uhr, Vortragsraum. Um die Geschichte als Fortschritt im Bewusstsein der Freiheit steht es heute so schlecht wie selten zuvor. Da liegt es nahe, es noch einmal mit dem Anfang aller Befreiung zu versuchen: mit dem Kampf auf Leben und Tod, der gegen ausnahmslos alle Herrschaft und gegen\u2026","rel":"","context":"In &quot;Ausstellungen und Veranstaltungen&quot;","block_context":{"text":"Ausstellungen und Veranstaltungen","link":"https:\/\/blog.sub.uni-hamburg.de\/?cat=9"},"img":{"alt_text":"Galerie der abseitigen K\u00fcnste","src":"https:\/\/i0.wp.com\/blog.sub.uni-hamburg.de\/wp-content\/uploads\/2024\/03\/Galerie-der-abseitigen-Kuenste_Logo.jpg?resize=350%2C200&ssl=1","width":350,"height":200,"srcset":"https:\/\/i0.wp.com\/blog.sub.uni-hamburg.de\/wp-content\/uploads\/2024\/03\/Galerie-der-abseitigen-Kuenste_Logo.jpg?resize=350%2C200&ssl=1 1x, https:\/\/i0.wp.com\/blog.sub.uni-hamburg.de\/wp-content\/uploads\/2024\/03\/Galerie-der-abseitigen-Kuenste_Logo.jpg?resize=525%2C300&ssl=1 1.5x"},"classes":[]}],"jetpack_sharing_enabled":true,"_links":{"self":[{"href":"https:\/\/blog.sub.uni-hamburg.de\/index.php?rest_route=\/wp\/v2\/posts\/37527","targetHints":{"allow":["GET"]}}],"collection":[{"href":"https:\/\/blog.sub.uni-hamburg.de\/index.php?rest_route=\/wp\/v2\/posts"}],"about":[{"href":"https:\/\/blog.sub.uni-hamburg.de\/index.php?rest_route=\/wp\/v2\/types\/post"}],"author":[{"embeddable":true,"href":"https:\/\/blog.sub.uni-hamburg.de\/index.php?rest_route=\/wp\/v2\/users\/19"}],"replies":[{"embeddable":true,"href":"https:\/\/blog.sub.uni-hamburg.de\/index.php?rest_route=%2Fwp%2Fv2%2Fcomments&post=37527"}],"version-history":[{"count":5,"href":"https:\/\/blog.sub.uni-hamburg.de\/index.php?rest_route=\/wp\/v2\/posts\/37527\/revisions"}],"predecessor-version":[{"id":37587,"href":"https:\/\/blog.sub.uni-hamburg.de\/index.php?rest_route=\/wp\/v2\/posts\/37527\/revisions\/37587"}],"wp:attachment":[{"href":"https:\/\/blog.sub.uni-hamburg.de\/index.php?rest_route=%2Fwp%2Fv2%2Fmedia&parent=37527"}],"wp:term":[{"taxonomy":"category","embeddable":true,"href":"https:\/\/blog.sub.uni-hamburg.de\/index.php?rest_route=%2Fwp%2Fv2%2Fcategories&post=37527"},{"taxonomy":"post_tag","embeddable":true,"href":"https:\/\/blog.sub.uni-hamburg.de\/index.php?rest_route=%2Fwp%2Fv2%2Ftags&post=37527"}],"curies":[{"name":"wp","href":"https:\/\/api.w.org\/{rel}","templated":true}]}}