{"id":3744,"date":"2010-11-29T13:51:58","date_gmt":"2010-11-29T12:51:58","guid":{"rendered":"http:\/\/www.sub.uni-hamburg.de\/blog\/?p=3744"},"modified":"2010-12-02T15:01:36","modified_gmt":"2010-12-02T14:01:36","slug":"graphic-novel-die-bewegung-der-literatur","status":"publish","type":"post","link":"https:\/\/blog.sub.uni-hamburg.de\/?p=3744","title":{"rendered":"Graphic Novel &#8211; Die Bewegung der Literatur"},"content":{"rendered":"<p><object classid=\"clsid:d27cdb6e-ae6d-11cf-96b8-444553540000\" width=\"560\" height=\"340\" codebase=\"http:\/\/download.macromedia.com\/pub\/shockwave\/cabs\/flash\/swflash.cab#version=6,0,40,0\"><param name=\"allowFullScreen\" value=\"true\" \/><param name=\"allowscriptaccess\" value=\"always\" \/><param name=\"src\" value=\"http:\/\/www.youtube.com\/v\/7_VDwt8GSVc?fs=1&amp;hl=de_DE\" \/><param name=\"allowfullscreen\" value=\"true\" \/><\/object><\/p>\n<blockquote><p>aspekte stellt die Klassiker und die wichtigsten Neuerscheinungen im Graphic Novel-Angebot vor und zeigt das ganze Spektrum des Genres: aktuelle Reportagen aus den Krisenherden unserer Welt, gezeichnete Romane, h\u00f6chst unterhaltsame philosophische Diskurse.<\/p><\/blockquote>\n<p>Nat\u00fcrlich ist der Comic schon l\u00e4ngst aus seiner Schmuddel-Ecke heraus gekommen. Was etwa unter dem \u00dcberbegriff <a href=\"http:\/\/de.wikipedia.org\/wiki\/Graphic_Novel\">Graphic Novel<\/a> (als Comic im Buchformat) fungiert, ist in den meisten F\u00e4llen l\u00e4ngst anerkannte Literatur. Das ZDF-Literaturmagazin <a href=\"http:\/\/aspekte.zdf.de\/ZDFde\/inhalt\/29\/0,1872,8147325,00.html\">aspekte<\/a> hat in der Vorwoche einige Beispiele pr\u00e4sentiert und l\u00e4sst die angesehenen Comic-Zeichner Isabel Kreitz aus Hamburg (\u00ab<a href=\"http:\/\/www.carlsen.de\/web\/graphicnovel\/buch?tn=179107\">Haarmann<\/a>\u00bb) und Reinhard Kleist aus Berlin (\u00ab<a href=\"http:\/\/www.carlsen.de\/web\/graphicnovel\/buch?tn=178965\">Castro<\/a>\u00bb) zu Wort kommen.<\/p>\n<p>Selbstverst\u00e4ndlich bietet Ihnen der im Campus-Katalog abfragbare Literaturbestand der Stabi und der Fachbibliotheken zahlreiche <a href=\"https:\/\/kataloge.uni-hamburg.de\/DB=1\/SET=4\/TTL=1\/CMD?ACT=SRCHA&amp;IKT=1016&amp;SRT=YOP&amp;TRM=comics\">Comics<\/a> und Literatur aus dem und \u00fcber den Bereich <em>Graphic Novel<\/em>. Die beiden im Filmbeitrag angesprochenen Werke eingeschlossen: \u00ab<a href=\"https:\/\/kataloge.uni-hamburg.de\/DB=1\/PPNSET?PPN=626094712\">Haarmann<\/a>\u00bb von Isabel Kreitz und \u00ab<a href=\"https:\/\/kataloge.uni-hamburg.de\/DB=1\/PPNSET?PPN=600204855\">Castro<\/a>\u00bb von Reinhard Kleist.<\/p>\n<p>[via <a href=\"http:\/\/wasmitbuechern.de\/index.php\/2010\/11\/28\/graphic-novels-die-bewegung-der-literatur\/\">Was mit B\u00fcchern<\/a>]<\/p>\n","protected":false},"excerpt":{"rendered":"<p>aspekte stellt die Klassiker und die wichtigsten Neuerscheinungen im Graphic Novel-Angebot vor und zeigt das ganze Spektrum des Genres: aktuelle Reportagen aus den Krisenherden unserer Welt, gezeichnete Romane, h\u00f6chst unterhaltsame philosophische Diskurse. Nat\u00fcrlich ist der Comic schon l\u00e4ngst aus seiner Schmuddel-Ecke heraus gekommen. Was etwa unter dem \u00dcberbegriff Graphic Novel (als Comic im Buchformat) fungiert, [&hellip;]<\/p>\n","protected":false},"author":19,"featured_media":0,"comment_status":"open","ping_status":"open","sticky":false,"template":"","format":"standard","meta":{"jetpack_post_was_ever_published":false,"_jetpack_newsletter_access":"","_jetpack_dont_email_post_to_subs":false,"_jetpack_newsletter_tier_id":0,"_jetpack_memberships_contains_paywalled_content":false,"_jetpack_memberships_contains_paid_content":false,"footnotes":"","jetpack_publicize_message":"","jetpack_publicize_feature_enabled":true,"jetpack_social_post_already_shared":false,"jetpack_social_options":{"image_generator_settings":{"template":"highway","default_image_id":0,"font":"","enabled":false},"version":2}},"categories":[18],"tags":[],"class_list":["post-3744","post","type-post","status-publish","format-standard","hentry","category-aufgelesen"],"views":6089,"jetpack_publicize_connections":[],"jetpack_featured_media_url":"","jetpack_shortlink":"https:\/\/wp.me\/p7hfNR-Yo","jetpack-related-posts":[{"id":38224,"url":"https:\/\/blog.sub.uni-hamburg.de\/?p=38224","url_meta":{"origin":3744,"position":0},"title":"IndieStabi: \u201eFace with Tears of Joy\u201c \u2013 Eine Comicbuch-Lesung mit Gespr\u00e4ch (19.6.)","author":"Markus Trapp","date":"03-06-24","format":false,"excerpt":"Mittwoch, 19.6., 19 Uhr, Vortragsraum. Im Juni erscheint im Ankerwechsel Verlag die Graphic Novel \u201eFace with Tears of Joy\u201c zum Thema Emojis. Was steckt hinter den Bildschriftzeichen? Woher kommen sie? Wie nutzen wir sie? Sind Emojis divers und demokratisch? Und funktionieren sie wirklich global? Autorin Karla-Jean von Wissel zeichnet sich\u2026","rel":"","context":"In &quot;Ausstellungen und Veranstaltungen&quot;","block_context":{"text":"Ausstellungen und Veranstaltungen","link":"https:\/\/blog.sub.uni-hamburg.de\/?cat=9"},"img":{"alt_text":"Comicbuch","src":"https:\/\/i0.wp.com\/blog.sub.uni-hamburg.de\/wp-content\/uploads\/2024\/06\/Comicbuch-Lesung_II.jpg?resize=350%2C200&ssl=1","width":350,"height":200},"classes":[]},{"id":20179,"url":"https:\/\/blog.sub.uni-hamburg.de\/?p=20179","url_meta":{"origin":3744,"position":1},"title":"Workshop Exil und Migration in Graphic Novels (1.6.)","author":"Markus Trapp","date":"23-05-16","format":false,"excerpt":"Schon Superman hat eine Migrationsgeschichte: als seinem Heimatplaneten eine Katastrophe droht, kommt er auf die Erde, wo er sich integriert und doch anders bleibt. Sind Comics pr\u00e4destiniert, Erfahrungen von Exil und Fremdheit ins Bild zu setzen? Andreas Platthaus (FAZ) und Paula Bulling stellen neuere Graphic Novels \u00fcber Fl\u00fcchtlingsschicksale vor, darunter\u2026","rel":"","context":"In &quot;Ausstellungen und Veranstaltungen&quot;","block_context":{"text":"Ausstellungen und Veranstaltungen","link":"https:\/\/blog.sub.uni-hamburg.de\/?cat=9"},"img":{"alt_text":"","src":"https:\/\/i0.wp.com\/blog.sub.uni-hamburg.de\/wp-content\/uploads\/2016\/05\/landderfruehaufsteher.jpg?resize=350%2C200&ssl=1","width":350,"height":200},"classes":[]},{"id":39461,"url":"https:\/\/blog.sub.uni-hamburg.de\/?p=39461","url_meta":{"origin":3744,"position":2},"title":"IndieStabi: Ein Abend mit der Galerie der abseitigen K\u00fcnste (15.1.)","author":"Markus Trapp","date":"17-12-24","format":false,"excerpt":"Mittwoch, 15.1., 19 Uhr, Vortragsraum. Davide Toffolos \u201eInterview mit Pasolini\u201c und Michael Webers \u201eElla. Blick zur\u00fcck nach vorne!\u201c: Zwei Graphic Novels, die ein Zeitgeschehen \u2013 einmal aus Italien, einmal aus Deutschland \u2013 in seiner Radikalit\u00e4t erfassen und in unsere Zeit \u00fcbertragen. Toffolo vermisst den radikalen Denker Pasolini und imaginiert ihn\u2026","rel":"","context":"In &quot;Ausstellungen und Veranstaltungen&quot;","block_context":{"text":"Ausstellungen und Veranstaltungen","link":"https:\/\/blog.sub.uni-hamburg.de\/?cat=9"},"img":{"alt_text":"Ella. Blick zur\u00fcck nach vorne!","src":"https:\/\/i0.wp.com\/blog.sub.uni-hamburg.de\/wp-content\/uploads\/2024\/12\/ella-cover.jpg?resize=350%2C200&ssl=1","width":350,"height":200},"classes":[]},{"id":39149,"url":"https:\/\/blog.sub.uni-hamburg.de\/?p=39149","url_meta":{"origin":3744,"position":3},"title":"Buchvorstellung und Gespr\u00e4ch: \u201eZeter und Mordio\u201c mit Jens Cornils (26.11.)","author":"Markus Trapp","date":"12-11-24","format":false,"excerpt":"Dienstag, 26.11., 18 Uhr, Vortragsraum. Vor 300 Jahren, am 19. September 1724, verstarb die j\u00fcdische Kauffrau Glikl bas Jehuda Leib \u2013 heute bekannt als Gl\u00fcckel von Hameln \u2013, die 1647 vermutlich in Hamburg geboren wurde. Sie schreibt in sieben B\u00fcchern \u00fcber das Leben in Hamburg und Altona, Gemeindeangelegenheiten, private Begebenheiten\u2026","rel":"","context":"In &quot;Ausstellungen und Veranstaltungen&quot;","block_context":{"text":"Ausstellungen und Veranstaltungen","link":"https:\/\/blog.sub.uni-hamburg.de\/?cat=9"},"img":{"alt_text":"","src":"https:\/\/i0.wp.com\/blog.sub.uni-hamburg.de\/wp-content\/uploads\/2024\/11\/zetermordio.jpg?resize=350%2C200&ssl=1","width":350,"height":200},"classes":[]},{"id":41933,"url":"https:\/\/blog.sub.uni-hamburg.de\/?p=41933","url_meta":{"origin":3744,"position":4},"title":"Ausstellung: Elfenbeinturm und Barrikade. Siegfried Lenz und Helmut Schmidt (4.3.-10.5.26)","author":"Konstantin Ulmer","date":"17-02-26","format":false,"excerpt":"4. M\u00e4rz bis 10. Mai 2026, Ausstellungsraum. Siegfried Lenz und Helmut Schmidt verband seit den 1960er-Jahren eine von hanseatischem Respekt gepr\u00e4gte Freundschaft. Sie tauschten sich \u00fcber das Verh\u00e4ltnis von Staat und Literatur, \u00fcber den \u201eDeutschen Herbst\u201c und \u00fcber das Erinnern an den Nationalsozialismus aus und reflektierten dabei stets ihre Rollen\u2026","rel":"","context":"In &quot;Ausstellungen und Veranstaltungen&quot;","block_context":{"text":"Ausstellungen und Veranstaltungen","link":"https:\/\/blog.sub.uni-hamburg.de\/?cat=9"},"img":{"alt_text":"","src":"https:\/\/i0.wp.com\/blog.sub.uni-hamburg.de\/wp-content\/uploads\/2026\/02\/Sharepic_LenzSchmidt.jpg?resize=350%2C200&ssl=1","width":350,"height":200,"srcset":"https:\/\/i0.wp.com\/blog.sub.uni-hamburg.de\/wp-content\/uploads\/2026\/02\/Sharepic_LenzSchmidt.jpg?resize=350%2C200&ssl=1 1x, https:\/\/i0.wp.com\/blog.sub.uni-hamburg.de\/wp-content\/uploads\/2026\/02\/Sharepic_LenzSchmidt.jpg?resize=525%2C300&ssl=1 1.5x, https:\/\/i0.wp.com\/blog.sub.uni-hamburg.de\/wp-content\/uploads\/2026\/02\/Sharepic_LenzSchmidt.jpg?resize=700%2C400&ssl=1 2x, https:\/\/i0.wp.com\/blog.sub.uni-hamburg.de\/wp-content\/uploads\/2026\/02\/Sharepic_LenzSchmidt.jpg?resize=1050%2C600&ssl=1 3x"},"classes":[]},{"id":24974,"url":"https:\/\/blog.sub.uni-hamburg.de\/?p=24974","url_meta":{"origin":3744,"position":5},"title":"Ausstellung GEGENWELTEN &#8211; Swing in Hamburg\u2026 (29.5.-29.6.)","author":"Markus Trapp","date":"15-05-18","format":false,"excerpt":"\u2026Hans Leipelt und die \"Wei\u00dfe Rose\", Coco Schumann und die \"Ghetto-Swingers\". Dauer: 29. Mai bis 29. Juni 2018 Ort: Lichthof im Altbau (Zugang \u00fcber Informationszentrum) \u00d6ffnungszeiten: Mo-Fr 9 - 20.30 Uhr. \u00dcber Generationen eint alle Swing-Fans ein Gef\u00fchl von unbeschwerter Freiheit. Namen wie Duke Ellington, Count Basie, Benny Goodman stehen\u2026","rel":"","context":"In &quot;Ausstellungen und Veranstaltungen&quot;","block_context":{"text":"Ausstellungen und Veranstaltungen","link":"https:\/\/blog.sub.uni-hamburg.de\/?cat=9"},"img":{"alt_text":"","src":"https:\/\/i0.wp.com\/blog.sub.uni-hamburg.de\/wp-content\/uploads\/2018\/05\/swing-in-hamburg-kl.jpg?resize=350%2C200&ssl=1","width":350,"height":200,"srcset":"https:\/\/i0.wp.com\/blog.sub.uni-hamburg.de\/wp-content\/uploads\/2018\/05\/swing-in-hamburg-kl.jpg?resize=350%2C200&ssl=1 1x, https:\/\/i0.wp.com\/blog.sub.uni-hamburg.de\/wp-content\/uploads\/2018\/05\/swing-in-hamburg-kl.jpg?resize=525%2C300&ssl=1 1.5x"},"classes":[]}],"jetpack_sharing_enabled":true,"_links":{"self":[{"href":"https:\/\/blog.sub.uni-hamburg.de\/index.php?rest_route=\/wp\/v2\/posts\/3744","targetHints":{"allow":["GET"]}}],"collection":[{"href":"https:\/\/blog.sub.uni-hamburg.de\/index.php?rest_route=\/wp\/v2\/posts"}],"about":[{"href":"https:\/\/blog.sub.uni-hamburg.de\/index.php?rest_route=\/wp\/v2\/types\/post"}],"author":[{"embeddable":true,"href":"https:\/\/blog.sub.uni-hamburg.de\/index.php?rest_route=\/wp\/v2\/users\/19"}],"replies":[{"embeddable":true,"href":"https:\/\/blog.sub.uni-hamburg.de\/index.php?rest_route=%2Fwp%2Fv2%2Fcomments&post=3744"}],"version-history":[{"count":6,"href":"https:\/\/blog.sub.uni-hamburg.de\/index.php?rest_route=\/wp\/v2\/posts\/3744\/revisions"}],"predecessor-version":[{"id":3798,"href":"https:\/\/blog.sub.uni-hamburg.de\/index.php?rest_route=\/wp\/v2\/posts\/3744\/revisions\/3798"}],"wp:attachment":[{"href":"https:\/\/blog.sub.uni-hamburg.de\/index.php?rest_route=%2Fwp%2Fv2%2Fmedia&parent=3744"}],"wp:term":[{"taxonomy":"category","embeddable":true,"href":"https:\/\/blog.sub.uni-hamburg.de\/index.php?rest_route=%2Fwp%2Fv2%2Fcategories&post=3744"},{"taxonomy":"post_tag","embeddable":true,"href":"https:\/\/blog.sub.uni-hamburg.de\/index.php?rest_route=%2Fwp%2Fv2%2Ftags&post=3744"}],"curies":[{"name":"wp","href":"https:\/\/api.w.org\/{rel}","templated":true}]}}