{"id":3740,"date":"2010-11-26T15:52:06","date_gmt":"2010-11-26T14:52:06","guid":{"rendered":"http:\/\/www.sub.uni-hamburg.de\/blog\/?p=3740"},"modified":"2011-01-19T08:27:10","modified_gmt":"2011-01-19T07:27:10","slug":"stabi-schatze-im-adventskalender-des-ndr","status":"publish","type":"post","link":"https:\/\/blog.sub.uni-hamburg.de\/?p=3740","title":{"rendered":"Stabi-Sch\u00e4tze im Adventskalender des NDR"},"content":{"rendered":"<p>Das <a href=\"http:\/\/www.ndr.de\/fernsehen\/sendungen\/hamburg_journal\/index.html\">Hamburg-Journal<\/a> im NDR-Fernsehen \u00f6ffnet im Dezember wieder die T\u00fcrchen des Adventskalenders. Und schon am 2. Dezember verbirgt sich hinter dem T\u00fcrchen die schwere Tresort\u00fcr der Stabi: Antje Theise, die die raren Sch\u00e4tze der Stabi h\u00fctet, stellt ganz besondere Kostbarkeiten der Stabi vor, lassen Sie sich \u00fcberraschen!<\/p>\n<p>Update 8.12.2010. Der Beitrag kann in der <a href=\"http:\/\/www.ndr.de\/mediathek\/index.html?media=hamj8667\">Mediathek des NDR<\/a> betrachtet werden.<\/p>\n","protected":false},"excerpt":{"rendered":"<p>Das Hamburg-Journal im NDR-Fernsehen \u00f6ffnet im Dezember wieder die T\u00fcrchen des Adventskalenders. Und schon am 2. Dezember verbirgt sich hinter dem T\u00fcrchen die schwere Tresort\u00fcr der Stabi: Antje Theise, die die raren Sch\u00e4tze der Stabi h\u00fctet, stellt ganz besondere Kostbarkeiten der Stabi vor, lassen Sie sich \u00fcberraschen! Update 8.12.2010. Der Beitrag kann in der Mediathek [&hellip;]<\/p>\n","protected":false},"author":5,"featured_media":0,"comment_status":"open","ping_status":"open","sticky":false,"template":"","format":"standard","meta":{"jetpack_post_was_ever_published":false,"_jetpack_newsletter_access":"","_jetpack_dont_email_post_to_subs":false,"_jetpack_newsletter_tier_id":0,"_jetpack_memberships_contains_paywalled_content":false,"_jetpack_memberships_contains_paid_content":false,"footnotes":"","jetpack_publicize_message":"","jetpack_publicize_feature_enabled":true,"jetpack_social_post_already_shared":false,"jetpack_social_options":{"image_generator_settings":{"template":"highway","default_image_id":0,"font":"","enabled":false},"version":2}},"categories":[1,13],"tags":[],"class_list":["post-3740","post","type-post","status-publish","format-standard","hentry","category-1","category-das-besondere-buch"],"views":4379,"jetpack_publicize_connections":[],"jetpack_featured_media_url":"","jetpack_shortlink":"https:\/\/wp.me\/p7hfNR-Yk","jetpack-related-posts":[{"id":3817,"url":"https:\/\/blog.sub.uni-hamburg.de\/?p=3817","url_meta":{"origin":3740,"position":0},"title":"Stabi-Sch\u00e4tze: Was Sie alles (nicht) sahen im Adventskalender des NDR","author":"AP","date":"08-12-10","format":false,"excerpt":"Am 2. Dezember \u00f6ffnete sich das Adventst\u00fcrchen des Hamburg-Journals des NDR: Mit einem wunderbaren Beitrag \u00fcber die Sch\u00e4tze der Stabi. Gezeigt wurde die Weihnachtsinitiale mit Christi Geburt aus einem fragmentarisch erhaltenen Prachtlektionar aus dem 13. Jahrhundert \u2013 und wunderbare Blumen- und Obstdarstellungen aus dem ber\u00fchmten Moller-Florilegium von Hans Simon Holtzbecker.\u2026","rel":"","context":"In &quot;Sch\u00e4tze der Stabi&quot;","block_context":{"text":"Sch\u00e4tze der Stabi","link":"https:\/\/blog.sub.uni-hamburg.de\/?cat=13"},"img":{"alt_text":"NDR-Mediathek Adventskalender","src":"https:\/\/i0.wp.com\/blog.sub.uni-hamburg.de\/wp-content\/uploads\/2010\/12\/mediathek-adventskalender.jpg?resize=350%2C200&ssl=1","width":350,"height":200},"classes":[]},{"id":30304,"url":"https:\/\/blog.sub.uni-hamburg.de\/?p=30304","url_meta":{"origin":3740,"position":1},"title":"Stabi Adventskalender","author":"Markus Trapp","date":"26-11-20","format":false,"excerpt":"Hinter jeder dieser 24 Stabi-T\u00fcren verbirgt sich ein Schatz aus unseren Sondersammlungen. Ab 1. Dezember geht's los. Nach Klick auf die erst dann zu \u00f6ffnende T\u00fcr des jeweiligen Tages gelangen Sie zur Abbildung und Beschreibung eines Exponates aus unseren Sammlungen samt Link zum Download des \"Schatzes\" in den digitalisierten Best\u00e4nden\u2026","rel":"","context":"In &quot;Sch\u00e4tze der Stabi&quot;","block_context":{"text":"Sch\u00e4tze der Stabi","link":"https:\/\/blog.sub.uni-hamburg.de\/?cat=13"},"img":{"alt_text":"","src":"","width":0,"height":0},"classes":[]},{"id":41352,"url":"https:\/\/blog.sub.uni-hamburg.de\/?p=41352","url_meta":{"origin":3740,"position":2},"title":"Stabi Adventskalender","author":"Markus Trapp","date":"24-11-25","format":false,"excerpt":"Hinter jeder dieser 24 Stabi-T\u00fcren verbirgt sich ein Schatz aus unseren Sondersammlungen. Ab 1. Dezember geht's los. Nach Klick auf die erst dann zu \u00f6ffnende T\u00fcr des jeweiligen Tages gelangen Sie zur Abbildung und Beschreibung eines Exponates aus unseren Sammlungen - und zwar aus Hamburger Kulturgut Digital und aus Hamburger\u2026","rel":"","context":"In &quot;Aktuelles&quot;","block_context":{"text":"Aktuelles","link":"https:\/\/blog.sub.uni-hamburg.de\/?cat=1"},"img":{"alt_text":"","src":"","width":0,"height":0},"classes":[]},{"id":16764,"url":"https:\/\/blog.sub.uni-hamburg.de\/?p=16764","url_meta":{"origin":3740,"position":3},"title":"Weltbrand App im Adventskalender von e-teaching.org","author":"Markus Trapp","date":"11-12-14","format":false,"excerpt":"Der Dezember ist ja auch die Zeit der Adventskalender. Welche es im bibliothekarischen Kontext gibt, hat bibliothekarisch.de aufgelistet. Heute m\u00f6chten wir auf einen ganz besonderen Adventskalender hinweisen, der Apps f\u00fcr Studium und Lehre empfiehlt und deshalb auch mit dem sinnigen Namen APPventskalender ver\u00f6ffentlicht wird. Ein Projekt von e-teaching.org im Rahmen\u2026","rel":"","context":"In &quot;E-Medien&quot;","block_context":{"text":"E-Medien","link":"https:\/\/blog.sub.uni-hamburg.de\/?cat=11"},"img":{"alt_text":"","src":"https:\/\/i0.wp.com\/blog.sub.uni-hamburg.de\/wp-content\/uploads\/2014\/12\/weltbrandappventskalender.jpg?resize=350%2C200&ssl=1","width":350,"height":200},"classes":[]},{"id":1405,"url":"https:\/\/blog.sub.uni-hamburg.de\/?p=1405","url_meta":{"origin":3740,"position":4},"title":"Jubil\u00e4umsdreh: Stabi im &#8220;Hamburg Journal&#8221;","author":"MG","date":"14-10-09","format":false,"excerpt":"Gedreht wurde heute allenthalben: im Handschriftenlesesaal, in der Medienwerkstatt, bei der Direktorin, im Magazin, im Hamburg-Lesesaal, in der Leihstelle, im Infozentrum und vor der T\u00fcr: der NDR w\u00fcrdigt das Stabi-Jubil\u00e4um mit einem drei-Minuten-Beitrag im Hamburg-Journal. Und was gibt es zu sehen? Sch\u00e4tze wie das Moller-Florilegium und Beethovens \"Heiligenst\u00e4dter Testament\", die\u2026","rel":"","context":"In &quot;Medienecho&quot;","block_context":{"text":"Medienecho","link":"https:\/\/blog.sub.uni-hamburg.de\/?cat=14"},"img":{"alt_text":"","src":"","width":0,"height":0},"classes":[]},{"id":17409,"url":"https:\/\/blog.sub.uni-hamburg.de\/?p=17409","url_meta":{"origin":3740,"position":5},"title":"NDR Info berichtet \u00fcber die Bibliothek der J\u00fcdischen Gemeinde","author":"Markus Trapp","date":"30-03-15","format":false,"excerpt":"Am kommenden Freitag, den 3. April (Karfreitag), berichtet Sven Barske auf NDR Info ab 20:30 Uhr \u00fcber die Erschlie\u00dfung der J\u00fcdischen Gemeindebibliothek durch die Stabi. Das Magazin \u00abSchabat Schalom\u00bb informiert jeden Freitag aus dem j\u00fcdischen Leben mit Nachrichten, Interviews, Berichten und Kommentaren. Die kommende Ausgabe widmet sich der J\u00fcdischen Gemeindebibliothek\u2026","rel":"","context":"In &quot;Hamburg&quot;","block_context":{"text":"Hamburg","link":"https:\/\/blog.sub.uni-hamburg.de\/?cat=17"},"img":{"alt_text":"","src":"https:\/\/i0.wp.com\/blog.sub.uni-hamburg.de\/wp-content\/uploads\/2015\/03\/jued-bibl-ndrinfo.jpg?resize=350%2C200&ssl=1","width":350,"height":200,"srcset":"https:\/\/i0.wp.com\/blog.sub.uni-hamburg.de\/wp-content\/uploads\/2015\/03\/jued-bibl-ndrinfo.jpg?resize=350%2C200&ssl=1 1x, https:\/\/i0.wp.com\/blog.sub.uni-hamburg.de\/wp-content\/uploads\/2015\/03\/jued-bibl-ndrinfo.jpg?resize=525%2C300&ssl=1 1.5x"},"classes":[]}],"jetpack_sharing_enabled":true,"_links":{"self":[{"href":"https:\/\/blog.sub.uni-hamburg.de\/index.php?rest_route=\/wp\/v2\/posts\/3740","targetHints":{"allow":["GET"]}}],"collection":[{"href":"https:\/\/blog.sub.uni-hamburg.de\/index.php?rest_route=\/wp\/v2\/posts"}],"about":[{"href":"https:\/\/blog.sub.uni-hamburg.de\/index.php?rest_route=\/wp\/v2\/types\/post"}],"author":[{"embeddable":true,"href":"https:\/\/blog.sub.uni-hamburg.de\/index.php?rest_route=\/wp\/v2\/users\/5"}],"replies":[{"embeddable":true,"href":"https:\/\/blog.sub.uni-hamburg.de\/index.php?rest_route=%2Fwp%2Fv2%2Fcomments&post=3740"}],"version-history":[{"count":6,"href":"https:\/\/blog.sub.uni-hamburg.de\/index.php?rest_route=\/wp\/v2\/posts\/3740\/revisions"}],"predecessor-version":[{"id":4153,"href":"https:\/\/blog.sub.uni-hamburg.de\/index.php?rest_route=\/wp\/v2\/posts\/3740\/revisions\/4153"}],"wp:attachment":[{"href":"https:\/\/blog.sub.uni-hamburg.de\/index.php?rest_route=%2Fwp%2Fv2%2Fmedia&parent=3740"}],"wp:term":[{"taxonomy":"category","embeddable":true,"href":"https:\/\/blog.sub.uni-hamburg.de\/index.php?rest_route=%2Fwp%2Fv2%2Fcategories&post=3740"},{"taxonomy":"post_tag","embeddable":true,"href":"https:\/\/blog.sub.uni-hamburg.de\/index.php?rest_route=%2Fwp%2Fv2%2Ftags&post=3740"}],"curies":[{"name":"wp","href":"https:\/\/api.w.org\/{rel}","templated":true}]}}