{"id":37330,"date":"2024-01-05T09:33:44","date_gmt":"2024-01-05T08:33:44","guid":{"rendered":"https:\/\/blog.sub.uni-hamburg.de\/?p=37330"},"modified":"2024-02-29T11:48:48","modified_gmt":"2024-02-29T10:48:48","slug":"zum-150-geburtstag-von-svend-fleuron-der-tierschriftsteller","status":"publish","type":"post","link":"https:\/\/blog.sub.uni-hamburg.de\/?p=37330","title":{"rendered":"Zum 150. Geburtstag von Svend Fleuron: Der Tierschriftsteller"},"content":{"rendered":"<p>Von Melisande Schroers.<\/p>\n<div style=\"float: right; padding-right:0px; margin-left:25px; margin-bottom:25px;\"> <div id=\"attachment_37332\" style=\"width: 310px\" class=\"wp-caption alignnone\"><a href=\"https:\/\/blog.sub.uni-hamburg.de\/wp-content\/uploads\/2024\/01\/Fleuron_Autobiografische-Konvolute.jpg\"><img loading=\"lazy\" decoding=\"async\" aria-describedby=\"caption-attachment-37332\" data-attachment-id=\"37332\" data-permalink=\"https:\/\/blog.sub.uni-hamburg.de\/?attachment_id=37332\" data-orig-file=\"https:\/\/blog.sub.uni-hamburg.de\/wp-content\/uploads\/2024\/01\/Fleuron_Autobiografische-Konvolute.jpg\" data-orig-size=\"1032,774\" data-comments-opened=\"1\" data-image-meta=\"{&quot;aperture&quot;:&quot;1.9&quot;,&quot;credit&quot;:&quot;&quot;,&quot;camera&quot;:&quot;SM-A310F&quot;,&quot;caption&quot;:&quot;&quot;,&quot;created_timestamp&quot;:&quot;1700742191&quot;,&quot;copyright&quot;:&quot;&quot;,&quot;focal_length&quot;:&quot;3.7&quot;,&quot;iso&quot;:&quot;100&quot;,&quot;shutter_speed&quot;:&quot;0.03030303030303&quot;,&quot;title&quot;:&quot;&quot;,&quot;orientation&quot;:&quot;1&quot;}\" data-image-title=\"Fleuron_Autobiografische Konvolute\" data-image-description=\"\" data-image-caption=\"\" data-large-file=\"https:\/\/blog.sub.uni-hamburg.de\/wp-content\/uploads\/2024\/01\/Fleuron_Autobiografische-Konvolute-1024x768.jpg\" class=\"wp-image-37332 size-medium\" src=\"https:\/\/blog.sub.uni-hamburg.de\/wp-content\/uploads\/2024\/01\/Fleuron_Autobiografische-Konvolute-300x225.jpg\" alt=\"\" width=\"300\" height=\"225\" srcset=\"https:\/\/blog.sub.uni-hamburg.de\/wp-content\/uploads\/2024\/01\/Fleuron_Autobiografische-Konvolute-300x225.jpg 300w, https:\/\/blog.sub.uni-hamburg.de\/wp-content\/uploads\/2024\/01\/Fleuron_Autobiografische-Konvolute-1024x768.jpg 1024w, https:\/\/blog.sub.uni-hamburg.de\/wp-content\/uploads\/2024\/01\/Fleuron_Autobiografische-Konvolute-150x113.jpg 150w, https:\/\/blog.sub.uni-hamburg.de\/wp-content\/uploads\/2024\/01\/Fleuron_Autobiografische-Konvolute-768x576.jpg 768w, https:\/\/blog.sub.uni-hamburg.de\/wp-content\/uploads\/2024\/01\/Fleuron_Autobiografische-Konvolute.jpg 1032w\" sizes=\"auto, (max-width: 300px) 100vw, 300px\" \/><\/a><p id=\"caption-attachment-37332\" class=\"wp-caption-text\"><\/p>\n<div style=\"font-size: 12px; line-height: 1.2; margin-bottom:0;\"> Autobiografische Konvolute von Svend Fleuron <\/div>\n<p><\/p><\/div> <\/p><\/div>\n<p>Am 4. Januar vor 150 Jahren, dem ersten Sonntag des Jahres 1874, wurde Svend Fleuron geboren. Der heute weitgehend in Vergessenheit geratene d\u00e4nische Schriftsteller erfreute sich mit seinen Natur- und Tiergeschichten insbesondere in Deutschland gro\u00dfer Beliebtheit. Seine Beobachtungsgabe f\u00fcr das Verhalten der Tiere war au\u00dfergew\u00f6hnlich, ebenso deren literarische Darstellung als trieb- und instinktgeleitete Wesen. Der Nachlass von Fleuron befindet sich seit 1971 in der Staats- und Universit\u00e4tsbibliothek Hamburg.<\/p>\n<p>Nach seiner Schulzeit schlug Fleuron zun\u00e4chst eine Laufbahn als Offizier ein, verabschiedete sich 1921 allerdings aus dem d\u00e4nischen Heer, um sich fortan ganz dem Schreiben zu widmen. Die deutsche Erstausgabe seines Deb\u00fcts \u201eEin Winter im J\u00e4gerhofe\u201c war bereits 1912 erschienen. Weitere B\u00fccher trugen Titel wie \u201eSchnipp Fidelius Adelzahn. Ein Dackelroman\u201c (1924), \u201eTillip. Die Geschichte einer Buntspechtfamilie\u201c (1928) oder \u201eDer Marder Kur\u00faru\u201c (1956). Im Jahr 1966 verstarb Fleuron im Alter von 92 Jahren in D\u00e4nemark.<br \/>\n<!--more--><\/p>\n<div style=\"float: left; padding-left:0px; margin-right:25px; margin-bottom:25px;\"> <div id=\"attachment_37331\" style=\"width: 235px\" class=\"wp-caption alignnone\"><a href=\"https:\/\/blog.sub.uni-hamburg.de\/wp-content\/uploads\/2024\/01\/Fleuron_Tierskizzen.jpg\"><img loading=\"lazy\" decoding=\"async\" aria-describedby=\"caption-attachment-37331\" data-attachment-id=\"37331\" data-permalink=\"https:\/\/blog.sub.uni-hamburg.de\/?attachment_id=37331\" data-orig-file=\"https:\/\/blog.sub.uni-hamburg.de\/wp-content\/uploads\/2024\/01\/Fleuron_Tierskizzen.jpg\" data-orig-size=\"774,1032\" data-comments-opened=\"1\" data-image-meta=\"{&quot;aperture&quot;:&quot;1.9&quot;,&quot;credit&quot;:&quot;&quot;,&quot;camera&quot;:&quot;SM-A310F&quot;,&quot;caption&quot;:&quot;&quot;,&quot;created_timestamp&quot;:&quot;1700742682&quot;,&quot;copyright&quot;:&quot;&quot;,&quot;focal_length&quot;:&quot;3.7&quot;,&quot;iso&quot;:&quot;64&quot;,&quot;shutter_speed&quot;:&quot;0.03030303030303&quot;,&quot;title&quot;:&quot;&quot;,&quot;orientation&quot;:&quot;1&quot;}\" data-image-title=\"Fleuron_Tierskizzen\" data-image-description=\"\" data-image-caption=\"\" data-large-file=\"https:\/\/blog.sub.uni-hamburg.de\/wp-content\/uploads\/2024\/01\/Fleuron_Tierskizzen-768x1024.jpg\" class=\"wp-image-37331 size-medium\" src=\"https:\/\/blog.sub.uni-hamburg.de\/wp-content\/uploads\/2024\/01\/Fleuron_Tierskizzen-225x300.jpg\" alt=\"\" width=\"225\" height=\"300\" srcset=\"https:\/\/blog.sub.uni-hamburg.de\/wp-content\/uploads\/2024\/01\/Fleuron_Tierskizzen-225x300.jpg 225w, https:\/\/blog.sub.uni-hamburg.de\/wp-content\/uploads\/2024\/01\/Fleuron_Tierskizzen-768x1024.jpg 768w, https:\/\/blog.sub.uni-hamburg.de\/wp-content\/uploads\/2024\/01\/Fleuron_Tierskizzen-113x150.jpg 113w, https:\/\/blog.sub.uni-hamburg.de\/wp-content\/uploads\/2024\/01\/Fleuron_Tierskizzen.jpg 774w\" sizes=\"auto, (max-width: 225px) 100vw, 225px\" \/><\/a><p id=\"caption-attachment-37331\" class=\"wp-caption-text\"><\/p>\n<div style=\"font-size: 12px; line-height: 1.2; margin-bottom:0;\"> Tierzeichnungen aus den autobiografischen Konvoluten<\/div>\n<p><\/p><\/div> <\/p><\/div>\n<p> Wie durch seine Geschichten deutlich wird, hegte er eine Liebe zur Tierwelt und zu \u201eWetter mit Charakter. Ein Wetter, das die Menschen ins Haus jagt und die Hunde schweigen macht, ist mein Wetter!\u201c \u2013 so beschrieb er es dem Schriftsteller und Kunstsammler Rolf Italiaander, der Fleuron bereits als Gymnasiast besucht hatte. W\u00e4hrend andere also lieber im warmen Zuhause blieben, war Fleuron bei Sturm und Regen ganz in seinem Element \u2013 und fand auf diese Weise auch reichlich Inspiration f\u00fcr seine Geschichten.<\/p>\n<p>Die Stabi verwahrt den Nachlass Fleurons, bestehend aus Briefen und einigen umfangreichen gebundenen B\u00e4nden mit autobiografischen Materialien ganz unterschiedlicher Art. Dar\u00fcber hinaus k\u00f6nnen etliche Printausgaben seiner Tierb\u00fccher ausgeliehen und das Buch \u201eSchroff der Waldgesell. Die Geschichte eines Dachses\u201c in Hamburger Kulturgut Digital eingesehen werden.<\/p>\n","protected":false},"excerpt":{"rendered":"<p>Von Melisande Schroers. Am 4. Januar vor 150 Jahren, dem ersten Sonntag des Jahres 1874, wurde Svend Fleuron geboren. Der heute weitgehend in Vergessenheit geratene d\u00e4nische Schriftsteller erfreute sich mit seinen Natur- und Tiergeschichten insbesondere in Deutschland gro\u00dfer Beliebtheit. Seine Beobachtungsgabe f\u00fcr das Verhalten der Tiere war au\u00dfergew\u00f6hnlich, ebenso deren literarische Darstellung als trieb- und [&hellip;]<\/p>\n","protected":false},"author":38,"featured_media":37332,"comment_status":"open","ping_status":"open","sticky":false,"template":"","format":"standard","meta":{"jetpack_post_was_ever_published":false,"_jetpack_newsletter_access":"","_jetpack_dont_email_post_to_subs":false,"_jetpack_newsletter_tier_id":0,"_jetpack_memberships_contains_paywalled_content":false,"_jetpack_memberships_contains_paid_content":false,"footnotes":"","jetpack_publicize_message":"","jetpack_publicize_feature_enabled":true,"jetpack_social_post_already_shared":true,"jetpack_social_options":{"image_generator_settings":{"template":"highway","default_image_id":0,"font":"","enabled":false},"version":2}},"categories":[18,13],"tags":[],"class_list":["post-37330","post","type-post","status-publish","format-standard","has-post-thumbnail","hentry","category-aufgelesen","category-das-besondere-buch"],"views":2953,"jetpack_publicize_connections":[],"jetpack_featured_media_url":"https:\/\/blog.sub.uni-hamburg.de\/wp-content\/uploads\/2024\/01\/Fleuron_Autobiografische-Konvolute.jpg","jetpack_shortlink":"https:\/\/wp.me\/p7hfNR-9I6","jetpack-related-posts":[{"id":7512,"url":"https:\/\/blog.sub.uni-hamburg.de\/?p=7512","url_meta":{"origin":37330,"position":0},"title":"Exponat des Monats: Die Hamburger Nachrichten (18.4.)","author":"Markus Trapp","date":"28-03-12","format":false,"excerpt":"Aus den Sondersammlungen - Exponat des Monats: Die Hamburger Nachrichten \u2013 fast 150 Jahre Hamburger Zeitungsgeschichte In den fast 150 Jahren ihres Bestehens sind die Hamburger Nachrichten eine der wichtigsten Zeitungen der Hansestadt gewesen. Metamorphosen vom Anzeigenblatt zur f\u00fchrenden Lokalzeitung, von der linksliberalen Ausrichtung nach 1848 zum Sprachrohr des entlassenen\u2026","rel":"","context":"In &quot;Ausstellungen und Veranstaltungen&quot;","block_context":{"text":"Ausstellungen und Veranstaltungen","link":"https:\/\/blog.sub.uni-hamburg.de\/?cat=9"},"img":{"alt_text":"Die Hamburger Nachrichten \u2013 fast 150 Jahre Hamburger Zeitungsgeschichte","src":"https:\/\/i0.wp.com\/blog.sub.uni-hamburg.de\/wp-content\/uploads\/2012\/03\/hamburgernachrichten.jpg?resize=350%2C200&ssl=1","width":350,"height":200},"classes":[]},{"id":30711,"url":"https:\/\/blog.sub.uni-hamburg.de\/?p=30711","url_meta":{"origin":37330,"position":1},"title":"Ida Dehmel Literaturpreis 2020 der GEDOK und GEDOK Literaturf\u00f6rderpreis 2020","author":"Markus Trapp","date":"22-01-21","format":false,"excerpt":"Die Planungen liefen letzten Herbst auf Hochtouren. Der von Ida Dehmel gegr\u00fcndete GEDOK e. V. wollte am 6. November 2020 seine Auszeichnungen feierlich im Lichthof der Stabi vergeben. Und zwar den Ida Dehmel Literaturpreis 2020 der GEDOK an die Schriftstellerin Prof. Dr. Ulrike Draesner und den GEDOK Literaturf\u00f6rderpreis 2020 an\u2026","rel":"","context":"In &quot;Ausstellungen und Veranstaltungen&quot;","block_context":{"text":"Ausstellungen und Veranstaltungen","link":"https:\/\/blog.sub.uni-hamburg.de\/?cat=9"},"img":{"alt_text":"Collage aus Lichthof der Stabi und dem Ida Dehmel-Gem\u00e4lde von Julie Wolfthorn","src":"https:\/\/i0.wp.com\/blog.sub.uni-hamburg.de\/wp-content\/uploads\/2021\/01\/ida-dehmel-lichthof.jpg?resize=350%2C200&ssl=1","width":350,"height":200,"srcset":"https:\/\/i0.wp.com\/blog.sub.uni-hamburg.de\/wp-content\/uploads\/2021\/01\/ida-dehmel-lichthof.jpg?resize=350%2C200&ssl=1 1x, https:\/\/i0.wp.com\/blog.sub.uni-hamburg.de\/wp-content\/uploads\/2021\/01\/ida-dehmel-lichthof.jpg?resize=525%2C300&ssl=1 1.5x"},"classes":[]},{"id":20768,"url":"https:\/\/blog.sub.uni-hamburg.de\/?p=20768","url_meta":{"origin":37330,"position":2},"title":"Stellenausschreibung: Referat Abendl\u00e4ndische und au\u00dfereurop\u00e4ische Handschriften","author":"Markus Trapp","date":"24-08-16","format":false,"excerpt":"An der Staats- und Universit\u00e4tsbibliothek Hamburg Carl von Ossietzky ist zum n\u00e4chstm\u00f6glichen Zeitpunkt folgende unbefristete Stelle zu besetzen: Tarifbesch\u00e4ftigte\/r E13 F\u00fchrung des Referats Abendl\u00e4ndische und au\u00dfereurop\u00e4ische Handschriften F\u00fchrungsposition: nein Arbeitsumfang: Vollzeit auch teilzeitgeeignet Bewerbungsschluss: 23.09.2016 Ausf\u00fchrliche Informationen zur Bewerbung entnehmen Sie bitte diesem PDF. Die Staats- und Universit\u00e4tsbibliothek Hamburg Carl\u2026","rel":"","context":"In &quot;Aktuelles&quot;","block_context":{"text":"Aktuelles","link":"https:\/\/blog.sub.uni-hamburg.de\/?cat=1"},"img":{"alt_text":"stabilogo-150","src":"https:\/\/i0.wp.com\/blog.sub.uni-hamburg.de\/wp-content\/uploads\/2014\/07\/stabilogo-150.jpg?resize=350%2C200&ssl=1","width":350,"height":200},"classes":[]},{"id":18188,"url":"https:\/\/blog.sub.uni-hamburg.de\/?p=18188","url_meta":{"origin":37330,"position":3},"title":"Studentische Hilfskraft f\u00fcr die Klopstock-Arbeitsstelle","author":"Markus Trapp","date":"30-07-15","format":false,"excerpt":"Die Staats- und Universit\u00e4tsbibliothek Hamburg sucht zum 1. Oktober 2015 eine studentische Hilfskraft (30 Stunden \/ Monat) zur Mitarbeit in der Arbeitsstelle der Hamburger Klopstock-Ausgabe. Der Nachlass des Dichters Friedrich Gottlieb Klopstock (1724-1803) kam im Jahr 1950 zu uns in die Staatsbibliothek. \u00dcber zwei Jahrzehnte sp\u00e4ter erschienen auf der Grundlage\u2026","rel":"","context":"In &quot;Aktuelles&quot;","block_context":{"text":"Aktuelles","link":"https:\/\/blog.sub.uni-hamburg.de\/?cat=1"},"img":{"alt_text":"stabilogo-150","src":"https:\/\/i0.wp.com\/blog.sub.uni-hamburg.de\/wp-content\/uploads\/2014\/07\/stabilogo-150.jpg?resize=350%2C200&ssl=1","width":350,"height":200},"classes":[]},{"id":40101,"url":"https:\/\/blog.sub.uni-hamburg.de\/?p=40101","url_meta":{"origin":37330,"position":4},"title":"Vortrag und Diskussion: Exzellenz erleben \u2013 Die Materie des Schreibens (30.4.)","author":"Markus Trapp","date":"15-04-25","format":false,"excerpt":"Mittwoch, 30.4., 17 Uhr, Lichthof. Was verbindet die verschiedenen Manuskriptkulturen der Welt? Am Exzellenzcluster \u201eUnderstanding Written Artefacts\u201c (UWA) untersuchen 150 Forscher:innen aus \u00fcber 40 verschiedenen Disziplinen der Geistes-, Natur- und Computerwissenschaften, wie die Kulturtechnik des Schreibens Gesellschaften \u00fcberall auf der Welt von der Antike bis in unser digitales Zeitalter gepr\u00e4gt\u2026","rel":"","context":"In &quot;Ausstellungen und Veranstaltungen&quot;","block_context":{"text":"Ausstellungen und Veranstaltungen","link":"https:\/\/blog.sub.uni-hamburg.de\/?cat=9"},"img":{"alt_text":"Manuskriptkulturen","src":"https:\/\/i0.wp.com\/blog.sub.uni-hamburg.de\/wp-content\/uploads\/2025\/04\/Manuskriptkulturen.jpg?resize=350%2C200&ssl=1","width":350,"height":200},"classes":[]},{"id":13194,"url":"https:\/\/blog.sub.uni-hamburg.de\/?p=13194","url_meta":{"origin":37330,"position":5},"title":"Exponat des Monats Dezember \u2013 Richard Dehmel (verl\u00e4ngert bis 31.1.)","author":"Markus Trapp","date":"20-12-13","format":false,"excerpt":"Richard Dehmel, Zwei Menschen. Roman in Romanzen. Berlin 1903. Widmungsexemplar f\u00fcr Ida Dehmel. Signatur: NL DA Bib : 2000 Der Dichter Richard Dehmel (1863-1920) nahm wie kaum ein anderer Autor auch Einfluss auf die Gestaltung von Schriftart, Satzspiegel, Illustrationen, auf Druck und Einband seiner Werke. Umfangreiche Briefwechsel mit Typographen, Druckern,\u2026","rel":"","context":"In &quot;Ausstellungen und Veranstaltungen&quot;","block_context":{"text":"Ausstellungen und Veranstaltungen","link":"https:\/\/blog.sub.uni-hamburg.de\/?cat=9"},"img":{"alt_text":"Richard Dehmel, Zwei Menschen.","src":"https:\/\/i0.wp.com\/blog.sub.uni-hamburg.de\/wp-content\/uploads\/2013\/11\/expodesmonats12-2013.jpg?resize=350%2C200&ssl=1","width":350,"height":200},"classes":[]}],"jetpack_sharing_enabled":true,"_links":{"self":[{"href":"https:\/\/blog.sub.uni-hamburg.de\/index.php?rest_route=\/wp\/v2\/posts\/37330","targetHints":{"allow":["GET"]}}],"collection":[{"href":"https:\/\/blog.sub.uni-hamburg.de\/index.php?rest_route=\/wp\/v2\/posts"}],"about":[{"href":"https:\/\/blog.sub.uni-hamburg.de\/index.php?rest_route=\/wp\/v2\/types\/post"}],"author":[{"embeddable":true,"href":"https:\/\/blog.sub.uni-hamburg.de\/index.php?rest_route=\/wp\/v2\/users\/38"}],"replies":[{"embeddable":true,"href":"https:\/\/blog.sub.uni-hamburg.de\/index.php?rest_route=%2Fwp%2Fv2%2Fcomments&post=37330"}],"version-history":[{"count":5,"href":"https:\/\/blog.sub.uni-hamburg.de\/index.php?rest_route=\/wp\/v2\/posts\/37330\/revisions"}],"predecessor-version":[{"id":37337,"href":"https:\/\/blog.sub.uni-hamburg.de\/index.php?rest_route=\/wp\/v2\/posts\/37330\/revisions\/37337"}],"wp:featuredmedia":[{"embeddable":true,"href":"https:\/\/blog.sub.uni-hamburg.de\/index.php?rest_route=\/wp\/v2\/media\/37332"}],"wp:attachment":[{"href":"https:\/\/blog.sub.uni-hamburg.de\/index.php?rest_route=%2Fwp%2Fv2%2Fmedia&parent=37330"}],"wp:term":[{"taxonomy":"category","embeddable":true,"href":"https:\/\/blog.sub.uni-hamburg.de\/index.php?rest_route=%2Fwp%2Fv2%2Fcategories&post=37330"},{"taxonomy":"post_tag","embeddable":true,"href":"https:\/\/blog.sub.uni-hamburg.de\/index.php?rest_route=%2Fwp%2Fv2%2Ftags&post=37330"}],"curies":[{"name":"wp","href":"https:\/\/api.w.org\/{rel}","templated":true}]}}