{"id":36798,"date":"2023-10-20T15:09:21","date_gmt":"2023-10-20T13:09:21","guid":{"rendered":"https:\/\/blog.sub.uni-hamburg.de\/?p=36798"},"modified":"2023-11-02T22:28:50","modified_gmt":"2023-11-02T21:28:50","slug":"podiumsdiskussion-aufklaerung-im-hamburger-nsu-komplex-2-11","status":"publish","type":"post","link":"https:\/\/blog.sub.uni-hamburg.de\/?p=36798","title":{"rendered":"Podiumsdiskussion: Aufkl\u00e4rung im Hamburger NSU-Komplex? (2.11.)"},"content":{"rendered":"<p><a href=\"https:\/\/blog.sub.uni-hamburg.de\/wp-content\/uploads\/2023\/10\/HBgR-VA-2-11-Story-gr.jpg\"><img loading=\"lazy\" decoding=\"async\" data-attachment-id=\"36799\" data-permalink=\"https:\/\/blog.sub.uni-hamburg.de\/?attachment_id=36799\" data-orig-file=\"https:\/\/blog.sub.uni-hamburg.de\/wp-content\/uploads\/2023\/10\/HBgR-VA-2-11-Story.jpg\" data-orig-size=\"250,444\" data-comments-opened=\"1\" data-image-meta=\"{&quot;aperture&quot;:&quot;0&quot;,&quot;credit&quot;:&quot;&quot;,&quot;camera&quot;:&quot;&quot;,&quot;caption&quot;:&quot;&quot;,&quot;created_timestamp&quot;:&quot;0&quot;,&quot;copyright&quot;:&quot;&quot;,&quot;focal_length&quot;:&quot;0&quot;,&quot;iso&quot;:&quot;0&quot;,&quot;shutter_speed&quot;:&quot;0&quot;,&quot;title&quot;:&quot;HBgR_PUA-Podiumsdiskussion_SharePic&quot;,&quot;orientation&quot;:&quot;0&quot;}\" data-image-title=\"HBgR_PUA-Podiumsdiskussion_SharePic\" data-image-description=\"\" data-image-caption=\"\" data-large-file=\"https:\/\/blog.sub.uni-hamburg.de\/wp-content\/uploads\/2023\/10\/HBgR-VA-2-11-Story.jpg\" src=\"https:\/\/blog.sub.uni-hamburg.de\/wp-content\/uploads\/2023\/10\/HBgR-VA-2-11-Story.jpg\" alt=\"\" width=\"250\" height=\"444\" class=\"alignright size-full wp-image-36799\" srcset=\"https:\/\/blog.sub.uni-hamburg.de\/wp-content\/uploads\/2023\/10\/HBgR-VA-2-11-Story.jpg 250w, https:\/\/blog.sub.uni-hamburg.de\/wp-content\/uploads\/2023\/10\/HBgR-VA-2-11-Story-169x300.jpg 169w, https:\/\/blog.sub.uni-hamburg.de\/wp-content\/uploads\/2023\/10\/HBgR-VA-2-11-Story-84x150.jpg 84w\" sizes=\"auto, (max-width: 250px) 100vw, 250px\" \/><\/a> <strong>Donnerstag, 2.11., 19 Uhr, Vortragsraum.<\/strong><\/p>\n<p>Im Jahr 2000 begann das NSU-Netzwerk seine Mord- und Anschlagsserie, in deren Verlauf er neun migrantische Menschen und eine Polizistin ermordete und 24 Menschen teils lebensgef\u00e4hrlich verletzte. In Hamburg-Altona wurde am 27. Juni 2001 S\u00fcleyman Ta\u015fk\u00f6pr\u00fc in seinem Laden erschossen. Als einziges Tatortland hat Hamburg nach der Selbstenttarnung des NSU 2011 die Aufkl\u00e4rung des NSU-Komplexes durch einen Parlamentarischen Untersuchungsausschuss verweigert: Eine gr\u00fcndliche politische Aufarbeitung des staatlichen Versagens und der Rolle der damaligen militanten Neonaziszene fand nicht statt.<\/p>\n<p>Am 13. April 2023 hat die B\u00fcrgerschaft den Antrag von SPD und Gr\u00fcnen beschlossen, den NSU-Komplex in Hamburg im Rahmen einer wissenschaftlichen Studie aufzuarbeiten. Dieser Antrag wurde als Gegenantrag zum Antrag der Linksfraktion auf einen Parlamentarischen Untersuchungsausschuss (PUA) eingebracht.<br \/>\n<!--more--><\/p>\n<p>W\u00e4hrend der Veranstaltung sollen auf dem Podium und mit den Anwesenden die unterschiedlichen Aufgabenstellungen und konkreten Erwartungen an die wissenschaftliche Aufkl\u00e4rungsarbeit diskutiert werden.<\/p>\n<p>Eingeladen sind: Christian Hammermann, Peter Madjarov, Prof. Dr. Christoph Kopke und Christiane Schneider. Weitere Informationen unter: <a href=\"https:\/\/www.keine-stimme-den-nazis.org\/\">https:\/\/www.keine-stimme-den-nazis.org\/<\/a><br \/>\nDer Eintritt ist frei.<\/p>\n","protected":false},"excerpt":{"rendered":"<p>Donnerstag, 2.11., 19 Uhr, Vortragsraum. Im Jahr 2000 begann das NSU-Netzwerk seine Mord- und Anschlagsserie, in deren Verlauf er neun migrantische Menschen und eine Polizistin ermordete und 24 Menschen teils lebensgef\u00e4hrlich verletzte. In Hamburg-Altona wurde am 27. Juni 2001 S\u00fcleyman Ta\u015fk\u00f6pr\u00fc in seinem Laden erschossen. Als einziges Tatortland hat Hamburg nach der Selbstenttarnung des NSU [&hellip;]<\/p>\n","protected":false},"author":19,"featured_media":0,"comment_status":"open","ping_status":"open","sticky":false,"template":"","format":"standard","meta":{"jetpack_post_was_ever_published":false,"_jetpack_newsletter_access":"","_jetpack_dont_email_post_to_subs":false,"_jetpack_newsletter_tier_id":0,"_jetpack_memberships_contains_paywalled_content":false,"_jetpack_memberships_contains_paid_content":false,"footnotes":"","jetpack_publicize_message":"","jetpack_publicize_feature_enabled":true,"jetpack_social_post_already_shared":true,"jetpack_social_options":{"image_generator_settings":{"template":"highway","default_image_id":0,"font":"","enabled":false},"version":2}},"categories":[9],"tags":[],"class_list":["post-36798","post","type-post","status-publish","format-standard","hentry","category-ausstellungen"],"views":1581,"jetpack_publicize_connections":[],"jetpack_featured_media_url":"","jetpack_shortlink":"https:\/\/wp.me\/p7hfNR-9zw","jetpack-related-posts":[{"id":18462,"url":"https:\/\/blog.sub.uni-hamburg.de\/?p=18462","url_meta":{"origin":36798,"position":0},"title":"Hans-Frankenthal-Preis 2015 der Stiftung Auschwitz-Komitee (15.10.)","author":"Markus Trapp","date":"29-09-15","format":false,"excerpt":"Die Stiftung Auschwitz-Komitee verleiht den Hans-Frankenthal-Preis 2015 Hans Frankenthal (1926-1999) war langj\u00e4hriges Vorstandsmitglied des Auschwitz-Komitees, Mitglied des Zentralrats der Juden, der j\u00fcdischen Gemeinde Hagen und der Vereinigung der Verfolgten des Naziregimes \u2013 Bund der Antifaschist_innen. Als Jugendlicher wurde er mit seinem Bruder nach Auschwitz verschleppt, \u00fcberlebte die Lagerhaft und die\u2026","rel":"","context":"In &quot;Ausstellungen und Veranstaltungen&quot;","block_context":{"text":"Ausstellungen und Veranstaltungen","link":"https:\/\/blog.sub.uni-hamburg.de\/?cat=9"},"img":{"alt_text":"Stiftung Auschwitz-Komitee","src":"https:\/\/i0.wp.com\/blog.sub.uni-hamburg.de\/wp-content\/uploads\/2012\/10\/stiftungauschwitz-kom.jpg?resize=350%2C200&ssl=1","width":350,"height":200},"classes":[]},{"id":23697,"url":"https:\/\/blog.sub.uni-hamburg.de\/?p=23697","url_meta":{"origin":36798,"position":1},"title":"30 Jahre nach Giordanos \u00abDie Zweite Schuld\u00bb (14.11.)","author":"Markus Trapp","date":"26-10-17","format":false,"excerpt":"Herausforderungen f\u00fcr eine kritische Ged\u00e4chtnisarbeit in der postnationalsozialistischen Gegenwart. Lesung und Diskussion. Dienstag. 14. November 2017, 19 Uhr Ort: Vortragsraum, 1. Etage, der Eintritt ist frei. In seiner 1987 ver\u00f6ffentlichten Streitschrift \u00abDie Zweite Schuld oder von der Last ein Deutscher zu sein\u00bb konstatierte Ralph Giordano zahlreiche Vers\u00e4umnisse im deutschen Umgang\u2026","rel":"","context":"In &quot;Ausstellungen und Veranstaltungen&quot;","block_context":{"text":"Ausstellungen und Veranstaltungen","link":"https:\/\/blog.sub.uni-hamburg.de\/?cat=9"},"img":{"alt_text":"","src":"https:\/\/i0.wp.com\/blog.sub.uni-hamburg.de\/wp-content\/uploads\/2017\/10\/Ralph-Giordano-Eroeffnung-Rathausausstellung.jpg?resize=350%2C200&ssl=1","width":350,"height":200},"classes":[]},{"id":13064,"url":"https:\/\/blog.sub.uni-hamburg.de\/?p=13064","url_meta":{"origin":36798,"position":2},"title":"2.11.: Stabi bis 24 Uhr ge\u00f6ffnet","author":"ST","date":"01-11-13","format":false,"excerpt":"\u00a0 Am Sonnabend, 2.11.2013 findet die 5. Nacht des Wissens statt. Auch in der Stabi wird von 17-24 Uhr dazu ein spannendes Programm angeboten. Von der l\u00e4ngeren Bibliotheks\u00f6ffnung k\u00f6nnen auch diejenigen profitieren, die nur zum Lernen und Arbeiten zu uns kommen m\u00f6chten: am 2.11. bleiben Informationszentrum und Leses\u00e4le bis 24\u2026","rel":"","context":"In &quot;Aktuelles&quot;","block_context":{"text":"Aktuelles","link":"https:\/\/blog.sub.uni-hamburg.de\/?cat=1"},"img":{"alt_text":"Logo der Nacht des Wissens 2013","src":"https:\/\/i0.wp.com\/blog.sub.uni-hamburg.de\/wp-content\/uploads\/2013\/10\/NDW13-Eule-kl.jpg?resize=350%2C200&ssl=1","width":350,"height":200},"classes":[]},{"id":23201,"url":"https:\/\/blog.sub.uni-hamburg.de\/?p=23201","url_meta":{"origin":36798,"position":3},"title":"\u201eSch\u00e4dlich und unerw\u00fcnscht\u201c \u2013 Verbotene Literatur und NS-Raubgut in der Staats- und Universit\u00e4tsbibliothek Hamburg Carl von Ossietzky (8.09. bis 22.10.)","author":"Markus Trapp","date":"10-08-17","format":false,"excerpt":"Mit dem Beginn der nationalsozialistischen Herrschaft in Deutschland setzte im Fr\u00fchjahr 1933 auch die Zensur von Literatur ein, wenige Wochen danach brannten B\u00fccher; schon vor der \u201eMachtergreifung\u201c waren schwarze Listen vorbereitet worden. Nun wurden Bibliotheken von politisch missliebigen Organisationen beschlagnahmt, Autoren verhaftet und verfolgt, ihre Werke verboten. Viele von ihnen\u2026","rel":"","context":"In &quot;Ausstellungen und Veranstaltungen&quot;","block_context":{"text":"Ausstellungen und Veranstaltungen","link":"https:\/\/blog.sub.uni-hamburg.de\/?cat=9"},"img":{"alt_text":"","src":"https:\/\/i0.wp.com\/blog.sub.uni-hamburg.de\/wp-content\/uploads\/2017\/08\/as-nsraubgut.jpg?resize=350%2C200&ssl=1","width":350,"height":200},"classes":[]},{"id":34499,"url":"https:\/\/blog.sub.uni-hamburg.de\/?p=34499","url_meta":{"origin":36798,"position":4},"title":"Buchvorstellung: Die Akte Scholz von Oliver Hollenstein und Oliver Schr\u00f6m (2.11.)","author":"Markus Trapp","date":"18-10-22","format":false,"excerpt":"Mittwoch, 2.11.2022, 19 Uhr, Vortragsraum. Verr\u00e4terische Chatverl\u00e4ufe, gel\u00f6schte Beweismittel, mehr als 200 000 Euro Bargeld im Bankschlie\u00dffach eines SPD-Strippenziehers: Es gibt jede Menge Merkw\u00fcrdigkeiten in dem Steuerskandal um die Hamburger Warburg-Bank. Und mittendrin: Olaf Scholz, seinerzeit B\u00fcrgermeister der Hansestadt. Keine andere Aff\u00e4re ist so gef\u00e4hrlich f\u00fcr den heutigen Bundeskanzler. Und\u2026","rel":"","context":"In &quot;Ausstellungen und Veranstaltungen&quot;","block_context":{"text":"Ausstellungen und Veranstaltungen","link":"https:\/\/blog.sub.uni-hamburg.de\/?cat=9"},"img":{"alt_text":"'Die Akte Scholz' von Oliver Hollenstein und Oliver Schr\u00f6m","src":"https:\/\/i0.wp.com\/blog.sub.uni-hamburg.de\/wp-content\/uploads\/2022\/10\/Akte-Scholz.jpg?resize=350%2C200&ssl=1","width":350,"height":200},"classes":[]},{"id":18603,"url":"https:\/\/blog.sub.uni-hamburg.de\/?p=18603","url_meta":{"origin":36798,"position":5},"title":"Workshop: Welfare States after Reform (3.11.)","author":"Markus Trapp","date":"19-10-15","format":false,"excerpt":"W\u00e4hrend in Europa ein tiefgreifender Umbau der etablierten Sozialstaaten zu beobachten ist, der wohlfahrtsstaatliche Typologien in Frage stellt, bauen die wirtschaftlichen Nachz\u00fcgler insbesondere S\u00fcdostasiens wie China, Japan, Taiwan, Korea oder Thailand, wohlfahrtsstaatliche Leistungen auf und aus. Hintergrund ist eine fortschreitende Modernisierung der Gesellschaften, die sich nur partiell an westlichen Mustern\u2026","rel":"","context":"In &quot;Ausstellungen und Veranstaltungen&quot;","block_context":{"text":"Ausstellungen und Veranstaltungen","link":"https:\/\/blog.sub.uni-hamburg.de\/?cat=9"},"img":{"alt_text":"Centrum f\u00fcr Globalisierung und Governance","src":"https:\/\/i0.wp.com\/blog.sub.uni-hamburg.de\/wp-content\/uploads\/2015\/10\/CGG-Logo_RZ.jpg?resize=350%2C200&ssl=1","width":350,"height":200},"classes":[]}],"jetpack_sharing_enabled":true,"_links":{"self":[{"href":"https:\/\/blog.sub.uni-hamburg.de\/index.php?rest_route=\/wp\/v2\/posts\/36798","targetHints":{"allow":["GET"]}}],"collection":[{"href":"https:\/\/blog.sub.uni-hamburg.de\/index.php?rest_route=\/wp\/v2\/posts"}],"about":[{"href":"https:\/\/blog.sub.uni-hamburg.de\/index.php?rest_route=\/wp\/v2\/types\/post"}],"author":[{"embeddable":true,"href":"https:\/\/blog.sub.uni-hamburg.de\/index.php?rest_route=\/wp\/v2\/users\/19"}],"replies":[{"embeddable":true,"href":"https:\/\/blog.sub.uni-hamburg.de\/index.php?rest_route=%2Fwp%2Fv2%2Fcomments&post=36798"}],"version-history":[{"count":1,"href":"https:\/\/blog.sub.uni-hamburg.de\/index.php?rest_route=\/wp\/v2\/posts\/36798\/revisions"}],"predecessor-version":[{"id":36801,"href":"https:\/\/blog.sub.uni-hamburg.de\/index.php?rest_route=\/wp\/v2\/posts\/36798\/revisions\/36801"}],"wp:attachment":[{"href":"https:\/\/blog.sub.uni-hamburg.de\/index.php?rest_route=%2Fwp%2Fv2%2Fmedia&parent=36798"}],"wp:term":[{"taxonomy":"category","embeddable":true,"href":"https:\/\/blog.sub.uni-hamburg.de\/index.php?rest_route=%2Fwp%2Fv2%2Fcategories&post=36798"},{"taxonomy":"post_tag","embeddable":true,"href":"https:\/\/blog.sub.uni-hamburg.de\/index.php?rest_route=%2Fwp%2Fv2%2Ftags&post=36798"}],"curies":[{"name":"wp","href":"https:\/\/api.w.org\/{rel}","templated":true}]}}