{"id":35887,"date":"2023-05-17T10:35:14","date_gmt":"2023-05-17T08:35:14","guid":{"rendered":"https:\/\/blog.sub.uni-hamburg.de\/?p=35887"},"modified":"2023-06-01T07:56:33","modified_gmt":"2023-06-01T05:56:33","slug":"vortrag-und-lesung-ein-mann-liest-zeitung-der-grindel-autor-justin-steinfeld-31-5","status":"publish","type":"post","link":"https:\/\/blog.sub.uni-hamburg.de\/?p=35887","title":{"rendered":"Vortrag und Lesung: Ein Mann liest Zeitung. Der Grindel-Autor Justin Steinfeld (31.5.)"},"content":{"rendered":"<p><a href=\"https:\/\/blog.sub.uni-hamburg.de\/wp-content\/uploads\/2023\/05\/Justin-Steinfeld-gr.jpg\"><img loading=\"lazy\" decoding=\"async\" data-attachment-id=\"35888\" data-permalink=\"https:\/\/blog.sub.uni-hamburg.de\/?attachment_id=35888\" data-orig-file=\"https:\/\/blog.sub.uni-hamburg.de\/wp-content\/uploads\/2023\/05\/Justin-Steinfeld.jpg\" data-orig-size=\"250,378\" data-comments-opened=\"1\" data-image-meta=\"{&quot;aperture&quot;:&quot;0&quot;,&quot;credit&quot;:&quot;&quot;,&quot;camera&quot;:&quot;&quot;,&quot;caption&quot;:&quot;&quot;,&quot;created_timestamp&quot;:&quot;0&quot;,&quot;copyright&quot;:&quot;&quot;,&quot;focal_length&quot;:&quot;0&quot;,&quot;iso&quot;:&quot;0&quot;,&quot;shutter_speed&quot;:&quot;0&quot;,&quot;title&quot;:&quot;&quot;,&quot;orientation&quot;:&quot;0&quot;}\" data-image-title=\"Justin-Steinfeld\" data-image-description=\"\" data-image-caption=\"\" data-large-file=\"https:\/\/blog.sub.uni-hamburg.de\/wp-content\/uploads\/2023\/05\/Justin-Steinfeld.jpg\" src=\"https:\/\/blog.sub.uni-hamburg.de\/wp-content\/uploads\/2023\/05\/Justin-Steinfeld.jpg\" alt=\"Justin Steinfeld\" title=\"Justin Steinfeld\"  width=\"200\" height=\"303\" class=\"alignright size-full wp-image-35888\" \/><\/a><strong>Mittwoch, 31.5., 19 Uhr, Vortragsraum.<\/strong><\/p>\n<p>F\u00fcr Justin Steinfeld war Hamburg sein Zuhause und der Grindel sein Kiez. Bis zu seiner erzwungenen Emigration lebte der Journalist in der Hallerstra\u00dfe. Heute ist Steinfeld in Vergessenheit geraten. 2020 gab der Literaturwissenschaftler Wilfried Weinke Steinfelds im Exil verfassten Roman \u201e<a href=\"https:\/\/www.schoeffling.de\/buecher\/justin-steinfeld\/ein-mann-liest-zeitung\">Ein Mann liest Zeitung<\/a>\u201c in einer kommentierten Neuausgabe heraus (in der <a href=\"https:\/\/katalogplus.sub.uni-hamburg.de\/vufind\/Record\/1697481744?rank=1\">Stabi<\/a> ausleihbar). <\/p>\n<p><strong>Wilfried Weinke<\/strong> stellt Leben und Werk des Autors vor, der Schauspieler <strong>Stephan Benson<\/strong> liest ausgew\u00e4hlte Passagen aus dem Roman. <\/p>\n<p>Die Veranstaltung findet im Rahmen des Festivals \u201e<a href=\"https:\/\/www.hamburgliest.de\/veranstaltungen\/#ein-mann-liest-zeitung\">Hamburg liest verbrannte B\u00fccher<\/a>\u201c statt. Der Eintritt ist frei.<\/p>\n","protected":false},"excerpt":{"rendered":"<p>Mittwoch, 31.5., 19 Uhr, Vortragsraum. F\u00fcr Justin Steinfeld war Hamburg sein Zuhause und der Grindel sein Kiez. Bis zu seiner erzwungenen Emigration lebte der Journalist in der Hallerstra\u00dfe. Heute ist Steinfeld in Vergessenheit geraten. 2020 gab der Literaturwissenschaftler Wilfried Weinke Steinfelds im Exil verfassten Roman \u201eEin Mann liest Zeitung\u201c in einer kommentierten Neuausgabe heraus (in [&hellip;]<\/p>\n","protected":false},"author":19,"featured_media":0,"comment_status":"open","ping_status":"open","sticky":false,"template":"","format":"standard","meta":{"jetpack_post_was_ever_published":false,"_jetpack_newsletter_access":"","_jetpack_dont_email_post_to_subs":false,"_jetpack_newsletter_tier_id":0,"_jetpack_memberships_contains_paywalled_content":false,"_jetpack_memberships_contains_paid_content":false,"footnotes":"","jetpack_publicize_message":"","jetpack_publicize_feature_enabled":true,"jetpack_social_post_already_shared":true,"jetpack_social_options":{"image_generator_settings":{"template":"highway","default_image_id":0,"font":"","enabled":false},"version":2}},"categories":[9],"tags":[],"class_list":["post-35887","post","type-post","status-publish","format-standard","hentry","category-ausstellungen"],"views":1670,"jetpack_publicize_connections":[],"jetpack_featured_media_url":"","jetpack_shortlink":"https:\/\/wp.me\/p7hfNR-9kP","jetpack-related-posts":[{"id":39632,"url":"https:\/\/blog.sub.uni-hamburg.de\/?p=39632","url_meta":{"origin":35887,"position":0},"title":"Lesung und Vortrag: Der Exilroman \u201eDas Vaterland\u201c von Heinz Liepman in Neuauflage (12.2.)","author":"Markus Trapp","date":"29-01-25","format":false,"excerpt":"Mittwoch, 12.2., 19 Uhr, Vortragsraum. Der Journalist und Schriftsteller Heinz Liepman war 1933 wegen seiner j\u00fcdischen Herkunft und Gegnerschaft zu den Nationalsozialisten zur Flucht aus Hamburg gezwungen. Hamburg 1933: Nach drei Monaten auf See kehrt der Dampfer \u201eKulm\u201c in seinen Heimathafen zur\u00fcck. Die sozial wie weltanschaulich h\u00f6chst unterschiedliche Besatzung des\u2026","rel":"","context":"In &quot;Ausstellungen und Veranstaltungen&quot;","block_context":{"text":"Ausstellungen und Veranstaltungen","link":"https:\/\/blog.sub.uni-hamburg.de\/?cat=9"},"img":{"alt_text":"Heinz Liepman","src":"https:\/\/i0.wp.com\/blog.sub.uni-hamburg.de\/wp-content\/uploads\/2025\/01\/Heinz_Liepman%C2%A9Sammlung_Weinke.jpg?resize=350%2C200&ssl=1","width":350,"height":200},"classes":[]},{"id":20928,"url":"https:\/\/blog.sub.uni-hamburg.de\/?p=20928","url_meta":{"origin":35887,"position":1},"title":"Der Schriftsteller und Journalist Heinz Liepman (5.10.)","author":"Markus Trapp","date":"12-09-16","format":false,"excerpt":"Wilfried Weinke: \u201eIch werde vielleicht sp\u00e4ter einmal Einflu\u00df zu gewinnen suchen\u2026\u201c \u2013 Der Schriftsteller und Journalist Heinz Liepman (1905-1966) Mittwoch, 5. Oktober 2016, 18 Uhr Ort: Vortragsraum, 1. Etage. Eintritt frei. Heinz Liepman, der bis 1933 in Hamburg lebte, ist heute ein fast vergessener Autor, obwohl er sich schon vor\u2026","rel":"","context":"In &quot;Ausstellungen und Veranstaltungen&quot;","block_context":{"text":"Ausstellungen und Veranstaltungen","link":"https:\/\/blog.sub.uni-hamburg.de\/?cat=9"},"img":{"alt_text":"","src":"https:\/\/i0.wp.com\/blog.sub.uni-hamburg.de\/wp-content\/uploads\/2016\/09\/Liepman-Remarque.jpg?resize=350%2C200&ssl=1","width":350,"height":200,"srcset":"https:\/\/i0.wp.com\/blog.sub.uni-hamburg.de\/wp-content\/uploads\/2016\/09\/Liepman-Remarque.jpg?resize=350%2C200&ssl=1 1x, https:\/\/i0.wp.com\/blog.sub.uni-hamburg.de\/wp-content\/uploads\/2016\/09\/Liepman-Remarque.jpg?resize=525%2C300&ssl=1 1.5x"},"classes":[]},{"id":11741,"url":"https:\/\/blog.sub.uni-hamburg.de\/?p=11741","url_meta":{"origin":35887,"position":2},"title":"\u201eWo man B\u00fccher verbrennt\u2026\u201c Verbrannte B\u00fccher, verbannte und ermordete Autoren Hamburgs (15.5.-28.6.)","author":"Markus Trapp","date":"29-04-13","format":false,"excerpt":"Am 10. Mai j\u00e4hrt sich zum achtzigsten Mal die B\u00fccherverbrennung der Nationalsozialisten. Die von der \u201eDeutschen Studentenschaft\u201c reichsweit organisierte Aktion \u201eWider den undeutschen Geist\u201c gipfelte in der \u00f6ffentlich inszenierten Verbrennung von B\u00fcchern missliebiger Autoren. Die Scheiterhaufen waren Fanale, die die vollkommene Beseitigung jeder demokratischen und freiheitlichen Kultur in Deutschland zum\u2026","rel":"","context":"In &quot;Ausstellungen und Veranstaltungen&quot;","block_context":{"text":"Ausstellungen und Veranstaltungen","link":"https:\/\/blog.sub.uni-hamburg.de\/?cat=9"},"img":{"alt_text":"Wo man B\u00fccher verbrennt\u2026","src":"https:\/\/i0.wp.com\/blog.sub.uni-hamburg.de\/wp-content\/uploads\/2013\/04\/buecherverbrennung.jpg?resize=350%2C200&ssl=1","width":350,"height":200,"srcset":"https:\/\/i0.wp.com\/blog.sub.uni-hamburg.de\/wp-content\/uploads\/2013\/04\/buecherverbrennung.jpg?resize=350%2C200&ssl=1 1x, https:\/\/i0.wp.com\/blog.sub.uni-hamburg.de\/wp-content\/uploads\/2013\/04\/buecherverbrennung.jpg?resize=525%2C300&ssl=1 1.5x"},"classes":[]},{"id":12054,"url":"https:\/\/blog.sub.uni-hamburg.de\/?p=12054","url_meta":{"origin":35887,"position":3},"title":"Vortragsabende zur Ausstellung B\u00fccherverbrennung (28.6.)","author":"Markus Trapp","date":"06-06-13","format":false,"excerpt":"Zur Ausstellung \u201eWo man B\u00fccher verbrennt\u2026\u201c (Verbrannte B\u00fccher, verbannte und ermordete Autoren Hamburgs), die bis zum 28.Juni (Mo bis Fr, 10-18 Uhr) im Lichthof zu sehen ist, gibt es auch eine begleitende Reihe von Vortragsabenden. Im Monat Juni 2013 findet jeden Freitag um 19 Uhr eine die Ausstellung begleitende Veranstaltung\u2026","rel":"","context":"In &quot;Ausstellungen und Veranstaltungen&quot;","block_context":{"text":"Ausstellungen und Veranstaltungen","link":"https:\/\/blog.sub.uni-hamburg.de\/?cat=9"},"img":{"alt_text":"Rahmenprogramm der Ausstellung B\u00fccherverbrennung","src":"https:\/\/i0.wp.com\/blog.sub.uni-hamburg.de\/wp-content\/uploads\/2013\/04\/buecherverbr-det.gif?resize=350%2C200&ssl=1","width":350,"height":200},"classes":[]},{"id":40819,"url":"https:\/\/blog.sub.uni-hamburg.de\/?p=40819","url_meta":{"origin":35887,"position":4},"title":"Vortrag Wilfried Weinke: Der Fotograf Max Halberstadt (9.10.)","author":"Markus Trapp","date":"23-09-25","format":false,"excerpt":"Donnerstag, 9.10., 18 Uhr, Vortragsraum. Er war nicht nur der Schwiegersohn von Sigmund Freud, sondern auch dessen auserw\u00e4hlter Portr\u00e4tist. Max Halberstadt, der geb\u00fcrtige Hamburger j\u00fcdischer Herkunft, musste nach der Macht\u00fcbertragung an die Nationalsozialisten sein Atelier am Neuen Wall verkaufen. 1936 gelang ihm die Emigration nach S\u00fcdafrika. Nach seinem fr\u00fchen Tod\u2026","rel":"","context":"In &quot;Ausstellungen und Veranstaltungen&quot;","block_context":{"text":"Ausstellungen und Veranstaltungen","link":"https:\/\/blog.sub.uni-hamburg.de\/?cat=9"},"img":{"alt_text":"Der Fotograf Max Halberstadt","src":"https:\/\/i0.wp.com\/blog.sub.uni-hamburg.de\/wp-content\/uploads\/2025\/09\/Max-Halberstadt-gr-219x300.jpg?resize=350%2C200&ssl=1","width":350,"height":200},"classes":[]},{"id":25247,"url":"https:\/\/blog.sub.uni-hamburg.de\/?p=25247","url_meta":{"origin":35887,"position":5},"title":"Shortlist HamburgLesen 2018","author":"Markus Trapp","date":"10-07-18","format":false,"excerpt":"Im Herbst ist es wieder soweit: Zum nunmehr sechsten Mal vergibt die Staatsbibliothek ihren Buchpreis HamburgLesen an ein Buch der aktuellen \"Jahresproduktion\", das sich in herausragender Weise mit dem Thema Hamburg befasst. Im Rennen um den mit 5.000 \u20ac dotierten Buchpreis, der am Freitag, den 26. Oktober 2018 im Lichthof\u2026","rel":"","context":"In &quot;Aktuelles&quot;","block_context":{"text":"Aktuelles","link":"https:\/\/blog.sub.uni-hamburg.de\/?cat=1"},"img":{"alt_text":"","src":"https:\/\/i0.wp.com\/blog.sub.uni-hamburg.de\/wp-content\/uploads\/2018\/07\/shortlist2018.jpg?resize=350%2C200&ssl=1","width":350,"height":200,"srcset":"https:\/\/i0.wp.com\/blog.sub.uni-hamburg.de\/wp-content\/uploads\/2018\/07\/shortlist2018.jpg?resize=350%2C200&ssl=1 1x, https:\/\/i0.wp.com\/blog.sub.uni-hamburg.de\/wp-content\/uploads\/2018\/07\/shortlist2018.jpg?resize=525%2C300&ssl=1 1.5x"},"classes":[]}],"jetpack_sharing_enabled":true,"_links":{"self":[{"href":"https:\/\/blog.sub.uni-hamburg.de\/index.php?rest_route=\/wp\/v2\/posts\/35887","targetHints":{"allow":["GET"]}}],"collection":[{"href":"https:\/\/blog.sub.uni-hamburg.de\/index.php?rest_route=\/wp\/v2\/posts"}],"about":[{"href":"https:\/\/blog.sub.uni-hamburg.de\/index.php?rest_route=\/wp\/v2\/types\/post"}],"author":[{"embeddable":true,"href":"https:\/\/blog.sub.uni-hamburg.de\/index.php?rest_route=\/wp\/v2\/users\/19"}],"replies":[{"embeddable":true,"href":"https:\/\/blog.sub.uni-hamburg.de\/index.php?rest_route=%2Fwp%2Fv2%2Fcomments&post=35887"}],"version-history":[{"count":4,"href":"https:\/\/blog.sub.uni-hamburg.de\/index.php?rest_route=\/wp\/v2\/posts\/35887\/revisions"}],"predecessor-version":[{"id":35893,"href":"https:\/\/blog.sub.uni-hamburg.de\/index.php?rest_route=\/wp\/v2\/posts\/35887\/revisions\/35893"}],"wp:attachment":[{"href":"https:\/\/blog.sub.uni-hamburg.de\/index.php?rest_route=%2Fwp%2Fv2%2Fmedia&parent=35887"}],"wp:term":[{"taxonomy":"category","embeddable":true,"href":"https:\/\/blog.sub.uni-hamburg.de\/index.php?rest_route=%2Fwp%2Fv2%2Fcategories&post=35887"},{"taxonomy":"post_tag","embeddable":true,"href":"https:\/\/blog.sub.uni-hamburg.de\/index.php?rest_route=%2Fwp%2Fv2%2Ftags&post=35887"}],"curies":[{"name":"wp","href":"https:\/\/api.w.org\/{rel}","templated":true}]}}