{"id":35374,"date":"2023-03-10T08:00:47","date_gmt":"2023-03-10T07:00:47","guid":{"rendered":"https:\/\/blog.sub.uni-hamburg.de\/?p=35374"},"modified":"2023-03-27T22:53:42","modified_gmt":"2023-03-27T20:53:42","slug":"digital-humanities-vortrag-git-was-ist-das-und-wie-geht-das-27-3","status":"publish","type":"post","link":"https:\/\/blog.sub.uni-hamburg.de\/?p=35374","title":{"rendered":"Digital Humanities-Vortrag: Git: Was ist das und wie geht das? (27.3.)"},"content":{"rendered":"<p><strong>Montag, 27.3., 17 Uhr &#8211; max. 18:30 Uhr, Zoom<\/strong><\/p>\n<p><a href=\"https:\/\/blog.sub.uni-hamburg.de\/wp-content\/uploads\/2023\/03\/git-gr.png\"><img loading=\"lazy\" decoding=\"async\" data-attachment-id=\"35375\" data-permalink=\"https:\/\/blog.sub.uni-hamburg.de\/?attachment_id=35375\" data-orig-file=\"https:\/\/blog.sub.uni-hamburg.de\/wp-content\/uploads\/2023\/03\/git.png\" data-orig-size=\"350,146\" data-comments-opened=\"1\" data-image-meta=\"{&quot;aperture&quot;:&quot;0&quot;,&quot;credit&quot;:&quot;&quot;,&quot;camera&quot;:&quot;&quot;,&quot;caption&quot;:&quot;&quot;,&quot;created_timestamp&quot;:&quot;0&quot;,&quot;copyright&quot;:&quot;&quot;,&quot;focal_length&quot;:&quot;0&quot;,&quot;iso&quot;:&quot;0&quot;,&quot;shutter_speed&quot;:&quot;0&quot;,&quot;title&quot;:&quot;&quot;,&quot;orientation&quot;:&quot;0&quot;}\" data-image-title=\"git\" data-image-description=\"\" data-image-caption=\"\" data-large-file=\"https:\/\/blog.sub.uni-hamburg.de\/wp-content\/uploads\/2023\/03\/git.png\" src=\"https:\/\/blog.sub.uni-hamburg.de\/wp-content\/uploads\/2023\/03\/git.png\" alt=\"git\" title=\"git\" width=\"350\" height=\"146\" class=\"alignright size-full wp-image-35375\" srcset=\"https:\/\/blog.sub.uni-hamburg.de\/wp-content\/uploads\/2023\/03\/git.png 350w, https:\/\/blog.sub.uni-hamburg.de\/wp-content\/uploads\/2023\/03\/git-300x125.png 300w, https:\/\/blog.sub.uni-hamburg.de\/wp-content\/uploads\/2023\/03\/git-150x63.png 150w\" sizes=\"auto, (max-width: 350px) 100vw, 350px\" \/><\/a> <a href=\"https:\/\/git-scm.com\/\">Git<\/a> ist ein offenes Versionsverwaltungstool, das prim\u00e4r in der Software-Entwicklung eingesetzt wird. Doch seit einigen Jahren setzt sich zunehmend auch in anderen Bereichen die Einsicht durch, dass viele Prozesse der t\u00e4glichen Arbeit durch Git systematisiert und verbessert werden k\u00f6nnen. Ob die Abschlussarbeit, deren Fortschritt durch Git nicht nur sichtbar und nachvollziehbarer wird, oder das gemeinsame Studien- oder Forschungsprojekt, in dem Git den kooperativen Arbeitsprozess transparenter macht und zur Dokumentation und Sicherung anregt: Git hilft.<br \/>\n<!--more--><\/p>\n<p>In seinem Vortrag gibt Dr. Jan Frederik Maas einen \u00dcberblick \u00fcber die Features und Funktionsweisen von Git und Gitlab und f\u00fchrt in den Mikrokosmos Git so ein, dass Interessierte einen ersten Einblick erhalten und grundlegende Workflows kennenlernen, um selbstst\u00e4ndig Wege zur Integration von Git in den eigenen Studien-, Arbeits- und Forschungsworkflow finden zu k\u00f6nnen. Die Teilnehmer:innenzahl ist nicht begrenzt, Anmeldung \u00fcber diesen <a href=\"https:\/\/uni-hamburg.zoom.us\/meeting\/register\/u5UvcuCqrz0uG9GQhtrkczVxTQ12Vt1Npr9h\">Zoom-Link<\/a>.<\/p>\n<p>Eine Veranstaltung im Rahmen der Veranstaltungsreihe \u201e<a href=\"https:\/\/blog.sub.uni-hamburg.de\/?tag=dh-veranstaltung\">Digital Humanities \u2013 Wie geht das?<\/a>\u201c des Referats f\u00fcr Digitale Forschungsdienste.<\/p>\n","protected":false},"excerpt":{"rendered":"<p>Montag, 27.3., 17 Uhr &#8211; max. 18:30 Uhr, Zoom Git ist ein offenes Versionsverwaltungstool, das prim\u00e4r in der Software-Entwicklung eingesetzt wird. Doch seit einigen Jahren setzt sich zunehmend auch in anderen Bereichen die Einsicht durch, dass viele Prozesse der t\u00e4glichen Arbeit durch Git systematisiert und verbessert werden k\u00f6nnen. Ob die Abschlussarbeit, deren Fortschritt durch Git [&hellip;]<\/p>\n","protected":false},"author":19,"featured_media":0,"comment_status":"open","ping_status":"open","sticky":false,"template":"","format":"standard","meta":{"jetpack_post_was_ever_published":false,"_jetpack_newsletter_access":"","_jetpack_dont_email_post_to_subs":false,"_jetpack_newsletter_tier_id":0,"_jetpack_memberships_contains_paywalled_content":false,"_jetpack_memberships_contains_paid_content":false,"footnotes":"","jetpack_publicize_message":"","jetpack_publicize_feature_enabled":true,"jetpack_social_post_already_shared":true,"jetpack_social_options":{"image_generator_settings":{"template":"highway","default_image_id":0,"font":"","enabled":false},"version":2}},"categories":[9,12],"tags":[170],"class_list":["post-35374","post","type-post","status-publish","format-standard","hentry","category-ausstellungen","category-wissenswertes","tag-dh-veranstaltung"],"views":2159,"jetpack_publicize_connections":[],"jetpack_featured_media_url":"","jetpack_shortlink":"https:\/\/wp.me\/p7hfNR-9cy","jetpack-related-posts":[{"id":41661,"url":"https:\/\/blog.sub.uni-hamburg.de\/?p=41661","url_meta":{"origin":35374,"position":0},"title":"Stellenausschreibung Referent:in Forschungssoftware (E13)","author":"Markus Trapp","date":"10-12-25","format":false,"excerpt":"In der Staats- und Universit\u00e4tsbibliothek Hamburg ist schnellstm\u00f6glich folgende Stelle zu besetzen: Referent:in Forschungssoftware Die Stelle ist: unbefristet Teilzeit: 50 % Stellennummer: I 3.10 Die Ausschreibung richtet sich an: Alle Interessierten Entgelt-\/Besoldungsgruppe: EG 13 TV-L Bewerbungsschluss: 31.12.2025 Ausf\u00fchrliche Informationen zur Bewerbung entnehmen Sie bitte diesem PDF. Ihre Aufgaben Sie\u2026 entwickeln\u2026","rel":"","context":"In &quot;Aktuelles&quot;","block_context":{"text":"Aktuelles","link":"https:\/\/blog.sub.uni-hamburg.de\/?cat=1"},"img":{"alt_text":"Logo Stabi Hamburg","src":"https:\/\/i0.wp.com\/blog.sub.uni-hamburg.de\/wp-content\/uploads\/2014\/07\/stabilogo-150.jpg?resize=350%2C200&ssl=1","width":350,"height":200},"classes":[]},{"id":40495,"url":"https:\/\/blog.sub.uni-hamburg.de\/?p=40495","url_meta":{"origin":35374,"position":1},"title":"Stellenausschreibung: Wissenschaftliche:r Mitarbeiter:in im DFG Projekt FID Romanistik (E13)","author":"Markus Trapp","date":"24-06-25","format":false,"excerpt":"In der Staats- und Universit\u00e4tsbibliothek Hamburg ist schnellstm\u00f6glich folgende Stelle zu besetzen: Wissenschaftliche:r Mitarbeiter:in im DFG Projekt FID Romanistik Die Stelle ist: befristet bis zum 31.12.2027 75 Prozent der w\u00f6chentlichen Arbeitszeit Stellennummer: I 3.7 Die Ausschreibung richtet sich an: Alle Interessierten Entgelt-\/Besoldungsgruppe: EG 13 TV-L Bewerbungsschluss: 16.07.2025 Ausf\u00fchrliche Informationen zur\u2026","rel":"","context":"In &quot;Aktuelles&quot;","block_context":{"text":"Aktuelles","link":"https:\/\/blog.sub.uni-hamburg.de\/?cat=1"},"img":{"alt_text":"Logo Stabi Hamburg","src":"https:\/\/i0.wp.com\/blog.sub.uni-hamburg.de\/wp-content\/uploads\/2014\/07\/stabilogo-150.jpg?resize=350%2C200&ssl=1","width":350,"height":200},"classes":[]},{"id":24544,"url":"https:\/\/blog.sub.uni-hamburg.de\/?p=24544","url_meta":{"origin":35374,"position":2},"title":"Claus G\u00fcnther liest aus \u201eHeile, heile Hitler\u201c \u2013 Szenen einer Kindheit (27.3.)","author":"Markus Trapp","date":"14-03-18","format":false,"excerpt":"Der Hamburger Autor Claus G\u00fcnther, 86, ist seit 20 Jahren ehrenamtlich als Zeitzeuge t\u00e4tig. In seinem dokumentarischen Roman beschreibt er seine Erlebnisse von 1931 bis 1947. Er z\u00e4hlt zu den Wenigen, welche auch die Taten in der eigenen Familie nicht verschweigen. Zum Buchinhalt: Die Nazizeit von innen. Mit den Augen\u2026","rel":"","context":"In &quot;Ausstellungen und Veranstaltungen&quot;","block_context":{"text":"Ausstellungen und Veranstaltungen","link":"https:\/\/blog.sub.uni-hamburg.de\/?cat=9"},"img":{"alt_text":"","src":"https:\/\/i0.wp.com\/blog.sub.uni-hamburg.de\/wp-content\/uploads\/2018\/03\/18-Cover-Claus-Guenther.jpg?resize=350%2C200&ssl=1","width":350,"height":200},"classes":[]},{"id":16527,"url":"https:\/\/blog.sub.uni-hamburg.de\/?p=16527","url_meta":{"origin":35374,"position":3},"title":"Dr. Volker Stalmann: Die Revolution von 1918\/19 in Hamburg (3.12.)","author":"Markus Trapp","date":"20-11-14","format":false,"excerpt":"F\u00fcr die Erforschung der deutschen Revolution von 1918\/19 er\u00f6ffnet die von Volker Stalmann und Jutta Stehling bearbeitete und 2013 erschienene Edition der Sitzungsprotokolle des Hamburger Arbeiter- und Soldatenrats von 1918\/19 neue Perspektiven. Die Protokolle lassen nicht nur die gro\u00dfen Linien der Politik des Rats, sondern auch die vielfachen Schwankungen und\u2026","rel":"","context":"In &quot;Ausstellungen und Veranstaltungen&quot;","block_context":{"text":"Ausstellungen und Veranstaltungen","link":"https:\/\/blog.sub.uni-hamburg.de\/?cat=9"},"img":{"alt_text":"rathaushh-1918","src":"https:\/\/i0.wp.com\/blog.sub.uni-hamburg.de\/wp-content\/uploads\/2014\/11\/rathaushh-1918.jpg?resize=350%2C200&ssl=1","width":350,"height":200,"srcset":"https:\/\/i0.wp.com\/blog.sub.uni-hamburg.de\/wp-content\/uploads\/2014\/11\/rathaushh-1918.jpg?resize=350%2C200&ssl=1 1x, https:\/\/i0.wp.com\/blog.sub.uni-hamburg.de\/wp-content\/uploads\/2014\/11\/rathaushh-1918.jpg?resize=525%2C300&ssl=1 1.5x"},"classes":[]},{"id":7270,"url":"https:\/\/blog.sub.uni-hamburg.de\/?p=7270","url_meta":{"origin":35374,"position":4},"title":"Veranstaltung entf\u00e4llt: Die Briten in Hamburg 1945 bis 1958 (14.3.)","author":"MT","date":"27-02-12","format":false,"excerpt":"Update 14.3.2012, 09:25 Uhr: Wie uns der Verein f\u00fcr Hamburgische Geschichte soeben mitteilt, muss der Vortrag von Herrn Dr. Ahrens aus gesundheitlichen Gr\u00fcnden leider entfallen. Die heutige Veranstaltung wurde daher abgesagt. (Ende Update) Vortrag von Dr. Michael Ahrens: Die Briten in Hamburg 1945 bis 1958 Die Briten in Hamburg\u201c ist\u2026","rel":"","context":"In &quot;Ausstellungen und Veranstaltungen&quot;","block_context":{"text":"Ausstellungen und Veranstaltungen","link":"https:\/\/blog.sub.uni-hamburg.de\/?cat=9"},"img":{"alt_text":"Die Briten in Hamburg 1945 bis 1958","src":"https:\/\/i0.wp.com\/blog.sub.uni-hamburg.de\/wp-content\/uploads\/2012\/02\/picadillycircus-hh.jpg?resize=350%2C200&ssl=1","width":350,"height":200},"classes":[]},{"id":40330,"url":"https:\/\/blog.sub.uni-hamburg.de\/?p=40330","url_meta":{"origin":35374,"position":5},"title":"Diversity-Tage 2025 | &#8220;Verm\u00f6gensaufbau und Altersvorsorge \u2013 wie gehe ich es an?&#8221; (26.6.)","author":"Korinna Meschke","date":"27-05-25","format":false,"excerpt":"von den Gleichstellungsbeauftragten der SUB Hamburg (Korinna Meschke & Nina Blank) Die diesj\u00e4hrigen Diversity-Tage finden in der Woche vom\u00a023. bis zum 27. Juni 2025 statt. Von den zahlreichen Veranstaltungen und Aktionen, welche die Vielfalt an der Universit\u00e4t Hamburg sichtbar machen sollen, wollen wir auf eine Veranstaltung besonders aufmerksam machen. In\u2026","rel":"","context":"In &quot;Ausstellungen und Veranstaltungen&quot;","block_context":{"text":"Ausstellungen und Veranstaltungen","link":"https:\/\/blog.sub.uni-hamburg.de\/?cat=9"},"img":{"alt_text":"","src":"https:\/\/i0.wp.com\/blog.sub.uni-hamburg.de\/wp-content\/uploads\/2023\/05\/diversity-tage-uhh.jpg?resize=350%2C200&ssl=1","width":350,"height":200,"srcset":"https:\/\/i0.wp.com\/blog.sub.uni-hamburg.de\/wp-content\/uploads\/2023\/05\/diversity-tage-uhh.jpg?resize=350%2C200&ssl=1 1x, https:\/\/i0.wp.com\/blog.sub.uni-hamburg.de\/wp-content\/uploads\/2023\/05\/diversity-tage-uhh.jpg?resize=525%2C300&ssl=1 1.5x, https:\/\/i0.wp.com\/blog.sub.uni-hamburg.de\/wp-content\/uploads\/2023\/05\/diversity-tage-uhh.jpg?resize=700%2C400&ssl=1 2x, https:\/\/i0.wp.com\/blog.sub.uni-hamburg.de\/wp-content\/uploads\/2023\/05\/diversity-tage-uhh.jpg?resize=1050%2C600&ssl=1 3x"},"classes":[]}],"jetpack_sharing_enabled":true,"_links":{"self":[{"href":"https:\/\/blog.sub.uni-hamburg.de\/index.php?rest_route=\/wp\/v2\/posts\/35374","targetHints":{"allow":["GET"]}}],"collection":[{"href":"https:\/\/blog.sub.uni-hamburg.de\/index.php?rest_route=\/wp\/v2\/posts"}],"about":[{"href":"https:\/\/blog.sub.uni-hamburg.de\/index.php?rest_route=\/wp\/v2\/types\/post"}],"author":[{"embeddable":true,"href":"https:\/\/blog.sub.uni-hamburg.de\/index.php?rest_route=\/wp\/v2\/users\/19"}],"replies":[{"embeddable":true,"href":"https:\/\/blog.sub.uni-hamburg.de\/index.php?rest_route=%2Fwp%2Fv2%2Fcomments&post=35374"}],"version-history":[{"count":6,"href":"https:\/\/blog.sub.uni-hamburg.de\/index.php?rest_route=\/wp\/v2\/posts\/35374\/revisions"}],"predecessor-version":[{"id":35413,"href":"https:\/\/blog.sub.uni-hamburg.de\/index.php?rest_route=\/wp\/v2\/posts\/35374\/revisions\/35413"}],"wp:attachment":[{"href":"https:\/\/blog.sub.uni-hamburg.de\/index.php?rest_route=%2Fwp%2Fv2%2Fmedia&parent=35374"}],"wp:term":[{"taxonomy":"category","embeddable":true,"href":"https:\/\/blog.sub.uni-hamburg.de\/index.php?rest_route=%2Fwp%2Fv2%2Fcategories&post=35374"},{"taxonomy":"post_tag","embeddable":true,"href":"https:\/\/blog.sub.uni-hamburg.de\/index.php?rest_route=%2Fwp%2Fv2%2Ftags&post=35374"}],"curies":[{"name":"wp","href":"https:\/\/api.w.org\/{rel}","templated":true}]}}