{"id":35129,"date":"2023-02-06T09:00:20","date_gmt":"2023-02-06T08:00:20","guid":{"rendered":"https:\/\/blog.sub.uni-hamburg.de\/?p=35129"},"modified":"2023-02-15T15:44:36","modified_gmt":"2023-02-15T14:44:36","slug":"projektantrag-eingereicht","status":"publish","type":"post","link":"https:\/\/blog.sub.uni-hamburg.de\/?p=35129","title":{"rendered":"EU-Projektantrag eingereicht"},"content":{"rendered":"<p><strong>Small Project Proposal im Interreg Baltic Sea Region Programm <img loading=\"lazy\" decoding=\"async\" data-attachment-id=\"35133\" data-permalink=\"https:\/\/blog.sub.uni-hamburg.de\/?attachment_id=35133\" data-orig-file=\"https:\/\/blog.sub.uni-hamburg.de\/wp-content\/uploads\/2023\/01\/Antrag-eingereicht_1-1.jpg\" data-orig-size=\"1080,1080\" data-comments-opened=\"1\" data-image-meta=\"{&quot;aperture&quot;:&quot;0&quot;,&quot;credit&quot;:&quot;Green, Miriam-Marie&quot;,&quot;camera&quot;:&quot;&quot;,&quot;caption&quot;:&quot;&quot;,&quot;created_timestamp&quot;:&quot;0&quot;,&quot;copyright&quot;:&quot;&quot;,&quot;focal_length&quot;:&quot;0&quot;,&quot;iso&quot;:&quot;0&quot;,&quot;shutter_speed&quot;:&quot;0&quot;,&quot;title&quot;:&quot;Antrag eingereicht&quot;,&quot;orientation&quot;:&quot;0&quot;}\" data-image-title=\"Antrag eingereicht\" data-image-description=\"\" data-image-caption=\"\" data-large-file=\"https:\/\/blog.sub.uni-hamburg.de\/wp-content\/uploads\/2023\/01\/Antrag-eingereicht_1-1-1024x1024.jpg\" class=\"size-medium wp-image-35133 alignright\" src=\"https:\/\/blog.sub.uni-hamburg.de\/wp-content\/uploads\/2023\/01\/Antrag-eingereicht_1-1-300x300.jpg\" alt=\"\" width=\"300\" height=\"300\" srcset=\"https:\/\/blog.sub.uni-hamburg.de\/wp-content\/uploads\/2023\/01\/Antrag-eingereicht_1-1-300x300.jpg 300w, https:\/\/blog.sub.uni-hamburg.de\/wp-content\/uploads\/2023\/01\/Antrag-eingereicht_1-1-1024x1024.jpg 1024w, https:\/\/blog.sub.uni-hamburg.de\/wp-content\/uploads\/2023\/01\/Antrag-eingereicht_1-1-150x150.jpg 150w, https:\/\/blog.sub.uni-hamburg.de\/wp-content\/uploads\/2023\/01\/Antrag-eingereicht_1-1-768x768.jpg 768w, https:\/\/blog.sub.uni-hamburg.de\/wp-content\/uploads\/2023\/01\/Antrag-eingereicht_1-1.jpg 1080w\" sizes=\"auto, (max-width: 300px) 100vw, 300px\" \/>\u00a0<\/strong><\/p>\n<p>Das Team von Wissen Bauen 2025 hat die Idee des Urban Knowledge Hub im internationalen Kontext weitergedacht. Daf\u00fcr wurde Ende Januar ein Projektantrag f\u00fcr Co-Finanzierung im Interreg Baltic Sea Region Programm eingereicht. Doch wie kam es zu diesem Antrag?<\/p>\n<p><!--more--><\/p>\n<p><strong>Wissen Bauen als Ausgangspunkt<\/strong><\/p>\n<p>Das Ergebnis des Raumentwicklungsprojekts war ein <a href=\"https:\/\/www.sub.uni-hamburg.de\/bibliotheken\/urban-knowledge-hub\/wissen-bauen-2025\/das-raumkonzept.html\">Raumkonzept<\/a>, das die Wissenschaftliche Bibliothek der Zukunft als Urban Knowledge Hub (UKH) beschreibt. Vor dem Hintergrund der digitalen Transformation und der kulturellen Diversifizierung wurden R\u00e4ume und Services in funktionalen Facetten geclustert und zu einem Gesamtkonzept verbunden. Als Knotenpunkte agieren UKH aber nicht nur auf individueller oder lokaler Ebene, sondern stellen auch Anschl\u00fcsse und Zug\u00e4nge zu globalen Informations- und Wissensnetzwerken her. Solche Orte, die allen B\u00fcrger:innen den Zugang zu und Umgang mit verst\u00e4ndlichen und verl\u00e4sslichen Informationen erm\u00f6glichen, sind f\u00fcr heutige Wissensgesellschaften auch im internationalen Kontext unerl\u00e4sslich.<\/p>\n<p>Mit unserem Raumentwicklungsprojekt haben wir versucht, im Dialog mit Nutzer:innen und Stakeholdern die Diversit\u00e4t ihrer Anforderungen an Angebote und R\u00e4ume abzufragen. Dabei haben wir gemerkt, wie wichtig es ist, nicht an den Bed\u00fcrfnissen dieser Personengruppen vorbeizuplanen. Gleichzeitig ist aber auch deutlich geworden, dass im \u00f6ffentlichen Sektor und konkret f\u00fcr die Weiterentwicklung von Services zur \u00f6ffentlichen Informationsversorgung keine umfangreichen Best Practices vorliegen.<\/p>\n<p>So wurde das Konzept von UKH als partizipativ gestaltete Orte der Informationsversorgung in lokalen wie auch globalen Wissensnetzwerken zum Ausgangspunkt der Projektidee, die nun in Kooperation mit internationalen Partnern weiter ausgearbeitet wurde.<\/p>\n<p><strong>\u00a0<\/strong><\/p>\n<p><strong>Projek<\/strong><strong>tantrag Interreg Baltic Sea Region<\/strong><\/p>\n<p>Aufgrund der durch die internationale Arbeitsgemeinschaft \u201eBibliotheca Baltica\u201c bereits bestehenden guten Vernetzungen wurde zun\u00e4chst das Gespr\u00e4ch mit anderen \u00f6ffentlichen Informationsdienstleister:innen aus dem Ostseeraum gesucht. Schnell wurde deutlich, dass die Neuausrichtung von Informationsdiensten und -r\u00e4umen unter Einbindung von Nutzer:innen und Stakeholdern ein gemeinsames Anliegen ist. Da sich zeitgleich ein zweiter Call im Interreg Baltic Sea Region Programm er\u00f6ffnete, wurde das Vorhaben konkreter: Ein Projektantrag f\u00fcr die Co-Finanzierung eines Small Projects. Die Deadline daf\u00fcr lag allerdings schon Ende Januar 2023. Gl\u00fccklicherweise sollen Small-Project-Antr\u00e4ge den Zugang f\u00fcr Neueinsteiger:innen ins Interreg Programm erleichtern und sind daher weniger komplex.<\/p>\n<p>\u00dcbe<strong><img loading=\"lazy\" decoding=\"async\" data-attachment-id=\"35134\" data-permalink=\"https:\/\/blog.sub.uni-hamburg.de\/?attachment_id=35134\" data-orig-file=\"https:\/\/blog.sub.uni-hamburg.de\/wp-content\/uploads\/2023\/01\/Antrag-eingereicht_2.jpg\" data-orig-size=\"1080,1080\" data-comments-opened=\"1\" data-image-meta=\"{&quot;aperture&quot;:&quot;0&quot;,&quot;credit&quot;:&quot;Green, Miriam-Marie&quot;,&quot;camera&quot;:&quot;&quot;,&quot;caption&quot;:&quot;&quot;,&quot;created_timestamp&quot;:&quot;0&quot;,&quot;copyright&quot;:&quot;&quot;,&quot;focal_length&quot;:&quot;0&quot;,&quot;iso&quot;:&quot;0&quot;,&quot;shutter_speed&quot;:&quot;0&quot;,&quot;title&quot;:&quot;Antrag eingereicht&quot;,&quot;orientation&quot;:&quot;0&quot;}\" data-image-title=\"Antrag eingereicht\" data-image-description=\"\" data-image-caption=\"\" data-large-file=\"https:\/\/blog.sub.uni-hamburg.de\/wp-content\/uploads\/2023\/01\/Antrag-eingereicht_2-1024x1024.jpg\" class=\"size-medium wp-image-35134 alignleft\" src=\"https:\/\/blog.sub.uni-hamburg.de\/wp-content\/uploads\/2023\/01\/Antrag-eingereicht_2-300x300.jpg\" alt=\"\" width=\"300\" height=\"300\" srcset=\"https:\/\/blog.sub.uni-hamburg.de\/wp-content\/uploads\/2023\/01\/Antrag-eingereicht_2-300x300.jpg 300w, https:\/\/blog.sub.uni-hamburg.de\/wp-content\/uploads\/2023\/01\/Antrag-eingereicht_2-1024x1024.jpg 1024w, https:\/\/blog.sub.uni-hamburg.de\/wp-content\/uploads\/2023\/01\/Antrag-eingereicht_2-150x150.jpg 150w, https:\/\/blog.sub.uni-hamburg.de\/wp-content\/uploads\/2023\/01\/Antrag-eingereicht_2-768x768.jpg 768w, https:\/\/blog.sub.uni-hamburg.de\/wp-content\/uploads\/2023\/01\/Antrag-eingereicht_2.jpg 1080w\" sizes=\"auto, (max-width: 300px) 100vw, 300px\" \/><\/strong>r die letzten drei Monate hinweg entwickelten wir schlussendlich in Kooperation mit der <a href=\"https:\/\/www.lnb.lv\/en\/\">Lettischen Nationalbibliothek<\/a>, der <a href=\"https:\/\/www.kb.dk\/en\">D\u00e4nischen K\u00f6niglichen Bibliothek<\/a> und der <a href=\"https:\/\/www.oslomet.no\/en\">Metropoluniversit\u00e4t Oslo<\/a> einen Projektantrag. Im Vordergrund steht dabei die Weiterentwicklung \u00f6ffentlicher Informationsdienste und -r\u00e4ume unter Einbindung von Nutzer:innen. Ziel ist es, verschiedene Methoden der Beteiligung f\u00fcr die Erarbeitung und Implementierung neuer Service- und Raumkonzepte zusammenzustellen und diese durch ihre konkrete Anwendung in Beteiligungsverfahren zu testen. Das Endprodukt ist eine Toolbox mit erprobten Methoden f\u00fcr die Einrichtung zug\u00e4nglicher und ansprechender Informationsinfrastrukturen unter Einbindung von Nutzer:innen und Stakeholdern. Sie bestrebt, \u00f6ffentliche Verwaltungen im st\u00e4dtischen sowie l\u00e4ndlichen Kontext bei der Realisierung ihrer eigenen innovativen Projekte zu unterst\u00fctzen.<\/p>\n<p>&nbsp;<\/p>\n<p>Nun hei\u00dft es erst mal Daumen dr\u00fccken und abwarten. Denn die Kommission nimmt sich bis Ende April Zeit, alle Antr\u00e4ge zu evaluieren.<\/p>\n","protected":false},"excerpt":{"rendered":"<p>Small Project Proposal im Interreg Baltic Sea Region Programm \u00a0 Das Team von Wissen Bauen 2025 hat die Idee des Urban Knowledge Hub im internationalen Kontext weitergedacht. Daf\u00fcr wurde Ende Januar ein Projektantrag f\u00fcr Co-Finanzierung im Interreg Baltic Sea Region Programm eingereicht. Doch wie kam es zu diesem Antrag?<\/p>\n","protected":false},"author":53,"featured_media":0,"comment_status":"open","ping_status":"open","sticky":false,"template":"","format":"standard","meta":{"jetpack_post_was_ever_published":false,"_jetpack_newsletter_access":"","_jetpack_dont_email_post_to_subs":false,"_jetpack_newsletter_tier_id":0,"_jetpack_memberships_contains_paywalled_content":false,"_jetpack_memberships_contains_paid_content":false,"footnotes":"","jetpack_publicize_message":"","jetpack_publicize_feature_enabled":true,"jetpack_social_post_already_shared":true,"jetpack_social_options":{"image_generator_settings":{"template":"highway","default_image_id":0,"font":"","enabled":false},"version":2}},"categories":[1],"tags":[169],"class_list":["post-35129","post","type-post","status-publish","format-standard","hentry","category-1","tag-urbanknowledgehub"],"views":1523,"jetpack_publicize_connections":[],"jetpack_featured_media_url":"","jetpack_shortlink":"https:\/\/wp.me\/p7hfNR-98B","jetpack-related-posts":[{"id":35771,"url":"https:\/\/blog.sub.uni-hamburg.de\/?p=35771","url_meta":{"origin":35129,"position":0},"title":"EU-Projekt BALTIC UKH genehmigt \u2013 EU project idea BALTIC UKH selected","author":"Miriam Marie Green","date":"28-04-23","format":false,"excerpt":"Die SUB als lead partner im IBSR Projekt \u201eBALTIC UKH\u201c \u21e8 English Version of this article \u00a0 Ende Januar hat die SUB gemeinsam mit der Lettischen Nationalbibliothek, der D\u00e4nischen K\u00f6niglichen Bibliothek und der Metropoluniversit\u00e4t Oslo einen EU-Projektantrag im Interreg Baltic Sea Region Programm eingereicht. Im Vordergrund der Projektidee steht die\u2026","rel":"","context":"In &quot;Aktuelles&quot;","block_context":{"text":"Aktuelles","link":"https:\/\/blog.sub.uni-hamburg.de\/?cat=1"},"img":{"alt_text":"","src":"https:\/\/i0.wp.com\/blog.sub.uni-hamburg.de\/wp-content\/uploads\/2023\/04\/Projektantrag-BALTIC-UKH-A1_1_1.jpg?resize=350%2C200&ssl=1","width":350,"height":200,"srcset":"https:\/\/i0.wp.com\/blog.sub.uni-hamburg.de\/wp-content\/uploads\/2023\/04\/Projektantrag-BALTIC-UKH-A1_1_1.jpg?resize=350%2C200&ssl=1 1x, https:\/\/i0.wp.com\/blog.sub.uni-hamburg.de\/wp-content\/uploads\/2023\/04\/Projektantrag-BALTIC-UKH-A1_1_1.jpg?resize=525%2C300&ssl=1 1.5x, https:\/\/i0.wp.com\/blog.sub.uni-hamburg.de\/wp-content\/uploads\/2023\/04\/Projektantrag-BALTIC-UKH-A1_1_1.jpg?resize=700%2C400&ssl=1 2x, https:\/\/i0.wp.com\/blog.sub.uni-hamburg.de\/wp-content\/uploads\/2023\/04\/Projektantrag-BALTIC-UKH-A1_1_1.jpg?resize=1050%2C600&ssl=1 3x, https:\/\/i0.wp.com\/blog.sub.uni-hamburg.de\/wp-content\/uploads\/2023\/04\/Projektantrag-BALTIC-UKH-A1_1_1.jpg?resize=1400%2C800&ssl=1 4x"},"classes":[]},{"id":36415,"url":"https:\/\/blog.sub.uni-hamburg.de\/?p=36415","url_meta":{"origin":35129,"position":1},"title":"SUB entwickelt mit internationalen Partnern Bibliotheksr\u00e4ume der Zukunft","author":"Konstantin Ulmer","date":"24-08-23","format":false,"excerpt":"Kick-Off des EU-Projekts BALTIC UKH in Hamburg Vom 22. bis zum 25. August fand bei uns im Haus der Kick-Off des EU-Projekts \u201eBaltic Urban Knowledge Hubs\u201c (BALTIC UKH) statt. Im Vordergrund des internationalen Projekts stehen zwei zentrale Ziele: Die partizipative Gestaltung innovativer R\u00e4ume der Wissensvermittlung sowie die Entwicklung einer Methoden-Toolbox,\u2026","rel":"","context":"In &quot;Aktuelles&quot;","block_context":{"text":"Aktuelles","link":"https:\/\/blog.sub.uni-hamburg.de\/?cat=1"},"img":{"alt_text":"","src":"https:\/\/i0.wp.com\/blog.sub.uni-hamburg.de\/wp-content\/uploads\/2023\/08\/BalticUrbanHub2023-08-22b.jpg?resize=350%2C200&ssl=1","width":350,"height":200,"srcset":"https:\/\/i0.wp.com\/blog.sub.uni-hamburg.de\/wp-content\/uploads\/2023\/08\/BalticUrbanHub2023-08-22b.jpg?resize=350%2C200&ssl=1 1x, https:\/\/i0.wp.com\/blog.sub.uni-hamburg.de\/wp-content\/uploads\/2023\/08\/BalticUrbanHub2023-08-22b.jpg?resize=525%2C300&ssl=1 1.5x"},"classes":[]},{"id":36251,"url":"https:\/\/blog.sub.uni-hamburg.de\/?p=36251","url_meta":{"origin":35129,"position":2},"title":"Wissenvermittlung neu gedacht. Weiterentwicklung des Carl-von-Ossietzky-Saals","author":"Konstantin Ulmer","date":"11-08-23","format":false,"excerpt":"Der Carl-von-Ossietzky-Saal in der Staats- und Universit\u00e4tsbibliothek Hamburg wurde 1983 eingerichtet. Ein wichtiges Ansinnen war seinerzeit, das Andenken an Ossietzky als Namensgeber der Stabi r\u00e4umlich sichtbar zu machen und einen Ort lebendiger historisch-politischer Forschung und Bildung zu schaffen. Dies geschah in Zusammenarbeit mit der Walter A. Berendsohn Forschungsstelle f\u00fcr deutsche\u2026","rel":"","context":"In &quot;Aktuelles&quot;","block_context":{"text":"Aktuelles","link":"https:\/\/blog.sub.uni-hamburg.de\/?cat=1"},"img":{"alt_text":"Carl von Ossietzky Saal","src":"https:\/\/i0.wp.com\/blog.sub.uni-hamburg.de\/wp-content\/uploads\/2023\/07\/cvo-lesesaal-kl.jpg?resize=350%2C200&ssl=1","width":350,"height":200},"classes":[]},{"id":34793,"url":"https:\/\/blog.sub.uni-hamburg.de\/?p=34793","url_meta":{"origin":35129,"position":3},"title":"Raumentwicklungsprojekt erfolgreich abgeschlossen","author":"Miriam Marie Green","date":"30-11-22","format":false,"excerpt":"So wurde in den letzten zwei Jahren Wissen gebaut Wissen Bauen 2025 startete im August 2020 mit einer umfangreichen Vorbereitungsphase, in der sich das Projektteam zusammenfand und das Ger\u00fcst f\u00fcr die drei zentralen Projektstufen festzurrte. \u00dcber acht Monate hinweg folgte anschlie\u00dfend die Erarbeitung einer Raumidee unter Einbindung von \u00fcber 100\u2026","rel":"","context":"In &quot;Aktuelles&quot;","block_context":{"text":"Aktuelles","link":"https:\/\/blog.sub.uni-hamburg.de\/?cat=1"},"img":{"alt_text":"","src":"https:\/\/i0.wp.com\/blog.sub.uni-hamburg.de\/wp-content\/uploads\/2021\/02\/bauaufdeinestabi.png?resize=350%2C200&ssl=1","width":350,"height":200,"srcset":"https:\/\/i0.wp.com\/blog.sub.uni-hamburg.de\/wp-content\/uploads\/2021\/02\/bauaufdeinestabi.png?resize=350%2C200&ssl=1 1x, https:\/\/i0.wp.com\/blog.sub.uni-hamburg.de\/wp-content\/uploads\/2021\/02\/bauaufdeinestabi.png?resize=525%2C300&ssl=1 1.5x"},"classes":[]},{"id":33016,"url":"https:\/\/blog.sub.uni-hamburg.de\/?p=33016","url_meta":{"origin":35129,"position":4},"title":"Die Stabi der Zukunft als Urban Knowledge Hub","author":"Redaktion","date":"29-03-22","format":false,"excerpt":"Von Miriam Green. Im Raumentwicklungsprojekt Wissen Bauen 2025 der Staats- und Universit\u00e4tsbibliothek Hamburg wurden in den ersten beiden Projektstufen Ideen gesammelt, evaluiert und fachlich ausgearbeitet. Als Ergebnis ist ein Raumkonzept erstanden, das die Wissenschaftliche Bibliothek der Zukunft als Urban Knowledge Hub beschreibt. Eine Ausstellung von Prototypen ist von Anfang Mai\u2026","rel":"","context":"In &quot;Baustelle Stabi&quot;","block_context":{"text":"Baustelle Stabi","link":"https:\/\/blog.sub.uni-hamburg.de\/?cat=10"},"img":{"alt_text":"Wissen Bauen 2025","src":"https:\/\/i0.wp.com\/blog.sub.uni-hamburg.de\/wp-content\/uploads\/2021\/02\/bauaufdeinestabi.png?resize=350%2C200&ssl=1","width":350,"height":200,"srcset":"https:\/\/i0.wp.com\/blog.sub.uni-hamburg.de\/wp-content\/uploads\/2021\/02\/bauaufdeinestabi.png?resize=350%2C200&ssl=1 1x, https:\/\/i0.wp.com\/blog.sub.uni-hamburg.de\/wp-content\/uploads\/2021\/02\/bauaufdeinestabi.png?resize=525%2C300&ssl=1 1.5x"},"classes":[]},{"id":36349,"url":"https:\/\/blog.sub.uni-hamburg.de\/?p=36349","url_meta":{"origin":35129,"position":5},"title":"Stellenausschreibung: studentische und wissenschaftliche Hilfskraft f\u00fcr EU-Projekt BALTIC UKH","author":"Markus Trapp","date":"03-08-23","format":false,"excerpt":"Zur wissenschaftlichen Unterst\u00fctzung des EU-Projekts BALTIC UKH im Interreg Baltic Sea Region Programme haben wir zum 1.10.2023 je eine Stelle als studentische Hilfskraft und als wissenschaftliche Hilfskraft ausgeschrieben: Die Staats- und Universit\u00e4tsbibliothek Hamburg Carl von Ossietzky sucht zum 01.10.2023 eine studentische Hilfskraft 43 h\/Monat (Stundenlohn: 12,00 Euro) zur wissenschaftlichen Unterst\u00fctzung\u2026","rel":"","context":"In &quot;Aktuelles&quot;","block_context":{"text":"Aktuelles","link":"https:\/\/blog.sub.uni-hamburg.de\/?cat=1"},"img":{"alt_text":"Logo Stabi Hamburg","src":"https:\/\/i0.wp.com\/blog.sub.uni-hamburg.de\/wp-content\/uploads\/2014\/07\/stabilogo-150.jpg?resize=350%2C200&ssl=1","width":350,"height":200},"classes":[]}],"jetpack_sharing_enabled":true,"_links":{"self":[{"href":"https:\/\/blog.sub.uni-hamburg.de\/index.php?rest_route=\/wp\/v2\/posts\/35129","targetHints":{"allow":["GET"]}}],"collection":[{"href":"https:\/\/blog.sub.uni-hamburg.de\/index.php?rest_route=\/wp\/v2\/posts"}],"about":[{"href":"https:\/\/blog.sub.uni-hamburg.de\/index.php?rest_route=\/wp\/v2\/types\/post"}],"author":[{"embeddable":true,"href":"https:\/\/blog.sub.uni-hamburg.de\/index.php?rest_route=\/wp\/v2\/users\/53"}],"replies":[{"embeddable":true,"href":"https:\/\/blog.sub.uni-hamburg.de\/index.php?rest_route=%2Fwp%2Fv2%2Fcomments&post=35129"}],"version-history":[{"count":4,"href":"https:\/\/blog.sub.uni-hamburg.de\/index.php?rest_route=\/wp\/v2\/posts\/35129\/revisions"}],"predecessor-version":[{"id":35132,"href":"https:\/\/blog.sub.uni-hamburg.de\/index.php?rest_route=\/wp\/v2\/posts\/35129\/revisions\/35132"}],"wp:attachment":[{"href":"https:\/\/blog.sub.uni-hamburg.de\/index.php?rest_route=%2Fwp%2Fv2%2Fmedia&parent=35129"}],"wp:term":[{"taxonomy":"category","embeddable":true,"href":"https:\/\/blog.sub.uni-hamburg.de\/index.php?rest_route=%2Fwp%2Fv2%2Fcategories&post=35129"},{"taxonomy":"post_tag","embeddable":true,"href":"https:\/\/blog.sub.uni-hamburg.de\/index.php?rest_route=%2Fwp%2Fv2%2Ftags&post=35129"}],"curies":[{"name":"wp","href":"https:\/\/api.w.org\/{rel}","templated":true}]}}