{"id":34706,"date":"2022-11-07T09:40:22","date_gmt":"2022-11-07T08:40:22","guid":{"rendered":"https:\/\/blog.sub.uni-hamburg.de\/?p=34706"},"modified":"2022-11-22T09:32:08","modified_gmt":"2022-11-22T08:32:08","slug":"lesung-cecelia-ahern-alle-farben-meines-lebens-21-11","status":"publish","type":"post","link":"https:\/\/blog.sub.uni-hamburg.de\/?p=34706","title":{"rendered":"Lesung: Cecelia Ahern: Alle Farben meines Lebens (21.11.)"},"content":{"rendered":"<p><strong>Montag, 21.11., 19.30 Uhr, Lichthof.<\/strong><\/p>\n<p><a href=\"https:\/\/blog.sub.uni-hamburg.de\/wp-content\/uploads\/2022\/11\/Ahern-gr.jpg\"><img loading=\"lazy\" decoding=\"async\" data-attachment-id=\"34708\" data-permalink=\"https:\/\/blog.sub.uni-hamburg.de\/?attachment_id=34708\" data-orig-file=\"https:\/\/blog.sub.uni-hamburg.de\/wp-content\/uploads\/2022\/11\/Ahern.jpg\" data-orig-size=\"300,264\" data-comments-opened=\"1\" data-image-meta=\"{&quot;aperture&quot;:&quot;0&quot;,&quot;credit&quot;:&quot;&quot;,&quot;camera&quot;:&quot;&quot;,&quot;caption&quot;:&quot;&quot;,&quot;created_timestamp&quot;:&quot;0&quot;,&quot;copyright&quot;:&quot;&quot;,&quot;focal_length&quot;:&quot;0&quot;,&quot;iso&quot;:&quot;0&quot;,&quot;shutter_speed&quot;:&quot;0&quot;,&quot;title&quot;:&quot;&quot;,&quot;orientation&quot;:&quot;0&quot;}\" data-image-title=\"Ahern\" data-image-description=\"\" data-image-caption=\"\" data-large-file=\"https:\/\/blog.sub.uni-hamburg.de\/wp-content\/uploads\/2022\/11\/Ahern.jpg\" src=\"https:\/\/blog.sub.uni-hamburg.de\/wp-content\/uploads\/2022\/11\/Ahern.jpg\" alt=\"Cecelia Ahern: Alle Farben meines Lebens\" title=\"Cecelia Ahern: Alle Farben meines Lebens\" width=\"300\" height=\"264\" class=\"alignright size-full wp-image-34708\" srcset=\"https:\/\/blog.sub.uni-hamburg.de\/wp-content\/uploads\/2022\/11\/Ahern.jpg 300w, https:\/\/blog.sub.uni-hamburg.de\/wp-content\/uploads\/2022\/11\/Ahern-150x132.jpg 150w\" sizes=\"auto, (max-width: 300px) 100vw, 300px\" \/><\/a> Alice entdeckt schon als Kind, dass sie die Stimmungen anderer Menschen als Farben wahrnehmen kann. Die Auren sagen ihr, ob ihr Gegen\u00fcber die Wahrheit sagt oder l\u00fcgt, gl\u00fccklich ist oder heimlich den Tr\u00e4nen nah. F\u00fcr ihr eigenes Leben bedeutet diese Gabe jedoch eine gro\u00dfe Last. Doch sie stellt sich den Herausforderungen ihres besonderen Lebens und erkennt, dass diese F\u00e4higkeit ein Geschenk ist und der Schl\u00fcssel zu ihrem Gl\u00fcck.<\/p>\n<p>Im Gespr\u00e4ch mit Margarete von Schwarzkopf spricht die Beststellerautorin Cecelia Ahern \u00fcber die Farben des Lebens, die Bedeutung von Gl\u00fcck und das, was wirklich z\u00e4hlt im Leben. Das Gespr\u00e4ch findet auf Deutsch\/Englisch statt.<\/p>\n<p>Eingang Edmund-Siemers-Allee\/Ecke Grindelallee.<br \/>\nEintritt: 18 Euro, Karten \u00fcber <a href=\"https:\/\/kurtheymann.reservix.de\">https:\/\/kurtheymann.reservix.de<\/a>. <\/p>\n","protected":false},"excerpt":{"rendered":"<p>Montag, 21.11., 19.30 Uhr, Lichthof. Alice entdeckt schon als Kind, dass sie die Stimmungen anderer Menschen als Farben wahrnehmen kann. Die Auren sagen ihr, ob ihr Gegen\u00fcber die Wahrheit sagt oder l\u00fcgt, gl\u00fccklich ist oder heimlich den Tr\u00e4nen nah. F\u00fcr ihr eigenes Leben bedeutet diese Gabe jedoch eine gro\u00dfe Last. Doch sie stellt sich den [&hellip;]<\/p>\n","protected":false},"author":19,"featured_media":0,"comment_status":"open","ping_status":"open","sticky":false,"template":"","format":"standard","meta":{"jetpack_post_was_ever_published":false,"_jetpack_newsletter_access":"","_jetpack_dont_email_post_to_subs":false,"_jetpack_newsletter_tier_id":0,"_jetpack_memberships_contains_paywalled_content":false,"_jetpack_memberships_contains_paid_content":false,"footnotes":"","jetpack_publicize_message":"","jetpack_publicize_feature_enabled":true,"jetpack_social_post_already_shared":true,"jetpack_social_options":{"image_generator_settings":{"template":"highway","default_image_id":0,"font":"","enabled":false},"version":2}},"categories":[9],"tags":[],"class_list":["post-34706","post","type-post","status-publish","format-standard","hentry","category-ausstellungen"],"views":1549,"jetpack_publicize_connections":[],"jetpack_featured_media_url":"","jetpack_shortlink":"https:\/\/wp.me\/p7hfNR-91M","jetpack-related-posts":[{"id":9722,"url":"https:\/\/blog.sub.uni-hamburg.de\/?p=9722","url_meta":{"origin":34706,"position":0},"title":"Ferdinand Beneke und die Hansest\u00e4dte (21.11.)","author":"Markus Trapp","date":"05-11-12","format":false,"excerpt":"PD Dr. Frank Hatje: Ferdinand Beneke und die Hansest\u00e4dte. Nahansichten eines Tagebuchschreibers Die Beneke-Tageb\u00fccher sind eine der umfassendsten Quellen zur Geschichte und Lebenswelt des B\u00fcrgertums zwischen der Franz\u00f6sischen Revolution und der M\u00e4rzrevolution 1848. Ferdinand Beneke (1774-1848) war Kaufmannssohn aus Bremen, studierte Rechtswissenschaften in Halle und G\u00f6ttingen und lie\u00df sich 1796\u2026","rel":"","context":"In &quot;Ausstellungen und Veranstaltungen&quot;","block_context":{"text":"Ausstellungen und Veranstaltungen","link":"https:\/\/blog.sub.uni-hamburg.de\/?cat=9"},"img":{"alt_text":"Ferdinand Beneke und die Hansest\u00e4dte. Nahansichten eines Tagebuchschreibers","src":"https:\/\/i0.wp.com\/blog.sub.uni-hamburg.de\/wp-content\/uploads\/2012\/11\/12-VHG-November.jpg?resize=350%2C200&ssl=1","width":350,"height":200},"classes":[]},{"id":39123,"url":"https:\/\/blog.sub.uni-hamburg.de\/?p=39123","url_meta":{"origin":34706,"position":1},"title":"Tagung: Arbeitskreis f\u00fcr angewandte Gespr\u00e4chsforschung (21.\/22.11.)","author":"Markus Trapp","date":"08-11-24","format":false,"excerpt":"Donnerstag, 21.11., 9 bis 18.30 Uhr, und Freitag, 22.11., 9 bis 17.30 Uhr, Vortragsraum. Auf dem 73. Treffen des Arbeitskreises Angewandte Gespr\u00e4chsforschung in Hamburg mit dem Thema \u201eAgency: Handlungsm\u00e4chtigkeit in Interaktion(en)\u201c sollen \u201eAgency\u201c bzw. \u201eAgentivit\u00e4t\u201c in all ihren Aspekten in unterschiedlichen Praxisfeldern in den Blick genommen werden (Programm, PDF). Es\u2026","rel":"","context":"In &quot;Ausstellungen und Veranstaltungen&quot;","block_context":{"text":"Ausstellungen und Veranstaltungen","link":"https:\/\/blog.sub.uni-hamburg.de\/?cat=9"},"img":{"alt_text":"Arbeitskreis f\u00fcr angewandte Gespr\u00e4chsforschung","src":"https:\/\/i0.wp.com\/blog.sub.uni-hamburg.de\/wp-content\/uploads\/2024\/11\/akagespraechsforschung-300x53.jpg?resize=350%2C200&ssl=1","width":350,"height":200},"classes":[]},{"id":37076,"url":"https:\/\/blog.sub.uni-hamburg.de\/?p=37076","url_meta":{"origin":34706,"position":2},"title":"Buchvorstellung: Wenn mich ein Buch wirklich reizt. Der Literaturkritiker Hans Fallada (21.11.)","author":"Markus Trapp","date":"10-11-23","format":false,"excerpt":"Dienstag, 21.11., 18 Uhr, Vortragsraum. Hans Fallada hat Werke von Erich Maria Remarque und Irmgard Keun, Erich K\u00e4stner und Carl Zuckmayer besprochen zu einer Zeit, als ihre B\u00fccher als Neuerscheinungen in den Buchhandlungen lagen. Aber auch Unterhaltungsromane und Deb\u00fcts hat er rezensiert, politische Sachb\u00fccher, sogar Gartenb\u00fccher. Fallada schrieb f\u00fcr das\u2026","rel":"","context":"In &quot;Ausstellungen und Veranstaltungen&quot;","block_context":{"text":"Ausstellungen und Veranstaltungen","link":"https:\/\/blog.sub.uni-hamburg.de\/?cat=9"},"img":{"alt_text":"Wenn mich ein Buch wirklich reizt. Hans Fallada","src":"https:\/\/i0.wp.com\/blog.sub.uni-hamburg.de\/wp-content\/uploads\/2023\/11\/FalladaBuch.png?resize=350%2C200&ssl=1","width":350,"height":200},"classes":[]},{"id":751,"url":"https:\/\/blog.sub.uni-hamburg.de\/?p=751","url_meta":{"origin":34706,"position":3},"title":"Neu: F\u00fchrungen durch Linga-Ausstellung","author":"MG","date":"31-10-07","format":false,"excerpt":"F\u00fchrungen durch die Ausstellung \"Zuckerrohr und B\u00fccherwelten - Der Hamburger Kaufmann Carlos Linga und seine Bibliothek\": Mittwoch 7.11. um 14.00 Uhr Dienstag, 13.11. um 18.00 Uhr Mittwoch 21.11 um 14.00 Uhr Treffpunkt: im Ausstellungsraum, Eintritt frei.","rel":"","context":"In &quot;Ausstellungen und Veranstaltungen&quot;","block_context":{"text":"Ausstellungen und Veranstaltungen","link":"https:\/\/blog.sub.uni-hamburg.de\/?cat=9"},"img":{"alt_text":"","src":"","width":0,"height":0},"classes":[]},{"id":31675,"url":"https:\/\/blog.sub.uni-hamburg.de\/?p=31675","url_meta":{"origin":34706,"position":4},"title":"Harbour Front Literaturfestival (14.-16.9.)","author":"Markus Trapp","date":"05-08-21","format":false,"excerpt":"Update: Die drei Lesungen k\u00f6nnen wegen des bereits kommunizierten Blitzeinschlages nicht wie geplant im Lichthof der Stabi stattfinden. Lesungen am 14. und 15.9.: H\u00f6rsaal A (Hauptgeb\u00e4ude, Edmund-Siemers-Allee 1), Lesung 16.9. H\u00f6rsaal Erziehungswissenschaften, Von Melle Park 8. Zum ersten Mal wird in diesem Jahr das Harbour Front Literaturfestival auch in der\u2026","rel":"","context":"In &quot;Ausstellungen und Veranstaltungen&quot;","block_context":{"text":"Ausstellungen und Veranstaltungen","link":"https:\/\/blog.sub.uni-hamburg.de\/?cat=9"},"img":{"alt_text":"","src":"https:\/\/i0.wp.com\/blog.sub.uni-hamburg.de\/wp-content\/uploads\/2021\/09\/lichthof-harbourfront.jpg?resize=350%2C200&ssl=1","width":350,"height":200,"srcset":"https:\/\/i0.wp.com\/blog.sub.uni-hamburg.de\/wp-content\/uploads\/2021\/09\/lichthof-harbourfront.jpg?resize=350%2C200&ssl=1 1x, https:\/\/i0.wp.com\/blog.sub.uni-hamburg.de\/wp-content\/uploads\/2021\/09\/lichthof-harbourfront.jpg?resize=525%2C300&ssl=1 1.5x"},"classes":[]},{"id":36310,"url":"https:\/\/blog.sub.uni-hamburg.de\/?p=36310","url_meta":{"origin":34706,"position":5},"title":"Harbour Front Literaturfestival (21.-23.9.)","author":"Markus Trapp","date":"03-08-23","format":false,"excerpt":"Zum dritten Mal wird in diesem Jahr das Harbour Front Literaturfestival auch wieder in der Stabi Station machen. An drei aufeinander folgenden Tagen finden vom 21.-23. September (Do.-Sa.) jeweils um 20 Uhr Lesungen im wundersch\u00f6nen Lichthof im Altbau der Stabi statt. Die Karten daf\u00fcr k\u00f6nnen auf der Website des Harbour\u2026","rel":"","context":"In &quot;Ausstellungen und Veranstaltungen&quot;","block_context":{"text":"Ausstellungen und Veranstaltungen","link":"https:\/\/blog.sub.uni-hamburg.de\/?cat=9"},"img":{"alt_text":"Harbour Front Literaturfestival im Lichthof der Stabi Hamburg","src":"https:\/\/i0.wp.com\/blog.sub.uni-hamburg.de\/wp-content\/uploads\/2023\/08\/lichthof-harbourfront-2023.jpg?resize=350%2C200&ssl=1","width":350,"height":200,"srcset":"https:\/\/i0.wp.com\/blog.sub.uni-hamburg.de\/wp-content\/uploads\/2023\/08\/lichthof-harbourfront-2023.jpg?resize=350%2C200&ssl=1 1x, https:\/\/i0.wp.com\/blog.sub.uni-hamburg.de\/wp-content\/uploads\/2023\/08\/lichthof-harbourfront-2023.jpg?resize=525%2C300&ssl=1 1.5x"},"classes":[]}],"jetpack_sharing_enabled":true,"_links":{"self":[{"href":"https:\/\/blog.sub.uni-hamburg.de\/index.php?rest_route=\/wp\/v2\/posts\/34706","targetHints":{"allow":["GET"]}}],"collection":[{"href":"https:\/\/blog.sub.uni-hamburg.de\/index.php?rest_route=\/wp\/v2\/posts"}],"about":[{"href":"https:\/\/blog.sub.uni-hamburg.de\/index.php?rest_route=\/wp\/v2\/types\/post"}],"author":[{"embeddable":true,"href":"https:\/\/blog.sub.uni-hamburg.de\/index.php?rest_route=\/wp\/v2\/users\/19"}],"replies":[{"embeddable":true,"href":"https:\/\/blog.sub.uni-hamburg.de\/index.php?rest_route=%2Fwp%2Fv2%2Fcomments&post=34706"}],"version-history":[{"count":4,"href":"https:\/\/blog.sub.uni-hamburg.de\/index.php?rest_route=\/wp\/v2\/posts\/34706\/revisions"}],"predecessor-version":[{"id":34752,"href":"https:\/\/blog.sub.uni-hamburg.de\/index.php?rest_route=\/wp\/v2\/posts\/34706\/revisions\/34752"}],"wp:attachment":[{"href":"https:\/\/blog.sub.uni-hamburg.de\/index.php?rest_route=%2Fwp%2Fv2%2Fmedia&parent=34706"}],"wp:term":[{"taxonomy":"category","embeddable":true,"href":"https:\/\/blog.sub.uni-hamburg.de\/index.php?rest_route=%2Fwp%2Fv2%2Fcategories&post=34706"},{"taxonomy":"post_tag","embeddable":true,"href":"https:\/\/blog.sub.uni-hamburg.de\/index.php?rest_route=%2Fwp%2Fv2%2Ftags&post=34706"}],"curies":[{"name":"wp","href":"https:\/\/api.w.org\/{rel}","templated":true}]}}