{"id":34095,"date":"2022-09-14T14:00:52","date_gmt":"2022-09-14T12:00:52","guid":{"rendered":"https:\/\/blog.sub.uni-hamburg.de\/?p=34095"},"modified":"2022-09-23T13:39:15","modified_gmt":"2022-09-23T11:39:15","slug":"finissage-sehr-erfreuliche-vermehrungen-die-autographen-aus-der-sammlung-heinrich-spiero-22-9","status":"publish","type":"post","link":"https:\/\/blog.sub.uni-hamburg.de\/?p=34095","title":{"rendered":"Finissage: \u201eSehr erfreuliche Vermehrungen\u201c. Die Autographen aus der Sammlung Heinrich Spiero (22.9.)"},"content":{"rendered":"<p><a href=\"https:\/\/blog.sub.uni-hamburg.de\/wp-content\/uploads\/2022\/07\/Raubgut-Plakat-gr.jpg\"><img loading=\"lazy\" decoding=\"async\" data-attachment-id=\"33643\" data-permalink=\"https:\/\/blog.sub.uni-hamburg.de\/?attachment_id=33643\" data-orig-file=\"https:\/\/blog.sub.uni-hamburg.de\/wp-content\/uploads\/2022\/07\/Raubgut-Plakat.jpg\" data-orig-size=\"350,453\" data-comments-opened=\"1\" data-image-meta=\"{&quot;aperture&quot;:&quot;0&quot;,&quot;credit&quot;:&quot;&quot;,&quot;camera&quot;:&quot;&quot;,&quot;caption&quot;:&quot;&quot;,&quot;created_timestamp&quot;:&quot;0&quot;,&quot;copyright&quot;:&quot;&quot;,&quot;focal_length&quot;:&quot;0&quot;,&quot;iso&quot;:&quot;0&quot;,&quot;shutter_speed&quot;:&quot;0&quot;,&quot;title&quot;:&quot;&quot;,&quot;orientation&quot;:&quot;0&quot;}\" data-image-title=\"Raubgut-Plakat\" data-image-description=\"\" data-image-caption=\"\" data-large-file=\"https:\/\/blog.sub.uni-hamburg.de\/wp-content\/uploads\/2022\/07\/Raubgut-Plakat.jpg\" src=\"https:\/\/blog.sub.uni-hamburg.de\/wp-content\/uploads\/2022\/07\/Raubgut-Plakat.jpg\" alt=\"Plakat 'Sehr erfreuliche Vermehrungen'. Zur Suche nach NS-Raubgut in den Sondersammlungen der SUB\" title=\"Plakat 'Sehr erfreuliche Vermehrungen'. Zur Suche nach NS-Raubgut in den Sondersammlungen der SUB\" width=\"350\" height=\"453\" class=\"alignleft size-full wp-image-33643\" srcset=\"https:\/\/blog.sub.uni-hamburg.de\/wp-content\/uploads\/2022\/07\/Raubgut-Plakat.jpg 350w, https:\/\/blog.sub.uni-hamburg.de\/wp-content\/uploads\/2022\/07\/Raubgut-Plakat-232x300.jpg 232w, https:\/\/blog.sub.uni-hamburg.de\/wp-content\/uploads\/2022\/07\/Raubgut-Plakat-116x150.jpg 116w\" sizes=\"auto, (max-width: 350px) 100vw, 350px\" \/><\/a> <strong>Donnerstag, 22.9., 18 Uhr, Vortragsraum.<\/strong><\/p>\n<p>Seit dem 20. Juli zeigt die Stabi die Ausstellung \u201e<a href=\"https:\/\/blog.sub.uni-hamburg.de\/?p=33628\">Sehr erfreuliche Vermehrungen<\/a>\u201c \u00fcber NS-Raubgut in den Sondersammlungen. Die Finissage am 22. September ist zugleich eine Restitution: Es geht um die R\u00fcckgabe von \u00fcber 250 Autographen, die die Bibliothek 1937 im Handel erwarb. Sie geh\u00f6rten dem Schriftsteller und Wissenschaftler Dr. Heinrich Spiero, der vor dem Ersten Weltkrieg in Hamburg Teil des Dichterkreises um Liliencron, Falke und Dehmel war. Als Jude verfolgt, musste er 1937 in existenzieller Not Teile seiner Sammlung verkaufen. Wir freuen uns, zu der Veranstaltung Enkelinnen und Urenkelinnen von Heinrich Spiero in Hamburg begr\u00fc\u00dfen zu d\u00fcrfen.<\/p>\n<p>Dr. Wiebke von Deylen, Leiterin der Arbeitsstelle Provenienzforschung, gibt am Beispiel der Spiero-Briefe einen \u00dcberblick zu NS-Raubgut in den Sondersammlungen. Dr. Anna Rohr aus Berlin, Historikerin und Biographin Heinrich Spieros, spricht \u00fcber das Leben dieses Mannes, der in der NS-Zeit ein Hilfsb\u00fcro f\u00fcr als Juden verfolgte Christen leitete. Heinrich Spiero selbst \u00fcberlebte in Berlin, zuletzt schwer krank in der Illegalit\u00e4t, und starb 1947. Dieser Abend ist ihm gewidmet.<\/p>\n<p>Der Eintritt ist frei.<\/p>\n","protected":false},"excerpt":{"rendered":"<p>Donnerstag, 22.9., 18 Uhr, Vortragsraum. Seit dem 20. Juli zeigt die Stabi die Ausstellung \u201eSehr erfreuliche Vermehrungen\u201c \u00fcber NS-Raubgut in den Sondersammlungen. Die Finissage am 22. September ist zugleich eine Restitution: Es geht um die R\u00fcckgabe von \u00fcber 250 Autographen, die die Bibliothek 1937 im Handel erwarb. Sie geh\u00f6rten dem Schriftsteller und Wissenschaftler Dr. Heinrich [&hellip;]<\/p>\n","protected":false},"author":19,"featured_media":0,"comment_status":"open","ping_status":"open","sticky":false,"template":"","format":"standard","meta":{"jetpack_post_was_ever_published":false,"_jetpack_newsletter_access":"","_jetpack_dont_email_post_to_subs":false,"_jetpack_newsletter_tier_id":0,"_jetpack_memberships_contains_paywalled_content":false,"_jetpack_memberships_contains_paid_content":false,"footnotes":"","jetpack_publicize_message":"","jetpack_publicize_feature_enabled":true,"jetpack_social_post_already_shared":true,"jetpack_social_options":{"image_generator_settings":{"template":"highway","default_image_id":0,"font":"","enabled":false},"version":2}},"categories":[9],"tags":[],"class_list":["post-34095","post","type-post","status-publish","format-standard","hentry","category-ausstellungen"],"views":1759,"jetpack_publicize_connections":[],"jetpack_featured_media_url":"","jetpack_shortlink":"https:\/\/wp.me\/p7hfNR-8RV","jetpack-related-posts":[{"id":33628,"url":"https:\/\/blog.sub.uni-hamburg.de\/?p=33628","url_meta":{"origin":34095,"position":0},"title":"\u201eSehr erfreuliche Vermehrungen\u201c. Zur Suche nach NS-Raubgut in den Sondersammlungen der SUB (20.7.-22.9.)","author":"Markus Trapp","date":"04-07-22","format":false,"excerpt":"\u201eSehr erfreuliche Vermehrungen\u201c \u2013 so beschrieb der damalige Bibliotheksdirektor Gustav Wahl 1942 eine Reihe von Erwerbungen f\u00fcr die Sondersammlungen, darunter eine gro\u00dfe Autographensammlung \u201eaus dem Besitz eines evakuierten Juden\u201c. Was verbarg sich hinter solchen Zug\u00e4ngen? Woher kamen die vielen Handschriften, alten Drucke und besonderen B\u00fccher, die in der NS-Zeit erworben\u2026","rel":"","context":"In &quot;Ausstellungen und Veranstaltungen&quot;","block_context":{"text":"Ausstellungen und Veranstaltungen","link":"https:\/\/blog.sub.uni-hamburg.de\/?cat=9"},"img":{"alt_text":"","src":"https:\/\/i0.wp.com\/blog.sub.uni-hamburg.de\/wp-content\/uploads\/2022\/07\/Exlibris-Otto-Elias-kl.jpg?resize=350%2C200&ssl=1","width":350,"height":200,"srcset":"https:\/\/i0.wp.com\/blog.sub.uni-hamburg.de\/wp-content\/uploads\/2022\/07\/Exlibris-Otto-Elias-kl.jpg?resize=350%2C200&ssl=1 1x, https:\/\/i0.wp.com\/blog.sub.uni-hamburg.de\/wp-content\/uploads\/2022\/07\/Exlibris-Otto-Elias-kl.jpg?resize=525%2C300&ssl=1 1.5x"},"classes":[]},{"id":33789,"url":"https:\/\/blog.sub.uni-hamburg.de\/?p=33789","url_meta":{"origin":34095,"position":1},"title":"Er\u00f6ffnung der Ausstellung zum NS-Raubgut Forschungsprojekt in den Sondersammlungen der Stabi","author":"Redaktion","date":"25-07-22","format":false,"excerpt":"Von Wiebke von Deylen. Am 19. Juli wurde die Ausstellung \u201eSehr erfreuliche Vermehrungen\u201c. Zur Suche nach NS-Raubgut in den Sondersammlungen der Staats-und Universit\u00e4tsbibliothek Hamburg mit einer Abendveranstaltung er\u00f6ffnet. Die bis zum 22.09.2022 laufende Ausstellung zeigt erste Ergebnisse eines vom Deutschen Zentrum Kulturgutverluste gef\u00f6rderten Forschungsprojekts. Im ihrem einleitenden Vortrag erl\u00e4uterte Anneke\u2026","rel":"","context":"In &quot;Aktuelles&quot;","block_context":{"text":"Aktuelles","link":"https:\/\/blog.sub.uni-hamburg.de\/?cat=1"},"img":{"alt_text":"","src":"https:\/\/i0.wp.com\/blog.sub.uni-hamburg.de\/wp-content\/uploads\/2022\/07\/hintergrundbild-kl.jpg?resize=350%2C200&ssl=1","width":350,"height":200,"srcset":"https:\/\/i0.wp.com\/blog.sub.uni-hamburg.de\/wp-content\/uploads\/2022\/07\/hintergrundbild-kl.jpg?resize=350%2C200&ssl=1 1x, https:\/\/i0.wp.com\/blog.sub.uni-hamburg.de\/wp-content\/uploads\/2022\/07\/hintergrundbild-kl.jpg?resize=525%2C300&ssl=1 1.5x"},"classes":[]},{"id":34533,"url":"https:\/\/blog.sub.uni-hamburg.de\/?p=34533","url_meta":{"origin":34095,"position":2},"title":"Die Stabi gibt NS-Raubgut zur\u00fcck \u2013 und bekommt es geschenkt.","author":"Redaktion","date":"19-10-22","format":false,"excerpt":"Zur Restitution von Autographen aus der Sammlung Dr. Heinrich Spiero. Von Anneke de Rudder. Am 22. September restituierte die Stabi mehr als 250 Briefe der bekannten Hamburger Schriftsteller Detlev von Liliencron, Gustav Falke und Richard Dehmel an ihre rechtm\u00e4\u00dfigen Eigent\u00fcmer:innen. Die Unikate, die 1937 im Berliner Auktionshaus J. A. Stargardt\u2026","rel":"","context":"In &quot;Aktuelles&quot;","block_context":{"text":"Aktuelles","link":"https:\/\/blog.sub.uni-hamburg.de\/?cat=1"},"img":{"alt_text":"","src":"https:\/\/i0.wp.com\/blog.sub.uni-hamburg.de\/wp-content\/uploads\/2022\/10\/Restitution-Spiero1-Zepf-Begruessung-150x113.jpg?resize=350%2C200&ssl=1","width":350,"height":200,"srcset":"https:\/\/i0.wp.com\/blog.sub.uni-hamburg.de\/wp-content\/uploads\/2022\/10\/Restitution-Spiero1-Zepf-Begruessung-150x113.jpg?resize=350%2C200&ssl=1 1x, https:\/\/i0.wp.com\/blog.sub.uni-hamburg.de\/wp-content\/uploads\/2022\/10\/Restitution-Spiero1-Zepf-Begruessung-150x113.jpg?resize=525%2C300&ssl=1 1.5x, https:\/\/i0.wp.com\/blog.sub.uni-hamburg.de\/wp-content\/uploads\/2022\/10\/Restitution-Spiero1-Zepf-Begruessung-150x113.jpg?resize=700%2C400&ssl=1 2x, https:\/\/i0.wp.com\/blog.sub.uni-hamburg.de\/wp-content\/uploads\/2022\/10\/Restitution-Spiero1-Zepf-Begruessung-150x113.jpg?resize=1050%2C600&ssl=1 3x, https:\/\/i0.wp.com\/blog.sub.uni-hamburg.de\/wp-content\/uploads\/2022\/10\/Restitution-Spiero1-Zepf-Begruessung-150x113.jpg?resize=1400%2C800&ssl=1 4x"},"classes":[]},{"id":39950,"url":"https:\/\/blog.sub.uni-hamburg.de\/?p=39950","url_meta":{"origin":34095,"position":3},"title":"Zum Tag der Provenienzforschung 2025: \u201eBemerkenswerte Erwerbungen und Vorg\u00e4nge\u201c &#8211; Zur Suche nach NS-Raubgut in den Sondersammlungen (7.4.)","author":"Markus Trapp","date":"28-03-25","format":false,"excerpt":"Vortrag von Anneke de Rudder, Montag, 7.4., 14 Uhr, Vortragsraum. Im letzten Jahr konnte an der Arbeitsstelle Provenienzforschung \u2013 NS-Raubgut der Staats- und Universit\u00e4tsbibliothek ein gr\u00f6\u00dferes Drittmittel-Projekt abgeschlossen werden: Von 2018 bis 2024 f\u00f6rderte das Deutsche Zentrum Kulturgutverluste unsere Recherchen zu NS-Raubgut in den Sondersammlungen. Aus Anlass des diesj\u00e4hrigen Tages\u2026","rel":"","context":"In &quot;Ausstellungen und Veranstaltungen&quot;","block_context":{"text":"Ausstellungen und Veranstaltungen","link":"https:\/\/blog.sub.uni-hamburg.de\/?cat=9"},"img":{"alt_text":"","src":"https:\/\/i0.wp.com\/blog.sub.uni-hamburg.de\/wp-content\/uploads\/2025\/04\/startfolie-tdpf2025.jpg?resize=350%2C200&ssl=1","width":350,"height":200,"srcset":"https:\/\/i0.wp.com\/blog.sub.uni-hamburg.de\/wp-content\/uploads\/2025\/04\/startfolie-tdpf2025.jpg?resize=350%2C200&ssl=1 1x, https:\/\/i0.wp.com\/blog.sub.uni-hamburg.de\/wp-content\/uploads\/2025\/04\/startfolie-tdpf2025.jpg?resize=525%2C300&ssl=1 1.5x"},"classes":[]},{"id":38877,"url":"https:\/\/blog.sub.uni-hamburg.de\/?p=38877","url_meta":{"origin":34095,"position":4},"title":"NS-Raubgut: Projektendspurt mit Online-Ausstellung und Workshop zu Antiquariatshandel","author":"Dr. Wiebke von Deylen","date":"14-10-24","format":false,"excerpt":"Das Projekt der Arbeitsstelle Provenienzforschung - NS-Raubgut zur Recherche nach verd\u00e4chtigen B\u00fcchern und wertvollen Einzelst\u00fccken in den Sondersammlungen der Stabi wurde \u00fcber mehrere Jahre vom Deutschen Zentrum Kulturgutverluste gef\u00f6rdert. Zum Abschluss haben wir noch einmal die Aspekte \u00d6ffentlichkeitsarbeit, Vernetzung und Verstetigung in den Fokus genommen. Dies sind zentrale Faktoren f\u00fcr\u2026","rel":"","context":"In &quot;Aktuelles&quot;","block_context":{"text":"Aktuelles","link":"https:\/\/blog.sub.uni-hamburg.de\/?cat=1"},"img":{"alt_text":"Online-Ausstellung 'Sehr erfreuliche Vermehrungen'","src":"https:\/\/i0.wp.com\/blog.sub.uni-hamburg.de\/wp-content\/uploads\/2024\/10\/vermehrungen-ausstellung-kl.jpg?resize=350%2C200&ssl=1","width":350,"height":200},"classes":[]},{"id":32962,"url":"https:\/\/blog.sub.uni-hamburg.de\/?p=32962","url_meta":{"origin":34095,"position":5},"title":"\u201eEine \u00e4u\u00dferst willkommene Abrundung\u2026\u201c \u2013 zum 3. Tag der Provenienzforschung am 13. April 2022","author":"Redaktion","date":"13-04-22","format":false,"excerpt":"Von der Arbeitsstelle Provenienzforschung \u2013 NS-Raubgut. Am 13. April 2022 ist wieder Tag der Provenienzforschung, und die Stabi ist erneut dabei. Dieses Jahr mit einer von Anneke de Rudder erarbeiteten Online-Pr\u00e4sentation der Arbeitsstelle Provenienzforschung - NS-Raubgut zu den Briefen aus der Sammlung Heinrich Spiero. Sie zeigt, wie Teile der bedeutenden\u2026","rel":"","context":"In &quot;Ausstellungen und Veranstaltungen&quot;","block_context":{"text":"Ausstellungen und Veranstaltungen","link":"https:\/\/blog.sub.uni-hamburg.de\/?cat=9"},"img":{"alt_text":"Tag der Provenienzforschung","src":"https:\/\/i0.wp.com\/blog.sub.uni-hamburg.de\/wp-content\/uploads\/2022\/04\/Logo_TagDerProvenienzforschung.jpg?resize=350%2C200&ssl=1","width":350,"height":200,"srcset":"https:\/\/i0.wp.com\/blog.sub.uni-hamburg.de\/wp-content\/uploads\/2022\/04\/Logo_TagDerProvenienzforschung.jpg?resize=350%2C200&ssl=1 1x, https:\/\/i0.wp.com\/blog.sub.uni-hamburg.de\/wp-content\/uploads\/2022\/04\/Logo_TagDerProvenienzforschung.jpg?resize=525%2C300&ssl=1 1.5x"},"classes":[]}],"jetpack_sharing_enabled":true,"_links":{"self":[{"href":"https:\/\/blog.sub.uni-hamburg.de\/index.php?rest_route=\/wp\/v2\/posts\/34095","targetHints":{"allow":["GET"]}}],"collection":[{"href":"https:\/\/blog.sub.uni-hamburg.de\/index.php?rest_route=\/wp\/v2\/posts"}],"about":[{"href":"https:\/\/blog.sub.uni-hamburg.de\/index.php?rest_route=\/wp\/v2\/types\/post"}],"author":[{"embeddable":true,"href":"https:\/\/blog.sub.uni-hamburg.de\/index.php?rest_route=\/wp\/v2\/users\/19"}],"replies":[{"embeddable":true,"href":"https:\/\/blog.sub.uni-hamburg.de\/index.php?rest_route=%2Fwp%2Fv2%2Fcomments&post=34095"}],"version-history":[{"count":3,"href":"https:\/\/blog.sub.uni-hamburg.de\/index.php?rest_route=\/wp\/v2\/posts\/34095\/revisions"}],"predecessor-version":[{"id":34227,"href":"https:\/\/blog.sub.uni-hamburg.de\/index.php?rest_route=\/wp\/v2\/posts\/34095\/revisions\/34227"}],"wp:attachment":[{"href":"https:\/\/blog.sub.uni-hamburg.de\/index.php?rest_route=%2Fwp%2Fv2%2Fmedia&parent=34095"}],"wp:term":[{"taxonomy":"category","embeddable":true,"href":"https:\/\/blog.sub.uni-hamburg.de\/index.php?rest_route=%2Fwp%2Fv2%2Fcategories&post=34095"},{"taxonomy":"post_tag","embeddable":true,"href":"https:\/\/blog.sub.uni-hamburg.de\/index.php?rest_route=%2Fwp%2Fv2%2Ftags&post=34095"}],"curies":[{"name":"wp","href":"https:\/\/api.w.org\/{rel}","templated":true}]}}