{"id":33840,"date":"2022-08-02T09:54:53","date_gmt":"2022-08-02T07:54:53","guid":{"rendered":"https:\/\/blog.sub.uni-hamburg.de\/?p=33840"},"modified":"2022-08-19T12:00:14","modified_gmt":"2022-08-19T10:00:14","slug":"barockwerk-hamburg-krieg-und-frieden-17-18-8","status":"publish","type":"post","link":"https:\/\/blog.sub.uni-hamburg.de\/?p=33840","title":{"rendered":"barock<em>werk<\/em> hamburg: \u201eKrieg und Frieden\u201c (17.\/18.8.)"},"content":{"rendered":"<div style=\"float: left; padding-left:0px; margin-right:25px; margin-bottom:25px;\"> <div id=\"attachment_33842\" style=\"width: 235px\" class=\"wp-caption alignnone\"><a href=\"https:\/\/blog.sub.uni-hamburg.de\/wp-content\/uploads\/2022\/08\/schmuegel-gr.jpg\"><img loading=\"lazy\" decoding=\"async\" aria-describedby=\"caption-attachment-33842\" data-attachment-id=\"33842\" data-permalink=\"https:\/\/blog.sub.uni-hamburg.de\/?attachment_id=33842\" data-orig-file=\"https:\/\/blog.sub.uni-hamburg.de\/wp-content\/uploads\/2022\/08\/schmuegel.jpg\" data-orig-size=\"225,368\" data-comments-opened=\"1\" data-image-meta=\"{&quot;aperture&quot;:&quot;0&quot;,&quot;credit&quot;:&quot;&quot;,&quot;camera&quot;:&quot;&quot;,&quot;caption&quot;:&quot;&quot;,&quot;created_timestamp&quot;:&quot;0&quot;,&quot;copyright&quot;:&quot;&quot;,&quot;focal_length&quot;:&quot;0&quot;,&quot;iso&quot;:&quot;0&quot;,&quot;shutter_speed&quot;:&quot;0&quot;,&quot;title&quot;:&quot;&quot;,&quot;orientation&quot;:&quot;0&quot;}\" data-image-title=\"schmuegel\" data-image-description=\"\" data-image-caption=\"&lt;p&gt;Johann Christoph Schm\u00fcgel: Friedens-Cantate 1763, Beginn der eigenh\u00e4ndigen Partitur (Biblioth\u00e8que du Conservatoire royal de Bruxelles, Ms. 903)&lt;\/p&gt;\n\" data-large-file=\"https:\/\/blog.sub.uni-hamburg.de\/wp-content\/uploads\/2022\/08\/schmuegel.jpg\" src=\"https:\/\/blog.sub.uni-hamburg.de\/wp-content\/uploads\/2022\/08\/schmuegel.jpg\" alt=\"Johann Christoph Schm\u00fcgel: Friedens-Cantate 1763\" title=\"Johann Christoph Schm\u00fcgel: Friedens-Cantate 1763\" width=\"225\" height=\"368\" class=\"size-full wp-image-33842\" srcset=\"https:\/\/blog.sub.uni-hamburg.de\/wp-content\/uploads\/2022\/08\/schmuegel.jpg 225w, https:\/\/blog.sub.uni-hamburg.de\/wp-content\/uploads\/2022\/08\/schmuegel-183x300.jpg 183w, https:\/\/blog.sub.uni-hamburg.de\/wp-content\/uploads\/2022\/08\/schmuegel-92x150.jpg 92w\" sizes=\"auto, (max-width: 225px) 100vw, 225px\" \/><\/a><p id=\"caption-attachment-33842\" class=\"wp-caption-text\"><\/p>\n<div style=\"font-size: 12px; line-height: 1.2; margin-bottom:0;\"> <strong>Johann Christoph Schm\u00fcgel:<\/strong> Friedens-Cantate 1763, Beginn der eigenh\u00e4ndigen Partitur (Biblioth\u00e8que du Conservatoire royal de Bruxelles, Ms. 903)<\/div>\n<p><\/p><\/div> <\/p><\/div>\n<p> Kompositionen zu den gegenw\u00e4rtig aktuellen Themen Krieg und Frieden erklingen in einem au\u00dfergew\u00f6hnlichen Konzert des Ensembles barock<em>werk<\/em> hamburg am 17. und 18. August im Lichthof der Staatsbibliothek. Die Werke entstanden im Kontext des Siebenj\u00e4hrigen Krieges (1756\u20131763), der auch in Norddeutschland viel Elend und Verw\u00fcstung hinterlie\u00df. Sie stammen von dem damals wie heute weithin gesch\u00e4tzten Komponisten Georg Philipp Telemann (1681\u20131767) sowie seinem hochbegabten Meistersch\u00fcler Johann Christoph Schm\u00fcgel (1727\u20131798), damals Organist in L\u00fcneburg. Insbesondere die gro\u00dfdimensionierte \u201eFriedens-Cantate\u201c Schm\u00fcgels, mit der in L\u00fcneburg 1763 das Ende des Krieges eindrucksvoll gefeiert wurde, stellt eine bedeutende Wiederentdeckung aus der \u00dcbergangszeit vom Barock zur Fr\u00fchklassik dar und d\u00fcrfte wegen ihrer herausragenden Qualit\u00e4ten Musikfreunde wie Fachpublikum auf das Angenehmste \u00fcberraschen. Der Text dieser musikalischen Perle stammt von dem sp\u00e4teren Hamburger Stabi-Direktor Christoph Daniel Ebeling (1741\u20131817), einem Freund Carl Philipp Emanuel Bachs und Friedrich Gottlieb Klopstocks.<\/p>\n<p><strong>Georg Philipp Telemann: Oratorium \u201eHannover siegt, der Franzmann liegt\u201c und \u201eArie auf die gl\u00fccklichen Progressen der alliirten Waffen in Hessen\u201c<br \/>\nJohann Christoph Schm\u00fcgel: \u201eFriedens-Cantate 1763\u201c <\/strong><br \/>\nbarock<em>werk<\/em> hamburg<br \/>\nGesangssolisten: Hanna Zumsande (Sopran), Matthias D\u00e4hling (Altus), Dustin Drosdziok (Tenor), Dominik W\u00f6rner (Bass)<br \/>\nMusikalische Leitung: Ira Hochman<br \/>\n<!--more--><\/p>\n<p><a href=\"https:\/\/blog.sub.uni-hamburg.de\/wp-content\/uploads\/2022\/08\/Barockwerk-2022-Flyer-gr.jpg\"><img loading=\"lazy\" decoding=\"async\" data-attachment-id=\"33843\" data-permalink=\"https:\/\/blog.sub.uni-hamburg.de\/?attachment_id=33843\" data-orig-file=\"https:\/\/blog.sub.uni-hamburg.de\/wp-content\/uploads\/2022\/08\/Barockwerk-2022-Flyer.jpg\" data-orig-size=\"225,477\" data-comments-opened=\"1\" data-image-meta=\"{&quot;aperture&quot;:&quot;0&quot;,&quot;credit&quot;:&quot;&quot;,&quot;camera&quot;:&quot;&quot;,&quot;caption&quot;:&quot;&quot;,&quot;created_timestamp&quot;:&quot;0&quot;,&quot;copyright&quot;:&quot;&quot;,&quot;focal_length&quot;:&quot;0&quot;,&quot;iso&quot;:&quot;0&quot;,&quot;shutter_speed&quot;:&quot;0&quot;,&quot;title&quot;:&quot;&quot;,&quot;orientation&quot;:&quot;0&quot;}\" data-image-title=\"Barockwerk-2022-Flyer\" data-image-description=\"\" data-image-caption=\"\" data-large-file=\"https:\/\/blog.sub.uni-hamburg.de\/wp-content\/uploads\/2022\/08\/Barockwerk-2022-Flyer.jpg\" src=\"https:\/\/blog.sub.uni-hamburg.de\/wp-content\/uploads\/2022\/08\/Barockwerk-2022-Flyer.jpg\" alt=\"Flyer Konzert barockwerk hamburg\" title=\"Flyer Konzert barockwerk hamburg\" width=\"225\" height=\"477\" class=\"alignright size-full wp-image-33843\" srcset=\"https:\/\/blog.sub.uni-hamburg.de\/wp-content\/uploads\/2022\/08\/Barockwerk-2022-Flyer.jpg 225w, https:\/\/blog.sub.uni-hamburg.de\/wp-content\/uploads\/2022\/08\/Barockwerk-2022-Flyer-142x300.jpg 142w, https:\/\/blog.sub.uni-hamburg.de\/wp-content\/uploads\/2022\/08\/Barockwerk-2022-Flyer-71x150.jpg 71w\" sizes=\"auto, (max-width: 225px) 100vw, 225px\" \/><\/a> Eine Veranstaltung des Ensembles <a href=\"https:\/\/www.barockwerk-hamburg.de\/\">barock<em>werk<\/em> hamburg<\/a> in Kooperation mit der Staats- und Universit\u00e4tsbibliothek Hamburg Carl von Ossietzky. Unterst\u00fctzt von der Rudolf Augstein Stiftung, coop Stiftung Unser Norden, Dieter und Elisabeth Boeck Stiftung, Katharina und Gerhard Hoffmann Stiftung zu Hamburg, Hamburger Stiftung zur F\u00f6rderung von Wissenschaft und Kultur, Hamburgische Stiftung f\u00fcr Wissenschaften, Entwicklung und Kultur Helmut und Hannelore Greve, Kleio-Stiftung Hamburg, Kunststiftung Heinrich Stegemann sowie der Alfred Toepfer Stiftung F.V.S.<\/p>\n<p><strong>Am Mittwoch, den 17., und Donnerstag, den 18. August 2022, jeweils 19:00 Uhr im Lichthof im Altbau der Staatsbibliothek Hamburg (Eingang Edmund-Siemers-Allee\/Ecke Grindelallee)<\/p>\n<p>Einf\u00fchrung zum Konzert, 17. August, 18 Uhr im Vortragsraum der Bibliothek (1. Etage)<\/strong><\/p>\n<p>Eintritt 20 \u20ac,<br \/>\n50 % Erm\u00e4\u00dfigung f\u00fcr Sch\u00fcler:innen und Studierende<br \/>\nKartenvorverkauf bei der Konzertkasse Gerdes (040\/453326) sowie an der Abendkasse<\/p>\n","protected":false},"excerpt":{"rendered":"<p>Kompositionen zu den gegenw\u00e4rtig aktuellen Themen Krieg und Frieden erklingen in einem au\u00dfergew\u00f6hnlichen Konzert des Ensembles barockwerk hamburg am 17. und 18. August im Lichthof der Staatsbibliothek. Die Werke entstanden im Kontext des Siebenj\u00e4hrigen Krieges (1756\u20131763), der auch in Norddeutschland viel Elend und Verw\u00fcstung hinterlie\u00df. Sie stammen von dem damals wie heute weithin gesch\u00e4tzten Komponisten [&hellip;]<\/p>\n","protected":false},"author":19,"featured_media":0,"comment_status":"open","ping_status":"open","sticky":false,"template":"","format":"standard","meta":{"jetpack_post_was_ever_published":false,"_jetpack_newsletter_access":"","_jetpack_dont_email_post_to_subs":false,"_jetpack_newsletter_tier_id":0,"_jetpack_memberships_contains_paywalled_content":false,"_jetpack_memberships_contains_paid_content":false,"footnotes":"","jetpack_publicize_message":"","jetpack_publicize_feature_enabled":true,"jetpack_social_post_already_shared":true,"jetpack_social_options":{"image_generator_settings":{"template":"highway","default_image_id":0,"font":"","enabled":false},"version":2}},"categories":[9],"tags":[],"class_list":["post-33840","post","type-post","status-publish","format-standard","hentry","category-ausstellungen"],"views":2894,"jetpack_publicize_connections":[],"jetpack_featured_media_url":"","jetpack_shortlink":"https:\/\/wp.me\/p7hfNR-8NO","jetpack-related-posts":[{"id":32898,"url":"https:\/\/blog.sub.uni-hamburg.de\/?p=32898","url_meta":{"origin":33840,"position":0},"title":"Fr\u00fchjahrs-Konzert des barockwerk hamburg verschoben","author":"Markus Trapp","date":"03-03-22","format":false,"excerpt":"Das urspr\u00fcnglich wie seit vielen Jahren f\u00fcr Anfang M\u00e4rz 2022 vorgesehene Konzert des Ensembles barockwerk hamburg im Lichthof der Staats- und Universit\u00e4tsbibliothek Hamburg muss coronabedingt auf den 17. und 18. August 2022 verschoben werden. Geplant ist schon seit l\u00e4ngerem \u2013 und gewinnt nun besondere Aktualit\u00e4t \u2013 die Auff\u00fchrung der \u201eFriedens-Cantate\u201c\u2026","rel":"","context":"In &quot;Ausstellungen und Veranstaltungen&quot;","block_context":{"text":"Ausstellungen und Veranstaltungen","link":"https:\/\/blog.sub.uni-hamburg.de\/?cat=9"},"img":{"alt_text":"barockwerk hamburg","src":"https:\/\/i0.wp.com\/blog.sub.uni-hamburg.de\/wp-content\/uploads\/2022\/03\/barockwerkhamburg-300x81.jpg?resize=350%2C200&ssl=1","width":350,"height":200},"classes":[]},{"id":13883,"url":"https:\/\/blog.sub.uni-hamburg.de\/?p=13883","url_meta":{"origin":33840,"position":1},"title":"\u201eHamburger B\u00fcrgerkapit\u00e4nsmusik\u201c von C. P. E. Bach (12.\/13.3.)","author":"Markus Trapp","date":"21-02-14","format":false,"excerpt":"Mittwoch, 12. M\u00e4rz, und Donnerstag, 13. M\u00e4rz 2014, jeweils 19 Uhr Zum 300. Geburtstag von Carl Philipp Emanuel Bach Spannende Erst-Wiederauff\u00fchrung der Hamburger B\u00fcrgerkapit\u00e4nsmusik 1780 von C.P.E. Bach und der Altonaer \u201eJubel Music\u201c 1760 von G.P. Telemann aus den Best\u00e4nden der Staats- und Universit\u00e4tsbibliothek Hamburg. Beide Werke sind hochkar\u00e4tige Kompositionen,\u2026","rel":"","context":"In &quot;Ausstellungen und Veranstaltungen&quot;","block_context":{"text":"Ausstellungen und Veranstaltungen","link":"https:\/\/blog.sub.uni-hamburg.de\/?cat=9"},"img":{"alt_text":"","src":"https:\/\/i0.wp.com\/blog.sub.uni-hamburg.de\/wp-content\/uploads\/2014\/02\/Barock-14-c-120x150.jpg?resize=350%2C200&ssl=1","width":350,"height":200,"srcset":"https:\/\/i0.wp.com\/blog.sub.uni-hamburg.de\/wp-content\/uploads\/2014\/02\/Barock-14-c-120x150.jpg?resize=350%2C200&ssl=1 1x, https:\/\/i0.wp.com\/blog.sub.uni-hamburg.de\/wp-content\/uploads\/2014\/02\/Barock-14-c-120x150.jpg?resize=525%2C300&ssl=1 1.5x"},"classes":[]},{"id":24473,"url":"https:\/\/blog.sub.uni-hamburg.de\/?p=24473","url_meta":{"origin":33840,"position":2},"title":"Konzerte von barockwerk hamburg: \u201ePolydorus\u201c (14.\/15.3.)","author":"Markus Trapp","date":"05-03-18","format":false,"excerpt":"\u201ePolydorus\u201c \u2013 Erstwiederauff\u00fchrung einer Barockoper von Carl Heinrich Graun (1704\u20131759) Mittwoch, 14. M\u00e4rz 2018, 19 Uhr und Donnerstag, 15. M\u00e4rz 2018, 19 Uhr. Das f\u00fcr seine au\u00dfergew\u00f6hnlichen Projekte und Programme bekannte Ensemble barockwerk hamburg setzt die Konzertreihe im Lichthof mit der Erstwiederauff\u00fchrung der Oper \u201ePolydorus\u201c von Carl Heinrich Graun fort.\u2026","rel":"","context":"In &quot;Ausstellungen und Veranstaltungen&quot;","block_context":{"text":"Ausstellungen und Veranstaltungen","link":"https:\/\/blog.sub.uni-hamburg.de\/?cat=9"},"img":{"alt_text":"barockwerk hamburg im Lichthof der Stabi","src":"https:\/\/i0.wp.com\/blog.sub.uni-hamburg.de\/wp-content\/uploads\/2018\/03\/barockwerk-Lichthof-glaenzt.jpg?resize=350%2C200&ssl=1","width":350,"height":200,"srcset":"https:\/\/i0.wp.com\/blog.sub.uni-hamburg.de\/wp-content\/uploads\/2018\/03\/barockwerk-Lichthof-glaenzt.jpg?resize=350%2C200&ssl=1 1x, https:\/\/i0.wp.com\/blog.sub.uni-hamburg.de\/wp-content\/uploads\/2018\/03\/barockwerk-Lichthof-glaenzt.jpg?resize=525%2C300&ssl=1 1.5x"},"classes":[]},{"id":11495,"url":"https:\/\/blog.sub.uni-hamburg.de\/?p=11495","url_meta":{"origin":33840,"position":3},"title":"Nachbetrachtung zum Konzert des barockwerk hamburg","author":"Markus Trapp","date":"24-04-13","format":false,"excerpt":"Vor einem Monat fanden im Lichthof der Stabi wieder zwei Konzertabende des Ensembles barockwerk hamburg statt, die unter dem Titel \u00abDer verlorene und wiedergefundene Amor\u00bb Werke von Mattheson und Telemann zur Auff\u00fchrung brachten. Auch wenn eine Betrachtung von Fotos und Videoaufnahmen das Live-Erlebnis nicht ersetzen kann, m\u00f6chten wir Ihnen dennoch\u2026","rel":"","context":"In &quot;Ausstellungen und Veranstaltungen&quot;","block_context":{"text":"Ausstellungen und Veranstaltungen","link":"https:\/\/blog.sub.uni-hamburg.de\/?cat=9"},"img":{"alt_text":"","src":"https:\/\/i0.wp.com\/blog.sub.uni-hamburg.de\/wp-content\/uploads\/2013\/04\/barockwerkhh-2013.jpg?resize=350%2C200&ssl=1","width":350,"height":200,"srcset":"https:\/\/i0.wp.com\/blog.sub.uni-hamburg.de\/wp-content\/uploads\/2013\/04\/barockwerkhh-2013.jpg?resize=350%2C200&ssl=1 1x, https:\/\/i0.wp.com\/blog.sub.uni-hamburg.de\/wp-content\/uploads\/2013\/04\/barockwerkhh-2013.jpg?resize=525%2C300&ssl=1 1.5x"},"classes":[]},{"id":26774,"url":"https:\/\/blog.sub.uni-hamburg.de\/?p=26774","url_meta":{"origin":33840,"position":4},"title":"barockwerk hamburg: \u201eJason oder die Eroberung des goldenen Vlie\u00dfes\u201c (20.\/21.3.)","author":"Markus Trapp","date":"12-03-19","format":false,"excerpt":"Erst-Wiederauff\u00fchrung einer Hamburger Barockoper von Georg Caspar Sch\u00fcrmann (1672\/73-1751). Der Mythos vom Goldenen Vlies \u2013 eine alte Geschichte im barocken Gewand.Verstaubt? Nein, entstaubt! Liebe und Lebensgefahr, Zauber und Komik, Mystik und g\u00f6ttliche Einmischung, alles musikalisch vom Komponisten Georg Caspar Sch\u00fcrmann ergreifend untermalt, erwartet den Zuh\u00f6rer in der konzertanten Auff\u00fchrung der\u2026","rel":"","context":"In &quot;Ausstellungen und Veranstaltungen&quot;","block_context":{"text":"Ausstellungen und Veranstaltungen","link":"https:\/\/blog.sub.uni-hamburg.de\/?cat=9"},"img":{"alt_text":"","src":"https:\/\/i0.wp.com\/blog.sub.uni-hamburg.de\/wp-content\/uploads\/2019\/03\/Applaus-Polydorus-barockwerk-2018.-Lichthof-kl.jpg?resize=350%2C200&ssl=1","width":350,"height":200,"srcset":"https:\/\/i0.wp.com\/blog.sub.uni-hamburg.de\/wp-content\/uploads\/2019\/03\/Applaus-Polydorus-barockwerk-2018.-Lichthof-kl.jpg?resize=350%2C200&ssl=1 1x, https:\/\/i0.wp.com\/blog.sub.uni-hamburg.de\/wp-content\/uploads\/2019\/03\/Applaus-Polydorus-barockwerk-2018.-Lichthof-kl.jpg?resize=525%2C300&ssl=1 1.5x"},"classes":[]},{"id":30845,"url":"https:\/\/blog.sub.uni-hamburg.de\/?p=30845","url_meta":{"origin":33840,"position":5},"title":"\u201eIphigenia in Aulis\u201c \u2013 Erst-Wiederauff\u00fchrung einer Barockoper von Carl Heinrich Graun (1704-1759)","author":"Markus Trapp","date":"04-03-21","format":false,"excerpt":"Ein Streaming-Konzert des Ensembles barockwerk hamburg in Kooperation mit der Staats- und Universit\u00e4tsbibliothek Hamburg Carl von Ossietzky aus der Christuskirche Othmarschen. Donnerstag, 18. M\u00e4rz 2021, Beginn 20.30 Uhr (Programmheft). Das Ensemble barockwerk hamburg ist f\u00fcr seine au\u00dfergew\u00f6hnlichen Projekte und eindr\u00fccklichen Programme bekannt. Insbesondere die Wieder-Auff\u00fchrung von bisher unver\u00f6ffentlichten Werken der\u2026","rel":"","context":"In &quot;Ausstellungen und Veranstaltungen&quot;","block_context":{"text":"Ausstellungen und Veranstaltungen","link":"https:\/\/blog.sub.uni-hamburg.de\/?cat=9"},"img":{"alt_text":"Ensemble barockwerk hamburg in der Christuskirche. Foto: Peter Hundert","src":"https:\/\/i0.wp.com\/blog.sub.uni-hamburg.de\/wp-content\/uploads\/2021\/03\/Barockwerk_Christuskirche-2019_credit-Peter-Hundert.jpg?resize=350%2C200&ssl=1","width":350,"height":200,"srcset":"https:\/\/i0.wp.com\/blog.sub.uni-hamburg.de\/wp-content\/uploads\/2021\/03\/Barockwerk_Christuskirche-2019_credit-Peter-Hundert.jpg?resize=350%2C200&ssl=1 1x, https:\/\/i0.wp.com\/blog.sub.uni-hamburg.de\/wp-content\/uploads\/2021\/03\/Barockwerk_Christuskirche-2019_credit-Peter-Hundert.jpg?resize=525%2C300&ssl=1 1.5x"},"classes":[]}],"jetpack_sharing_enabled":true,"_links":{"self":[{"href":"https:\/\/blog.sub.uni-hamburg.de\/index.php?rest_route=\/wp\/v2\/posts\/33840","targetHints":{"allow":["GET"]}}],"collection":[{"href":"https:\/\/blog.sub.uni-hamburg.de\/index.php?rest_route=\/wp\/v2\/posts"}],"about":[{"href":"https:\/\/blog.sub.uni-hamburg.de\/index.php?rest_route=\/wp\/v2\/types\/post"}],"author":[{"embeddable":true,"href":"https:\/\/blog.sub.uni-hamburg.de\/index.php?rest_route=\/wp\/v2\/users\/19"}],"replies":[{"embeddable":true,"href":"https:\/\/blog.sub.uni-hamburg.de\/index.php?rest_route=%2Fwp%2Fv2%2Fcomments&post=33840"}],"version-history":[{"count":6,"href":"https:\/\/blog.sub.uni-hamburg.de\/index.php?rest_route=\/wp\/v2\/posts\/33840\/revisions"}],"predecessor-version":[{"id":33850,"href":"https:\/\/blog.sub.uni-hamburg.de\/index.php?rest_route=\/wp\/v2\/posts\/33840\/revisions\/33850"}],"wp:attachment":[{"href":"https:\/\/blog.sub.uni-hamburg.de\/index.php?rest_route=%2Fwp%2Fv2%2Fmedia&parent=33840"}],"wp:term":[{"taxonomy":"category","embeddable":true,"href":"https:\/\/blog.sub.uni-hamburg.de\/index.php?rest_route=%2Fwp%2Fv2%2Fcategories&post=33840"},{"taxonomy":"post_tag","embeddable":true,"href":"https:\/\/blog.sub.uni-hamburg.de\/index.php?rest_route=%2Fwp%2Fv2%2Ftags&post=33840"}],"curies":[{"name":"wp","href":"https:\/\/api.w.org\/{rel}","templated":true}]}}