{"id":33789,"date":"2022-07-25T17:33:48","date_gmt":"2022-07-25T15:33:48","guid":{"rendered":"https:\/\/blog.sub.uni-hamburg.de\/?p=33789"},"modified":"2022-08-02T10:43:53","modified_gmt":"2022-08-02T08:43:53","slug":"eroeffnung-der-ausstellung-zum-ns-raubgut-forschungsprojekt-in-den-sondersammlungen-der-stabi","status":"publish","type":"post","link":"https:\/\/blog.sub.uni-hamburg.de\/?p=33789","title":{"rendered":"Er\u00f6ffnung der Ausstellung zum NS-Raubgut Forschungsprojekt in den Sondersammlungen der Stabi"},"content":{"rendered":"<p>Von Wiebke von Deylen.<\/p>\n<div style=\"float: right; padding-right:0px; margin-left:25px; margin-bottom:25px;\"> <div id=\"attachment_33790\" style=\"width: 260px\" class=\"wp-caption alignnone\"><a href=\"https:\/\/blog.sub.uni-hamburg.de\/wp-content\/uploads\/2022\/07\/Eigenbrodt-Grusswort.jpg\"><img loading=\"lazy\" decoding=\"async\" aria-describedby=\"caption-attachment-33790\" data-attachment-id=\"33790\" data-permalink=\"https:\/\/blog.sub.uni-hamburg.de\/?attachment_id=33790\" data-orig-file=\"https:\/\/blog.sub.uni-hamburg.de\/wp-content\/uploads\/2022\/07\/Eigenbrodt-Grusswort-kl.jpg\" data-orig-size=\"250,347\" data-comments-opened=\"1\" data-image-meta=\"{&quot;aperture&quot;:&quot;0&quot;,&quot;credit&quot;:&quot;&quot;,&quot;camera&quot;:&quot;&quot;,&quot;caption&quot;:&quot;&quot;,&quot;created_timestamp&quot;:&quot;0&quot;,&quot;copyright&quot;:&quot;&quot;,&quot;focal_length&quot;:&quot;0&quot;,&quot;iso&quot;:&quot;0&quot;,&quot;shutter_speed&quot;:&quot;0&quot;,&quot;title&quot;:&quot;&quot;,&quot;orientation&quot;:&quot;0&quot;}\" data-image-title=\"Eigenbrodt-Grusswort-kl\" data-image-description=\"\" data-image-caption=\"&lt;p&gt;Stellvertretender Direktor Olaf Eigenbrodt&lt;\/p&gt;\n\" data-large-file=\"https:\/\/blog.sub.uni-hamburg.de\/wp-content\/uploads\/2022\/07\/Eigenbrodt-Grusswort-kl.jpg\" src=\"https:\/\/blog.sub.uni-hamburg.de\/wp-content\/uploads\/2022\/07\/Eigenbrodt-Grusswort-kl.jpg\" alt=\"\" width=\"250\" height=\"347\" class=\"size-full wp-image-33790\" srcset=\"https:\/\/blog.sub.uni-hamburg.de\/wp-content\/uploads\/2022\/07\/Eigenbrodt-Grusswort-kl.jpg 250w, https:\/\/blog.sub.uni-hamburg.de\/wp-content\/uploads\/2022\/07\/Eigenbrodt-Grusswort-kl-216x300.jpg 216w, https:\/\/blog.sub.uni-hamburg.de\/wp-content\/uploads\/2022\/07\/Eigenbrodt-Grusswort-kl-108x150.jpg 108w\" sizes=\"auto, (max-width: 250px) 100vw, 250px\" \/><\/a><p id=\"caption-attachment-33790\" class=\"wp-caption-text\"><\/p>\n<div style=\"font-size: 12px; line-height: 1.2; margin-bottom:0;\"> Stellvertretender Direktor Olaf Eigenbrodt<\/div>\n<p><\/p><\/div> <\/p><\/div>\n<p> Am 19. Juli wurde die Ausstellung <em>\u201e<a href=\"https:\/\/blog.sub.uni-hamburg.de\/?p=33628\">Sehr erfreuliche Vermehrungen<\/a>\u201c. Zur Suche nach NS-Raubgut in den Sondersammlungen der Staats-und Universit\u00e4tsbibliothek Hamburg<\/em> mit einer Abendveranstaltung er\u00f6ffnet. Die bis zum 22.09.2022 laufende Ausstellung zeigt erste Ergebnisse eines vom <a href=\"https:\/\/www.kulturgutverluste.de\/Webs\/DE\/Start\/Index.html\">Deutschen Zentrum Kulturgutverluste<\/a> gef\u00f6rderten Forschungsprojekts. <\/p>\n<div style=\"float: left; padding-left:0px; margin-right:25px; margin-bottom:25px;\"> <div id=\"attachment_33798\" style=\"width: 260px\" class=\"wp-caption alignleft\"><a href=\"https:\/\/blog.sub.uni-hamburg.de\/wp-content\/uploads\/2022\/07\/Vortrag-AnnekeDeRudder-gr.jpg\"><img loading=\"lazy\" decoding=\"async\" aria-describedby=\"caption-attachment-33798\" data-attachment-id=\"33798\" data-permalink=\"https:\/\/blog.sub.uni-hamburg.de\/?attachment_id=33798\" data-orig-file=\"https:\/\/blog.sub.uni-hamburg.de\/wp-content\/uploads\/2022\/07\/Vortrag-AnnekeDeRudder-gr.jpg\" data-orig-size=\"1536,2048\" data-comments-opened=\"1\" data-image-meta=\"{&quot;aperture&quot;:&quot;0&quot;,&quot;credit&quot;:&quot;&quot;,&quot;camera&quot;:&quot;&quot;,&quot;caption&quot;:&quot;&quot;,&quot;created_timestamp&quot;:&quot;0&quot;,&quot;copyright&quot;:&quot;&quot;,&quot;focal_length&quot;:&quot;0&quot;,&quot;iso&quot;:&quot;0&quot;,&quot;shutter_speed&quot;:&quot;0&quot;,&quot;title&quot;:&quot;&quot;,&quot;orientation&quot;:&quot;0&quot;}\" data-image-title=\"Vortrag-AnnekeDeRudder-gr\" data-image-description=\"\" data-image-caption=\"&lt;p&gt;Anneke de Rudder&lt;\/p&gt;\n\" data-large-file=\"https:\/\/blog.sub.uni-hamburg.de\/wp-content\/uploads\/2022\/07\/Vortrag-AnnekeDeRudder-gr-768x1024.jpg\" src=\"https:\/\/blog.sub.uni-hamburg.de\/wp-content\/uploads\/2022\/07\/Vortrag-AnnekeDeRudder.jpg\" alt=\"\" width=\"250\" height=\"327\" class=\"size-full wp-image-33798\" \/><\/a><p id=\"caption-attachment-33798\" class=\"wp-caption-text\"><\/p>\n<div style=\"font-size: 12px; line-height: 1.2; margin-bottom:0;\"> Kuratorin Anneke de Rudder<\/div>\n<p><\/p><\/div> <\/p><\/div>\n<p> Im ihrem einleitenden Vortrag erl\u00e4uterte Anneke de Rudder, Provenienzforscherin im Projekt und Kuratorin der Ausstellung u.a. ihre Vorgehensweise zur Aufarbeitung ungekl\u00e4rter Zug\u00e4nge von Autographen bekannter Schriftsteller und von anderen wertvollen Materialien w\u00e4hrend der NS-Zeit. Im Mittelpunkt ihrer Ausf\u00fchrungen standen dann die vom NS-System Beraubten und ihre Sammlungen. Anneke de Rudder verdeutlichte in ihrem beeindruckenden Vortrag, wie eng die nach 1933 zunehmend Entrechteten und Verfolgten in den ersten drei Jahrzehnten des 20. Jahrhunderts als hoch angesehene Mitglieder in Literaturzirkel und Bibliophilenvereinigungen eingebunden waren. Durch eingeschobene Lesungen aus Originaldokumenten kamen die Betroffenen und ihre Nachkommen ebenfalls zu Wort.<br \/>\n<!--more--><\/p>\n<div id=\"attachment_33803\" style=\"width: 660px\" class=\"wp-caption aligncenter\"><a href=\"https:\/\/blog.sub.uni-hamburg.de\/wp-content\/uploads\/2022\/07\/Lesung-Detail-gr.jpg\"><img loading=\"lazy\" decoding=\"async\" aria-describedby=\"caption-attachment-33803\" data-attachment-id=\"33803\" data-permalink=\"https:\/\/blog.sub.uni-hamburg.de\/?attachment_id=33803\" data-orig-file=\"https:\/\/blog.sub.uni-hamburg.de\/wp-content\/uploads\/2022\/07\/Lesung-Detail.jpg\" data-orig-size=\"650,550\" data-comments-opened=\"1\" data-image-meta=\"{&quot;aperture&quot;:&quot;0&quot;,&quot;credit&quot;:&quot;&quot;,&quot;camera&quot;:&quot;&quot;,&quot;caption&quot;:&quot;&quot;,&quot;created_timestamp&quot;:&quot;0&quot;,&quot;copyright&quot;:&quot;&quot;,&quot;focal_length&quot;:&quot;0&quot;,&quot;iso&quot;:&quot;0&quot;,&quot;shutter_speed&quot;:&quot;0&quot;,&quot;title&quot;:&quot;&quot;,&quot;orientation&quot;:&quot;0&quot;}\" data-image-title=\"Lesung-Detail\" data-image-description=\"\" data-image-caption=\"&lt;p&gt;KU&lt;\/p&gt;\n\" data-large-file=\"https:\/\/blog.sub.uni-hamburg.de\/wp-content\/uploads\/2022\/07\/Lesung-Detail.jpg\" src=\"https:\/\/blog.sub.uni-hamburg.de\/wp-content\/uploads\/2022\/07\/Lesung-Detail.jpg\" alt=\"\" width=\"650\" height=\"550\" class=\"size-full wp-image-33803\" srcset=\"https:\/\/blog.sub.uni-hamburg.de\/wp-content\/uploads\/2022\/07\/Lesung-Detail.jpg 650w, https:\/\/blog.sub.uni-hamburg.de\/wp-content\/uploads\/2022\/07\/Lesung-Detail-300x254.jpg 300w, https:\/\/blog.sub.uni-hamburg.de\/wp-content\/uploads\/2022\/07\/Lesung-Detail-150x127.jpg 150w\" sizes=\"auto, (max-width: 650px) 100vw, 650px\" \/><\/a><p id=\"caption-attachment-33803\" class=\"wp-caption-text\"><\/p>\n<div style=\"font-size: 12px; line-height: 1.2; margin-bottom:0;\"> Dr. Konstantin Ulmer und Marie Panten <\/div>\n<p><\/p><\/div>\n<p>Vorgetragen wurden die bewegenden Texte, die auch die erschreckend k\u00fchle B\u00fcrokratie der Nachkriegszeit offenlegen, von Dr. Konstantin Ulmer, dem Leiter der \u00d6ffentlichkeitsarbeit und von Marie Panten, der studentischen Hilfskraft der Arbeitsstelle Provenienzforschung \u2013 NS-Raubgut der Stabi. In den Dokumenten wurde u.a. der Literaturwissenschaftler und Autor Heinrich Spiero erw\u00e4hnt, der in der NS-Zeit als Jude verfolgt wurde. Der stellvertretender Direktor Olaf Eigenbrodt konnte in seinen einleitenden Worten zur Er\u00f6ffnung auch eine Erbin Spieros begr\u00fc\u00dfen. In der Finissage der Ausstellung am 22. September wird Heinrich Spiero dann ganz im Zentrum der Veranstaltung stehen.<\/p>\n<div id=\"attachment_33806\" style=\"width: 660px\" class=\"wp-caption aligncenter\"><a href=\"https:\/\/blog.sub.uni-hamburg.de\/wp-content\/uploads\/2022\/07\/hintergrundbild.jpg\"><img loading=\"lazy\" decoding=\"async\" aria-describedby=\"caption-attachment-33806\" data-attachment-id=\"33806\" data-permalink=\"https:\/\/blog.sub.uni-hamburg.de\/?attachment_id=33806\" data-orig-file=\"https:\/\/blog.sub.uni-hamburg.de\/wp-content\/uploads\/2022\/07\/hintergrundbild-kl.jpg\" data-orig-size=\"650,352\" data-comments-opened=\"1\" data-image-meta=\"{&quot;aperture&quot;:&quot;0&quot;,&quot;credit&quot;:&quot;&quot;,&quot;camera&quot;:&quot;&quot;,&quot;caption&quot;:&quot;&quot;,&quot;created_timestamp&quot;:&quot;0&quot;,&quot;copyright&quot;:&quot;&quot;,&quot;focal_length&quot;:&quot;0&quot;,&quot;iso&quot;:&quot;0&quot;,&quot;shutter_speed&quot;:&quot;0&quot;,&quot;title&quot;:&quot;&quot;,&quot;orientation&quot;:&quot;0&quot;}\" data-image-title=\"hintergrundbild-kl\" data-image-description=\"\" data-image-caption=\"&lt;p&gt;Hintergrundbild der Pr\u00e4sentation&lt;\/p&gt;\n\" data-large-file=\"https:\/\/blog.sub.uni-hamburg.de\/wp-content\/uploads\/2022\/07\/hintergrundbild-kl.jpg\" src=\"https:\/\/blog.sub.uni-hamburg.de\/wp-content\/uploads\/2022\/07\/hintergrundbild-kl.jpg\" alt=\"\" width=\"650\" height=\"352\" class=\"size-full wp-image-33806\" srcset=\"https:\/\/blog.sub.uni-hamburg.de\/wp-content\/uploads\/2022\/07\/hintergrundbild-kl.jpg 650w, https:\/\/blog.sub.uni-hamburg.de\/wp-content\/uploads\/2022\/07\/hintergrundbild-kl-300x162.jpg 300w, https:\/\/blog.sub.uni-hamburg.de\/wp-content\/uploads\/2022\/07\/hintergrundbild-kl-150x81.jpg 150w\" sizes=\"auto, (max-width: 650px) 100vw, 650px\" \/><\/a><p id=\"caption-attachment-33806\" class=\"wp-caption-text\"><\/p>\n<div style=\"font-size: 12px; line-height: 1.2; margin-bottom:0;\"> Hintergrundbild der Pr\u00e4sentation <\/div>\n<p><\/p><\/div>\n<p>Die Ausstellung ist bis zum 22.09.2022 im Ausstellungsraum der Stabi zu sehen, montags bis freitags von 9 bis 24 Uhr, am Wochenende von 10 bis 24 Uhr, der Eintritt ist frei. Am 15.09. bietet die Kuratorin um 17 Uhr eine \u00f6ffentliche F\u00fchrung durch Ausstellung an, die Finissage findet am 22.09. um 18 Uhr im Veranstaltungsraum der Stabi statt.<\/p>\n<div id=\"attachment_33802\" style=\"width: 660px\" class=\"wp-caption aligncenter\"><a href=\"https:\/\/blog.sub.uni-hamburg.de\/wp-content\/uploads\/2022\/07\/In-der-Ausstellung.jpg\"><img loading=\"lazy\" decoding=\"async\" aria-describedby=\"caption-attachment-33802\" data-attachment-id=\"33802\" data-permalink=\"https:\/\/blog.sub.uni-hamburg.de\/?attachment_id=33802\" data-orig-file=\"https:\/\/blog.sub.uni-hamburg.de\/wp-content\/uploads\/2022\/07\/In-der-Ausstellung-kl.jpg\" data-orig-size=\"650,488\" data-comments-opened=\"1\" data-image-meta=\"{&quot;aperture&quot;:&quot;0&quot;,&quot;credit&quot;:&quot;&quot;,&quot;camera&quot;:&quot;&quot;,&quot;caption&quot;:&quot;&quot;,&quot;created_timestamp&quot;:&quot;0&quot;,&quot;copyright&quot;:&quot;&quot;,&quot;focal_length&quot;:&quot;0&quot;,&quot;iso&quot;:&quot;0&quot;,&quot;shutter_speed&quot;:&quot;0&quot;,&quot;title&quot;:&quot;&quot;,&quot;orientation&quot;:&quot;0&quot;}\" data-image-title=\"In-der-Ausstellung-kl\" data-image-description=\"\" data-image-caption=\"&lt;p&gt;In der Ausstellung&lt;\/p&gt;\n\" data-large-file=\"https:\/\/blog.sub.uni-hamburg.de\/wp-content\/uploads\/2022\/07\/In-der-Ausstellung-kl.jpg\" src=\"https:\/\/blog.sub.uni-hamburg.de\/wp-content\/uploads\/2022\/07\/In-der-Ausstellung-kl.jpg\" alt=\"\" width=\"650\" height=\"488\" class=\"size-full wp-image-33802\" srcset=\"https:\/\/blog.sub.uni-hamburg.de\/wp-content\/uploads\/2022\/07\/In-der-Ausstellung-kl.jpg 650w, https:\/\/blog.sub.uni-hamburg.de\/wp-content\/uploads\/2022\/07\/In-der-Ausstellung-kl-300x225.jpg 300w, https:\/\/blog.sub.uni-hamburg.de\/wp-content\/uploads\/2022\/07\/In-der-Ausstellung-kl-150x113.jpg 150w\" sizes=\"auto, (max-width: 650px) 100vw, 650px\" \/><\/a><p id=\"caption-attachment-33802\" class=\"wp-caption-text\"><\/p>\n<div style=\"font-size: 12px; line-height: 1.2; margin-bottom:0;\"> In der Ausstellung <\/div>\n<p><\/p><\/div>\n","protected":false},"excerpt":{"rendered":"<p>Von Wiebke von Deylen. Am 19. Juli wurde die Ausstellung \u201eSehr erfreuliche Vermehrungen\u201c. Zur Suche nach NS-Raubgut in den Sondersammlungen der Staats-und Universit\u00e4tsbibliothek Hamburg mit einer Abendveranstaltung er\u00f6ffnet. Die bis zum 22.09.2022 laufende Ausstellung zeigt erste Ergebnisse eines vom Deutschen Zentrum Kulturgutverluste gef\u00f6rderten Forschungsprojekts. Im ihrem einleitenden Vortrag erl\u00e4uterte Anneke de Rudder, Provenienzforscherin im Projekt [&hellip;]<\/p>\n","protected":false},"author":38,"featured_media":0,"comment_status":"open","ping_status":"open","sticky":false,"template":"","format":"standard","meta":{"jetpack_post_was_ever_published":false,"_jetpack_newsletter_access":"","_jetpack_dont_email_post_to_subs":false,"_jetpack_newsletter_tier_id":0,"_jetpack_memberships_contains_paywalled_content":false,"_jetpack_memberships_contains_paid_content":false,"footnotes":"","jetpack_publicize_message":"","jetpack_publicize_feature_enabled":true,"jetpack_social_post_already_shared":true,"jetpack_social_options":{"image_generator_settings":{"template":"highway","default_image_id":0,"font":"","enabled":false},"version":2}},"categories":[1,9],"tags":[102],"class_list":["post-33789","post","type-post","status-publish","format-standard","hentry","category-1","category-ausstellungen","tag-nsraubgut"],"views":2450,"jetpack_publicize_connections":[],"jetpack_featured_media_url":"","jetpack_shortlink":"https:\/\/wp.me\/p7hfNR-8MZ","jetpack-related-posts":[{"id":29702,"url":"https:\/\/blog.sub.uni-hamburg.de\/?p=29702","url_meta":{"origin":33789,"position":0},"title":"Start der zweiten Phase des Projekts \u201eNS-Raubgut in den Sondersammlungen\u201c","author":"Redaktion","date":"29-07-20","format":false,"excerpt":"Von Anneke de Rudder. Gute Neuigkeiten f\u00fcr die Stabi: Das Forschungsprojekt zu NS-Raubgut in den Sondersammlungen der Bibliothek startet am 1. August 2020 in seine zweite Projektphase! Das Deutsche Zentrum Kulturgutverluste hat im Fr\u00fchjahr den Antrag der Bibliothek bewilligt, die Provenienzforschung zu Manuskripten, Portr\u00e4ts, seltenen B\u00fcchern und anderen Sondermaterialien bis\u2026","rel":"","context":"In &quot;Aktuelles&quot;","block_context":{"text":"Aktuelles","link":"https:\/\/blog.sub.uni-hamburg.de\/?cat=1"},"img":{"alt_text":"","src":"https:\/\/i0.wp.com\/blog.sub.uni-hamburg.de\/wp-content\/uploads\/2020\/07\/DZK_Logo_farbe_rand.jpg?resize=350%2C200&ssl=1","width":350,"height":200},"classes":[]},{"id":25417,"url":"https:\/\/blog.sub.uni-hamburg.de\/?p=25417","url_meta":{"origin":33789,"position":1},"title":"Neues Forschungsprojekt der Arbeitsstelle Provenienzforschung","author":"Redaktion","date":"06-08-18","format":false,"excerpt":"Von Anneke de Rudder. Seit dem 1. August 2018 gibt es ein neues Drittmittelprojekt zur Provenienzforschung: \u201eNS-Raubgut in den Sondersammlungen der Staats- und Universit\u00e4tsbibliothek Hamburg Carl von Ossietzky\u201c. Es wird gef\u00f6rdert vom Deutschen Zentrum Kulturgutverluste (DZK), das Bibliotheken und Museen dabei unterst\u00fctzt, ihre Sammlungen auf NS-Raubgut hin zu \u00fcberpr\u00fcfen. Schon\u2026","rel":"","context":"In &quot;Aktuelles&quot;","block_context":{"text":"Aktuelles","link":"https:\/\/blog.sub.uni-hamburg.de\/?cat=1"},"img":{"alt_text":"Deutsches Zentrum Kulturgutverluste (DZK)","src":"https:\/\/i0.wp.com\/blog.sub.uni-hamburg.de\/wp-content\/uploads\/2018\/08\/dzk-400.jpg?resize=350%2C200&ssl=1","width":350,"height":200},"classes":[]},{"id":39950,"url":"https:\/\/blog.sub.uni-hamburg.de\/?p=39950","url_meta":{"origin":33789,"position":2},"title":"Zum Tag der Provenienzforschung 2025: \u201eBemerkenswerte Erwerbungen und Vorg\u00e4nge\u201c &#8211; Zur Suche nach NS-Raubgut in den Sondersammlungen (7.4.)","author":"Markus Trapp","date":"28-03-25","format":false,"excerpt":"Vortrag von Anneke de Rudder, Montag, 7.4., 14 Uhr, Vortragsraum. Im letzten Jahr konnte an der Arbeitsstelle Provenienzforschung \u2013 NS-Raubgut der Staats- und Universit\u00e4tsbibliothek ein gr\u00f6\u00dferes Drittmittel-Projekt abgeschlossen werden: Von 2018 bis 2024 f\u00f6rderte das Deutsche Zentrum Kulturgutverluste unsere Recherchen zu NS-Raubgut in den Sondersammlungen. Aus Anlass des diesj\u00e4hrigen Tages\u2026","rel":"","context":"In &quot;Ausstellungen und Veranstaltungen&quot;","block_context":{"text":"Ausstellungen und Veranstaltungen","link":"https:\/\/blog.sub.uni-hamburg.de\/?cat=9"},"img":{"alt_text":"","src":"https:\/\/i0.wp.com\/blog.sub.uni-hamburg.de\/wp-content\/uploads\/2025\/04\/startfolie-tdpf2025.jpg?resize=350%2C200&ssl=1","width":350,"height":200,"srcset":"https:\/\/i0.wp.com\/blog.sub.uni-hamburg.de\/wp-content\/uploads\/2025\/04\/startfolie-tdpf2025.jpg?resize=350%2C200&ssl=1 1x, https:\/\/i0.wp.com\/blog.sub.uni-hamburg.de\/wp-content\/uploads\/2025\/04\/startfolie-tdpf2025.jpg?resize=525%2C300&ssl=1 1.5x"},"classes":[]},{"id":33628,"url":"https:\/\/blog.sub.uni-hamburg.de\/?p=33628","url_meta":{"origin":33789,"position":3},"title":"\u201eSehr erfreuliche Vermehrungen\u201c. Zur Suche nach NS-Raubgut in den Sondersammlungen der SUB (20.7.-22.9.)","author":"Markus Trapp","date":"04-07-22","format":false,"excerpt":"\u201eSehr erfreuliche Vermehrungen\u201c \u2013 so beschrieb der damalige Bibliotheksdirektor Gustav Wahl 1942 eine Reihe von Erwerbungen f\u00fcr die Sondersammlungen, darunter eine gro\u00dfe Autographensammlung \u201eaus dem Besitz eines evakuierten Juden\u201c. Was verbarg sich hinter solchen Zug\u00e4ngen? Woher kamen die vielen Handschriften, alten Drucke und besonderen B\u00fccher, die in der NS-Zeit erworben\u2026","rel":"","context":"In &quot;Ausstellungen und Veranstaltungen&quot;","block_context":{"text":"Ausstellungen und Veranstaltungen","link":"https:\/\/blog.sub.uni-hamburg.de\/?cat=9"},"img":{"alt_text":"","src":"https:\/\/i0.wp.com\/blog.sub.uni-hamburg.de\/wp-content\/uploads\/2022\/07\/Exlibris-Otto-Elias-kl.jpg?resize=350%2C200&ssl=1","width":350,"height":200,"srcset":"https:\/\/i0.wp.com\/blog.sub.uni-hamburg.de\/wp-content\/uploads\/2022\/07\/Exlibris-Otto-Elias-kl.jpg?resize=350%2C200&ssl=1 1x, https:\/\/i0.wp.com\/blog.sub.uni-hamburg.de\/wp-content\/uploads\/2022\/07\/Exlibris-Otto-Elias-kl.jpg?resize=525%2C300&ssl=1 1.5x"},"classes":[]},{"id":32962,"url":"https:\/\/blog.sub.uni-hamburg.de\/?p=32962","url_meta":{"origin":33789,"position":4},"title":"\u201eEine \u00e4u\u00dferst willkommene Abrundung\u2026\u201c \u2013 zum 3. Tag der Provenienzforschung am 13. April 2022","author":"Redaktion","date":"13-04-22","format":false,"excerpt":"Von der Arbeitsstelle Provenienzforschung \u2013 NS-Raubgut. Am 13. April 2022 ist wieder Tag der Provenienzforschung, und die Stabi ist erneut dabei. Dieses Jahr mit einer von Anneke de Rudder erarbeiteten Online-Pr\u00e4sentation der Arbeitsstelle Provenienzforschung - NS-Raubgut zu den Briefen aus der Sammlung Heinrich Spiero. Sie zeigt, wie Teile der bedeutenden\u2026","rel":"","context":"In &quot;Ausstellungen und Veranstaltungen&quot;","block_context":{"text":"Ausstellungen und Veranstaltungen","link":"https:\/\/blog.sub.uni-hamburg.de\/?cat=9"},"img":{"alt_text":"Tag der Provenienzforschung","src":"https:\/\/i0.wp.com\/blog.sub.uni-hamburg.de\/wp-content\/uploads\/2022\/04\/Logo_TagDerProvenienzforschung.jpg?resize=350%2C200&ssl=1","width":350,"height":200,"srcset":"https:\/\/i0.wp.com\/blog.sub.uni-hamburg.de\/wp-content\/uploads\/2022\/04\/Logo_TagDerProvenienzforschung.jpg?resize=350%2C200&ssl=1 1x, https:\/\/i0.wp.com\/blog.sub.uni-hamburg.de\/wp-content\/uploads\/2022\/04\/Logo_TagDerProvenienzforschung.jpg?resize=525%2C300&ssl=1 1.5x"},"classes":[]},{"id":38877,"url":"https:\/\/blog.sub.uni-hamburg.de\/?p=38877","url_meta":{"origin":33789,"position":5},"title":"NS-Raubgut: Projektendspurt mit Online-Ausstellung und Workshop zu Antiquariatshandel","author":"Dr. Wiebke von Deylen","date":"14-10-24","format":false,"excerpt":"Das Projekt der Arbeitsstelle Provenienzforschung - NS-Raubgut zur Recherche nach verd\u00e4chtigen B\u00fcchern und wertvollen Einzelst\u00fccken in den Sondersammlungen der Stabi wurde \u00fcber mehrere Jahre vom Deutschen Zentrum Kulturgutverluste gef\u00f6rdert. Zum Abschluss haben wir noch einmal die Aspekte \u00d6ffentlichkeitsarbeit, Vernetzung und Verstetigung in den Fokus genommen. Dies sind zentrale Faktoren f\u00fcr\u2026","rel":"","context":"In &quot;Aktuelles&quot;","block_context":{"text":"Aktuelles","link":"https:\/\/blog.sub.uni-hamburg.de\/?cat=1"},"img":{"alt_text":"Online-Ausstellung 'Sehr erfreuliche Vermehrungen'","src":"https:\/\/i0.wp.com\/blog.sub.uni-hamburg.de\/wp-content\/uploads\/2024\/10\/vermehrungen-ausstellung-kl.jpg?resize=350%2C200&ssl=1","width":350,"height":200},"classes":[]}],"jetpack_sharing_enabled":true,"_links":{"self":[{"href":"https:\/\/blog.sub.uni-hamburg.de\/index.php?rest_route=\/wp\/v2\/posts\/33789","targetHints":{"allow":["GET"]}}],"collection":[{"href":"https:\/\/blog.sub.uni-hamburg.de\/index.php?rest_route=\/wp\/v2\/posts"}],"about":[{"href":"https:\/\/blog.sub.uni-hamburg.de\/index.php?rest_route=\/wp\/v2\/types\/post"}],"author":[{"embeddable":true,"href":"https:\/\/blog.sub.uni-hamburg.de\/index.php?rest_route=\/wp\/v2\/users\/38"}],"replies":[{"embeddable":true,"href":"https:\/\/blog.sub.uni-hamburg.de\/index.php?rest_route=%2Fwp%2Fv2%2Fcomments&post=33789"}],"version-history":[{"count":11,"href":"https:\/\/blog.sub.uni-hamburg.de\/index.php?rest_route=\/wp\/v2\/posts\/33789\/revisions"}],"predecessor-version":[{"id":33821,"href":"https:\/\/blog.sub.uni-hamburg.de\/index.php?rest_route=\/wp\/v2\/posts\/33789\/revisions\/33821"}],"wp:attachment":[{"href":"https:\/\/blog.sub.uni-hamburg.de\/index.php?rest_route=%2Fwp%2Fv2%2Fmedia&parent=33789"}],"wp:term":[{"taxonomy":"category","embeddable":true,"href":"https:\/\/blog.sub.uni-hamburg.de\/index.php?rest_route=%2Fwp%2Fv2%2Fcategories&post=33789"},{"taxonomy":"post_tag","embeddable":true,"href":"https:\/\/blog.sub.uni-hamburg.de\/index.php?rest_route=%2Fwp%2Fv2%2Ftags&post=33789"}],"curies":[{"name":"wp","href":"https:\/\/api.w.org\/{rel}","templated":true}]}}