{"id":3357,"date":"2010-10-20T13:01:25","date_gmt":"2010-10-20T11:01:25","guid":{"rendered":"http:\/\/www.sub.uni-hamburg.de\/blog\/?p=3357"},"modified":"2010-11-01T12:01:24","modified_gmt":"2010-11-01T10:01:24","slug":"netz-ohne-doppelten-boden-abschlussveranstaltung-von-treffpunkt-bibliothek-31-10","status":"publish","type":"post","link":"https:\/\/blog.sub.uni-hamburg.de\/?p=3357","title":{"rendered":"&#8220;Netz ohne doppelten Boden?&#8221; Abschlussveranstaltung von &#8220;Treffpunkt Bibliothek&#8221; (31.10.)"},"content":{"rendered":"<p>Die bundesweite Aktionswoche &#8220;Treffpunkt Bibliothek&#8221; wird am Sonntag, 31.10., ab 12 Uhr in den <a href=\"http:\/\/www.buecherhallen.de\/\">B\u00fccherhallen Hamburg<\/a>, Zentralbibliothek am H\u00fchnerposten 1, mit einer Podiumsdiskussion abgerundet:<\/p>\n<p><a href=\"https:\/\/blog.sub.uni-hamburg.de\/wp-content\/uploads\/2010\/10\/10-treffpunkt.pdf\">Netz  ohne doppelten Boden? Chancen und Risiken des Internets f\u00fcr Kinder und Jugendliche<br \/>\n<\/a><em>Begr\u00fc\u00dfung: <\/em>Hella Schwemer-Martien\u00dfen, Direktorin B\u00fccherhallen Hamburg<br \/>\n<em>Bilanz der Aktionswoche:<\/em> Monika Ziller, Vorstandsvorsitzende Deutscher Bibliotheksverband e.V. und Prof. Dr. Gabriele Beger, Direktorin der Staats- und Universit\u00e4tsbibliothek Hamburg<br \/>\n<em>Podiumsdiskussion<\/em>, moderiert von Dr. Ralf M\u00fcller-Schmid, DRadio Wissen. <em>Es diskutieren: Thomas Fuchs, <\/em>Direktor, Medienanstalt Hamburg Schleswig Holstein,<em> Christian Lenz, <\/em>Schulleiter, Kurt-K\u00f6rber-Gymnasium; vormals Landesinstitut f\u00fcr Lehrerbildung und Schulentwicklung, Referatsleiter Medienp\u00e4dagogik, <em>Aydan \u00d6zo?guz<\/em>, MdB (SPD), Mitglied im Ausschuss f\u00fcr Familie, Senioren, Frauen und Jugend mit Schwerpunkt: Jugendschutz und Neue Medien; Mitglied der Enquete-Komission Internet und digitale Gesellschaft, <em>Dr. Jan-Hinrik Schmidt,<\/em> wiss. Referent f\u00fcr digitale interaktive Medien und politische Kommunikation, Hans-Bredow-Institut, <em>Anna-Julia Simons<\/em>, Abiturientin, <em>Oke Simons,<\/em> Dipl.-Bibliothekar, Lektorat f\u00fcr Sch\u00f6ne Literatur und AV-Medien, B\u00fcchereizentrale Schleswig-Holstein, <em>Frida Thurm, <\/em>Redakteurin, ZEIT ONLINE, Lernplattform \u201eZEIT f\u00fcr die Schule\u201c.<\/p>\n<p>Die Veranstaltung wird von Tide TV aufgezeichnet und von DRadio Wissen <a href=\"http:\/\/wissen.dradio.de\/empfang.15.de.html\">live<\/a> \u00fcbertragen. Um p\u00fcnktliches Erscheinen wird gebeten.<\/p>\n<p>Im Rahmen der Veranstaltung wird das Internet- und Lernzentrum der B\u00fccherhallen Hamburg vorgestellt und es werden Lernangebote im Internet pr\u00e4sentiert: &#8220;ZEIT f\u00fcr die Schule&#8221; sowie Angebote der Medienanstalt Hamburg Schleswig-Holstein und der TU Harburg.<br \/>\n<em> Die Staats- und Universit\u00e4tsbibliothek stellt ihre Pr\u00e4senz in Social Media Networks vor.<\/em><\/p>\n","protected":false},"excerpt":{"rendered":"<p>Die bundesweite Aktionswoche &#8220;Treffpunkt Bibliothek&#8221; wird am Sonntag, 31.10., ab 12 Uhr in den B\u00fccherhallen Hamburg, Zentralbibliothek am H\u00fchnerposten 1, mit einer Podiumsdiskussion abgerundet: Netz ohne doppelten Boden? Chancen und Risiken des Internets f\u00fcr Kinder und Jugendliche Begr\u00fc\u00dfung: Hella Schwemer-Martien\u00dfen, Direktorin B\u00fccherhallen Hamburg Bilanz der Aktionswoche: Monika Ziller, Vorstandsvorsitzende Deutscher Bibliotheksverband e.V. und Prof. Dr. [&hellip;]<\/p>\n","protected":false},"author":5,"featured_media":0,"comment_status":"open","ping_status":"open","sticky":false,"template":"","format":"standard","meta":{"jetpack_post_was_ever_published":false,"_jetpack_newsletter_access":"","_jetpack_dont_email_post_to_subs":false,"_jetpack_newsletter_tier_id":0,"_jetpack_memberships_contains_paywalled_content":false,"_jetpack_memberships_contains_paid_content":false,"footnotes":"","jetpack_publicize_message":"","jetpack_publicize_feature_enabled":true,"jetpack_social_post_already_shared":false,"jetpack_social_options":{"image_generator_settings":{"template":"highway","default_image_id":0,"font":"","enabled":false},"version":2}},"categories":[9],"tags":[],"class_list":["post-3357","post","type-post","status-publish","format-standard","hentry","category-ausstellungen"],"views":5131,"jetpack_publicize_connections":[],"jetpack_featured_media_url":"","jetpack_shortlink":"https:\/\/wp.me\/p7hfNR-S9","jetpack-related-posts":[{"id":3494,"url":"https:\/\/blog.sub.uni-hamburg.de\/?p=3494","url_meta":{"origin":3357,"position":0},"title":"Abschlussveranstaltung Treffpunkt Bibliothek nun online","author":"Markus Trapp","date":"01-11-10","format":false,"excerpt":"Die gestrige bundesweite Abschlussveranstaltung der Aktionswoche Treffpunkt Bibliothek in den R\u00e4umlichkeiten der Zentralbibliothek der Hamburger B\u00fccherhallen bot neben einer kurzen R\u00fcckschau auf die zahlreichen Veranstaltungen im ganzen Land, dem Vorf\u00fchren von Best-Practise-Beispielen Hamburger Medienprojekte und Bibliotheken eine gut besetzte Podiumsdiskussion zum Thema \"Chancen und Risiken des Internets f\u00fcr Kinder und\u2026","rel":"","context":"In &quot;Aktuelles&quot;","block_context":{"text":"Aktuelles","link":"https:\/\/blog.sub.uni-hamburg.de\/?cat=1"},"img":{"alt_text":"","src":"https:\/\/i0.wp.com\/blog.sub.uni-hamburg.de\/wp-content\/uploads\/2010\/11\/be-sm-mzkl.jpg?resize=350%2C200&ssl=1","width":350,"height":200},"classes":[]},{"id":16815,"url":"https:\/\/blog.sub.uni-hamburg.de\/?p=16815","url_meta":{"origin":3357,"position":1},"title":"Podiumsdiskussion: Das Osmanische Reich im Ersten Weltkrieg (15.1.)","author":"Markus Trapp","date":"17-12-14","format":false,"excerpt":"Im Kontext der Ausstellung \u00abOsmanen in Hamburg\u00bb l\u00e4dt das das T\u00fcrkeiEuropaZentrum Hamburg (TEZ) zur Podiumsdiskussion in den Lichthof der Staatsbibliothek ein: Der Gro\u00dfe Krieg. Das Osmanische Reich im Ersten Weltkrieg Mit Prof. Dr. Fikret Adan\u0131r (Istanbul) Prof. Dr. Christian Gerlach (Bern) Prof. Dr. Oliver Janz (Berlin) Prof. Dr. Hans-Lukas Kieser\u2026","rel":"","context":"In &quot;Ausstellungen und Veranstaltungen&quot;","block_context":{"text":"Ausstellungen und Veranstaltungen","link":"https:\/\/blog.sub.uni-hamburg.de\/?cat=9"},"img":{"alt_text":"","src":"https:\/\/i0.wp.com\/blog.sub.uni-hamburg.de\/wp-content\/uploads\/2014\/12\/poddisk-osmanen-ww1.jpg?resize=350%2C200&ssl=1","width":350,"height":200,"srcset":"https:\/\/i0.wp.com\/blog.sub.uni-hamburg.de\/wp-content\/uploads\/2014\/12\/poddisk-osmanen-ww1.jpg?resize=350%2C200&ssl=1 1x, https:\/\/i0.wp.com\/blog.sub.uni-hamburg.de\/wp-content\/uploads\/2014\/12\/poddisk-osmanen-ww1.jpg?resize=525%2C300&ssl=1 1.5x"},"classes":[]},{"id":9271,"url":"https:\/\/blog.sub.uni-hamburg.de\/?p=9271","url_meta":{"origin":3357,"position":2},"title":"Aktionswoche &#8220;Treffpunkt Bibliothek&#8221; (24.-31.10.)","author":"MG","date":"09-10-12","format":false,"excerpt":"Anl\u00e4sslich der bundesweiten Aktionswoche \"Treffpunkt Bibliothek\" haben die Hamburger Bibliotheken wieder ein spannendes Programm zusammengestellt. Die zentrale Auftaktveranstaltung der Hamburger Bibliotheken ist die Ausstellungser\u00f6ffnung \"Die sch\u00f6nsten deutschen B\u00fccher\" in der Universit\u00e4tsbibliothek der Helmut-Schmidt-Universit\u00e4t am 24.10. um 18 Uhr. Die Stabi l\u00e4dt in der Aktionswoche zu folgenden Veranstaltungen ein: Donnerstag, 25.\u2026","rel":"","context":"In &quot;Ausstellungen und Veranstaltungen&quot;","block_context":{"text":"Ausstellungen und Veranstaltungen","link":"https:\/\/blog.sub.uni-hamburg.de\/?cat=9"},"img":{"alt_text":"Treffpunkt Bibliothek","src":"https:\/\/i0.wp.com\/blog.sub.uni-hamburg.de\/wp-content\/uploads\/2012\/10\/TB_logo_2012_blau-300x113.jpg?resize=350%2C200&ssl=1","width":350,"height":200},"classes":[]},{"id":8864,"url":"https:\/\/blog.sub.uni-hamburg.de\/?p=8864","url_meta":{"origin":3357,"position":3},"title":"Urheberrecht und Netzfreiheit &#8211; ein unl\u00f6sbarer Widerspruch? (19.9.)","author":"Markus Trapp","date":"30-08-12","format":false,"excerpt":"\u00d6ffentliche Podiumsdiskussion: Urheberrecht und Netzfreiheit - ein unl\u00f6sbarer Widerspruch? - Update: Berichte siehe am Ende des Artikels - Wie k\u00f6nnen Bezahl-Modelle f\u00fcr AutorInnen und FotografInnen aussehen, die praktikabel und f\u00fcr die UrheberInnen ausk\u00f6mmlich, gleichzeitig aber f\u00fcr die NutzerInnen bezahlbar sind? Die unterschiedlichen Positionen werden im Streitgespr\u00e4ch dargestellt und verschiedene L\u00f6sungsans\u00e4tze\u2026","rel":"","context":"In &quot;Ausstellungen und Veranstaltungen&quot;","block_context":{"text":"Ausstellungen und Veranstaltungen","link":"https:\/\/blog.sub.uni-hamburg.de\/?cat=9"},"img":{"alt_text":"Heinrich-B\u00f6ll-Stiftung","src":"https:\/\/i0.wp.com\/blog.sub.uni-hamburg.de\/wp-content\/uploads\/2011\/02\/umdenken_Logo.jpg?resize=350%2C200&ssl=1","width":350,"height":200},"classes":[]},{"id":18299,"url":"https:\/\/blog.sub.uni-hamburg.de\/?p=18299","url_meta":{"origin":3357,"position":4},"title":"Alumni-Podiumsdiskussion: \u201eF\u00fchrung im Unternehmen\u2026\u201c (24.9.)","author":"Markus Trapp","date":"03-09-15","format":false,"excerpt":"\u201eF\u00fchrung im Unternehmen \u2013 vom Patriarchen zum Team zur Realit\u00e4t 4.0\u201c In Zeiten immer komplexer werdender Arbeitswelten und des demografischen Wandels erh\u00e4lt die Personalf\u00fchrung und -entwicklung im Unternehmen immer mehr Bedeutung. Wie diese jetzt erfolgreich auf die Zukunft ausgerichtet und was im Rahmen der Ausbildung an Universit\u00e4ten geleistet werden kann\u2026","rel":"","context":"In &quot;Ausstellungen und Veranstaltungen&quot;","block_context":{"text":"Ausstellungen und Veranstaltungen","link":"https:\/\/blog.sub.uni-hamburg.de\/?cat=9"},"img":{"alt_text":"","src":"https:\/\/i0.wp.com\/blog.sub.uni-hamburg.de\/wp-content\/uploads\/2015\/09\/alumni-lichthof.jpg?resize=350%2C200&ssl=1","width":350,"height":200,"srcset":"https:\/\/i0.wp.com\/blog.sub.uni-hamburg.de\/wp-content\/uploads\/2015\/09\/alumni-lichthof.jpg?resize=350%2C200&ssl=1 1x, https:\/\/i0.wp.com\/blog.sub.uni-hamburg.de\/wp-content\/uploads\/2015\/09\/alumni-lichthof.jpg?resize=525%2C300&ssl=1 1.5x"},"classes":[]},{"id":26176,"url":"https:\/\/blog.sub.uni-hamburg.de\/?p=26176","url_meta":{"origin":3357,"position":5},"title":"Podiumsdiskussion und Finissage (19.11.)","author":"Markus Trapp","date":"08-11-18","format":false,"excerpt":"Visuelle Skepsis im \u00f6ffentlichen Raum - Der Umgang mit \u201ebelasteten\u201c Denkmalen. \u201e[...] unbequeme Denkmale, die an Tatsachen erinnern, die es besser nicht g\u00e4be, Teile eines Erbes, das niemand will und das doch nicht ausgeschlagen und nicht besch\u00f6nigt werden darf. Die Versuchung, sich solcher Erbst\u00fccke zum Beispiel der Verbesserung des Stadtbildes\u2026","rel":"","context":"In &quot;Ausstellungen und Veranstaltungen&quot;","block_context":{"text":"Ausstellungen und Veranstaltungen","link":"https:\/\/blog.sub.uni-hamburg.de\/?cat=9"},"img":{"alt_text":"Visuelle Skepsis im \u00f6ffentlichen Raum \u2013 Der Umgang mit 'belasteten' Denkmalen","src":"https:\/\/i0.wp.com\/blog.sub.uni-hamburg.de\/wp-content\/uploads\/2018\/08\/Plakat-Vis-Skept_web_kl.jpg?resize=350%2C200&ssl=1","width":350,"height":200},"classes":[]}],"jetpack_sharing_enabled":true,"_links":{"self":[{"href":"https:\/\/blog.sub.uni-hamburg.de\/index.php?rest_route=\/wp\/v2\/posts\/3357","targetHints":{"allow":["GET"]}}],"collection":[{"href":"https:\/\/blog.sub.uni-hamburg.de\/index.php?rest_route=\/wp\/v2\/posts"}],"about":[{"href":"https:\/\/blog.sub.uni-hamburg.de\/index.php?rest_route=\/wp\/v2\/types\/post"}],"author":[{"embeddable":true,"href":"https:\/\/blog.sub.uni-hamburg.de\/index.php?rest_route=\/wp\/v2\/users\/5"}],"replies":[{"embeddable":true,"href":"https:\/\/blog.sub.uni-hamburg.de\/index.php?rest_route=%2Fwp%2Fv2%2Fcomments&post=3357"}],"version-history":[{"count":6,"href":"https:\/\/blog.sub.uni-hamburg.de\/index.php?rest_route=\/wp\/v2\/posts\/3357\/revisions"}],"predecessor-version":[{"id":3535,"href":"https:\/\/blog.sub.uni-hamburg.de\/index.php?rest_route=\/wp\/v2\/posts\/3357\/revisions\/3535"}],"wp:attachment":[{"href":"https:\/\/blog.sub.uni-hamburg.de\/index.php?rest_route=%2Fwp%2Fv2%2Fmedia&parent=3357"}],"wp:term":[{"taxonomy":"category","embeddable":true,"href":"https:\/\/blog.sub.uni-hamburg.de\/index.php?rest_route=%2Fwp%2Fv2%2Fcategories&post=3357"},{"taxonomy":"post_tag","embeddable":true,"href":"https:\/\/blog.sub.uni-hamburg.de\/index.php?rest_route=%2Fwp%2Fv2%2Ftags&post=3357"}],"curies":[{"name":"wp","href":"https:\/\/api.w.org\/{rel}","templated":true}]}}