{"id":33068,"date":"2022-04-06T15:51:22","date_gmt":"2022-04-06T13:51:22","guid":{"rendered":"https:\/\/blog.sub.uni-hamburg.de\/?p=33068"},"modified":"2022-06-07T09:41:28","modified_gmt":"2022-06-07T07:41:28","slug":"ausstellung-wozu-die-utopie-max-frisch-und-helmut-schmidt-22-4-22-5","status":"publish","type":"post","link":"https:\/\/blog.sub.uni-hamburg.de\/?p=33068","title":{"rendered":"Ausstellung &#8220;Wozu die Utopie. Max Frisch und Helmut Schmidt&#8221; (22.4.-22.5.)"},"content":{"rendered":"<p><a href=\"https:\/\/blog.sub.uni-hamburg.de\/wp-content\/uploads\/2022\/04\/frisch-schmidt-plakat-gr.jpg\"><img loading=\"lazy\" decoding=\"async\" data-attachment-id=\"33084\" data-permalink=\"https:\/\/blog.sub.uni-hamburg.de\/?attachment_id=33084\" data-orig-file=\"https:\/\/blog.sub.uni-hamburg.de\/wp-content\/uploads\/2022\/04\/frisch-schmidt-plakat.jpg\" data-orig-size=\"350,495\" data-comments-opened=\"1\" data-image-meta=\"{&quot;aperture&quot;:&quot;0&quot;,&quot;credit&quot;:&quot;&quot;,&quot;camera&quot;:&quot;&quot;,&quot;caption&quot;:&quot;&quot;,&quot;created_timestamp&quot;:&quot;0&quot;,&quot;copyright&quot;:&quot;&quot;,&quot;focal_length&quot;:&quot;0&quot;,&quot;iso&quot;:&quot;0&quot;,&quot;shutter_speed&quot;:&quot;0&quot;,&quot;title&quot;:&quot;&quot;,&quot;orientation&quot;:&quot;0&quot;}\" data-image-title=\"frisch-schmidt-plakat\" data-image-description=\"\" data-image-caption=\"\" data-large-file=\"https:\/\/blog.sub.uni-hamburg.de\/wp-content\/uploads\/2022\/04\/frisch-schmidt-plakat.jpg\" class=\"alignright size-full wp-image-33084\" title=\"\" src=\"https:\/\/blog.sub.uni-hamburg.de\/wp-content\/uploads\/2022\/04\/frisch-schmidt-plakat.jpg\" alt=\"\" width=\"350\" height=\"495\" srcset=\"https:\/\/blog.sub.uni-hamburg.de\/wp-content\/uploads\/2022\/04\/frisch-schmidt-plakat.jpg 350w, https:\/\/blog.sub.uni-hamburg.de\/wp-content\/uploads\/2022\/04\/frisch-schmidt-plakat-212x300.jpg 212w, https:\/\/blog.sub.uni-hamburg.de\/wp-content\/uploads\/2022\/04\/frisch-schmidt-plakat-106x150.jpg 106w\" sizes=\"auto, (max-width: 350px) 100vw, 350px\" \/><\/a> Helmut Schmidt (1918-2015) gilt als durchsetzungsf\u00e4higer Realpolitiker, der die Bundesrepublik w\u00e4hrend seiner Amtszeit durch eine Reihe tiefgreifender Krisen steuerte. Der f\u00fcnfte deutsche Bundeskanzler und sp\u00e4tere Publizist lebte f\u00fcr die sachlich fundierte, kontroverse Debatte.<\/p>\n<p><img loading=\"lazy\" decoding=\"async\" data-attachment-id=\"33070\" data-permalink=\"https:\/\/blog.sub.uni-hamburg.de\/?attachment_id=33070\" data-orig-file=\"https:\/\/blog.sub.uni-hamburg.de\/wp-content\/uploads\/2022\/04\/Max-Frisch-mit-Pfeife.jpg\" data-orig-size=\"2000,1771\" data-comments-opened=\"1\" data-image-meta=\"{&quot;aperture&quot;:&quot;0&quot;,&quot;credit&quot;:&quot;picture alliance \/ ASSOCIATED PRESS&quot;,&quot;camera&quot;:&quot;&quot;,&quot;caption&quot;:&quot;Max Frisch, Swiss-born playwright whose \\&quot;Andorra\\&quot; will be presented in the U.S. for the first time Saturday night Feb. 9th. at the Biltmore Theatre. (AP-Photo) (Undatiert)&quot;,&quot;created_timestamp&quot;:&quot;0&quot;,&quot;copyright&quot;:&quot;picture alliance \/ ASSOCIATED PRESS&quot;,&quot;focal_length&quot;:&quot;0&quot;,&quot;iso&quot;:&quot;0&quot;,&quot;shutter_speed&quot;:&quot;0&quot;,&quot;title&quot;:&quot;Playwrighter Max Frisch&quot;,&quot;orientation&quot;:&quot;0&quot;}\" data-image-title=\"Playwrighter Max Frisch\" data-image-description=\"\" data-image-caption=\"&lt;p&gt;Max Frisch, Swiss-born playwright whose &amp;#8220;Andorra&amp;#8221; will be presented in the U.S. for the first time Saturday night Feb. 9th. at the Biltmore Theatre. (AP-Photo) (Undatiert)&lt;\/p&gt;\n\" data-large-file=\"https:\/\/blog.sub.uni-hamburg.de\/wp-content\/uploads\/2022\/04\/Max-Frisch-mit-Pfeife-1024x907.jpg\" class=\"alignleft size-medium wp-image-33070\" title=\" Max Frisch\" src=\"https:\/\/blog.sub.uni-hamburg.de\/wp-content\/uploads\/2022\/04\/Max-Frisch-mit-Pfeife-300x266.jpg\" alt=\" Max Frisch\" width=\"300\" height=\"266\" srcset=\"https:\/\/blog.sub.uni-hamburg.de\/wp-content\/uploads\/2022\/04\/Max-Frisch-mit-Pfeife-300x266.jpg 300w, https:\/\/blog.sub.uni-hamburg.de\/wp-content\/uploads\/2022\/04\/Max-Frisch-mit-Pfeife-1024x907.jpg 1024w, https:\/\/blog.sub.uni-hamburg.de\/wp-content\/uploads\/2022\/04\/Max-Frisch-mit-Pfeife-150x133.jpg 150w, https:\/\/blog.sub.uni-hamburg.de\/wp-content\/uploads\/2022\/04\/Max-Frisch-mit-Pfeife-768x680.jpg 768w, https:\/\/blog.sub.uni-hamburg.de\/wp-content\/uploads\/2022\/04\/Max-Frisch-mit-Pfeife-1536x1360.jpg 1536w, https:\/\/blog.sub.uni-hamburg.de\/wp-content\/uploads\/2022\/04\/Max-Frisch-mit-Pfeife.jpg 2000w\" sizes=\"auto, (max-width: 300px) 100vw, 300px\" \/> Ein\u00a0wichtiger Gespr\u00e4chspartner war der Schweizer Schriftsteller Max Frisch (1911-1991), der jenseits von tagespolitischen Sachzw\u00e4ngen, an der Schnittstelle von Poesie, Utopie und Engagement, seine Vorstellung von Gemeinwesen entwarf. Frisch begleitete den Kanzler 1975 auf dem ersten Staatsbesuch eines deutschen Regierungschefs nach China, folgte einer Einladung der SPD auf den Parteitag 1977 in Hamburg, und er war Teil einer Runde von Intellektuellen, mit der Schmidt im \u00bbDeutschen Herbst\u00ab \u00fcber die Ursachen des Terrorismus diskutierte.<\/p>\n<p><!--more--><\/p>\n<p>Die Ausstellung <em>Wozu die Utopie? Max Frisch und Helmut Schmidt<\/em> ist ein Kooperationsprojekt der Bundeskanzler-Helmut-Schmidt-Stiftung und des Max Frisch-Archivs. Die Ausstellung wird in der Staats- und Universit\u00e4tsbibliothek Hamburg und im Anschluss in der ETH-Bibliothek in Z\u00fcrich gezeigt. Sie zeichnet die Begegnungen von Helmut Schmidt und Max Frisch nach und bietet in doppelter Perspektive auf Deutschland und die Schweiz Einblicke in die Zeitgeschichte.<\/p>\n<p><img loading=\"lazy\" decoding=\"async\" data-attachment-id=\"33071\" data-permalink=\"https:\/\/blog.sub.uni-hamburg.de\/?attachment_id=33071\" data-orig-file=\"https:\/\/blog.sub.uni-hamburg.de\/wp-content\/uploads\/2022\/04\/Helmut-Schmidt-mit-Pfeife-scaled.jpg\" data-orig-size=\"1889,2560\" data-comments-opened=\"1\" data-image-meta=\"{&quot;aperture&quot;:&quot;0&quot;,&quot;credit&quot;:&quot;picture alliance \/ ZUMAPRESS.com&quot;,&quot;camera&quot;:&quot;&quot;,&quot;caption&quot;:&quot;1972 - Germany&#039;s Strong Man. Helmut Schmidt, who is almost certain to succeed Willy Brandt as West German Chancellor, seen here in a contemplative mood, as he ponders the future&quot;,&quot;created_timestamp&quot;:&quot;0&quot;,&quot;copyright&quot;:&quot;picture alliance \/ ZUMAPRESS.com&quot;,&quot;focal_length&quot;:&quot;0&quot;,&quot;iso&quot;:&quot;0&quot;,&quot;shutter_speed&quot;:&quot;0&quot;,&quot;title&quot;:&quot;Helmut Schmidt mit Pfeife&quot;,&quot;orientation&quot;:&quot;1&quot;}\" data-image-title=\"Helmut Schmidt mit Pfeife\" data-image-description=\"\" data-image-caption=\"&lt;p&gt;1972 &amp;#8211; Germany&amp;#8217;s Strong Man. Helmut Schmidt, who is almost certain to succeed Willy Brandt as West German Chancellor, seen here in a contemplative mood, as he ponders the future&lt;\/p&gt;\n\" data-large-file=\"https:\/\/blog.sub.uni-hamburg.de\/wp-content\/uploads\/2022\/04\/Helmut-Schmidt-mit-Pfeife-756x1024.jpg\" class=\"alignright size-medium wp-image-33071\" title=\"Helmut Schmidt\" src=\"https:\/\/blog.sub.uni-hamburg.de\/wp-content\/uploads\/2022\/04\/Helmut-Schmidt-mit-Pfeife-221x300.jpg\" alt=\"Helmut Schmidt\" width=\"221\" height=\"300\" srcset=\"https:\/\/blog.sub.uni-hamburg.de\/wp-content\/uploads\/2022\/04\/Helmut-Schmidt-mit-Pfeife-221x300.jpg 221w, https:\/\/blog.sub.uni-hamburg.de\/wp-content\/uploads\/2022\/04\/Helmut-Schmidt-mit-Pfeife-756x1024.jpg 756w, https:\/\/blog.sub.uni-hamburg.de\/wp-content\/uploads\/2022\/04\/Helmut-Schmidt-mit-Pfeife-111x150.jpg 111w, https:\/\/blog.sub.uni-hamburg.de\/wp-content\/uploads\/2022\/04\/Helmut-Schmidt-mit-Pfeife-768x1041.jpg 768w, https:\/\/blog.sub.uni-hamburg.de\/wp-content\/uploads\/2022\/04\/Helmut-Schmidt-mit-Pfeife-1134x1536.jpg 1134w, https:\/\/blog.sub.uni-hamburg.de\/wp-content\/uploads\/2022\/04\/Helmut-Schmidt-mit-Pfeife-1512x2048.jpg 1512w, https:\/\/blog.sub.uni-hamburg.de\/wp-content\/uploads\/2022\/04\/Helmut-Schmidt-mit-Pfeife-scaled.jpg 1889w\" sizes=\"auto, (max-width: 221px) 100vw, 221px\" \/><\/p>\n<p><strong>Ausstellungser\u00f6ffnung im Lichthof am Donnerstag, 21. April 2022, 17 Uhr<\/strong><\/p>\n<p>Am Er\u00f6ffnungsabend spricht Moderator\u00a0<strong>Jan Ehlert<\/strong>\u00a0(NDR) mit der Schriftstellerin\u00a0<strong>Nora Bossong<\/strong>\u00a0und dem Hamburger Kultursenator (und Autor)\u00a0<strong>Carsten Brosda<\/strong> \u00fcber die Beziehungen von Kunst und Literatur auf der einen und Politik auf der anderen Seite. Anschlie\u00dfend freuen wir uns, den Abend gemeinsam mit Ihnen bei einem Empfang, einem Gang durch die Ausstellung und anregenden Gespr\u00e4chen ausklingen zu lassen.<\/p>\n<p>Anmeldung \u00fcber die <a href=\"https:\/\/hs-stiftung.de\/#\/events\/8877e4dd-3a6e-4796-a742-f1a494a1b387\">Bundeskanzler Helmut Schmidt-Stiftung.<\/a><\/p>\n<p>Die Ausstellungser\u00f6ffnung kann hier nachgeschaut werden:<\/p>\n<p><strong>Bevor Sie ein Video \u00f6ffnen, informieren Sie sich bitte \u00fcber unsere <a href=\"#ds\">Datenschutzhinweise<\/a>.<\/strong><\/p>\n<p><span class=\"embed-youtube\" style=\"text-align:center; display: block;\"><iframe loading=\"lazy\" class=\"youtube-player\" width=\"640\" height=\"360\" src=\"https:\/\/www.youtube.com\/embed\/lTYEAIdQs5Y?version=3&#038;rel=1&#038;showsearch=0&#038;showinfo=1&#038;iv_load_policy=1&#038;fs=1&#038;hl=de-DE-formal&#038;autohide=2&#038;start=1663&#038;wmode=transparent\" allowfullscreen=\"true\" style=\"border:0;\" sandbox=\"allow-scripts allow-same-origin allow-popups allow-presentation allow-popups-to-escape-sandbox\"><\/iframe><\/span><\/p>\n<p>&nbsp;<\/p>\n<p>Ausstellung &#8220;Wozu die Utopie. Max Frisch und Helmut Schmidt&#8221;<br \/>\n22.4.-22.5., Mo.-Fr. 9-24 Uhr, Sa.-So. 10-24 Uhr. Der Eintritt ist frei.<\/p>\n<hr \/>\n<p id=\"ds\">\n<p><strong>Hinweis zum Datenschutz<\/strong><\/p>\n<p><strong>Mit dem Ingangsetzen der Wiedergabe eines Videos erkl\u00e4ren Sie sich damit einverstanden, dass Ihre Daten an Google und damit ggf. in ein nicht EU-Land \u00fcbermittelt werden, sowie damit, dass Google auf Ihrem Endger\u00e4t Cookies setzt.<\/strong><\/p>\n<p>Wir haben auf dieser Seite ein Youtube-Video eingebunden. Wir haben daf\u00fcr den sog. \u201eerweiterten Datenschutz-Modus\u201c verwendet, der dazu f\u00fchrt, dass keine Daten \u00fcber Sie als Nutzer:in an YouTube \u00fcbertragen werden und Youtube\/Google keine Cookies setzt, solange Sie ein Video nicht abspielen. Bitte informieren Sie sich, bevor Sie ein Video starten, \u00fcber die Datennutzung und Cookiesetzung durch Google und lesen unsere Informationen zur Datenverarbeitung und Cookiesetzung durch Google in unserer <a href=\"https:\/\/www.sub.uni-hamburg.de\/datenschutzerklaerung.html\">Datenschutzerkl\u00e4rung<\/a>.<\/p>\n","protected":false},"excerpt":{"rendered":"<p>Helmut Schmidt (1918-2015) gilt als durchsetzungsf\u00e4higer Realpolitiker, der die Bundesrepublik w\u00e4hrend seiner Amtszeit durch eine Reihe tiefgreifender Krisen steuerte. Der f\u00fcnfte deutsche Bundeskanzler und sp\u00e4tere Publizist lebte f\u00fcr die sachlich fundierte, kontroverse Debatte. Ein\u00a0wichtiger Gespr\u00e4chspartner war der Schweizer Schriftsteller Max Frisch (1911-1991), der jenseits von tagespolitischen Sachzw\u00e4ngen, an der Schnittstelle von Poesie, Utopie und Engagement, [&hellip;]<\/p>\n","protected":false},"author":54,"featured_media":0,"comment_status":"open","ping_status":"open","sticky":false,"template":"","format":"standard","meta":{"jetpack_post_was_ever_published":false,"_jetpack_newsletter_access":"","_jetpack_dont_email_post_to_subs":false,"_jetpack_newsletter_tier_id":0,"_jetpack_memberships_contains_paywalled_content":false,"_jetpack_memberships_contains_paid_content":false,"footnotes":"","jetpack_publicize_message":"","jetpack_publicize_feature_enabled":true,"jetpack_social_post_already_shared":true,"jetpack_social_options":{"image_generator_settings":{"template":"highway","default_image_id":0,"font":"","enabled":false},"version":2}},"categories":[9],"tags":[],"class_list":["post-33068","post","type-post","status-publish","format-standard","hentry","category-ausstellungen"],"views":4495,"jetpack_publicize_connections":[],"jetpack_featured_media_url":"","jetpack_shortlink":"https:\/\/wp.me\/p7hfNR-8Bm","jetpack-related-posts":[{"id":26476,"url":"https:\/\/blog.sub.uni-hamburg.de\/?p=26476","url_meta":{"origin":33068,"position":0},"title":"Buchvorstellung: Helmut Schmidt und die sch\u00f6nen K\u00fcnste (7.2.)","author":"Markus Trapp","date":"18-01-19","format":false,"excerpt":"Werner Irro: \u201eMit gro\u00dfem Vergn\u00fcgen und mit tiefer innerer Zustimmung ...\u201c. Eine Ver\u00f6ffentlichung der Helmut und Loki Schmidt-Stiftung, die das Ziel hat, Leben und Wirken von Helmut und Loki Schmidt durch wissenschaftliche Arbeiten zu erschlie\u00dfen. Das j\u00fcngste in der Reihe ihrer Publikationen erschienene Werk \u201eHelmut Schmidt und die sch\u00f6nen K\u00fcnste\u201c\u2026","rel":"","context":"In &quot;Ausstellungen und Veranstaltungen&quot;","block_context":{"text":"Ausstellungen und Veranstaltungen","link":"https:\/\/blog.sub.uni-hamburg.de\/?cat=9"},"img":{"alt_text":"","src":"https:\/\/i0.wp.com\/blog.sub.uni-hamburg.de\/wp-content\/uploads\/2019\/01\/irro-schmidt-kuenste_cover.jpg?resize=350%2C200&ssl=1","width":350,"height":200},"classes":[]},{"id":41950,"url":"https:\/\/blog.sub.uni-hamburg.de\/?p=41950","url_meta":{"origin":33068,"position":1},"title":"Lesung: Erinnern &#8211; Schreiben &#8211; Handeln. Demokratie bei Lenz und Schmidt (16.3.)","author":"Konstantin Ulmer","date":"17-02-26","format":false,"excerpt":"Montag, 16.3., 19 Uhr, Vortragsraum. Siegfried Lenz (1926-2014) und Helmut Schmidt (1918-2015) teilten Neugier und Leidenschaft f\u00fcr politische Themen rund um die Demokratie, um die NS-Vergangenheit und ihre Auswirkungen auf den bundesdeutschen Alltag. Freundschaftlich verbunden reflektierten der Literat und der Politiker je unterschiedliche M\u00f6glichkeiten und Reichweite ihrer Texte. Die Lesung\u2026","rel":"","context":"In &quot;Ausstellungen und Veranstaltungen&quot;","block_context":{"text":"Ausstellungen und Veranstaltungen","link":"https:\/\/blog.sub.uni-hamburg.de\/?cat=9"},"img":{"alt_text":"","src":"https:\/\/i0.wp.com\/blog.sub.uni-hamburg.de\/wp-content\/uploads\/2026\/02\/Bild-fuer-15.3-scaled.jpg?resize=350%2C200&ssl=1","width":350,"height":200,"srcset":"https:\/\/i0.wp.com\/blog.sub.uni-hamburg.de\/wp-content\/uploads\/2026\/02\/Bild-fuer-15.3-scaled.jpg?resize=350%2C200&ssl=1 1x, https:\/\/i0.wp.com\/blog.sub.uni-hamburg.de\/wp-content\/uploads\/2026\/02\/Bild-fuer-15.3-scaled.jpg?resize=525%2C300&ssl=1 1.5x, https:\/\/i0.wp.com\/blog.sub.uni-hamburg.de\/wp-content\/uploads\/2026\/02\/Bild-fuer-15.3-scaled.jpg?resize=700%2C400&ssl=1 2x, https:\/\/i0.wp.com\/blog.sub.uni-hamburg.de\/wp-content\/uploads\/2026\/02\/Bild-fuer-15.3-scaled.jpg?resize=1050%2C600&ssl=1 3x, https:\/\/i0.wp.com\/blog.sub.uni-hamburg.de\/wp-content\/uploads\/2026\/02\/Bild-fuer-15.3-scaled.jpg?resize=1400%2C800&ssl=1 4x"},"classes":[]},{"id":11436,"url":"https:\/\/blog.sub.uni-hamburg.de\/?p=11436","url_meta":{"origin":33068,"position":2},"title":"Die franz\u00f6sischen Besatzer in Hamburg (Helmut-Schmidt-Universit\u00e4t, 24.4. -29.06.)","author":"HS","date":"26-03-13","format":false,"excerpt":"Was selbst viele Hamburger nicht wissen: Vor 200 Jahren, zwischen 1811 und 1814 war \u201cHambourg\u201d eine franz\u00f6sische Stadt im Kaiserreich Napoleons, eine der bedeutendsten St\u00e4dte sogar \u2013 als Hauptort des Generalgouvernements der drei Hanseatischen Departments mit insgesamt rund 1 Mio. Einwohnern. Damit waren Entwicklungschancen verbunden, aber zun\u00e4chst fand die Angliederung\u2026","rel":"","context":"In &quot;Ausstellungen und Veranstaltungen&quot;","block_context":{"text":"Ausstellungen und Veranstaltungen","link":"https:\/\/blog.sub.uni-hamburg.de\/?cat=9"},"img":{"alt_text":"franzosen in hh","src":"https:\/\/i0.wp.com\/blog.sub.uni-hamburg.de\/wp-content\/uploads\/2013\/03\/franzosen-in-hh.jpg?resize=350%2C200&ssl=1","width":350,"height":200},"classes":[]},{"id":41933,"url":"https:\/\/blog.sub.uni-hamburg.de\/?p=41933","url_meta":{"origin":33068,"position":3},"title":"Ausstellung: Elfenbeinturm und Barrikade. Siegfried Lenz und Helmut Schmidt (4.3.-10.5.26)","author":"Konstantin Ulmer","date":"17-02-26","format":false,"excerpt":"4. M\u00e4rz bis 10. Mai 2026, Ausstellungsraum. Siegfried Lenz und Helmut Schmidt verband seit den 1960er-Jahren eine von hanseatischem Respekt gepr\u00e4gte Freundschaft. Sie tauschten sich \u00fcber das Verh\u00e4ltnis von Staat und Literatur, \u00fcber den \u201eDeutschen Herbst\u201c und \u00fcber das Erinnern an den Nationalsozialismus aus und reflektierten dabei stets ihre Rollen\u2026","rel":"","context":"In &quot;Ausstellungen und Veranstaltungen&quot;","block_context":{"text":"Ausstellungen und Veranstaltungen","link":"https:\/\/blog.sub.uni-hamburg.de\/?cat=9"},"img":{"alt_text":"","src":"https:\/\/i0.wp.com\/blog.sub.uni-hamburg.de\/wp-content\/uploads\/2026\/02\/Sharepic_LenzSchmidt.jpg?resize=350%2C200&ssl=1","width":350,"height":200,"srcset":"https:\/\/i0.wp.com\/blog.sub.uni-hamburg.de\/wp-content\/uploads\/2026\/02\/Sharepic_LenzSchmidt.jpg?resize=350%2C200&ssl=1 1x, https:\/\/i0.wp.com\/blog.sub.uni-hamburg.de\/wp-content\/uploads\/2026\/02\/Sharepic_LenzSchmidt.jpg?resize=525%2C300&ssl=1 1.5x, https:\/\/i0.wp.com\/blog.sub.uni-hamburg.de\/wp-content\/uploads\/2026\/02\/Sharepic_LenzSchmidt.jpg?resize=700%2C400&ssl=1 2x, https:\/\/i0.wp.com\/blog.sub.uni-hamburg.de\/wp-content\/uploads\/2026\/02\/Sharepic_LenzSchmidt.jpg?resize=1050%2C600&ssl=1 3x"},"classes":[]},{"id":1194,"url":"https:\/\/blog.sub.uni-hamburg.de\/?p=1194","url_meta":{"origin":33068,"position":4},"title":"Helmut-Schmidt-Bibliographie online","author":"ST","date":"02-02-09","format":false,"excerpt":"Die Bibliothek der Helmut-Schmidt-Universit\u00e4t (HSU) hat - p\u00fcnktlich zum 90. Geburtstag ihres Namensgebers - ein Flei\u00dfprodukt abgeliefert und die Helmut-Schmidt-Bibliographie am 23. Dezember 2008 online gestellt. Die Bibliographie, die nicht nur das politische Leben Schmidts widerspiegelt, sondern damit auch Zeitgeschichte seit 1949 dokumentiert, startet mit 6000 Eintr\u00e4gen, die kontinuierlich erg\u00e4nzt\u2026","rel":"","context":"In &quot;Aufgelesen&quot;","block_context":{"text":"Aufgelesen","link":"https:\/\/blog.sub.uni-hamburg.de\/?cat=18"},"img":{"alt_text":"","src":"","width":0,"height":0},"classes":[]},{"id":41952,"url":"https:\/\/blog.sub.uni-hamburg.de\/?p=41952","url_meta":{"origin":33068,"position":5},"title":"Gespr\u00e4ch: Elfenbeinturm und Barrikade? Simone Buchholz und Katharina Hagena im Gespr\u00e4ch mit Wolfgang M. Schmitt (26.3.)","author":"Konstantin Ulmer","date":"17-02-26","format":false,"excerpt":"Donnerstag, 26.3., 19 Uhr, Lichthof. Wie stehen Literatur und Politik zueinander? Wirkt Literatur in die Gesellschaft - und wenn ja, wie? Wo liegen Macht und Ohnmacht von fiktionalen Texten \u2013 und was bedeutet politisches Schreiben heute? Diese und weitere Fragen diskutiert der Kritiker und Podcaster Wolfgang M. Schmitt mit den\u2026","rel":"","context":"In &quot;Ausstellungen und Veranstaltungen&quot;","block_context":{"text":"Ausstellungen und Veranstaltungen","link":"https:\/\/blog.sub.uni-hamburg.de\/?cat=9"},"img":{"alt_text":"","src":"https:\/\/i0.wp.com\/blog.sub.uni-hamburg.de\/wp-content\/uploads\/2026\/02\/0ECA0130-44AC-457C-8CC0-3C8C6884FFCB-120x150.jpg?resize=350%2C200&ssl=1","width":350,"height":200,"srcset":"https:\/\/i0.wp.com\/blog.sub.uni-hamburg.de\/wp-content\/uploads\/2026\/02\/0ECA0130-44AC-457C-8CC0-3C8C6884FFCB-120x150.jpg?resize=350%2C200&ssl=1 1x, https:\/\/i0.wp.com\/blog.sub.uni-hamburg.de\/wp-content\/uploads\/2026\/02\/0ECA0130-44AC-457C-8CC0-3C8C6884FFCB-120x150.jpg?resize=525%2C300&ssl=1 1.5x, https:\/\/i0.wp.com\/blog.sub.uni-hamburg.de\/wp-content\/uploads\/2026\/02\/0ECA0130-44AC-457C-8CC0-3C8C6884FFCB-120x150.jpg?resize=700%2C400&ssl=1 2x, https:\/\/i0.wp.com\/blog.sub.uni-hamburg.de\/wp-content\/uploads\/2026\/02\/0ECA0130-44AC-457C-8CC0-3C8C6884FFCB-120x150.jpg?resize=1050%2C600&ssl=1 3x"},"classes":[]}],"jetpack_sharing_enabled":true,"_links":{"self":[{"href":"https:\/\/blog.sub.uni-hamburg.de\/index.php?rest_route=\/wp\/v2\/posts\/33068","targetHints":{"allow":["GET"]}}],"collection":[{"href":"https:\/\/blog.sub.uni-hamburg.de\/index.php?rest_route=\/wp\/v2\/posts"}],"about":[{"href":"https:\/\/blog.sub.uni-hamburg.de\/index.php?rest_route=\/wp\/v2\/types\/post"}],"author":[{"embeddable":true,"href":"https:\/\/blog.sub.uni-hamburg.de\/index.php?rest_route=\/wp\/v2\/users\/54"}],"replies":[{"embeddable":true,"href":"https:\/\/blog.sub.uni-hamburg.de\/index.php?rest_route=%2Fwp%2Fv2%2Fcomments&post=33068"}],"version-history":[{"count":18,"href":"https:\/\/blog.sub.uni-hamburg.de\/index.php?rest_route=\/wp\/v2\/posts\/33068\/revisions"}],"predecessor-version":[{"id":33296,"href":"https:\/\/blog.sub.uni-hamburg.de\/index.php?rest_route=\/wp\/v2\/posts\/33068\/revisions\/33296"}],"wp:attachment":[{"href":"https:\/\/blog.sub.uni-hamburg.de\/index.php?rest_route=%2Fwp%2Fv2%2Fmedia&parent=33068"}],"wp:term":[{"taxonomy":"category","embeddable":true,"href":"https:\/\/blog.sub.uni-hamburg.de\/index.php?rest_route=%2Fwp%2Fv2%2Fcategories&post=33068"},{"taxonomy":"post_tag","embeddable":true,"href":"https:\/\/blog.sub.uni-hamburg.de\/index.php?rest_route=%2Fwp%2Fv2%2Ftags&post=33068"}],"curies":[{"name":"wp","href":"https:\/\/api.w.org\/{rel}","templated":true}]}}