{"id":32943,"date":"2022-03-14T08:30:27","date_gmt":"2022-03-14T07:30:27","guid":{"rendered":"https:\/\/blog.sub.uni-hamburg.de\/?p=32943"},"modified":"2022-08-02T10:44:24","modified_gmt":"2022-08-02T08:44:24","slug":"bibliotheksnutzung-ab-14-03-2022","status":"publish","type":"post","link":"https:\/\/blog.sub.uni-hamburg.de\/?p=32943","title":{"rendered":"Bibliotheksnutzung ab 14.03.2022"},"content":{"rendered":"<p><img loading=\"lazy\" decoding=\"async\" data-attachment-id=\"28872\" data-permalink=\"https:\/\/blog.sub.uni-hamburg.de\/?attachment_id=28872\" data-orig-file=\"https:\/\/blog.sub.uni-hamburg.de\/wp-content\/uploads\/2020\/03\/covid19.jpg\" data-orig-size=\"350,350\" data-comments-opened=\"1\" data-image-meta=\"{&quot;aperture&quot;:&quot;0&quot;,&quot;credit&quot;:&quot;&quot;,&quot;camera&quot;:&quot;&quot;,&quot;caption&quot;:&quot;&quot;,&quot;created_timestamp&quot;:&quot;0&quot;,&quot;copyright&quot;:&quot;&quot;,&quot;focal_length&quot;:&quot;0&quot;,&quot;iso&quot;:&quot;0&quot;,&quot;shutter_speed&quot;:&quot;0&quot;,&quot;title&quot;:&quot;&quot;,&quot;orientation&quot;:&quot;0&quot;}\" data-image-title=\"covid19\" data-image-description=\"\" data-image-caption=\"\" data-large-file=\"https:\/\/blog.sub.uni-hamburg.de\/wp-content\/uploads\/2020\/03\/covid19.jpg\" class=\"alignright size-thumbnail wp-image-28872\" src=\"https:\/\/blog.sub.uni-hamburg.de\/wp-content\/uploads\/2020\/03\/covid19-150x150.jpg\" alt=\"\" width=\"150\" height=\"150\" srcset=\"https:\/\/blog.sub.uni-hamburg.de\/wp-content\/uploads\/2020\/03\/covid19-150x150.jpg 150w, https:\/\/blog.sub.uni-hamburg.de\/wp-content\/uploads\/2020\/03\/covid19-300x300.jpg 300w, https:\/\/blog.sub.uni-hamburg.de\/wp-content\/uploads\/2020\/03\/covid19.jpg 350w\" sizes=\"auto, (max-width: 150px) 100vw, 150px\" \/>Ab Montag, den 14.03.2022, passen wir die Regelungen f\u00fcr den Aufenthalt in der Staats- und Universit\u00e4tsbibliothek etwas an:<\/p>\n<ul>\n<li>Die Gruppenarbeitspl\u00e4tze sind wieder alle verf\u00fcgbar: ab sofort kann im Gruppenarbeitsbereich (2. Etage), dem Kreativbereich im hinterem MediaLab (2. Etage) und an den Einzeltischen im Informationszentrum (1. Etage) wieder in Kleingruppen gelernt und gearbeitet werden.<\/li>\n<li>F\u00fcr den Lesesaal wird die Garderobenpflicht wieder eingef\u00fchrt &#8211; Tragek\u00f6rbe stehen bei den Garderobenschr\u00e4nken im Erdgeschoss und vorm Lesesaal-Eingang bereit.<\/li>\n<\/ul>\n<p>Dar\u00fcber hinaus gelten weiterhin die bekannten Regelungen f\u00fcr den Zugang zur Bibliothek:<\/p>\n<ul>\n<li>kein Zutritt mit typischen Symptomen einer Infektion mit dem Coronavirus<\/li>\n<li>FFP2-Maskenpflicht: Das Tragen einer FFP2-Maske ist im gesamten Bibliotheksgeb\u00e4ude \u2013 auch an den Arbeitspl\u00e4tzen \u2013 verpflichtend.<\/li>\n<li>Beachten Sie &#8211; au\u00dfer am Arbeitsplatz &#8211; stets den Mindestabstand von 1,5 m<\/li>\n<li>Essen ist im gesamten Geb\u00e4ude nicht erlaubt<\/li>\n<\/ul>\n<p>Weitergehende Informationen finden Sie auch auf unserer Webseite <a href=\"https:\/\/www.sub.uni-hamburg.de\/service\/faq-covid-19.html\">FAQ CoVid19<\/a>.<\/p>\n<p>Grundlage f\u00fcr die Regelungen sind die aktuell g\u00fcltige Fassung der <a href=\"https:\/\/www.hamburg.de\/verordnung\/\">Eind\u00e4mmungsverordnung der Freien und Hansestadt Hamburg<\/a> sowie das aktualisierte <a href=\"https:\/\/www.sub.uni-hamburg.de\/service\/lernen-arbeiten\/hygienekonzept-einlass.html\">Hygienekonzept<\/a> der Staats- und Universit\u00e4tsbibliothek Hamburg.<\/p>\n","protected":false},"excerpt":{"rendered":"<p>Ab Montag, den 14.03.2022, passen wir die Regelungen f\u00fcr den Aufenthalt in der Staats- und Universit\u00e4tsbibliothek etwas an: Die Gruppenarbeitspl\u00e4tze sind wieder alle verf\u00fcgbar: ab sofort kann im Gruppenarbeitsbereich (2. Etage), dem Kreativbereich im hinterem MediaLab (2. Etage) und an den Einzeltischen im Informationszentrum (1. Etage) wieder in Kleingruppen gelernt und gearbeitet werden. F\u00fcr den [&hellip;]<\/p>\n","protected":false},"author":6,"featured_media":0,"comment_status":"open","ping_status":"open","sticky":false,"template":"","format":"standard","meta":{"jetpack_post_was_ever_published":false,"_jetpack_newsletter_access":"","_jetpack_dont_email_post_to_subs":false,"_jetpack_newsletter_tier_id":0,"_jetpack_memberships_contains_paywalled_content":false,"_jetpack_memberships_contains_paid_content":false,"footnotes":"","jetpack_publicize_message":"","jetpack_publicize_feature_enabled":true,"jetpack_social_post_already_shared":true,"jetpack_social_options":{"image_generator_settings":{"template":"highway","default_image_id":0,"font":"","enabled":false},"version":2}},"categories":[1],"tags":[132],"class_list":["post-32943","post","type-post","status-publish","format-standard","hentry","category-1","tag-coronahh"],"views":2241,"jetpack_publicize_connections":[],"jetpack_featured_media_url":"","jetpack_shortlink":"https:\/\/wp.me\/p7hfNR-8zl","jetpack-related-posts":[{"id":31877,"url":"https:\/\/blog.sub.uni-hamburg.de\/?p=31877","url_meta":{"origin":32943,"position":0},"title":"Ab Fr 1.10.: mehr Arbeitspl\u00e4tze und ge\u00e4nderte Services","author":"ST","date":"28-09-21","format":false,"excerpt":"Im Wintersemester 2021\/22 finden wieder Pr\u00e4senzveranstaltungen an der UHH statt. Wir bieten ab kommenden Freitag, 1.10.2021 in der Stabi daher wieder einen Gro\u00dfteil unserer Arbeitspl\u00e4tze zum Lernen an. F\u00fcr diese Nutzung wird die 3G-Regelung Anwendung finden. Im gesamten Geb\u00e4ude ist das Tragen einer medizinischen Maske verpflichtend, auch an den Arbeitspl\u00e4tzen.\u2026","rel":"","context":"In &quot;Aktuelles&quot;","block_context":{"text":"Aktuelles","link":"https:\/\/blog.sub.uni-hamburg.de\/?cat=1"},"img":{"alt_text":"","src":"https:\/\/i0.wp.com\/blog.sub.uni-hamburg.de\/wp-content\/uploads\/2020\/06\/ap-iz-2-300x214.jpeg?resize=350%2C200&ssl=1","width":350,"height":200},"classes":[]},{"id":30729,"url":"https:\/\/blog.sub.uni-hamburg.de\/?p=30729","url_meta":{"origin":32943,"position":1},"title":"Ausleihe bleibt ge\u00f6ffnet und strengere Maskenpflicht auch in der Stabi","author":"ST","date":"26-01-21","format":false,"excerpt":"Die Versch\u00e4rfung der vom Hamburger Senat beschlossenen Maskenpflicht gilt ab sofort auch f\u00fcr Ihren Besuch der Stabi. Wer das Bibliotheksgeb\u00e4ude betritt,\u00a0 muss jetzt eine medizinische Maske tragen. Dazu z\u00e4hlen u.a. OP-Masken und FFP2-Masken. Alltagsmasken oder T\u00fccher erf\u00fcllen den Standard nicht und k\u00f6nnen nicht mehr erlaubt werden. Um die grundlegende Literaturversorgung\u2026","rel":"","context":"In &quot;Aktuelles&quot;","block_context":{"text":"Aktuelles","link":"https:\/\/blog.sub.uni-hamburg.de\/?cat=1"},"img":{"alt_text":"","src":"https:\/\/i0.wp.com\/blog.sub.uni-hamburg.de\/wp-content\/uploads\/2021\/01\/abholregale-1.png?resize=350%2C200&ssl=1","width":350,"height":200},"classes":[]},{"id":32612,"url":"https:\/\/blog.sub.uni-hamburg.de\/?p=32612","url_meta":{"origin":32943,"position":2},"title":"Bibliotheksnutzung ab 31.01.22: FFP2-Maskenpflicht und Abschaffung der Reinigungspause","author":"TO","date":"27-01-22","format":false,"excerpt":"Ab Montag, den 31.01.2022, gelten neue Regelungen f\u00fcr den Aufenthalt in der Staats- und Universit\u00e4tsbibliothek: Die Reinigungspause entf\u00e4llt, die Arbeitspl\u00e4tze sind wieder durchgehend zug\u00e4nglich: Mo-Fr 9-24 Uhr, Sa-So 10-24 Uhr FFP2-Maskenpflicht: Das Tragen einer FFP2-Maske ist im gesamten Bibliotheksgeb\u00e4ude \u2013 auch an den Arbeitspl\u00e4tzen \u2013 verpflichtend. Dar\u00fcber hinaus gelten weiterhin\u2026","rel":"","context":"In &quot;Aktuelles&quot;","block_context":{"text":"Aktuelles","link":"https:\/\/blog.sub.uni-hamburg.de\/?cat=1"},"img":{"alt_text":"","src":"https:\/\/i0.wp.com\/blog.sub.uni-hamburg.de\/wp-content\/uploads\/2020\/03\/covid19-300x300.jpg?resize=350%2C200&ssl=1","width":350,"height":200},"classes":[]},{"id":29577,"url":"https:\/\/blog.sub.uni-hamburg.de\/?p=29577","url_meta":{"origin":32943,"position":3},"title":"Ab sofort 150 zus\u00e4tzliche Arbeitspl\u00e4tze Mo-Fr von 12-18 Uhr nutzbar","author":"Markus Trapp","date":"17-06-20","format":false,"excerpt":"Ab Mi, 17.6. k\u00f6nnen wir unser Arbeitsplatzangebot zur Pr\u00fcfungsvorbereitung und zur Arbeit mit Materialien aus der Stabi erweitern und Ihnen 150 zus\u00e4tzliche Einzelarbeitspl\u00e4tze in der Zeit von 12-18 Uhr anbieten. Die Arbeitspl\u00e4tze verteilen sich auf den Lesesaal, wo sie reservierungspflichtig sind, und Arbeitsbereiche in der ersten und zweiten Etage des\u2026","rel":"","context":"In &quot;Aktuelles&quot;","block_context":{"text":"Aktuelles","link":"https:\/\/blog.sub.uni-hamburg.de\/?cat=1"},"img":{"alt_text":"","src":"https:\/\/i0.wp.com\/blog.sub.uni-hamburg.de\/wp-content\/uploads\/2020\/06\/ap-iz-2-kl.jpg?resize=350%2C200&ssl=1","width":350,"height":200,"srcset":"https:\/\/i0.wp.com\/blog.sub.uni-hamburg.de\/wp-content\/uploads\/2020\/06\/ap-iz-2-kl.jpg?resize=350%2C200&ssl=1 1x, https:\/\/i0.wp.com\/blog.sub.uni-hamburg.de\/wp-content\/uploads\/2020\/06\/ap-iz-2-kl.jpg?resize=525%2C300&ssl=1 1.5x"},"classes":[]},{"id":26946,"url":"https:\/\/blog.sub.uni-hamburg.de\/?p=26946","url_meta":{"origin":32943,"position":4},"title":"Medienwerkstatt ab 10. April wegen Umzug ins neue MediaLab geschlossen","author":"TO","date":"05-04-19","format":false,"excerpt":"Der Publikumsbereich der Medienwerkstatt schlie\u00dft am 09. April, um 18:00 Uhr seine T\u00fcren. Daf\u00fcr er\u00f6ffnen wir am 15. April mit dem MediaLab eine neue Lern- und Arbeitsumgebung, in der Sie unter anderem auch die 12 Grafik-Design-PCs der bisherigen Medienwerkstatt finden werden. Die letzten Umzugs- und Einrichtungsvorbereitungen hierf\u00fcr finden in den\u2026","rel":"","context":"In &quot;Aktuelles&quot;","block_context":{"text":"Aktuelles","link":"https:\/\/blog.sub.uni-hamburg.de\/?cat=1"},"img":{"alt_text":"","src":"https:\/\/i0.wp.com\/blog.sub.uni-hamburg.de\/wp-content\/uploads\/2019\/04\/medialab2-300x225.jpg?resize=350%2C200&ssl=1","width":350,"height":200},"classes":[]},{"id":25546,"url":"https:\/\/blog.sub.uni-hamburg.de\/?p=25546","url_meta":{"origin":32943,"position":5},"title":"Fertig! Er\u00f6ffnung des neuen Lesesaals in der 1. Etage am 4.9.2018","author":"TO","date":"28-08-18","format":false,"excerpt":"Wir sind fertig! Am Dienstag, den 4. September 2018, um 10:00 Uhr \u00f6ffnen wir nach fast sechs monatiger Bauzeit unseren runderneuerten und modernisierten Lesesaal in der 1. Etage. Wir haben Ihre W\u00fcnsche gebaut! Wir haben Sie im letzten Jahr in Umfragen und Workshops nach Ihren W\u00fcnschen f\u00fcr die Neugestaltung der\u2026","rel":"","context":"In &quot;Aktuelles&quot;","block_context":{"text":"Aktuelles","link":"https:\/\/blog.sub.uni-hamburg.de\/?cat=1"},"img":{"alt_text":"","src":"https:\/\/i0.wp.com\/blog.sub.uni-hamburg.de\/wp-content\/uploads\/2018\/08\/IMG_8587-300x225.jpg?resize=350%2C200&ssl=1","width":350,"height":200},"classes":[]}],"jetpack_sharing_enabled":true,"_links":{"self":[{"href":"https:\/\/blog.sub.uni-hamburg.de\/index.php?rest_route=\/wp\/v2\/posts\/32943","targetHints":{"allow":["GET"]}}],"collection":[{"href":"https:\/\/blog.sub.uni-hamburg.de\/index.php?rest_route=\/wp\/v2\/posts"}],"about":[{"href":"https:\/\/blog.sub.uni-hamburg.de\/index.php?rest_route=\/wp\/v2\/types\/post"}],"author":[{"embeddable":true,"href":"https:\/\/blog.sub.uni-hamburg.de\/index.php?rest_route=\/wp\/v2\/users\/6"}],"replies":[{"embeddable":true,"href":"https:\/\/blog.sub.uni-hamburg.de\/index.php?rest_route=%2Fwp%2Fv2%2Fcomments&post=32943"}],"version-history":[{"count":3,"href":"https:\/\/blog.sub.uni-hamburg.de\/index.php?rest_route=\/wp\/v2\/posts\/32943\/revisions"}],"predecessor-version":[{"id":32946,"href":"https:\/\/blog.sub.uni-hamburg.de\/index.php?rest_route=\/wp\/v2\/posts\/32943\/revisions\/32946"}],"wp:attachment":[{"href":"https:\/\/blog.sub.uni-hamburg.de\/index.php?rest_route=%2Fwp%2Fv2%2Fmedia&parent=32943"}],"wp:term":[{"taxonomy":"category","embeddable":true,"href":"https:\/\/blog.sub.uni-hamburg.de\/index.php?rest_route=%2Fwp%2Fv2%2Fcategories&post=32943"},{"taxonomy":"post_tag","embeddable":true,"href":"https:\/\/blog.sub.uni-hamburg.de\/index.php?rest_route=%2Fwp%2Fv2%2Ftags&post=32943"}],"curies":[{"name":"wp","href":"https:\/\/api.w.org\/{rel}","templated":true}]}}