{"id":325,"date":"2006-10-26T11:14:19","date_gmt":"2006-10-26T09:14:19","guid":{"rendered":"http:\/\/www.sub.uni-hamburg.de\/blog\/?p=325"},"modified":"2006-10-26T11:14:19","modified_gmt":"2006-10-26T09:14:19","slug":"donnerstag-911-personalversammlung-stabi-offnet-um-13-uhr","status":"publish","type":"post","link":"https:\/\/blog.sub.uni-hamburg.de\/?p=325","title":{"rendered":"Donnerstag, 9.11.: Personalversammlung: Stabi \u00f6ffnet um 13 Uhr."},"content":{"rendered":"<p>Wegen der j\u00e4hrlichen Personalversammlung \u00f6ffnet die Stabi am Donnerstag, den 9.11., erst um 13 Uhr. Ber\u00fccksichtigen Sie dies bitte bei Ihren Planungen.<\/p>\n","protected":false},"excerpt":{"rendered":"<p>Wegen der j\u00e4hrlichen Personalversammlung \u00f6ffnet die Stabi am Donnerstag, den 9.11., erst um 13 Uhr. Ber\u00fccksichtigen Sie dies bitte bei Ihren Planungen.<\/p>\n","protected":false},"author":12,"featured_media":0,"comment_status":"open","ping_status":"open","sticky":false,"template":"","format":"standard","meta":{"jetpack_post_was_ever_published":false,"_jetpack_newsletter_access":"","_jetpack_dont_email_post_to_subs":false,"_jetpack_newsletter_tier_id":0,"_jetpack_memberships_contains_paywalled_content":false,"_jetpack_memberships_contains_paid_content":false,"footnotes":"","jetpack_publicize_message":"","jetpack_publicize_feature_enabled":true,"jetpack_social_post_already_shared":false,"jetpack_social_options":{"image_generator_settings":{"template":"highway","default_image_id":0,"font":"","enabled":false},"version":2}},"categories":[1],"tags":[],"class_list":["post-325","post","type-post","status-publish","format-standard","hentry","category-1"],"views":4623,"jetpack_publicize_connections":[],"jetpack_featured_media_url":"","jetpack_shortlink":"https:\/\/wp.me\/p7hfNR-5f","jetpack-related-posts":[{"id":4058,"url":"https:\/\/blog.sub.uni-hamburg.de\/?p=4058","url_meta":{"origin":325,"position":0},"title":"Mi, 12.1. Personalversammlung &#8211; Stabi \u00f6ffnet um 13 Uhr","author":"ST","date":"30-12-10","format":false,"excerpt":"Wegen der j\u00e4hrlichen Personalversammlung \u00f6ffnet die Stabi am Mittwoch, den 12.1.2011, erst um 13 Uhr. Ber\u00fccksichtigen Sie dies bitte bei Ihren Planungen. Update: Bestellungen aus der Speicherbibliothek Bergedorf vom 11. und 12.1. k\u00f6nnen erst am Donnerstag, den 13.1.2011 abgeholt werden.","rel":"","context":"In &quot;Aktuelles&quot;","block_context":{"text":"Aktuelles","link":"https:\/\/blog.sub.uni-hamburg.de\/?cat=1"},"img":{"alt_text":"","src":"","width":0,"height":0},"classes":[]},{"id":35230,"url":"https:\/\/blog.sub.uni-hamburg.de\/?p=35230","url_meta":{"origin":325,"position":1},"title":"Donnerstag, 23.02.: Serviceeinschr\u00e4nkung bis 13:30 Uhr (Personalversammlung)","author":"TO","date":"16-02-23","format":false,"excerpt":"Am Donnerstag, 23.02.2023 \u00f6ffnet die Bibliothek wie gewohnt um 9 Uhr. Aufgrund der j\u00e4hrlichen Personalversammlung sind jedoch bis 13:30 Uhr Serviceeinschr\u00e4nkungen nicht vermeidbar. Teilbereiche werden erst versp\u00e4tet ge\u00f6ffnet, bzw. besetzt: Serviceplatz (Ausleihzentrum) ab 13:30 Uhr besetzt Infotheke (Foyer) ab 13:30 Uhr besetzt Lesesaal-Service (inkl. Buch- und Zeitschriftenausgabe) ab 13:30 Uhr\u2026","rel":"","context":"In &quot;Aktuelles&quot;","block_context":{"text":"Aktuelles","link":"https:\/\/blog.sub.uni-hamburg.de\/?cat=1"},"img":{"alt_text":"","src":"https:\/\/i0.wp.com\/blog.sub.uni-hamburg.de\/wp-content\/uploads\/2023\/02\/Einschraenkung-Personalversammlung_2023-02-23-300x264.png?resize=350%2C200&ssl=1","width":350,"height":200},"classes":[]},{"id":741,"url":"https:\/\/blog.sub.uni-hamburg.de\/?p=741","url_meta":{"origin":325,"position":2},"title":"Mi, 14.11.: Personalversammlung: Stabi \u00f6ffnet um 13 Uhr","author":"ST","date":"31-10-07","format":false,"excerpt":"Wegen der j\u00e4hrlichen Personalversammlung \u00f6ffnet die Stabi am Mittwoch, den 14.11., erst um 13 Uhr. Ber\u00fccksichtigen Sie dies bitte bei Ihren Planungen.","rel":"","context":"In &quot;Aktuelles&quot;","block_context":{"text":"Aktuelles","link":"https:\/\/blog.sub.uni-hamburg.de\/?cat=1"},"img":{"alt_text":"","src":"","width":0,"height":0},"classes":[]},{"id":1105,"url":"https:\/\/blog.sub.uni-hamburg.de\/?p=1105","url_meta":{"origin":325,"position":3},"title":"Mi, 26.11.: Personalversammlung  &#8211;  Stabi \u00f6ffnet um 13 Uhr","author":"ST","date":"12-11-08","format":false,"excerpt":"Wegen der j\u00e4hrlichen Personalversammlung \u00f6ffnet die Stabi am Mittwoch, den 26.11., erst um 13 Uhr. Ber\u00fccksichtigen Sie dies bitte bei Ihren Planungen.","rel":"","context":"In &quot;Aktuelles&quot;","block_context":{"text":"Aktuelles","link":"https:\/\/blog.sub.uni-hamburg.de\/?cat=1"},"img":{"alt_text":"","src":"","width":0,"height":0},"classes":[]},{"id":11053,"url":"https:\/\/blog.sub.uni-hamburg.de\/?p=11053","url_meta":{"origin":325,"position":4},"title":"Mi, 13.2. Personalversammlung &#8211; Stabi \u00f6ffnet um 13 Uhr","author":"ST","date":"04-02-13","format":false,"excerpt":"Wegen der j\u00e4hrlichen Personalversammlung \u00f6ffnet die Stabi am Mittwoch, den 13.2.2013, erst um 13 Uhr. Bitte ber\u00fccksichtigen Sie dies bei Ihren Planungen. \u00a0","rel":"","context":"In &quot;Aktuelles&quot;","block_context":{"text":"Aktuelles","link":"https:\/\/blog.sub.uni-hamburg.de\/?cat=1"},"img":{"alt_text":"","src":"","width":0,"height":0},"classes":[]},{"id":1503,"url":"https:\/\/blog.sub.uni-hamburg.de\/?p=1503","url_meta":{"origin":325,"position":5},"title":"Di, 8.12.: Personalversammlung &#8211; Stabi \u00f6ffnet um 13 Uhr","author":"ST","date":"24-11-09","format":false,"excerpt":"Wegen der j\u00e4hrlichen Personalversammlung \u00f6ffnet die Stabi am Dienstag, den 8. Dezember, erst um 13 Uhr. Bitte ber\u00fccksichtigen Sie dies bei Ihren Planungen.","rel":"","context":"In &quot;Aktuelles&quot;","block_context":{"text":"Aktuelles","link":"https:\/\/blog.sub.uni-hamburg.de\/?cat=1"},"img":{"alt_text":"","src":"","width":0,"height":0},"classes":[]}],"jetpack_sharing_enabled":true,"_links":{"self":[{"href":"https:\/\/blog.sub.uni-hamburg.de\/index.php?rest_route=\/wp\/v2\/posts\/325","targetHints":{"allow":["GET"]}}],"collection":[{"href":"https:\/\/blog.sub.uni-hamburg.de\/index.php?rest_route=\/wp\/v2\/posts"}],"about":[{"href":"https:\/\/blog.sub.uni-hamburg.de\/index.php?rest_route=\/wp\/v2\/types\/post"}],"author":[{"embeddable":true,"href":"https:\/\/blog.sub.uni-hamburg.de\/index.php?rest_route=\/wp\/v2\/users\/12"}],"replies":[{"embeddable":true,"href":"https:\/\/blog.sub.uni-hamburg.de\/index.php?rest_route=%2Fwp%2Fv2%2Fcomments&post=325"}],"version-history":[{"count":0,"href":"https:\/\/blog.sub.uni-hamburg.de\/index.php?rest_route=\/wp\/v2\/posts\/325\/revisions"}],"wp:attachment":[{"href":"https:\/\/blog.sub.uni-hamburg.de\/index.php?rest_route=%2Fwp%2Fv2%2Fmedia&parent=325"}],"wp:term":[{"taxonomy":"category","embeddable":true,"href":"https:\/\/blog.sub.uni-hamburg.de\/index.php?rest_route=%2Fwp%2Fv2%2Fcategories&post=325"},{"taxonomy":"post_tag","embeddable":true,"href":"https:\/\/blog.sub.uni-hamburg.de\/index.php?rest_route=%2Fwp%2Fv2%2Ftags&post=325"}],"curies":[{"name":"wp","href":"https:\/\/api.w.org\/{rel}","templated":true}]}}