{"id":32282,"date":"2021-11-11T10:31:01","date_gmt":"2021-11-11T09:31:01","guid":{"rendered":"https:\/\/blog.sub.uni-hamburg.de\/?p=32282"},"modified":"2021-11-23T01:07:20","modified_gmt":"2021-11-23T00:07:20","slug":"wolfgang-borchert-heutzutage-ausstellung-in-fabrik-der-kuenste-15-21-11","status":"publish","type":"post","link":"https:\/\/blog.sub.uni-hamburg.de\/?p=32282","title":{"rendered":"Wolfgang Borchert \u2013 Heutzutage: Ausstellung in Fabrik der K\u00fcnste (15.-21.11.)"},"content":{"rendered":"<p><a href=\"https:\/\/blog.sub.uni-hamburg.de\/wp-content\/uploads\/2021\/11\/Plakat_Borchert_HAW-gr.jpg\"><img loading=\"lazy\" decoding=\"async\" data-attachment-id=\"32283\" data-permalink=\"https:\/\/blog.sub.uni-hamburg.de\/?attachment_id=32283\" data-orig-file=\"https:\/\/blog.sub.uni-hamburg.de\/wp-content\/uploads\/2021\/11\/Plakat_Borchert_HAW.jpg\" data-orig-size=\"350,493\" data-comments-opened=\"1\" data-image-meta=\"{&quot;aperture&quot;:&quot;0&quot;,&quot;credit&quot;:&quot;&quot;,&quot;camera&quot;:&quot;&quot;,&quot;caption&quot;:&quot;&quot;,&quot;created_timestamp&quot;:&quot;0&quot;,&quot;copyright&quot;:&quot;&quot;,&quot;focal_length&quot;:&quot;0&quot;,&quot;iso&quot;:&quot;0&quot;,&quot;shutter_speed&quot;:&quot;0&quot;,&quot;title&quot;:&quot;&quot;,&quot;orientation&quot;:&quot;0&quot;}\" data-image-title=\"Plakat _Borchert HAW\" data-image-description=\"&lt;p&gt;Plakat _Borchert HAW&lt;\/p&gt;\n\" data-image-caption=\"\" data-large-file=\"https:\/\/blog.sub.uni-hamburg.de\/wp-content\/uploads\/2021\/11\/Plakat_Borchert_HAW.jpg\" src=\"https:\/\/blog.sub.uni-hamburg.de\/wp-content\/uploads\/2021\/11\/Plakat_Borchert_HAW.jpg\" alt=\"Plakat _Borchert HAW\" width=\"350\" height=\"493\" class=\"alignright size-full wp-image-32283\" srcset=\"https:\/\/blog.sub.uni-hamburg.de\/wp-content\/uploads\/2021\/11\/Plakat_Borchert_HAW.jpg 350w, https:\/\/blog.sub.uni-hamburg.de\/wp-content\/uploads\/2021\/11\/Plakat_Borchert_HAW-213x300.jpg 213w, https:\/\/blog.sub.uni-hamburg.de\/wp-content\/uploads\/2021\/11\/Plakat_Borchert_HAW-106x150.jpg 106w\" sizes=\"auto, (max-width: 350px) 100vw, 350px\" \/><\/a>Als willkommene Erg\u00e4nzung zu unseren eigenen <a href=\"https:\/\/blog.sub.uni-hamburg.de\/index.php?s=borchert&#038;suche=suchen\">Veranstaltungen und Ausstellungen<\/a> zu Wolfgang Borchert in dessen Jubil\u00e4umsjahr weisen wir sehr gerne auf diese tolle Ausstellung hin: Anl\u00e4sslich des 100. Geburtstages des Hamburger Schriftstellers Wolfgang Borchert stellen Illustratoren der HAW Hamburg (Hochschule f\u00fcr Angewandte Wissenschaften Hamburg) in der <a href=\"https:\/\/www.fabrikderkuenste.de\/veranstaltungen.html\">Fabrik der K\u00fcnste<\/a> ihre Arbeiten aus.<\/p>\n<p>Vernissage: Mo., 15.11.2021 19 Uhr<\/p>\n<p>\u00d6ffnungszeiten: Di. \u2013 Fr.: 15  \u2013 19 Uhr; Sa. \u2013 So.: 12 \u2013 18 Uhr<\/p>\n<p>Eintritt frei. <a href=\"https:\/\/www.fabrikderkuenste.de\/wegweiser.html\">Adresse \/ Anfahrt Fabrik der K\u00fcnste<\/a><\/p>\n<blockquote><p>TOD: \u00dcberfressen. Glatt \u00dcberfressen. Das ist alles.<\/p>\n<p>Heutzutage kommt man aus dem R\u00fclpsen gar nicht heraus.<\/p>\n<p>Rums! Tschuldigung.<\/p><\/blockquote>\n<p><!--more--><\/p>\n<p>Wolfgang Borchert hat sein \u00bbHeutzutage\u00ab voller Tatendrang f\u00fcr das Morgen beschrieben, indem er sich auf dessen Gestern bezog. Seine Texte fingen das ein, was drau\u00dfen vor der T\u00fcr herumschwirrte und brachte es durch die Radios in alle Zimmer. Wir lassen seine Texte wieder frei herumschwirren, packen sie in andere Gestalt, halten uns an ihnen fest oder schmei\u00dfen sie weg. Wir interpretieren Borchert \u00fcber Mediengrenzen hinweg neu, als w\u00fcrden wir ihm unser \u00bbHeutzutage\u00ab zeigen wollen. <\/p>\n","protected":false},"excerpt":{"rendered":"<p>Als willkommene Erg\u00e4nzung zu unseren eigenen Veranstaltungen und Ausstellungen zu Wolfgang Borchert in dessen Jubil\u00e4umsjahr weisen wir sehr gerne auf diese tolle Ausstellung hin: Anl\u00e4sslich des 100. Geburtstages des Hamburger Schriftstellers Wolfgang Borchert stellen Illustratoren der HAW Hamburg (Hochschule f\u00fcr Angewandte Wissenschaften Hamburg) in der Fabrik der K\u00fcnste ihre Arbeiten aus. Vernissage: Mo., 15.11.2021 19 [&hellip;]<\/p>\n","protected":false},"author":19,"featured_media":0,"comment_status":"open","ping_status":"open","sticky":false,"template":"","format":"standard","meta":{"jetpack_post_was_ever_published":false,"_jetpack_newsletter_access":"","_jetpack_dont_email_post_to_subs":false,"_jetpack_newsletter_tier_id":0,"_jetpack_memberships_contains_paywalled_content":false,"_jetpack_memberships_contains_paid_content":false,"footnotes":"","jetpack_publicize_message":"","jetpack_publicize_feature_enabled":true,"jetpack_social_post_already_shared":true,"jetpack_social_options":{"image_generator_settings":{"template":"highway","default_image_id":0,"font":"","enabled":false},"version":2}},"categories":[9,17],"tags":[29],"class_list":["post-32282","post","type-post","status-publish","format-standard","hentry","category-ausstellungen","category-hamburg","tag-hamburg-2"],"views":2089,"jetpack_publicize_connections":[],"jetpack_featured_media_url":"","jetpack_shortlink":"https:\/\/wp.me\/p7hfNR-8oG","jetpack-related-posts":[{"id":37836,"url":"https:\/\/blog.sub.uni-hamburg.de\/?p=37836","url_meta":{"origin":32282,"position":0},"title":"Buchvorstellung: \u201eLaternentr\u00e4ume\u201c von Wolfgang Borchert (24.4.)","author":"Markus Trapp","date":"09-04-24","format":false,"excerpt":"Mittwoch, 24.4., 18 Uhr, Vortragsraum. Die Illustratorin Roberta Bergmann stellt ihre Arbeit an dem gerade erschienenen Band \u201eLaternentr\u00e4ume\u201c mit Gedichten Wolfgang Borcherts vor, die von seiner Heimatstadt Hamburg, dunklen Abenden, von Liebe, Rausch und Abschied handeln. Im Gespr\u00e4ch mit Vertreter:innen der Internationalen Wolfgang-Borchert-Gesellschaft e. V. und der Stabi zeigt Bergmann\u2026","rel":"","context":"In &quot;Ausstellungen und Veranstaltungen&quot;","block_context":{"text":"Ausstellungen und Veranstaltungen","link":"https:\/\/blog.sub.uni-hamburg.de\/?cat=9"},"img":{"alt_text":"Roberta Bergmann: 'Laternentr\u00e4ume'von Wolfgang Borchert","src":"https:\/\/i0.wp.com\/blog.sub.uni-hamburg.de\/wp-content\/uploads\/2024\/04\/buchvorstellung-borchert.jpg?resize=350%2C200&ssl=1","width":350,"height":200},"classes":[]},{"id":31124,"url":"https:\/\/blog.sub.uni-hamburg.de\/?p=31124","url_meta":{"origin":32282,"position":1},"title":"Veranstaltungen zu Wolfgang Borcherts 100. Geburtstag","author":"Markus Trapp","date":"26-04-21","format":false,"excerpt":"Lesung von Frauke Volkland aus ihrem Borchert-Roman. Do., 27. Mai, 19:30 Uhr. Seit 1976 bewahrt die Stabi den Nachlass Wolfgang Borcherts, der seiner Geburtsstadt Hamburg in Leben und Werk eng verbunden war. Den 100. Geburtstag des Schriftstellers am 20. Mai 2021 feiern wir mit einer neuen Dauerausstellung und einer Reihe\u2026","rel":"","context":"In &quot;Ausstellungen und Veranstaltungen&quot;","block_context":{"text":"Ausstellungen und Veranstaltungen","link":"https:\/\/blog.sub.uni-hamburg.de\/?cat=9"},"img":{"alt_text":"","src":"https:\/\/i0.wp.com\/blog.sub.uni-hamburg.de\/wp-content\/uploads\/2021\/04\/Borchert_Banner_web-kl.jpg?resize=350%2C200&ssl=1","width":350,"height":200,"srcset":"https:\/\/i0.wp.com\/blog.sub.uni-hamburg.de\/wp-content\/uploads\/2021\/04\/Borchert_Banner_web-kl.jpg?resize=350%2C200&ssl=1 1x, https:\/\/i0.wp.com\/blog.sub.uni-hamburg.de\/wp-content\/uploads\/2021\/04\/Borchert_Banner_web-kl.jpg?resize=525%2C300&ssl=1 1.5x"},"classes":[]},{"id":159,"url":"https:\/\/blog.sub.uni-hamburg.de\/?p=159","url_meta":{"origin":32282,"position":2},"title":"Wir beide &#8211; Wolfgang Borchert und Heidi Pulley Boyes. Ausstellung vom 19.7.- 27.8.","author":"AC","date":"31-05-06","format":false,"excerpt":"Die Ausstellung nimmt ihren Ausgangspunkt in der Begegnung zwischen Wolfgang Borchert und Heidi Pulley Boyes. Heidi Boyes spielte 1941 in L\u00fcneburg an der \u201eLandesb\u00fchne Ost-Hannover\u201c bei Intendant Hans Harloff \u2013 Borchert war f\u00fcr drei Monate Mitglied des Ensembles und wurde dann zum Milit\u00e4rdienst eingezogen. Seine (Liebes)Briefe an Heidi Boyes, derzeit\u2026","rel":"","context":"In &quot;Ausstellungen und Veranstaltungen&quot;","block_context":{"text":"Ausstellungen und Veranstaltungen","link":"https:\/\/blog.sub.uni-hamburg.de\/?cat=9"},"img":{"alt_text":"","src":"","width":0,"height":0},"classes":[]},{"id":1600,"url":"https:\/\/blog.sub.uni-hamburg.de\/?p=1600","url_meta":{"origin":32282,"position":3},"title":"Peter Striebeck mit Wolfgang  Borchert an Bord (28. 2.)","author":"BP","date":"12-02-10","format":false,"excerpt":"Literarische Schiffsreise mit Wolfgang Borchert auf der HADAG-F\u00e4hre, welche seinen Namen tr\u00e4gt. Die Texte liest Peter Striebeck. Abfahrt: 28. Februar, 15.00 Uhr St. Pauli Landungsbr\u00fccken, Br\u00fccke 1-2. Die \"Wolfgang Borchert\" liegt eine halbe Stunde vor Abfahrt bereit. Fahrpreis \u20ac 20, erm\u00e4\u00dfigt \u20ac 15. Reservierung unter: pr@sub.uni-hamburg.de, 040-42838-5857 \u00dcberweisung des Fahrpreises\u2026","rel":"","context":"In &quot;Ausstellungen und Veranstaltungen&quot;","block_context":{"text":"Ausstellungen und Veranstaltungen","link":"https:\/\/blog.sub.uni-hamburg.de\/?cat=9"},"img":{"alt_text":"","src":"https:\/\/i0.wp.com\/blog.sub.uni-hamburg.de\/wp-content\/uploads\/2010\/02\/borchert.jpg?resize=350%2C200&ssl=1","width":350,"height":200},"classes":[]},{"id":31089,"url":"https:\/\/blog.sub.uni-hamburg.de\/?p=31089","url_meta":{"origin":32282,"position":4},"title":"&#8220;Lebe, liebe, leide und schreibe&#8221; &#8211; Wolfgang Borchert im 100. Geburtsjahr. Live\u00fcbertragung der Lesung mit Musik. (20.4.)","author":"Markus Trapp","date":"16-04-21","format":false,"excerpt":"Im 100. Geburtsjahr des Hamburger Autors Wolfgang Borchert f\u00fchren Stella Roberts und Jens Wawrczeck mit ihrer Performance durch sein Leben und Werk. Natalie B\u00f6ttcher auf dem Akkordeon und Johannes Kirchberg am Klavier begleiten das Duo musikalisch. Dramaturgie: Dr. Sonja Valentin und Prof. Hans-Gerd Winter Gru\u00dfwort: Prof. Robert Zepf (Leitender Direktor\u2026","rel":"","context":"In &quot;Ausstellungen und Veranstaltungen&quot;","block_context":{"text":"Ausstellungen und Veranstaltungen","link":"https:\/\/blog.sub.uni-hamburg.de\/?cat=9"},"img":{"alt_text":"","src":"https:\/\/i0.wp.com\/blog.sub.uni-hamburg.de\/wp-content\/uploads\/2021\/04\/Borchert-Titelbild-Lesung-20-04-kl.jpg?resize=350%2C200&ssl=1","width":350,"height":200,"srcset":"https:\/\/i0.wp.com\/blog.sub.uni-hamburg.de\/wp-content\/uploads\/2021\/04\/Borchert-Titelbild-Lesung-20-04-kl.jpg?resize=350%2C200&ssl=1 1x, https:\/\/i0.wp.com\/blog.sub.uni-hamburg.de\/wp-content\/uploads\/2021\/04\/Borchert-Titelbild-Lesung-20-04-kl.jpg?resize=525%2C300&ssl=1 1.5x"},"classes":[]},{"id":31235,"url":"https:\/\/blog.sub.uni-hamburg.de\/?p=31235","url_meta":{"origin":32282,"position":5},"title":"Ausstellung &#8220;Dissonanzen. Wolfgang Borchert (1921-1947)&#8221;","author":"Markus Trapp","date":"10-05-21","format":false,"excerpt":"Im 100. Geburtsjahr Wolfgang Borcherts hat die Hamburger Staats- und Universit\u00e4tsbibliothek ein besonderes Geschenk geschn\u00fcrt: Am Dienstag, den 11. Mai 2021 um 17 Uhr er\u00f6ffnet im Hauptgeb\u00e4ude der Bibliothek die \u201eBorchert-Box\u201c, ein Glaskasten mit zwei R\u00e4umen, in denen die neue Dauerausstellung zu Leben und Werk des ber\u00fchmten Autors mit dem\u2026","rel":"","context":"In &quot;Ausstellungen und Veranstaltungen&quot;","block_context":{"text":"Ausstellungen und Veranstaltungen","link":"https:\/\/blog.sub.uni-hamburg.de\/?cat=9"},"img":{"alt_text":"Borchert-Box: Ausstellung ","src":"https:\/\/i0.wp.com\/blog.sub.uni-hamburg.de\/wp-content\/uploads\/2021\/04\/borchert-box-pfeife.jpg?resize=350%2C200&ssl=1","width":350,"height":200},"classes":[]}],"jetpack_sharing_enabled":true,"_links":{"self":[{"href":"https:\/\/blog.sub.uni-hamburg.de\/index.php?rest_route=\/wp\/v2\/posts\/32282","targetHints":{"allow":["GET"]}}],"collection":[{"href":"https:\/\/blog.sub.uni-hamburg.de\/index.php?rest_route=\/wp\/v2\/posts"}],"about":[{"href":"https:\/\/blog.sub.uni-hamburg.de\/index.php?rest_route=\/wp\/v2\/types\/post"}],"author":[{"embeddable":true,"href":"https:\/\/blog.sub.uni-hamburg.de\/index.php?rest_route=\/wp\/v2\/users\/19"}],"replies":[{"embeddable":true,"href":"https:\/\/blog.sub.uni-hamburg.de\/index.php?rest_route=%2Fwp%2Fv2%2Fcomments&post=32282"}],"version-history":[{"count":4,"href":"https:\/\/blog.sub.uni-hamburg.de\/index.php?rest_route=\/wp\/v2\/posts\/32282\/revisions"}],"predecessor-version":[{"id":32288,"href":"https:\/\/blog.sub.uni-hamburg.de\/index.php?rest_route=\/wp\/v2\/posts\/32282\/revisions\/32288"}],"wp:attachment":[{"href":"https:\/\/blog.sub.uni-hamburg.de\/index.php?rest_route=%2Fwp%2Fv2%2Fmedia&parent=32282"}],"wp:term":[{"taxonomy":"category","embeddable":true,"href":"https:\/\/blog.sub.uni-hamburg.de\/index.php?rest_route=%2Fwp%2Fv2%2Fcategories&post=32282"},{"taxonomy":"post_tag","embeddable":true,"href":"https:\/\/blog.sub.uni-hamburg.de\/index.php?rest_route=%2Fwp%2Fv2%2Ftags&post=32282"}],"curies":[{"name":"wp","href":"https:\/\/api.w.org\/{rel}","templated":true}]}}