{"id":304,"date":"2006-10-04T11:23:35","date_gmt":"2006-10-04T09:23:35","guid":{"rendered":"http:\/\/www.sub.uni-hamburg.de\/blog\/?p=304"},"modified":"2006-10-04T18:10:56","modified_gmt":"2006-10-04T16:10:56","slug":"304","status":"publish","type":"post","link":"https:\/\/blog.sub.uni-hamburg.de\/?p=304","title":{"rendered":"Vortrag und Rezitation zu Lessings &#8220;Nathan&#8221;"},"content":{"rendered":"<p>Im Rahmen unserer Ausstellung <a href=\"https:\/\/blog.sub.uni-hamburg.de\/?p=220\">&#8220;Nathans Ende oder der Schlaf der <\/a><a href=\"https:\/\/blog.sub.uni-hamburg.de\/?p=220\">Vernunft&#8221; <\/a> findet am kommenden Donnerstag, 5. Oktober, um 19 Uhr die 3. Veranstaltung der <a href=\"https:\/\/blog.sub.uni-hamburg.de\/?p=222\">Lessing-Reihe <\/a>statt:<br \/>\n<strong>Lessings Nathan<br \/>\n<\/strong> Vortrag und Rezitation des Schauspielers und Regisseurs Heinz A.E. Schr\u00f6ter. Mit Gotthold Ephraim Lessing begann die gro\u00dfe deutsche Dichtung. Zugleich war Lessing der bedeutende Aufkl\u00e4rer, der gegen den orthodoxen Pfarrer der Katharinenkirche Melchior Goeze zu Felde zog, woraufhin dem Dichter von seinem Landesf\u00fcrsten die Zensurfreiheit entzogen wurde. Lessing parierte und schrieb \u201cNathan der Weise\u201d, eines der weltweit am h\u00e4ufigsten aufgef\u00fchrten St\u00fccke. Und wie war damals das literarische Umfeld? Was sagt der Toleranzgedanke jenes Nathan uns Heutigen?<br \/>\nSie sind herzlich dazu eingeladen! Die Veranstaltung wird von einem Pianisten begleitet. Der Eintritt ist frei.<\/p>\n","protected":false},"excerpt":{"rendered":"<p>Im Rahmen unserer Ausstellung &#8220;Nathans Ende oder der Schlaf der Vernunft&#8221; findet am kommenden Donnerstag, 5. Oktober, um 19 Uhr die 3. Veranstaltung der Lessing-Reihe statt: Lessings Nathan Vortrag und Rezitation des Schauspielers und Regisseurs Heinz A.E. Schr\u00f6ter. Mit Gotthold Ephraim Lessing begann die gro\u00dfe deutsche Dichtung. Zugleich war Lessing der bedeutende Aufkl\u00e4rer, der gegen [&hellip;]<\/p>\n","protected":false},"author":5,"featured_media":0,"comment_status":"open","ping_status":"open","sticky":false,"template":"","format":"standard","meta":{"jetpack_post_was_ever_published":false,"_jetpack_newsletter_access":"","_jetpack_dont_email_post_to_subs":false,"_jetpack_newsletter_tier_id":0,"_jetpack_memberships_contains_paywalled_content":false,"_jetpack_memberships_contains_paid_content":false,"footnotes":"","jetpack_publicize_message":"","jetpack_publicize_feature_enabled":true,"jetpack_social_post_already_shared":false,"jetpack_social_options":{"image_generator_settings":{"template":"highway","default_image_id":0,"font":"","enabled":false},"version":2}},"categories":[9],"tags":[],"class_list":["post-304","post","type-post","status-publish","format-standard","hentry","category-ausstellungen"],"views":4791,"jetpack_publicize_connections":[],"jetpack_featured_media_url":"","jetpack_shortlink":"https:\/\/wp.me\/s7hfNR-304","jetpack-related-posts":[{"id":222,"url":"https:\/\/blog.sub.uni-hamburg.de\/?p=222","url_meta":{"origin":304,"position":0},"title":"Lessing &#8211; Veranstaltungsreihe","author":"MG","date":"31-08-06","format":false,"excerpt":"Anl\u00e4sslich der Ausstellung \"Nathans Ende oder der Schlaf der Vernunft\" finden jeweils donnerstags um 19 Uhr im Vortragsraum der Staats- und Universit\u00e4tsbibliothek (1. Stock) Lesungen, Rezitationen und Vortr\u00e4ge statt. Do., 14.9.2006, 19 Uhr Lesung Katinka Springborn und Michael Dolata lesen aus dem Briefwechsel von Gotthold E. Lessing und Eva K\u00f6nig.\u2026","rel":"","context":"In &quot;Ausstellungen und Veranstaltungen&quot;","block_context":{"text":"Ausstellungen und Veranstaltungen","link":"https:\/\/blog.sub.uni-hamburg.de\/?cat=9"},"img":{"alt_text":"","src":"","width":0,"height":0},"classes":[]},{"id":283,"url":"https:\/\/blog.sub.uni-hamburg.de\/?p=283","url_meta":{"origin":304,"position":1},"title":"Vortrag: Lessings &#8220;Nathan&#8221; in der bildenden Kunst","author":"MG","date":"15-09-06","format":false,"excerpt":"Im Rahmen der Ausstellung \"Nathans Ende oder der Schlaf der Vernunft?\" findet am Donnerstag, dem 28. September, um 19 Uhr im Vortragsraum der Bibliothek (1. Etage) der zweite Vortrag der Lessing-Reihe statt. Der Eintritt ist frei. Birka Siwczyk, wissenschaftliche Mitarbeiterin der Arbeitsstelle f\u00fcr Lessing-Rezeption in Kamenz, Lessings Geburtsstadt, widmet sich\u2026","rel":"","context":"In &quot;Ausstellungen und Veranstaltungen&quot;","block_context":{"text":"Ausstellungen und Veranstaltungen","link":"https:\/\/blog.sub.uni-hamburg.de\/?cat=9"},"img":{"alt_text":"","src":"","width":0,"height":0},"classes":[]},{"id":307,"url":"https:\/\/blog.sub.uni-hamburg.de\/?p=307","url_meta":{"origin":304,"position":2},"title":"Lessing auf den B\u00fchnen des &#8220;Dritten Reiches&#8221;","author":"MG","date":"06-10-06","format":false,"excerpt":"In der 4. Veranstaltung der Lessing-Reihe im Rahmen der Ausstellung \"Nathans Ende oder der Schlaf der Vernunft\" am kommenden Donnerstag, 12. Oktober, um 19 Uhr, geht Matthias Hanke, Arbeitsstelle f\u00fcr Lessing-Rezeption Kamenz, der Frage nach, wie Lessing im \"Dritten Reich\" rezipiert wurde. Das Werk Lessings war in der Zeit des\u2026","rel":"","context":"In &quot;Ausstellungen und Veranstaltungen&quot;","block_context":{"text":"Ausstellungen und Veranstaltungen","link":"https:\/\/blog.sub.uni-hamburg.de\/?cat=9"},"img":{"alt_text":"","src":"","width":0,"height":0},"classes":[]},{"id":310,"url":"https:\/\/blog.sub.uni-hamburg.de\/?p=310","url_meta":{"origin":304,"position":3},"title":"Der heitere Lessing","author":"MG","date":"16-10-06","format":false,"excerpt":"Am kommenden Donnerstag, 26.10.2006, um 19 Uhr, findet die letzte Veranstaltung der Lessing-Reihe statt, die die Ausstellung \"Nathans Ende oder der Schlaf der Vernunft\" begleitet. Der heitere Lessing Fabeln und humorvolle Gedichte, vorgetragen von Georg H\u00fcbner und Kurt R\u00f6mer. Der heitere Lessing wird die Zuh\u00f6rer zum Schmunzeln bringen, und ein\u2026","rel":"","context":"In &quot;Ausstellungen und Veranstaltungen&quot;","block_context":{"text":"Ausstellungen und Veranstaltungen","link":"https:\/\/blog.sub.uni-hamburg.de\/?cat=9"},"img":{"alt_text":"","src":"","width":0,"height":0},"classes":[]},{"id":220,"url":"https:\/\/blog.sub.uni-hamburg.de\/?p=220","url_meta":{"origin":304,"position":4},"title":"Lessing-Ausstellung &#8216;Nathans Ende oder der Schlaf der Vernunft?&#8217; Ausstellung vom 8.9.-29.10.2006","author":"MG","date":"31-08-06","format":false,"excerpt":"Lessings \u201eNathan der Weise\u201c wirkt im Kontext neu aufgebrochener religi\u00f6ser und kultureller Differenzen in der globalisierten Welt von heute als Konflikt- und Begegnungsmodell ohne Beispiel, nicht erst seit dem 11. September 2001. Daran kn\u00fcpft die Ausstellung der Kamenzer Arbeitsstelle f\u00fcr Lessing-Rezeption, die sich der Wirkungsgeschichte der Dichtung vor allem auf\u2026","rel":"","context":"In &quot;Ausstellungen und Veranstaltungen&quot;","block_context":{"text":"Ausstellungen und Veranstaltungen","link":"https:\/\/blog.sub.uni-hamburg.de\/?cat=9"},"img":{"alt_text":"","src":"","width":0,"height":0},"classes":[]},{"id":279,"url":"https:\/\/blog.sub.uni-hamburg.de\/?p=279","url_meta":{"origin":304,"position":5},"title":"Lesung Briefe Lessing\/Eva K\u00f6nig","author":"MG","date":"12-09-06","format":false,"excerpt":"Im Rahmen unserer Ausstellung \"Nathans Ende oder der Schlaf der Vernunft?\" lesen am kommenden Donnerstag, 14. September 2006, um 19 Uhr die Schauspieler Katinka Springborn und Michael Dolata aus dem Briefwechsel von Gotthold E. Lessing und Eva K\u00f6nig. Ort: Vortragsraum der Staats- und Universit\u00e4tsbibliothek, 1. Etage. Eintritt frei. Lessing sa\u00df\u2026","rel":"","context":"In &quot;Ausstellungen und Veranstaltungen&quot;","block_context":{"text":"Ausstellungen und Veranstaltungen","link":"https:\/\/blog.sub.uni-hamburg.de\/?cat=9"},"img":{"alt_text":"","src":"","width":0,"height":0},"classes":[]}],"jetpack_sharing_enabled":true,"_links":{"self":[{"href":"https:\/\/blog.sub.uni-hamburg.de\/index.php?rest_route=\/wp\/v2\/posts\/304","targetHints":{"allow":["GET"]}}],"collection":[{"href":"https:\/\/blog.sub.uni-hamburg.de\/index.php?rest_route=\/wp\/v2\/posts"}],"about":[{"href":"https:\/\/blog.sub.uni-hamburg.de\/index.php?rest_route=\/wp\/v2\/types\/post"}],"author":[{"embeddable":true,"href":"https:\/\/blog.sub.uni-hamburg.de\/index.php?rest_route=\/wp\/v2\/users\/5"}],"replies":[{"embeddable":true,"href":"https:\/\/blog.sub.uni-hamburg.de\/index.php?rest_route=%2Fwp%2Fv2%2Fcomments&post=304"}],"version-history":[{"count":0,"href":"https:\/\/blog.sub.uni-hamburg.de\/index.php?rest_route=\/wp\/v2\/posts\/304\/revisions"}],"wp:attachment":[{"href":"https:\/\/blog.sub.uni-hamburg.de\/index.php?rest_route=%2Fwp%2Fv2%2Fmedia&parent=304"}],"wp:term":[{"taxonomy":"category","embeddable":true,"href":"https:\/\/blog.sub.uni-hamburg.de\/index.php?rest_route=%2Fwp%2Fv2%2Fcategories&post=304"},{"taxonomy":"post_tag","embeddable":true,"href":"https:\/\/blog.sub.uni-hamburg.de\/index.php?rest_route=%2Fwp%2Fv2%2Ftags&post=304"}],"curies":[{"name":"wp","href":"https:\/\/api.w.org\/{rel}","templated":true}]}}