{"id":303,"date":"2006-10-02T10:39:25","date_gmt":"2006-10-02T08:39:25","guid":{"rendered":"http:\/\/www.sub.uni-hamburg.de\/blog\/?p=303"},"modified":"2006-10-02T13:54:29","modified_gmt":"2006-10-02T11:54:29","slug":"offnungszeiten-am-mo-210","status":"publish","type":"post","link":"https:\/\/blog.sub.uni-hamburg.de\/?p=303","title":{"rendered":"\u00d6ffnungszeiten am Mo, 2.10. + Di, 3.10."},"content":{"rendered":"<p>Die Stabi ist am Montag, 2.10. zu den \u00fcblichen Zeiten und im gewohnten Umfang ge\u00f6ffnet:<br \/>\nZur \u00dcbersicht der <a href=\"http:\/\/www.sub.uni-hamburg.de\/informationen\/portrait\/oeffnungszeiten.html\">\u00d6ffnungszeiten<\/a><\/p>\n<p>Di, 3.10. ist ein gesetzlicher Feiertag und die Stabi bleibt geschlossen.<\/p>\n","protected":false},"excerpt":{"rendered":"<p>Die Stabi ist am Montag, 2.10. zu den \u00fcblichen Zeiten und im gewohnten Umfang ge\u00f6ffnet: Zur \u00dcbersicht der \u00d6ffnungszeiten Di, 3.10. ist ein gesetzlicher Feiertag und die Stabi bleibt geschlossen.<\/p>\n","protected":false},"author":6,"featured_media":0,"comment_status":"open","ping_status":"open","sticky":false,"template":"","format":"standard","meta":{"jetpack_post_was_ever_published":false,"_jetpack_newsletter_access":"","_jetpack_dont_email_post_to_subs":false,"_jetpack_newsletter_tier_id":0,"_jetpack_memberships_contains_paywalled_content":false,"_jetpack_memberships_contains_paid_content":false,"footnotes":"","jetpack_publicize_message":"","jetpack_publicize_feature_enabled":true,"jetpack_social_post_already_shared":false,"jetpack_social_options":{"image_generator_settings":{"template":"highway","default_image_id":0,"font":"","enabled":false},"version":2}},"categories":[1],"tags":[],"class_list":["post-303","post","type-post","status-publish","format-standard","hentry","category-1"],"views":7905,"jetpack_publicize_connections":[],"jetpack_featured_media_url":"","jetpack_shortlink":"https:\/\/wp.me\/p7hfNR-4T","jetpack-related-posts":[{"id":21042,"url":"https:\/\/blog.sub.uni-hamburg.de\/?p=21042","url_meta":{"origin":303,"position":0},"title":"Stabi geschlossen (2.+3.10.)","author":"ST","date":"26-09-16","format":false,"excerpt":"Am Sonntag, 2.10. finden aufw\u00e4ndige Pr\u00fcfungen an den Strom-Unterverteilungen und zahlreichen Ger\u00e4ten statt. Die Bibliothek bleibt an diesem Tag geschlossen. Mit zus\u00e4tzlichen Online-Serviceeinschr\u00e4nkungen ist bis voraussichtlich mittags zu rechnen. Das Herunterfahren der Server betrifft in erster Linie: beluga-Katalog E-Medienzugang Dokumentenserver (...Opus) Digitalisierte Best\u00e4nde (...Goobi) Unsere Website, der Campus-Katalog und der\u2026","rel":"","context":"In &quot;Aktuelles&quot;","block_context":{"text":"Aktuelles","link":"https:\/\/blog.sub.uni-hamburg.de\/?cat=1"},"img":{"alt_text":"3-10-2016","src":"https:\/\/i0.wp.com\/blog.sub.uni-hamburg.de\/wp-content\/uploads\/2016\/09\/3-10-2016.png?resize=350%2C200&ssl=1","width":350,"height":200},"classes":[]},{"id":38745,"url":"https:\/\/blog.sub.uni-hamburg.de\/?p=38745","url_meta":{"origin":303,"position":1},"title":"Stabi geschlossen (Do, 3.10.)","author":"ST","date":"25-09-24","format":false,"excerpt":"An gesetzlichen Feiertagen bleibt die Staats- und Universit\u00e4tsbibliothek geschlossen. Bitte beachten Sie bei Ihren Planungen, dass Ihnen die Bibliothek am Tag der Deutschen Einheit (Donnerstag, 3.10.2024) nur mit dem virtuellen Angebot, aber nicht vor Ort zur Verf\u00fcgung steht.","rel":"","context":"In &quot;Aktuelles&quot;","block_context":{"text":"Aktuelles","link":"https:\/\/blog.sub.uni-hamburg.de\/?cat=1"},"img":{"alt_text":"","src":"https:\/\/i0.wp.com\/blog.sub.uni-hamburg.de\/wp-content\/uploads\/2021\/09\/tag-der-deutschen-einheit.png?resize=350%2C200&ssl=1","width":350,"height":200},"classes":[]},{"id":40841,"url":"https:\/\/blog.sub.uni-hamburg.de\/?p=40841","url_meta":{"origin":303,"position":2},"title":"Stabi geschlossen (Fr, 3.10.)","author":"ST","date":"26-09-25","format":false,"excerpt":"An gesetzlichen Feiertagen bleibt die Staats- und Universit\u00e4tsbibliothek geschlossen. Bitte beachten Sie bei Ihren Planungen, dass Ihnen die Bibliothek am Tag der Deutschen Einheit (Freitag, 3.10.2025) nur mit dem virtuellen Angebot, aber nicht vor Ort zur Verf\u00fcgung steht.","rel":"","context":"In &quot;Aktuelles&quot;","block_context":{"text":"Aktuelles","link":"https:\/\/blog.sub.uni-hamburg.de\/?cat=1"},"img":{"alt_text":"","src":"https:\/\/i0.wp.com\/blog.sub.uni-hamburg.de\/wp-content\/uploads\/2021\/09\/tag-der-deutschen-einheit.png?resize=350%2C200&ssl=1","width":350,"height":200},"classes":[]},{"id":36615,"url":"https:\/\/blog.sub.uni-hamburg.de\/?p=36615","url_meta":{"origin":303,"position":3},"title":"Stabi geschlossen (Di, 3.10.)","author":"ST","date":"29-09-23","format":false,"excerpt":"An gesetzlichen Feiertagen bleibt die Stabi geschlossen. Bitte beachten Sie bei Ihren Planungen, dass Ihnen die Bibliothek am Tag der Deutschen Einheit (Dienstag, 3.10.2023) nur mit dem virtuellen Angebot, aber nicht vor Ort zur Verf\u00fcgung steht.","rel":"","context":"In &quot;Aktuelles&quot;","block_context":{"text":"Aktuelles","link":"https:\/\/blog.sub.uni-hamburg.de\/?cat=1"},"img":{"alt_text":"","src":"https:\/\/i0.wp.com\/blog.sub.uni-hamburg.de\/wp-content\/uploads\/2021\/09\/tag-der-deutschen-einheit.png?resize=350%2C200&ssl=1","width":350,"height":200},"classes":[]},{"id":38717,"url":"https:\/\/blog.sub.uni-hamburg.de\/?p=38717","url_meta":{"origin":303,"position":4},"title":"GdF: Einblicke in die Papyrussammlung (2.10.)","author":"Markus Trapp","date":"16-09-24","format":false,"excerpt":"Mittwoch, 2.10., 16 Uhr, Treffpunkt: Foyer der Stabi. Dr. Katrin Janz-Wenig wird die Papyrussammlung der Staats- und Universit\u00e4tsbibliothek Hamburg vorstellen und einige ausgew\u00e4hlte St\u00fccke der Sammlung pr\u00e4sentieren. Eine Veranstaltung der Gesellschaft der Freunde der Staats- und Universit\u00e4tsbibliothek Hamburg. Um Anmeldung wird gebeten unter gdf@sub.uni-hamburg.de oder 040 428 38 22 13.\u2026","rel":"","context":"In &quot;Ausstellungen und Veranstaltungen&quot;","block_context":{"text":"Ausstellungen und Veranstaltungen","link":"https:\/\/blog.sub.uni-hamburg.de\/?cat=9"},"img":{"alt_text":"","src":"https:\/\/i0.wp.com\/blog.sub.uni-hamburg.de\/wp-content\/uploads\/2022\/06\/cod_in_scrin_75v.jpg?resize=350%2C200&ssl=1","width":350,"height":200},"classes":[]},{"id":16758,"url":"https:\/\/blog.sub.uni-hamburg.de\/?p=16758","url_meta":{"origin":303,"position":5},"title":"\u00d6ffnungszeiten zum Jahreswechsel","author":"ST","date":"15-12-14","format":false,"excerpt":"Die Stabi bleibt von Mi, 24.12., bis Fr, 26.12.2014, und Mi, 31.12.2014, bis Do, 1.1.2015, geschlossen. Bis Di, 23.12.2014, und ab Fr, 2.1.2015, gelten die \u00fcblichen \u00d6ffnungszeiten, ebenso wie von Sa, 27.12., bis Di, 30.12.2014, z.B.: Sa, 27.12., bis Di, 30.12.2014, sind Leses\u00e4le und Informationszentrum von 9 bzw. (Sa und\u2026","rel":"","context":"In &quot;Aktuelles&quot;","block_context":{"text":"Aktuelles","link":"https:\/\/blog.sub.uni-hamburg.de\/?cat=1"},"img":{"alt_text":"Weihnachten 2014","src":"https:\/\/i0.wp.com\/blog.sub.uni-hamburg.de\/wp-content\/uploads\/2014\/12\/frohe-weihnachten-2014.jpg?resize=350%2C200&ssl=1","width":350,"height":200,"srcset":"https:\/\/i0.wp.com\/blog.sub.uni-hamburg.de\/wp-content\/uploads\/2014\/12\/frohe-weihnachten-2014.jpg?resize=350%2C200&ssl=1 1x, https:\/\/i0.wp.com\/blog.sub.uni-hamburg.de\/wp-content\/uploads\/2014\/12\/frohe-weihnachten-2014.jpg?resize=525%2C300&ssl=1 1.5x"},"classes":[]}],"jetpack_sharing_enabled":true,"_links":{"self":[{"href":"https:\/\/blog.sub.uni-hamburg.de\/index.php?rest_route=\/wp\/v2\/posts\/303","targetHints":{"allow":["GET"]}}],"collection":[{"href":"https:\/\/blog.sub.uni-hamburg.de\/index.php?rest_route=\/wp\/v2\/posts"}],"about":[{"href":"https:\/\/blog.sub.uni-hamburg.de\/index.php?rest_route=\/wp\/v2\/types\/post"}],"author":[{"embeddable":true,"href":"https:\/\/blog.sub.uni-hamburg.de\/index.php?rest_route=\/wp\/v2\/users\/6"}],"replies":[{"embeddable":true,"href":"https:\/\/blog.sub.uni-hamburg.de\/index.php?rest_route=%2Fwp%2Fv2%2Fcomments&post=303"}],"version-history":[{"count":0,"href":"https:\/\/blog.sub.uni-hamburg.de\/index.php?rest_route=\/wp\/v2\/posts\/303\/revisions"}],"wp:attachment":[{"href":"https:\/\/blog.sub.uni-hamburg.de\/index.php?rest_route=%2Fwp%2Fv2%2Fmedia&parent=303"}],"wp:term":[{"taxonomy":"category","embeddable":true,"href":"https:\/\/blog.sub.uni-hamburg.de\/index.php?rest_route=%2Fwp%2Fv2%2Fcategories&post=303"},{"taxonomy":"post_tag","embeddable":true,"href":"https:\/\/blog.sub.uni-hamburg.de\/index.php?rest_route=%2Fwp%2Fv2%2Ftags&post=303"}],"curies":[{"name":"wp","href":"https:\/\/api.w.org\/{rel}","templated":true}]}}