{"id":26794,"date":"2019-03-19T15:00:55","date_gmt":"2019-03-19T14:00:55","guid":{"rendered":"https:\/\/blog.sub.uni-hamburg.de\/?p=26794"},"modified":"2021-02-19T15:31:50","modified_gmt":"2021-02-19T14:31:50","slug":"ausstellung-licht-ins-dunkel-4-4-23-6","status":"publish","type":"post","link":"https:\/\/blog.sub.uni-hamburg.de\/?p=26794","title":{"rendered":"Ausstellung: Licht ins Dunkel! (4.4.-23.6.)"},"content":{"rendered":"<p><strong>Die Diasammlung des Kunstgeschichtlichen Seminars im Kontext der Zeit.<br \/>\nDauer: 4. April bis 23. Juni 2019.<\/strong><br \/>\n<a href=\"https:\/\/blog.sub.uni-hamburg.de\/?p=26794#br\">Brosch\u00fcre zur Ausstellung<\/a>.<\/p>\n<p><a href=\"https:\/\/blog.sub.uni-hamburg.de\/wp-content\/uploads\/2019\/03\/fuehrung-ausstellung-lichtinsdunkel.jpg\"><img loading=\"lazy\" decoding=\"async\" data-attachment-id=\"27194\" data-permalink=\"https:\/\/blog.sub.uni-hamburg.de\/?attachment_id=27194\" data-orig-file=\"https:\/\/blog.sub.uni-hamburg.de\/wp-content\/uploads\/2019\/03\/fuehrung-ausstellung-lichtinsdunkel-kl.jpg\" data-orig-size=\"350,263\" data-comments-opened=\"1\" data-image-meta=\"{&quot;aperture&quot;:&quot;0&quot;,&quot;credit&quot;:&quot;&quot;,&quot;camera&quot;:&quot;&quot;,&quot;caption&quot;:&quot;&quot;,&quot;created_timestamp&quot;:&quot;0&quot;,&quot;copyright&quot;:&quot;&quot;,&quot;focal_length&quot;:&quot;0&quot;,&quot;iso&quot;:&quot;0&quot;,&quot;shutter_speed&quot;:&quot;0&quot;,&quot;title&quot;:&quot;&quot;,&quot;orientation&quot;:&quot;0&quot;}\" data-image-title=\"fuehrung-ausstellung-lichtinsdunkel-kl\" data-image-description=\"\" data-image-caption=\"\" data-large-file=\"https:\/\/blog.sub.uni-hamburg.de\/wp-content\/uploads\/2019\/03\/fuehrung-ausstellung-lichtinsdunkel-kl.jpg\" src=\"https:\/\/blog.sub.uni-hamburg.de\/wp-content\/uploads\/2019\/03\/fuehrung-ausstellung-lichtinsdunkel-kl.jpg\" alt=\"\" width=\"350\" height=\"263\" class=\"alignright size-full wp-image-27194\" srcset=\"https:\/\/blog.sub.uni-hamburg.de\/wp-content\/uploads\/2019\/03\/fuehrung-ausstellung-lichtinsdunkel-kl.jpg 350w, https:\/\/blog.sub.uni-hamburg.de\/wp-content\/uploads\/2019\/03\/fuehrung-ausstellung-lichtinsdunkel-kl-150x113.jpg 150w, https:\/\/blog.sub.uni-hamburg.de\/wp-content\/uploads\/2019\/03\/fuehrung-ausstellung-lichtinsdunkel-kl-300x225.jpg 300w\" sizes=\"auto, (max-width: 350px) 100vw, 350px\" \/><\/a> [Update:] <strong>F\u00fchrung durch die Ausstellung<\/strong> \u201eLicht ins Dunkel! Die Diasammlung des Kunstgeschichtlichen Seminars\u201c durch die Kuratorin <strong>Dr. Anke Napp<\/strong> am <strong>Mittwoch, den 12. Juni 2019, von 14 &#8211; 15 Uhr<\/strong>. [Ende Update]<\/p>\n<p><a href=\"https:\/\/blog.sub.uni-hamburg.de\/wp-content\/uploads\/2019\/03\/Diasammlung-Plakat-gr.jpg\"><img loading=\"lazy\" decoding=\"async\" data-attachment-id=\"26806\" data-permalink=\"https:\/\/blog.sub.uni-hamburg.de\/?attachment_id=26806\" data-orig-file=\"https:\/\/blog.sub.uni-hamburg.de\/wp-content\/uploads\/2019\/03\/Diasammlung-Plakat.jpg\" data-orig-size=\"350,494\" data-comments-opened=\"1\" data-image-meta=\"{&quot;aperture&quot;:&quot;0&quot;,&quot;credit&quot;:&quot;&quot;,&quot;camera&quot;:&quot;&quot;,&quot;caption&quot;:&quot;&quot;,&quot;created_timestamp&quot;:&quot;0&quot;,&quot;copyright&quot;:&quot;&quot;,&quot;focal_length&quot;:&quot;0&quot;,&quot;iso&quot;:&quot;0&quot;,&quot;shutter_speed&quot;:&quot;0&quot;,&quot;title&quot;:&quot;&quot;,&quot;orientation&quot;:&quot;0&quot;}\" data-image-title=\"Diasammlung-Plakat\" data-image-description=\"\" data-image-caption=\"\" data-large-file=\"https:\/\/blog.sub.uni-hamburg.de\/wp-content\/uploads\/2019\/03\/Diasammlung-Plakat.jpg\" src=\"https:\/\/blog.sub.uni-hamburg.de\/wp-content\/uploads\/2019\/03\/Diasammlung-Plakat.jpg\" alt=\"Ausstellung: Licht ins Dunkel! (4.4.-23.6.)\" title=\"Ausstellung: Licht ins Dunkel! (4.4.-23.6.)\" width=\"350\" height=\"494\" class=\"alignleft size-full wp-image-26806\" srcset=\"https:\/\/blog.sub.uni-hamburg.de\/wp-content\/uploads\/2019\/03\/Diasammlung-Plakat.jpg 350w, https:\/\/blog.sub.uni-hamburg.de\/wp-content\/uploads\/2019\/03\/Diasammlung-Plakat-106x150.jpg 106w, https:\/\/blog.sub.uni-hamburg.de\/wp-content\/uploads\/2019\/03\/Diasammlung-Plakat-213x300.jpg 213w\" sizes=\"auto, (max-width: 350px) 100vw, 350px\" \/><\/a> Auf Glas gemalte Bilder, die mit \u201eLaterna Magica\u201c auf Jahrm\u00e4rkten, in Salons und Kinderzimmern gezeigt wurden, fanden seit dem 18. Jahrhundert ein begeistertes Publikum. Die Erfindung der Fotografie und die Industrialisierung er\u00f6ffneten dem im Dunklen leuchtenden \u201emagischen Lichtbild\u201c Einsatzm\u00f6glichkeiten auch im Bildungswesen. Firmen wetteiferten in der Herstellung der besten Glasplattendias und \u201eBildwerfer\u201c. Anfang des 20. Jahrhunderts war die Projektion aus Schulen und Universit\u00e4ten nicht mehr wegzudenken. F\u00fcr die Kunstgeschichte wurde sie im \u201eVergleichenden Sehen\u201c zum zentralen Lehr- und Forschungsinstrument.<\/p>\n<p>Am Kunstgeschichtlichen Seminar der 1919 gegr\u00fcndeten Universit\u00e4t Hamburg sorgte Erwin Panofsky f\u00fcr den Erwerb der ersten Dias und Fotografien, die er eigenh\u00e4ndig beschriftete. Seine Nachfolger trugen Kriegs- und Krisenzeiten zum Trotz die gr\u00f6\u00dfte kunstgeschichtliche Diasammlung Deutschlands zusammen. Erg\u00e4nzt durch umfangreich erhaltenes Schriftgut gibt sie Einblick in die Entwicklung der kunstgeschichtlichen Methode und l\u00e4sst die Geschichte des Fachs lebendig werden.<br \/>\n<!--more--><\/p>\n<div style=\"float: right; padding-right:0px; margin-left:25px; margin-bottom:25px;\"><div id=\"attachment_26798\" style=\"width: 310px\" class=\"wp-caption alignnone\"><a href=\"https:\/\/blog.sub.uni-hamburg.de\/wp-content\/uploads\/2019\/03\/Projektor1-gr.jpg\"><img loading=\"lazy\" decoding=\"async\" aria-describedby=\"caption-attachment-26798\" data-attachment-id=\"26798\" data-permalink=\"https:\/\/blog.sub.uni-hamburg.de\/?attachment_id=26798\" data-orig-file=\"https:\/\/blog.sub.uni-hamburg.de\/wp-content\/uploads\/2019\/03\/Projektor1.jpg\" data-orig-size=\"350,388\" data-comments-opened=\"1\" data-image-meta=\"{&quot;aperture&quot;:&quot;0&quot;,&quot;credit&quot;:&quot;&quot;,&quot;camera&quot;:&quot;&quot;,&quot;caption&quot;:&quot;&quot;,&quot;created_timestamp&quot;:&quot;0&quot;,&quot;copyright&quot;:&quot;&quot;,&quot;focal_length&quot;:&quot;0&quot;,&quot;iso&quot;:&quot;0&quot;,&quot;shutter_speed&quot;:&quot;0&quot;,&quot;title&quot;:&quot;&quot;,&quot;orientation&quot;:&quot;0&quot;}\" data-image-title=\"&amp;#8216;Laterna Magica&amp;#8217; im F\u00f6n-Look: 1920er Jahre\" data-image-description=\"&lt;p&gt;&amp;#8216;Laterna Magica&amp;#8217; im F\u00f6n-Look: 1920er Jahre &lt;\/p&gt;\n\" data-image-caption=\"&lt;p&gt;&amp;#8216;Laterna Magica&amp;#8217; im F\u00f6n-Look: 1920er Jahre &lt;\/p&gt;\n\" data-large-file=\"https:\/\/blog.sub.uni-hamburg.de\/wp-content\/uploads\/2019\/03\/Projektor1.jpg\" src=\"https:\/\/blog.sub.uni-hamburg.de\/wp-content\/uploads\/2019\/03\/Projektor1.jpg\" alt=\"&#039;Laterna Magica&#039; im F\u00f6n-Look: 1920er Jahre \" width=\"300\" height=\"322\" class=\"size-full wp-image-26798\" title=\"&#039;Laterna Magica&#039; im F\u00f6n-Look: 1920er Jahre \" width=\"300\" height=\"322\" class=\"size-full wp-image-26798\" \/><\/a><p id=\"caption-attachment-26798\" class=\"wp-caption-text\"><\/p>\n<div style=\"font-size: 12px; line-height: 1.2; margin-bottom:0;\">&#8216;Laterna Magica&#8217; im F\u00f6n-Look: 1920er Jahre<\/div>\n<p><\/p><\/div><\/p><\/div>\n<p> F\u00fcr Jahrzehnte blieb das Bildmaterial schwarzwei\u00df. Farbabstinenz war technischen Defiziten geschuldet und Kriterium wissenschaftlicher Exaktheit. Erst nach dem II. Weltkrieg setzte sich, gemeinsam mit dem Kleinbilddia auf 35mm-Film, farbiges Diamaterial durch und wurde bald enthusiastisch gef\u00f6rdert. In der Nachkriegszeit trat das Kleinbilddia seinen Siegeszug in der Popul\u00e4rkultur an. F\u00fcr die Neuentwicklung von Projektoren wurde neben der einfachen Bedienbarkeit zunehmend auch die aparte Optik wichtig. Elegante kleine Ger\u00e4te eroberten die Wohnzimmer in West und Ost. Von Urlaubsorten wurden Diaserien mitgebracht und selbst fotografiert, um sp\u00e4ter im Familien- und Bekanntenkreis die Erlebnisse bei einem Dia-Abend zu teilen.<\/p>\n<p>Die Ausstellung zeigt anl\u00e4sslich des hundertj\u00e4hrigen Jubil\u00e4ums der Gr\u00fcndung der Universit\u00e4t Hamburg Glasdiapositive und Fotografien aus den Sammlungen des Kunstgeschichtlichen Seminars sowie Kleinbildprojektoren und Medien der Dia-Fr\u00fchgeschichte aus der privaten Sammlung <em>Dia-Versum<\/em>.<\/p>\n<hr id=\"br\" \/>\n<p><img loading=\"lazy\" decoding=\"async\" data-attachment-id=\"26893\" data-permalink=\"https:\/\/blog.sub.uni-hamburg.de\/?attachment_id=26893\" data-orig-file=\"https:\/\/blog.sub.uni-hamburg.de\/wp-content\/uploads\/2019\/03\/diasammlung-broschuere.jpg\" data-orig-size=\"400,321\" data-comments-opened=\"1\" data-image-meta=\"{&quot;aperture&quot;:&quot;0&quot;,&quot;credit&quot;:&quot;&quot;,&quot;camera&quot;:&quot;&quot;,&quot;caption&quot;:&quot;&quot;,&quot;created_timestamp&quot;:&quot;0&quot;,&quot;copyright&quot;:&quot;&quot;,&quot;focal_length&quot;:&quot;0&quot;,&quot;iso&quot;:&quot;0&quot;,&quot;shutter_speed&quot;:&quot;0&quot;,&quot;title&quot;:&quot;&quot;,&quot;orientation&quot;:&quot;0&quot;}\" data-image-title=\"diasammlung-broschuere\" data-image-description=\"\" data-image-caption=\"\" data-large-file=\"https:\/\/blog.sub.uni-hamburg.de\/wp-content\/uploads\/2019\/03\/diasammlung-broschuere.jpg\" src=\"https:\/\/blog.sub.uni-hamburg.de\/wp-content\/uploads\/2019\/03\/diasammlung-broschuere.jpg\" alt=\"\" width=\"250\" height=\"200\" class=\"alignleft size-full wp-image-26893\" srcset=\"https:\/\/blog.sub.uni-hamburg.de\/wp-content\/uploads\/2019\/03\/diasammlung-broschuere.jpg 400w, https:\/\/blog.sub.uni-hamburg.de\/wp-content\/uploads\/2019\/03\/diasammlung-broschuere-150x120.jpg 150w, https:\/\/blog.sub.uni-hamburg.de\/wp-content\/uploads\/2019\/03\/diasammlung-broschuere-300x241.jpg 300w\" sizes=\"auto, (max-width: 250px) 100vw, 250px\" \/> Begleitend zur Ausstellung gibt es eine Informationsbrosch\u00fcre, die im Ausstellungsraum zur Mitnahme bereit liegt und die hier im Format PDF heruntergeladen werden kann. Neben Beschreibungen einzelner Ausstellungsst\u00fccke finden sich dort auch zahlreiche Abbildungen: <\/p>\n<p><a href=\"https:\/\/blog.sub.uni-hamburg.de\/wp-content\/uploads\/2019\/03\/Katalogheft-Licht_ins_Dunkel-web.pdf\">Download Brosch\u00fcre<\/a> (57 S., 2,6 MB) <\/p>\n<p>  <\/p>\n<p> \u00a0<br \/>\n\u00a0<\/p>\n<p>  <\/p>\n<p> <br \/>\n\u00a0<\/p>\n<hr \/>\n<p><strong>Update 5.4.2019:<\/strong> Die Ausstellungsreferentin der Stabi, PD Dr. Monika M\u00fcller, stellt im Interview mit der Kuratorin Dr. Anke Napp, Leiterin der Mediathek am Kunstgeschichtlichen Seminar der Universit\u00e4t Hamburg, die Ausstellung &#8220;Licht ins Dunkel!&#8221; vor: <\/p>\n<p><span class=\"embed-youtube\" style=\"text-align:center; display: block;\"><iframe loading=\"lazy\" class=\"youtube-player\" width=\"640\" height=\"360\" src=\"https:\/\/www.youtube.com\/embed\/ky8lfsl0N0c?version=3&#038;rel=1&#038;showsearch=0&#038;showinfo=1&#038;iv_load_policy=1&#038;fs=1&#038;hl=de-DE-formal&#038;autohide=2&#038;wmode=transparent\" allowfullscreen=\"true\" style=\"border:0;\" sandbox=\"allow-scripts allow-same-origin allow-popups allow-presentation allow-popups-to-escape-sandbox\"><\/iframe><\/span> <\/p>\n<hr \/>\n<p><strong>Ausstellungser\u00f6ffnung: Mittwoch, den 3. April 2019, um 18 Uhr<\/strong> im Vortragsraum der Bibliothek (1. Etage). <\/p>\n<ul>\n<li>\n<em>Begr\u00fc\u00dfung<\/em><br \/>\n<strong>Dr. Petra Bl\u00f6dorn-Meyer<\/strong>, Kommissarische Leitung der Bibliothek<\/li>\n<li><em>Licht ins Dunkel! Die Bedeutung des Lichtbildes f\u00fcr die universit\u00e4re Lehre<\/em><br \/>\n<strong>Dr. Anke Napp<\/strong>, Kuratorin der Ausstellung, Leiterin der Mediathek am Kunstgeschichtlichen Seminar der Universit\u00e4t Hamburg<\/li>\n<li><em>Endlich wieder sichtbar. Gro\u00df- und Kleinbilddias des Berliner kunstgeschichtlichen Instituts im digitalen Format<\/em><br \/>\n<strong>Dr. Georg Schelbert<\/strong>, Leiter der Mediathek am Jacob- und Wilhelm-Grimm-Zentrum der Humboldt-Universit\u00e4t Berlin<\/li>\n<\/ul>\n<hr \/>\n<p>Einige Exponate aus der Ausstellung: <\/p>\n<div id=\"attachment_26804\" style=\"width: 650px\" class=\"wp-caption alignnone\"><a href=\"https:\/\/blog.sub.uni-hamburg.de\/wp-content\/uploads\/2019\/03\/Glasmalerei-Dia-Holzrahmen-gr.jpg\"><img loading=\"lazy\" decoding=\"async\" aria-describedby=\"caption-attachment-26804\" data-attachment-id=\"26804\" data-permalink=\"https:\/\/blog.sub.uni-hamburg.de\/?attachment_id=26804\" data-orig-file=\"https:\/\/blog.sub.uni-hamburg.de\/wp-content\/uploads\/2019\/03\/Glasmalerei-Dia-Holzrahmen.jpg\" data-orig-size=\"640,464\" data-comments-opened=\"1\" data-image-meta=\"{&quot;aperture&quot;:&quot;0&quot;,&quot;credit&quot;:&quot;&quot;,&quot;camera&quot;:&quot;&quot;,&quot;caption&quot;:&quot;&quot;,&quot;created_timestamp&quot;:&quot;0&quot;,&quot;copyright&quot;:&quot;&quot;,&quot;focal_length&quot;:&quot;0&quot;,&quot;iso&quot;:&quot;0&quot;,&quot;shutter_speed&quot;:&quot;0&quot;,&quot;title&quot;:&quot;&quot;,&quot;orientation&quot;:&quot;0&quot;}\" data-image-title=\"Glasmalerei-Dia-Holzrahmen\" data-image-description=\"&lt;p&gt;Dia im Holzrahmen: vermutlich Mitte 19. Jhd. &lt;\/p&gt;\n\" data-image-caption=\"&lt;p&gt;Dia im Holzrahmen: vermutlich Mitte 19. Jhd. &lt;\/p&gt;\n\" data-large-file=\"https:\/\/blog.sub.uni-hamburg.de\/wp-content\/uploads\/2019\/03\/Glasmalerei-Dia-Holzrahmen.jpg\" src=\"https:\/\/blog.sub.uni-hamburg.de\/wp-content\/uploads\/2019\/03\/Glasmalerei-Dia-Holzrahmen.jpg\" alt=\"Dia im Holzrahmen: vermutlich Mitte 19. Jhd. \" width=\"640\" height=\"464\" class=\"size-full wp-image-26804\" srcset=\"https:\/\/blog.sub.uni-hamburg.de\/wp-content\/uploads\/2019\/03\/Glasmalerei-Dia-Holzrahmen.jpg 640w, https:\/\/blog.sub.uni-hamburg.de\/wp-content\/uploads\/2019\/03\/Glasmalerei-Dia-Holzrahmen-150x109.jpg 150w, https:\/\/blog.sub.uni-hamburg.de\/wp-content\/uploads\/2019\/03\/Glasmalerei-Dia-Holzrahmen-300x218.jpg 300w\" sizes=\"auto, (max-width: 640px) 100vw, 640px\" \/><\/a><p id=\"caption-attachment-26804\" class=\"wp-caption-text\"><\/p>\n<div style=\"font-size: 12px; line-height: 1.2; margin-bottom:0;\">Dia im Holzrahmen: vermutlich Mitte 19. Jhd.<\/div>\n<p><\/p><\/div>\n<div id=\"attachment_26800\" style=\"width: 650px\" class=\"wp-caption alignnone\"><a href=\"https:\/\/blog.sub.uni-hamburg.de\/wp-content\/uploads\/2019\/03\/Projektor2-gr.jpg\"><img loading=\"lazy\" decoding=\"async\" aria-describedby=\"caption-attachment-26800\" data-attachment-id=\"26800\" data-permalink=\"https:\/\/blog.sub.uni-hamburg.de\/?attachment_id=26800\" data-orig-file=\"https:\/\/blog.sub.uni-hamburg.de\/wp-content\/uploads\/2019\/03\/Projektor2.jpg\" data-orig-size=\"640,490\" data-comments-opened=\"1\" data-image-meta=\"{&quot;aperture&quot;:&quot;0&quot;,&quot;credit&quot;:&quot;&quot;,&quot;camera&quot;:&quot;&quot;,&quot;caption&quot;:&quot;&quot;,&quot;created_timestamp&quot;:&quot;0&quot;,&quot;copyright&quot;:&quot;&quot;,&quot;focal_length&quot;:&quot;0&quot;,&quot;iso&quot;:&quot;0&quot;,&quot;shutter_speed&quot;:&quot;0&quot;,&quot;title&quot;:&quot;&quot;,&quot;orientation&quot;:&quot;0&quot;}\" data-image-title=\"&amp;#8216;Filmdienst&amp;#8217;-Projektor auf Koffer mit Trafo: um 1923\" data-image-description=\"\" data-image-caption=\"&lt;p&gt;&amp;#8216;Filmdienst&amp;#8217;-Projektor auf Koffer mit Trafo: um 1923&lt;\/p&gt;\n\" data-large-file=\"https:\/\/blog.sub.uni-hamburg.de\/wp-content\/uploads\/2019\/03\/Projektor2.jpg\" src=\"https:\/\/blog.sub.uni-hamburg.de\/wp-content\/uploads\/2019\/03\/Projektor2.jpg\" alt=\"&#039;Filmdienst&#039;-Projektor auf Koffer mit Trafo: um 1923\" title=\"&#039;Filmdienst&#039;-Projektor auf Koffer mit Trafo: um 1923\" width=\"640\" height=\"490\" class=\"size-full wp-image-26800\" srcset=\"https:\/\/blog.sub.uni-hamburg.de\/wp-content\/uploads\/2019\/03\/Projektor2.jpg 640w, https:\/\/blog.sub.uni-hamburg.de\/wp-content\/uploads\/2019\/03\/Projektor2-150x115.jpg 150w, https:\/\/blog.sub.uni-hamburg.de\/wp-content\/uploads\/2019\/03\/Projektor2-300x230.jpg 300w\" sizes=\"auto, (max-width: 640px) 100vw, 640px\" \/><\/a><p id=\"caption-attachment-26800\" class=\"wp-caption-text\"><\/p>\n<div style=\"font-size: 12px; line-height: 1.2; margin-bottom:0;\">&#8216;Filmdienst&#8217;-Projektor auf Koffer mit Trafo: um 1923<\/div>\n<p><\/p><\/div>\n<div id=\"attachment_26802\" style=\"width: 650px\" class=\"wp-caption alignnone\"><a href=\"https:\/\/blog.sub.uni-hamburg.de\/wp-content\/uploads\/2019\/03\/Dias-aus-dem-Kunstgesch-Sem.-HH-gr.jpg\"><img loading=\"lazy\" decoding=\"async\" aria-describedby=\"caption-attachment-26802\" data-attachment-id=\"26802\" data-permalink=\"https:\/\/blog.sub.uni-hamburg.de\/?attachment_id=26802\" data-orig-file=\"https:\/\/blog.sub.uni-hamburg.de\/wp-content\/uploads\/2019\/03\/Dias-aus-dem-Kunstgesch-Sem.-HH.jpg\" data-orig-size=\"640,411\" data-comments-opened=\"1\" data-image-meta=\"{&quot;aperture&quot;:&quot;0&quot;,&quot;credit&quot;:&quot;&quot;,&quot;camera&quot;:&quot;&quot;,&quot;caption&quot;:&quot;&quot;,&quot;created_timestamp&quot;:&quot;0&quot;,&quot;copyright&quot;:&quot;&quot;,&quot;focal_length&quot;:&quot;0&quot;,&quot;iso&quot;:&quot;0&quot;,&quot;shutter_speed&quot;:&quot;0&quot;,&quot;title&quot;:&quot;&quot;,&quot;orientation&quot;:&quot;0&quot;}\" data-image-title=\"Dias aus dem Kunstgeschichtlichen Seminar Hamburg\" data-image-description=\"&lt;p&gt;Dias aus dem Kunstgeschichtlichen Seminar Hamburg&lt;\/p&gt;\n\" data-image-caption=\"&lt;p&gt;Dias aus dem Kunstgeschichtlichen Seminar Hamburg&lt;\/p&gt;\n\" data-large-file=\"https:\/\/blog.sub.uni-hamburg.de\/wp-content\/uploads\/2019\/03\/Dias-aus-dem-Kunstgesch-Sem.-HH.jpg\" src=\"https:\/\/blog.sub.uni-hamburg.de\/wp-content\/uploads\/2019\/03\/Dias-aus-dem-Kunstgesch-Sem.-HH.jpg\" alt=\"Dias aus dem Kunstgeschichtlichen Seminar Hamburg\" title=\"Dias aus dem Kunstgeschichtlichen Seminar Hamburg\" width=\"640\" height=\"411\" class=\"size-full wp-image-26802\" srcset=\"https:\/\/blog.sub.uni-hamburg.de\/wp-content\/uploads\/2019\/03\/Dias-aus-dem-Kunstgesch-Sem.-HH.jpg 640w, https:\/\/blog.sub.uni-hamburg.de\/wp-content\/uploads\/2019\/03\/Dias-aus-dem-Kunstgesch-Sem.-HH-150x96.jpg 150w, https:\/\/blog.sub.uni-hamburg.de\/wp-content\/uploads\/2019\/03\/Dias-aus-dem-Kunstgesch-Sem.-HH-300x193.jpg 300w\" sizes=\"auto, (max-width: 640px) 100vw, 640px\" \/><\/a><p id=\"caption-attachment-26802\" class=\"wp-caption-text\"><\/p>\n<div style=\"font-size: 12px; line-height: 1.2; margin-bottom:0;\">Dias aus dem Kunstgeschichtlichen Seminar Hamburg<\/div>\n<p><\/p><\/div>\n","protected":false},"excerpt":{"rendered":"<p>Die Diasammlung des Kunstgeschichtlichen Seminars im Kontext der Zeit. Dauer: 4. April bis 23. Juni 2019. Brosch\u00fcre zur Ausstellung. [Update:] F\u00fchrung durch die Ausstellung \u201eLicht ins Dunkel! Die Diasammlung des Kunstgeschichtlichen Seminars\u201c durch die Kuratorin Dr. Anke Napp am Mittwoch, den 12. Juni 2019, von 14 &#8211; 15 Uhr. [Ende Update] Auf Glas gemalte Bilder, [&hellip;]<\/p>\n","protected":false},"author":19,"featured_media":0,"comment_status":"open","ping_status":"open","sticky":false,"template":"","format":"standard","meta":{"jetpack_post_was_ever_published":false,"_jetpack_newsletter_access":"","_jetpack_dont_email_post_to_subs":false,"_jetpack_newsletter_tier_id":0,"_jetpack_memberships_contains_paywalled_content":false,"_jetpack_memberships_contains_paid_content":false,"footnotes":"","jetpack_publicize_message":"","jetpack_publicize_feature_enabled":true,"jetpack_social_post_already_shared":true,"jetpack_social_options":{"image_generator_settings":{"template":"highway","default_image_id":0,"font":"","enabled":false},"version":2}},"categories":[9],"tags":[],"class_list":["post-26794","post","type-post","status-publish","format-standard","hentry","category-ausstellungen"],"views":4177,"jetpack_publicize_connections":[],"jetpack_featured_media_url":"","jetpack_shortlink":"https:\/\/wp.me\/p7hfNR-6Ya","jetpack-related-posts":[{"id":26258,"url":"https:\/\/blog.sub.uni-hamburg.de\/?p=26258","url_meta":{"origin":26794,"position":0},"title":"Ausstellung: Mutter Erde. Natur und Weiblichkeit in der Fr\u00fchen Neuzeit (17.1.-24.3.)","author":"Markus Trapp","date":"19-12-18","format":false,"excerpt":"In der europ\u00e4ischen Kultur wird die Natur mit klangvollen Namen bezeichnet: Mutter Erde, Frau Natur, Gaia. Fast immer wird dabei die Natur als weiblich gedacht und dargestellt. Dies findet auch in vielen Bildern seit der Fr\u00fchen Neuzeit seinen Niederschlag, welche die Natur als Geb\u00e4rerin und Ern\u00e4hrerin, Erzieherin, Magierin und H\u00fcterin\u2026","rel":"","context":"In &quot;Ausstellungen und Veranstaltungen&quot;","block_context":{"text":"Ausstellungen und Veranstaltungen","link":"https:\/\/blog.sub.uni-hamburg.de\/?cat=9"},"img":{"alt_text":"","src":"https:\/\/i0.wp.com\/blog.sub.uni-hamburg.de\/wp-content\/uploads\/2018\/12\/mutter-erde-broschuere.jpg?resize=350%2C200&ssl=1","width":350,"height":200},"classes":[]},{"id":1472,"url":"https:\/\/blog.sub.uni-hamburg.de\/?p=1472","url_meta":{"origin":26794,"position":1},"title":"&#8220;Grammatik der Kunst&#8221; &#8211; Ausstellung zur niederl\u00e4ndischen Kunstliteratur im 17. Jahrhundert (12.11.2009-17.1.2010)","author":"MG","date":"02-11-09","format":false,"excerpt":"Die Anf\u00e4nge der niederl\u00e4ndischen Kunstliteratur im Barock, dem \u201eGoldenen Zeitalter\u201c der niederl\u00e4ndischen Malerei, zeichnen sich durch einen au\u00dferordentlichen Reichtum an Allegorien aus. Aus den Best\u00e4nden der Staats- und Universit\u00e4tsbibliothek, der Hamburger Kunsthalle und den Bibliotheken der Universit\u00e4t und ausw\u00e4rtigen Sammlungen werden rund 50 B\u00fccher und Kupferstiche gezeigt, die die Kunst\u2026","rel":"","context":"In &quot;Ausstellungen und Veranstaltungen&quot;","block_context":{"text":"Ausstellungen und Veranstaltungen","link":"https:\/\/blog.sub.uni-hamburg.de\/?cat=9"},"img":{"alt_text":"","src":"","width":0,"height":0},"classes":[]},{"id":11877,"url":"https:\/\/blog.sub.uni-hamburg.de\/?p=11877","url_meta":{"origin":26794,"position":2},"title":"\u201eAuf Friedhofsdauer\u201c \u2013 Grabinszenierungen des hamburgischen B\u00fcrgertums um 1900 (12.6.)","author":"Markus Trapp","date":"16-05-13","format":false,"excerpt":"Als sich in der zweiten H\u00e4lfte des 19. Jahrhunderts das Familiengrab als neuer Grabtypus etablierte, begann das aufstrebende B\u00fcrgertum, seine Grabm\u00e4ler wie repr\u00e4sentative Denkm\u00e4ler \u201eauf Friedhofsdauer\u201c zu inszenieren. Ausgehend vom Friedhof Ohlsdorf \u2013 dem gr\u00f6\u00dften Friedhof Europas \u2013 wird das Ph\u00e4nomen der weiblichen Grabplastiken vorgestellt, das im b\u00fcrgerlichen Selbstverst\u00e4ndnis um\u2026","rel":"","context":"In &quot;Ausstellungen und Veranstaltungen&quot;","block_context":{"text":"Ausstellungen und Veranstaltungen","link":"https:\/\/blog.sub.uni-hamburg.de\/?cat=9"},"img":{"alt_text":"","src":"https:\/\/i0.wp.com\/blog.sub.uni-hamburg.de\/wp-content\/uploads\/2013\/05\/garbinsz-vhg-052013.jpg?resize=350%2C200&ssl=1","width":350,"height":200},"classes":[]},{"id":15008,"url":"https:\/\/blog.sub.uni-hamburg.de\/?p=15008","url_meta":{"origin":26794,"position":3},"title":"Kupferstichausstellung: Manier, Mythos und Moral \u2013 Niederl\u00e4ndische Druckgraphik um 1600 (4.7.-24.8.)","author":"Markus Trapp","date":"19-06-14","format":false,"excerpt":"Manier, Mythos und Moral \u2013 Niederl\u00e4ndische Druckgraphik um 1600 aus der Staats- und Universit\u00e4tsbibliothek Hamburg Die manieristische Druckgraphik in der Kupferstichsammlung der Staats- und Universit\u00e4tsbibliothek Hamburg ist ein verborgener Schatz. Die ca. 2.000 Bl\u00e4tter stammen aus Hamburger Privatsammlungen des 18. Jahrhunderts, die vornehmlich niederl\u00e4ndische Kunstwerke enthielten: Graphiken namhafter niederl\u00e4ndischer K\u00fcnstler,\u2026","rel":"","context":"In &quot;Ausstellungen und Veranstaltungen&quot;","block_context":{"text":"Ausstellungen und Veranstaltungen","link":"https:\/\/blog.sub.uni-hamburg.de\/?cat=9"},"img":{"alt_text":"","src":"https:\/\/i0.wp.com\/blog.sub.uni-hamburg.de\/wp-content\/uploads\/2014\/06\/kupferstich-ausstraum.jpg?resize=350%2C200&ssl=1","width":350,"height":200,"srcset":"https:\/\/i0.wp.com\/blog.sub.uni-hamburg.de\/wp-content\/uploads\/2014\/06\/kupferstich-ausstraum.jpg?resize=350%2C200&ssl=1 1x, https:\/\/i0.wp.com\/blog.sub.uni-hamburg.de\/wp-content\/uploads\/2014\/06\/kupferstich-ausstraum.jpg?resize=525%2C300&ssl=1 1.5x"},"classes":[]},{"id":25465,"url":"https:\/\/blog.sub.uni-hamburg.de\/?p=25465","url_meta":{"origin":26794,"position":4},"title":"Visuelle Skepsis im \u00f6ffentlichen Raum \u2013  Der Umgang mit \u201ebelasteten\u201c Denkmalen (27.8.-19.11.)","author":"Markus Trapp","date":"10-08-18","format":false,"excerpt":"Fragw\u00fcrdige Erinnerung \u2013 ungeliebtes Erbe \u2013 strittiges Erbe \u2013 belastete Denkmale \u2013 problematische Denkm\u00e4ler \u2013 unbequemes Erbe. \u201eBraucht eine souver\u00e4ne Demokratie den symbolischen Bruch mit ihrer schweren Vergangenheit oder kann und sollte sie sogar unverf\u00e4lscht aufzeigen, was einmal war und nie mehr sein sollte?\u201c Dieses Zitat aus einem Artikel von\u2026","rel":"","context":"In &quot;Ausstellungen und Veranstaltungen&quot;","block_context":{"text":"Ausstellungen und Veranstaltungen","link":"https:\/\/blog.sub.uni-hamburg.de\/?cat=9"},"img":{"alt_text":"","src":"https:\/\/i0.wp.com\/blog.sub.uni-hamburg.de\/wp-content\/uploads\/2018\/08\/Vis-Skept_detail.jpg?resize=350%2C200&ssl=1","width":350,"height":200},"classes":[]},{"id":23567,"url":"https:\/\/blog.sub.uni-hamburg.de\/?p=23567","url_meta":{"origin":26794,"position":5},"title":"Mutter Erde \u2013 Vorstellungen von Natur und Weiblichkeit in der Fr\u00fchen Neuzeit (22.10.-29.7.)","author":"Markus Trapp","date":"13-10-17","format":false,"excerpt":"Die Ausstellung \u201eMutter Erde\u201c in G\u00f6ttingen, die wir Ihnen heute vorstellen, ist ein Kooperationsprojekt des Kunstgeschichtlichen Seminars der Universit\u00e4t Hamburg, der Forschungsstelle Naturbilder\/Images of Nature, der Staats- und Universit\u00e4tsbibliothek Hamburg sowie der Kunstsammlung der Universit\u00e4t G\u00f6ttingen. Sie wird er\u00f6ffnet am Donnerstag, den 19. Oktober 2017, um 18.30 Uhr (im H\u00f6rsaal\u2026","rel":"","context":"In &quot;Aktuelles&quot;","block_context":{"text":"Aktuelles","link":"https:\/\/blog.sub.uni-hamburg.de\/?cat=1"},"img":{"alt_text":"","src":"https:\/\/i0.wp.com\/blog.sub.uni-hamburg.de\/wp-content\/uploads\/2017\/10\/muttererde1-150x97.jpg?resize=350%2C200&ssl=1","width":350,"height":200,"srcset":"https:\/\/i0.wp.com\/blog.sub.uni-hamburg.de\/wp-content\/uploads\/2017\/10\/muttererde1-150x97.jpg?resize=350%2C200&ssl=1 1x, https:\/\/i0.wp.com\/blog.sub.uni-hamburg.de\/wp-content\/uploads\/2017\/10\/muttererde1-150x97.jpg?resize=525%2C300&ssl=1 1.5x, https:\/\/i0.wp.com\/blog.sub.uni-hamburg.de\/wp-content\/uploads\/2017\/10\/muttererde1-150x97.jpg?resize=700%2C400&ssl=1 2x"},"classes":[]}],"jetpack_sharing_enabled":true,"_links":{"self":[{"href":"https:\/\/blog.sub.uni-hamburg.de\/index.php?rest_route=\/wp\/v2\/posts\/26794","targetHints":{"allow":["GET"]}}],"collection":[{"href":"https:\/\/blog.sub.uni-hamburg.de\/index.php?rest_route=\/wp\/v2\/posts"}],"about":[{"href":"https:\/\/blog.sub.uni-hamburg.de\/index.php?rest_route=\/wp\/v2\/types\/post"}],"author":[{"embeddable":true,"href":"https:\/\/blog.sub.uni-hamburg.de\/index.php?rest_route=\/wp\/v2\/users\/19"}],"replies":[{"embeddable":true,"href":"https:\/\/blog.sub.uni-hamburg.de\/index.php?rest_route=%2Fwp%2Fv2%2Fcomments&post=26794"}],"version-history":[{"count":33,"href":"https:\/\/blog.sub.uni-hamburg.de\/index.php?rest_route=\/wp\/v2\/posts\/26794\/revisions"}],"predecessor-version":[{"id":30828,"href":"https:\/\/blog.sub.uni-hamburg.de\/index.php?rest_route=\/wp\/v2\/posts\/26794\/revisions\/30828"}],"wp:attachment":[{"href":"https:\/\/blog.sub.uni-hamburg.de\/index.php?rest_route=%2Fwp%2Fv2%2Fmedia&parent=26794"}],"wp:term":[{"taxonomy":"category","embeddable":true,"href":"https:\/\/blog.sub.uni-hamburg.de\/index.php?rest_route=%2Fwp%2Fv2%2Fcategories&post=26794"},{"taxonomy":"post_tag","embeddable":true,"href":"https:\/\/blog.sub.uni-hamburg.de\/index.php?rest_route=%2Fwp%2Fv2%2Ftags&post=26794"}],"curies":[{"name":"wp","href":"https:\/\/api.w.org\/{rel}","templated":true}]}}