{"id":26774,"date":"2019-03-12T10:22:00","date_gmt":"2019-03-12T09:22:00","guid":{"rendered":"https:\/\/blog.sub.uni-hamburg.de\/?p=26774"},"modified":"2019-03-22T13:12:25","modified_gmt":"2019-03-22T12:12:25","slug":"barockwerk-hamburg-jason-oder-die-eroberung-des-goldenen-vliesses-20-21-3","status":"publish","type":"post","link":"https:\/\/blog.sub.uni-hamburg.de\/?p=26774","title":{"rendered":"barockwerk hamburg: \u201eJason oder die Eroberung des goldenen Vlie\u00dfes\u201c (20.\/21.3.)"},"content":{"rendered":"<p><a href=\"https:\/\/blog.sub.uni-hamburg.de\/wp-content\/uploads\/2019\/03\/barockwerk-jason.jpg\"><img loading=\"lazy\" decoding=\"async\" data-attachment-id=\"26777\" data-permalink=\"https:\/\/blog.sub.uni-hamburg.de\/?attachment_id=26777\" data-orig-file=\"https:\/\/blog.sub.uni-hamburg.de\/wp-content\/uploads\/2019\/03\/barockwerk-jason.jpg\" data-orig-size=\"652,771\" data-comments-opened=\"1\" data-image-meta=\"{&quot;aperture&quot;:&quot;0&quot;,&quot;credit&quot;:&quot;&quot;,&quot;camera&quot;:&quot;&quot;,&quot;caption&quot;:&quot;&quot;,&quot;created_timestamp&quot;:&quot;0&quot;,&quot;copyright&quot;:&quot;&quot;,&quot;focal_length&quot;:&quot;0&quot;,&quot;iso&quot;:&quot;0&quot;,&quot;shutter_speed&quot;:&quot;0&quot;,&quot;title&quot;:&quot;&quot;,&quot;orientation&quot;:&quot;0&quot;}\" data-image-title=\"barockwerk-jason\" data-image-description=\"\" data-image-caption=\"\" data-large-file=\"https:\/\/blog.sub.uni-hamburg.de\/wp-content\/uploads\/2019\/03\/barockwerk-jason.jpg\" src=\"https:\/\/blog.sub.uni-hamburg.de\/wp-content\/uploads\/2019\/03\/barockwerk-jason-254x300.jpg\" alt=\"barockwerk hamburg: \u201eJason oder die Eroberung des goldenen Vlie\u00dfes\u201c\" title=\"barockwerk hamburg: \u201eJason oder die Eroberung des goldenen Vlie\u00dfes\u201c\" width=\"254\" height=\"300\" class=\"alignright size-medium wp-image-26777\" srcset=\"https:\/\/blog.sub.uni-hamburg.de\/wp-content\/uploads\/2019\/03\/barockwerk-jason-254x300.jpg 254w, https:\/\/blog.sub.uni-hamburg.de\/wp-content\/uploads\/2019\/03\/barockwerk-jason-127x150.jpg 127w, https:\/\/blog.sub.uni-hamburg.de\/wp-content\/uploads\/2019\/03\/barockwerk-jason.jpg 652w\" sizes=\"auto, (max-width: 254px) 100vw, 254px\" \/><\/a> <strong>Erst-Wiederauff\u00fchrung einer Hamburger Barockoper von Georg Caspar Sch\u00fcrmann (1672\/73-1751).<\/strong> <\/p>\n<p>Der Mythos vom Goldenen Vlies \u2013 eine alte Geschichte im barocken Gewand.Verstaubt? Nein, entstaubt!<\/p>\n<p>Liebe und Lebensgefahr, Zauber und Komik, Mystik und g\u00f6ttliche Einmischung, alles musikalisch vom Komponisten <a href=\"https:\/\/de.wikipedia.org\/wiki\/Georg_Caspar_Sch%C3%BCrmann\">Georg Caspar Sch\u00fcrmann<\/a> ergreifend untermalt, erwartet den Zuh\u00f6rer in der konzertanten Auff\u00fchrung der Oper \u201eJason, oder die Eroberung des goldenen Vlie\u00dfes\u201c.<\/p>\n<p>Das Schicksal dieses B\u00fchnenwerkes ist nicht weniger abenteuerlich als der griechische Mythos selbst. Einem anderen Komponisten zugeordnet und als Pasticcio (Flickwerk) abgestempelt, liegt die handschriftliche Partitur des Jason seit etwa 300 Jahren unbeachtet in der Staatsbibliothek zu Berlin. Mit der Ausgrabung der Oper bringt barockwerk hamburg dieses originelle Werk, das allein in den Jahren 1720\u20131722 an der G\u00e4nsemarkt Oper in Hamburg 31 Mal aufgef\u00fchrt wurde, wieder ans Tageslicht und setzt seine Reihe von au\u00dfergew\u00f6hnlichen Opernproduktionen im Lichthof der Staatsbibliothek fort.<br \/>\n<!--more--><\/p>\n<p>Eine Veranstaltung des Ensembles <a href=\"https:\/\/www.barockwerk-hamburg.de\/\">barockwerk hamburg<\/a> in Kooperation mit der Staats- und Universit\u00e4tsbibliothek Hamburg Carl von Ossietzky. Unterst\u00fctzt von Rudolf Augstein Stiftung, der Hamburger Stiftung zur F\u00f6rderung von Wissenschaften und Kultur, der Hannelore-und-Helmut-Greve Stiftung, der Kunststiftung Heinrich Stegemann, der Kleio-Stiftung Hamburg, der Alfred Toepfer Stiftung, der Dieter und Elisabeth Boeck Stiftung, sowie der Katharina und Gerhard Hoffmann Stiftung.<\/p>\n<p><strong>Am Mittwoch, den 20. und Donnerstag, den 21. M\u00e4rz 2019, jeweils 19:00 Uhr im Lichthof im Altbau der Staatsbibliothek Hamburg (Eingang Edmund-Siemers Allee \/ Ecke Grindelallee).<\/p>\n<p>Einf\u00fchrender Vortrag, 20. M\u00e4rz, 18 Uhr Vortragsraum der Bibliothek (1. Etage)<\/strong><\/p>\n<p>Es singen: Ralf Grobe, Andreas Heinemeyer, Konstantin Heintel, Santa Karn\u012bte, Mirko Ludwig, Genevi\u00e8ve Tschumi, Catherina Witting und Hanna Zumsande<br \/>\nEs spielt das Ensemble barockwerk hamburg, musikalische Leitung: Ira Hochman<br \/>\nEintritt 28 \u20ac, 50% Erm\u00e4\u00dfigung f\u00fcr Sch\u00fcler und Studenten.<br \/>\nKartenvorverkauf bei der Konzertkasse Gerdes, (040) 45-33-26 und an der Abendkasse<br \/>\nAuff\u00fchrung: 20. und 21. M\u00e4rz 2019<br \/>\nOrt: Lichthof im Altbau der Staats- und Universit\u00e4tsbibliothek Hamburg Carl von Ossietzky, Eingang Edmund-Siemers-Allee \/ Ecke Grindelallee<br \/>\nUhrzeit: 19:00 Uhr<\/p>\n<p><a href=\"https:\/\/blog.sub.uni-hamburg.de\/wp-content\/uploads\/2019\/03\/Applaus-Polydorus-barockwerk-2018.-Lichthof.jpg\"><img loading=\"lazy\" decoding=\"async\" data-attachment-id=\"26775\" data-permalink=\"https:\/\/blog.sub.uni-hamburg.de\/?attachment_id=26775\" data-orig-file=\"https:\/\/blog.sub.uni-hamburg.de\/wp-content\/uploads\/2019\/03\/Applaus-Polydorus-barockwerk-2018.-Lichthof-kl.jpg\" data-orig-size=\"640,427\" data-comments-opened=\"1\" data-image-meta=\"{&quot;aperture&quot;:&quot;0&quot;,&quot;credit&quot;:&quot;&quot;,&quot;camera&quot;:&quot;&quot;,&quot;caption&quot;:&quot;&quot;,&quot;created_timestamp&quot;:&quot;0&quot;,&quot;copyright&quot;:&quot;&quot;,&quot;focal_length&quot;:&quot;0&quot;,&quot;iso&quot;:&quot;0&quot;,&quot;shutter_speed&quot;:&quot;0&quot;,&quot;title&quot;:&quot;&quot;,&quot;orientation&quot;:&quot;0&quot;}\" data-image-title=\"Applaus-Polydorus-barockwerk-2018.-Lichthof-kl\" data-image-description=\"\" data-image-caption=\"\" data-large-file=\"https:\/\/blog.sub.uni-hamburg.de\/wp-content\/uploads\/2019\/03\/Applaus-Polydorus-barockwerk-2018.-Lichthof-kl.jpg\" src=\"https:\/\/blog.sub.uni-hamburg.de\/wp-content\/uploads\/2019\/03\/Applaus-Polydorus-barockwerk-2018.-Lichthof-kl.jpg\" alt=\"Applaus Polydorus barockwerk 2018\" title=\"Applaus Polydorus barockwerk 2018\" width=\"640\" height=\"427\" class=\"alignnone size-full wp-image-26775\" srcset=\"https:\/\/blog.sub.uni-hamburg.de\/wp-content\/uploads\/2019\/03\/Applaus-Polydorus-barockwerk-2018.-Lichthof-kl.jpg 640w, https:\/\/blog.sub.uni-hamburg.de\/wp-content\/uploads\/2019\/03\/Applaus-Polydorus-barockwerk-2018.-Lichthof-kl-150x100.jpg 150w, https:\/\/blog.sub.uni-hamburg.de\/wp-content\/uploads\/2019\/03\/Applaus-Polydorus-barockwerk-2018.-Lichthof-kl-300x200.jpg 300w\" sizes=\"auto, (max-width: 640px) 100vw, 640px\" \/><\/a> <\/p>\n","protected":false},"excerpt":{"rendered":"<p>Erst-Wiederauff\u00fchrung einer Hamburger Barockoper von Georg Caspar Sch\u00fcrmann (1672\/73-1751). Der Mythos vom Goldenen Vlies \u2013 eine alte Geschichte im barocken Gewand.Verstaubt? Nein, entstaubt! Liebe und Lebensgefahr, Zauber und Komik, Mystik und g\u00f6ttliche Einmischung, alles musikalisch vom Komponisten Georg Caspar Sch\u00fcrmann ergreifend untermalt, erwartet den Zuh\u00f6rer in der konzertanten Auff\u00fchrung der Oper \u201eJason, oder die Eroberung [&hellip;]<\/p>\n","protected":false},"author":19,"featured_media":0,"comment_status":"open","ping_status":"open","sticky":false,"template":"","format":"standard","meta":{"jetpack_post_was_ever_published":false,"_jetpack_newsletter_access":"","_jetpack_dont_email_post_to_subs":false,"_jetpack_newsletter_tier_id":0,"_jetpack_memberships_contains_paywalled_content":false,"_jetpack_memberships_contains_paid_content":false,"footnotes":"","jetpack_publicize_message":"","jetpack_publicize_feature_enabled":true,"jetpack_social_post_already_shared":true,"jetpack_social_options":{"image_generator_settings":{"template":"highway","default_image_id":0,"font":"","enabled":false},"version":2}},"categories":[9],"tags":[],"class_list":["post-26774","post","type-post","status-publish","format-standard","hentry","category-ausstellungen"],"views":2964,"jetpack_publicize_connections":[],"jetpack_featured_media_url":"","jetpack_shortlink":"https:\/\/wp.me\/p7hfNR-6XQ","jetpack-related-posts":[{"id":19594,"url":"https:\/\/blog.sub.uni-hamburg.de\/?p=19594","url_meta":{"origin":26774,"position":0},"title":"Lichthof-Konzert von barockwerk hamburg (9.\/10.3.)","author":"Markus Trapp","date":"24-02-16","format":false,"excerpt":"Georg Caspar Sch\u00fcrmann: Die getreue Alceste. Eine Hamburger Barockoper Mittwoch, 9. M\u00e4rz, und Donnerstag, 10. M\u00e4rz 2016, jeweils 19 Uhr Wof\u00fcr es sich zu sterben lohnt - die getreue Alceste wei\u00df es. Selbstlos bringt sie das gr\u00f6\u00dfte Liebesopfer und stirbt den gro\u00dfen B\u00fchnentod. Damit rettet sie ihrem Ehemann Admetos das\u2026","rel":"","context":"In &quot;Ausstellungen und Veranstaltungen&quot;","block_context":{"text":"Ausstellungen und Veranstaltungen","link":"https:\/\/blog.sub.uni-hamburg.de\/?cat=9"},"img":{"alt_text":"","src":"https:\/\/i0.wp.com\/blog.sub.uni-hamburg.de\/wp-content\/uploads\/2016\/02\/Alceste-Probenfoto3kl-150x100.jpg?resize=350%2C200&ssl=1","width":350,"height":200,"srcset":"https:\/\/i0.wp.com\/blog.sub.uni-hamburg.de\/wp-content\/uploads\/2016\/02\/Alceste-Probenfoto3kl-150x100.jpg?resize=350%2C200&ssl=1 1x, https:\/\/i0.wp.com\/blog.sub.uni-hamburg.de\/wp-content\/uploads\/2016\/02\/Alceste-Probenfoto3kl-150x100.jpg?resize=525%2C300&ssl=1 1.5x, https:\/\/i0.wp.com\/blog.sub.uni-hamburg.de\/wp-content\/uploads\/2016\/02\/Alceste-Probenfoto3kl-150x100.jpg?resize=700%2C400&ssl=1 2x, https:\/\/i0.wp.com\/blog.sub.uni-hamburg.de\/wp-content\/uploads\/2016\/02\/Alceste-Probenfoto3kl-150x100.jpg?resize=1050%2C600&ssl=1 3x, https:\/\/i0.wp.com\/blog.sub.uni-hamburg.de\/wp-content\/uploads\/2016\/02\/Alceste-Probenfoto3kl-150x100.jpg?resize=1400%2C800&ssl=1 4x"},"classes":[]},{"id":21208,"url":"https:\/\/blog.sub.uni-hamburg.de\/?p=21208","url_meta":{"origin":26774,"position":1},"title":"Konzert barockwerk hamburg (11.11.)","author":"Markus Trapp","date":"10-10-16","format":false,"excerpt":"Erstwiederauff\u00fchrung von Kantaten und Trauermusiken der Gottorfer und Braunschweiger Hofkomponisten Georg \u00d6sterreich (1664\u20131735) und Georg Caspar Sch\u00fcrmann (1672\u20131751). barockwerk hamburg setzt seine Konzertreihe von unver\u00f6ffentlichten und bisher nicht wiederaufgef\u00fchrten Werken am 11. November 2016, 19 Uhr in der Staats- und Universit\u00e4tsbibliothek Hamburg fort, diesmal mit dem Programm \"Gottorf\u2026ganz vor Freude\u2026","rel":"","context":"In &quot;Ausstellungen und Veranstaltungen&quot;","block_context":{"text":"Ausstellungen und Veranstaltungen","link":"https:\/\/blog.sub.uni-hamburg.de\/?cat=9"},"img":{"alt_text":"","src":"https:\/\/i0.wp.com\/blog.sub.uni-hamburg.de\/wp-content\/uploads\/2016\/10\/barockwerk-hamburg4.jpg?resize=350%2C200&ssl=1","width":350,"height":200,"srcset":"https:\/\/i0.wp.com\/blog.sub.uni-hamburg.de\/wp-content\/uploads\/2016\/10\/barockwerk-hamburg4.jpg?resize=350%2C200&ssl=1 1x, https:\/\/i0.wp.com\/blog.sub.uni-hamburg.de\/wp-content\/uploads\/2016\/10\/barockwerk-hamburg4.jpg?resize=525%2C300&ssl=1 1.5x"},"classes":[]},{"id":22904,"url":"https:\/\/blog.sub.uni-hamburg.de\/?p=22904","url_meta":{"origin":26774,"position":2},"title":"Konzert barockwerk hamburg: Georg Philipp Telemann (23.6.)","author":"Markus Trapp","date":"07-06-17","format":false,"excerpt":"Konzert mit Hamburger Erstauff\u00fchrungen. Georg Philipp Telemann: Musiken zur Einweihung des Altonaer Akademischen Gymnasiums (Christianeum) 1744 sowie zur Einweihung der Kirche im Hamburger St. Hiob-Hospital 1745 Anl\u00e4sslich des 250. Todestages von Georg Philipp Telemann bringt das Ensemble barockwerk hamburg drei in Hamburg entstandene Kompositionen zum Klingen. Zum ersten Mal seit\u2026","rel":"","context":"In &quot;Ausstellungen und Veranstaltungen&quot;","block_context":{"text":"Ausstellungen und Veranstaltungen","link":"https:\/\/blog.sub.uni-hamburg.de\/?cat=9"},"img":{"alt_text":"","src":"https:\/\/i0.wp.com\/blog.sub.uni-hamburg.de\/wp-content\/uploads\/2017\/06\/Telemann-barockwerk.jpg?resize=350%2C200&ssl=1","width":350,"height":200,"srcset":"https:\/\/i0.wp.com\/blog.sub.uni-hamburg.de\/wp-content\/uploads\/2017\/06\/Telemann-barockwerk.jpg?resize=350%2C200&ssl=1 1x, https:\/\/i0.wp.com\/blog.sub.uni-hamburg.de\/wp-content\/uploads\/2017\/06\/Telemann-barockwerk.jpg?resize=525%2C300&ssl=1 1.5x"},"classes":[]},{"id":33840,"url":"https:\/\/blog.sub.uni-hamburg.de\/?p=33840","url_meta":{"origin":26774,"position":3},"title":"barockwerk hamburg: \u201eKrieg und Frieden\u201c (17.\/18.8.)","author":"Markus Trapp","date":"02-08-22","format":false,"excerpt":"Kompositionen zu den gegenw\u00e4rtig aktuellen Themen Krieg und Frieden erklingen in einem au\u00dfergew\u00f6hnlichen Konzert des Ensembles barockwerk hamburg am 17. und 18. August im Lichthof der Staatsbibliothek. Die Werke entstanden im Kontext des Siebenj\u00e4hrigen Krieges (1756\u20131763), der auch in Norddeutschland viel Elend und Verw\u00fcstung hinterlie\u00df. Sie stammen von dem damals\u2026","rel":"","context":"In &quot;Ausstellungen und Veranstaltungen&quot;","block_context":{"text":"Ausstellungen und Veranstaltungen","link":"https:\/\/blog.sub.uni-hamburg.de\/?cat=9"},"img":{"alt_text":"Johann Christoph Schm\u00fcgel: Friedens-Cantate 1763","src":"https:\/\/i0.wp.com\/blog.sub.uni-hamburg.de\/wp-content\/uploads\/2022\/08\/schmuegel.jpg?resize=350%2C200&ssl=1","width":350,"height":200},"classes":[]},{"id":17595,"url":"https:\/\/blog.sub.uni-hamburg.de\/?p=17595","url_meta":{"origin":26774,"position":4},"title":"Neu im Stabiverlag: Osmanen in Hamburg","author":"Isabella Meinecke","date":"05-02-16","format":false,"excerpt":"Alle Publikationen von Hamburg University Press, dem Stabi-Verlag, werden online f\u00fcr Nutzende kostenfrei angeboten (so genannter Open Access). Dar\u00fcber hinaus kann das Werk in gedruckter Form als Hardcover direkt beim Verlag bestellt oder \u00fcber den Buchhandel erworben werden. Osmanen in Hamburg \u2013 eine Beziehungsgeschichte zur Zeit des Ersten Weltkrieges Herausgegeben\u2026","rel":"","context":"In &quot;Hamburg&quot;","block_context":{"text":"Hamburg","link":"https:\/\/blog.sub.uni-hamburg.de\/?cat=17"},"img":{"alt_text":"Osmanen_Cover","src":"https:\/\/i0.wp.com\/blog.sub.uni-hamburg.de\/wp-content\/uploads\/2016\/01\/Osmanen_Cover.jpg?resize=350%2C200&ssl=1","width":350,"height":200},"classes":[]},{"id":35207,"url":"https:\/\/blog.sub.uni-hamburg.de\/?p=35207","url_meta":{"origin":26774,"position":5},"title":"Konzert barockwerk hamburg: Ein Fest f\u00fcr Hamburg. Telemanns \u201efestt\u00e4gliche\u201c Kantaten von 1757 (8.+9.3.)","author":"Markus Trapp","date":"14-02-23","format":false,"excerpt":"Mittwoch, 8.3., 19 Uhr, Lichthof Donnerstag, 9.3., 19 Uhr, Lichthof. Als einen \u201enoch in seinem hohen Alter feurig denkenden Tonk\u00fcnstler\u201c bezeichnete 1764 die Hamburger Presse den damals bereits 83-j\u00e4hrigen Georg Philipp Telemann. Diese Einsch\u00e4tzung gilt erst recht f\u00fcr den sieben Jahre j\u00fcngeren, im Zenit seiner Kunst stehenden Komponisten der Festtagskantaten\u2026","rel":"","context":"In &quot;Ausstellungen und Veranstaltungen&quot;","block_context":{"text":"Ausstellungen und Veranstaltungen","link":"https:\/\/blog.sub.uni-hamburg.de\/?cat=9"},"img":{"alt_text":"","src":"https:\/\/i0.wp.com\/blog.sub.uni-hamburg.de\/wp-content\/uploads\/2023\/02\/barockwerk-2023.jpg?resize=350%2C200&ssl=1","width":350,"height":200},"classes":[]}],"jetpack_sharing_enabled":true,"_links":{"self":[{"href":"https:\/\/blog.sub.uni-hamburg.de\/index.php?rest_route=\/wp\/v2\/posts\/26774","targetHints":{"allow":["GET"]}}],"collection":[{"href":"https:\/\/blog.sub.uni-hamburg.de\/index.php?rest_route=\/wp\/v2\/posts"}],"about":[{"href":"https:\/\/blog.sub.uni-hamburg.de\/index.php?rest_route=\/wp\/v2\/types\/post"}],"author":[{"embeddable":true,"href":"https:\/\/blog.sub.uni-hamburg.de\/index.php?rest_route=\/wp\/v2\/users\/19"}],"replies":[{"embeddable":true,"href":"https:\/\/blog.sub.uni-hamburg.de\/index.php?rest_route=%2Fwp%2Fv2%2Fcomments&post=26774"}],"version-history":[{"count":6,"href":"https:\/\/blog.sub.uni-hamburg.de\/index.php?rest_route=\/wp\/v2\/posts\/26774\/revisions"}],"predecessor-version":[{"id":26783,"href":"https:\/\/blog.sub.uni-hamburg.de\/index.php?rest_route=\/wp\/v2\/posts\/26774\/revisions\/26783"}],"wp:attachment":[{"href":"https:\/\/blog.sub.uni-hamburg.de\/index.php?rest_route=%2Fwp%2Fv2%2Fmedia&parent=26774"}],"wp:term":[{"taxonomy":"category","embeddable":true,"href":"https:\/\/blog.sub.uni-hamburg.de\/index.php?rest_route=%2Fwp%2Fv2%2Fcategories&post=26774"},{"taxonomy":"post_tag","embeddable":true,"href":"https:\/\/blog.sub.uni-hamburg.de\/index.php?rest_route=%2Fwp%2Fv2%2Ftags&post=26774"}],"curies":[{"name":"wp","href":"https:\/\/api.w.org\/{rel}","templated":true}]}}