{"id":26145,"date":"2018-11-06T10:18:12","date_gmt":"2018-11-06T09:18:12","guid":{"rendered":"https:\/\/blog.sub.uni-hamburg.de\/?p=26145"},"modified":"2018-11-22T09:13:32","modified_gmt":"2018-11-22T08:13:32","slug":"dr-carsten-brosda-digitalisierung-der-kultur-transformation-und-inspiration-21-11","status":"publish","type":"post","link":"https:\/\/blog.sub.uni-hamburg.de\/?p=26145","title":{"rendered":"Dr. Carsten Brosda: Digitalisierung der Kultur: Transformation und Inspiration (21.11.)"},"content":{"rendered":"<p><a href=\"https:\/\/blog.sub.uni-hamburg.de\/wp-content\/uploads\/2018\/11\/carsten-brosda-gr.jpg\"><img loading=\"lazy\" decoding=\"async\" data-attachment-id=\"26146\" data-permalink=\"https:\/\/blog.sub.uni-hamburg.de\/?attachment_id=26146\" data-orig-file=\"https:\/\/blog.sub.uni-hamburg.de\/wp-content\/uploads\/2018\/11\/carsten-brosda.jpg\" data-orig-size=\"640,427\" data-comments-opened=\"1\" data-image-meta=\"{&quot;aperture&quot;:&quot;0&quot;,&quot;credit&quot;:&quot;&quot;,&quot;camera&quot;:&quot;&quot;,&quot;caption&quot;:&quot;&quot;,&quot;created_timestamp&quot;:&quot;0&quot;,&quot;copyright&quot;:&quot;&quot;,&quot;focal_length&quot;:&quot;0&quot;,&quot;iso&quot;:&quot;0&quot;,&quot;shutter_speed&quot;:&quot;0&quot;,&quot;title&quot;:&quot;&quot;,&quot;orientation&quot;:&quot;0&quot;}\" data-image-title=\"Dr. Carsten Brosda\" data-image-description=\"&lt;p&gt;Dr. Carsten Brosda&lt;\/p&gt;\n\" data-image-caption=\"\" data-large-file=\"https:\/\/blog.sub.uni-hamburg.de\/wp-content\/uploads\/2018\/11\/carsten-brosda.jpg\" src=\"https:\/\/blog.sub.uni-hamburg.de\/wp-content\/uploads\/2018\/11\/carsten-brosda.jpg\" alt=\"Dr. Carsten Brosda\" title=\"Dr. Carsten Brosda\" width=\"640\" height=\"427\" class=\"alignnone size-full wp-image-26146\" srcset=\"https:\/\/blog.sub.uni-hamburg.de\/wp-content\/uploads\/2018\/11\/carsten-brosda.jpg 640w, https:\/\/blog.sub.uni-hamburg.de\/wp-content\/uploads\/2018\/11\/carsten-brosda-150x100.jpg 150w, https:\/\/blog.sub.uni-hamburg.de\/wp-content\/uploads\/2018\/11\/carsten-brosda-300x200.jpg 300w\" sizes=\"auto, (max-width: 640px) 100vw, 640px\" \/><\/a><\/p>\n<p>Digitalisierung und Globalisierung ver\u00e4ndern die Informations- und Handelswege sowie auch unseren Alltag tiefgreifend. Darin liegen Herausforderungen und Chancen nicht nur f\u00fcr unsere Gesellschaft im Allgemeinen, sondern auch f\u00fcr die K\u00fcnste im Besonderen. Sie k\u00f6nnen Pioniere der neuen Entwicklungen sein und dadurch zugleich an Ausdrucksmitteln und Zug\u00e4nglichkeit gewinnen.<\/p>\n<p><a href=\"https:\/\/www.uni-gesellschaft-hh.de\/\"><img loading=\"lazy\" decoding=\"async\" data-attachment-id=\"26149\" data-permalink=\"https:\/\/blog.sub.uni-hamburg.de\/?attachment_id=26149\" data-orig-file=\"https:\/\/blog.sub.uni-hamburg.de\/wp-content\/uploads\/2018\/11\/univ-ges-hh-logo.jpg\" data-orig-size=\"342,119\" data-comments-opened=\"1\" data-image-meta=\"{&quot;aperture&quot;:&quot;0&quot;,&quot;credit&quot;:&quot;&quot;,&quot;camera&quot;:&quot;&quot;,&quot;caption&quot;:&quot;&quot;,&quot;created_timestamp&quot;:&quot;0&quot;,&quot;copyright&quot;:&quot;&quot;,&quot;focal_length&quot;:&quot;0&quot;,&quot;iso&quot;:&quot;0&quot;,&quot;shutter_speed&quot;:&quot;0&quot;,&quot;title&quot;:&quot;&quot;,&quot;orientation&quot;:&quot;0&quot;}\" data-image-title=\"univ-ges-hh-logo\" data-image-description=\"\" data-image-caption=\"\" data-large-file=\"https:\/\/blog.sub.uni-hamburg.de\/wp-content\/uploads\/2018\/11\/univ-ges-hh-logo.jpg\" src=\"https:\/\/blog.sub.uni-hamburg.de\/wp-content\/uploads\/2018\/11\/univ-ges-hh-logo.jpg\" alt=\"Universit\u00e4ts-Gesellschaft Hamburg\" title=\"Universit\u00e4ts-Gesellschaft Hamburg\"  width=\"275\" height=\"96\" class=\"alignright size-full wp-image-26149\" srcset=\"https:\/\/blog.sub.uni-hamburg.de\/wp-content\/uploads\/2018\/11\/univ-ges-hh-logo.jpg 342w, https:\/\/blog.sub.uni-hamburg.de\/wp-content\/uploads\/2018\/11\/univ-ges-hh-logo-150x52.jpg 150w, https:\/\/blog.sub.uni-hamburg.de\/wp-content\/uploads\/2018\/11\/univ-ges-hh-logo-300x104.jpg 300w\" sizes=\"auto, (max-width: 275px) 100vw, 275px\" \/><\/a> Vortrag von Senator <a href=\"https:\/\/www.hamburg.de\/senat\/8038252\/lebenslauf-carsten-brosda\/\">Dr. Carsten Brosda<\/a>, Pr\u00e4ses der Beh\u00f6rde f\u00fcr Kultur und Medien, Freie und Hansestadt Hamburg. Eine Veranstaltung der <a href=\"https:\/\/www.uni-gesellschaft-hh.de\/\">Universit\u00e4ts-Gesellschaft Hamburg<\/a> in Kooperation mit der Staats- und Universit\u00e4tsbibliothek.<\/p>\n<p><strong>Mittwoch, 21. November 2018, 18:30 Uhr<br \/>\nOrt: Vortragsraum, 1.Etage<\/strong><\/p>\n<p>Begrenzte Platzzahl, bitte anmelden unter: <a href=\"mailto:ugh@uni-hamburg.de\">ugh@uni-hamburg.de<\/a><br \/>\nEintritt f\u00fcr Mitglieder der Universit\u00e4ts-Gesellschaft frei, G\u00e4ste 10,- Euro<\/p>\n","protected":false},"excerpt":{"rendered":"<p>Digitalisierung und Globalisierung ver\u00e4ndern die Informations- und Handelswege sowie auch unseren Alltag tiefgreifend. Darin liegen Herausforderungen und Chancen nicht nur f\u00fcr unsere Gesellschaft im Allgemeinen, sondern auch f\u00fcr die K\u00fcnste im Besonderen. Sie k\u00f6nnen Pioniere der neuen Entwicklungen sein und dadurch zugleich an Ausdrucksmitteln und Zug\u00e4nglichkeit gewinnen. Vortrag von Senator Dr. Carsten Brosda, Pr\u00e4ses der [&hellip;]<\/p>\n","protected":false},"author":19,"featured_media":0,"comment_status":"open","ping_status":"open","sticky":false,"template":"","format":"standard","meta":{"jetpack_post_was_ever_published":false,"_jetpack_newsletter_access":"","_jetpack_dont_email_post_to_subs":false,"_jetpack_newsletter_tier_id":0,"_jetpack_memberships_contains_paywalled_content":false,"_jetpack_memberships_contains_paid_content":false,"footnotes":"","jetpack_publicize_message":"","jetpack_publicize_feature_enabled":true,"jetpack_social_post_already_shared":true,"jetpack_social_options":{"image_generator_settings":{"template":"highway","default_image_id":0,"font":"","enabled":false},"version":2}},"categories":[9],"tags":[],"class_list":["post-26145","post","type-post","status-publish","format-standard","hentry","category-ausstellungen"],"views":1726,"jetpack_publicize_connections":[],"jetpack_featured_media_url":"","jetpack_shortlink":"https:\/\/wp.me\/p7hfNR-6NH","jetpack-related-posts":[{"id":20883,"url":"https:\/\/blog.sub.uni-hamburg.de\/?p=20883","url_meta":{"origin":26145,"position":0},"title":"Kulturelles Erbe in der digitalen Welt","author":"Isabella Meinecke","date":"07-09-16","format":false,"excerpt":"Neue Schriftenreihe mit zweitem Band im Stabiverlag. Das Internet ist der bevorzugte Ort der Informationsversorgung. Damit auch in Zukunft das kulturelle Erbe sichtbar bleibt, haben Bibliotheken, Museen und Archive damit begonnen, ihre Best\u00e4nde zu digitalisieren und zu pr\u00e4sentieren. Auch die Stabi ist seit Jahren in der Digitalisierung\u00a0aktiv. Da freut es\u2026","rel":"","context":"In &quot;E-Medien&quot;","block_context":{"text":"E-Medien","link":"https:\/\/blog.sub.uni-hamburg.de\/?cat=11"},"img":{"alt_text":"neue Schriftenreihe","src":"https:\/\/i0.wp.com\/blog.sub.uni-hamburg.de\/wp-content\/uploads\/2016\/09\/euler-klimpel.jpg?resize=350%2C200&ssl=1","width":350,"height":200},"classes":[]},{"id":24009,"url":"https:\/\/blog.sub.uni-hamburg.de\/?p=24009","url_meta":{"origin":26145,"position":1},"title":"Digitalisierung der Arbeitswelt und Sozialstaat (25.1.)","author":"Markus Trapp","date":"03-01-18","format":false,"excerpt":"Die Universit\u00e4ts-Gesellschaft Hamburg l\u00e4dt ein zu einem Vortrag von Prof. Dr. Thomas Straubhaar Volkswirtschaftslehre, Universit\u00e4t Hamburg DIGITALISIERUNG DER ARBEITSWELT UND SOZIALSTAAT. Update 17.01.2018: Eine Anmeldung ist nicht mehr m\u00f6glich, die Veranstaltung ist ausgebucht. Die Digitalisierung bietet die Chance, Arbeit neu zu denken. Sie macht offensichtlich, dass der Mensch \u00f6konomisch zu\u2026","rel":"","context":"In &quot;Ausstellungen und Veranstaltungen&quot;","block_context":{"text":"Ausstellungen und Veranstaltungen","link":"https:\/\/blog.sub.uni-hamburg.de\/?cat=9"},"img":{"alt_text":"","src":"https:\/\/i0.wp.com\/blog.sub.uni-hamburg.de\/wp-content\/uploads\/2017\/12\/Straubhaar-Thomas.jpg?resize=350%2C200&ssl=1","width":350,"height":200},"classes":[]},{"id":33463,"url":"https:\/\/blog.sub.uni-hamburg.de\/?p=33463","url_meta":{"origin":26145,"position":2},"title":"Digitaltag am 24.6.2022 \u2013 Drei Veranstaltungen der Stabi","author":"Markus Trapp","date":"07-06-22","format":false,"excerpt":"Die Initiative \"Digital f\u00fcr alle\" hat den Digitaltag ins Leben gerufen. Der Digitaltag soll Digitalisierung mit zahlreichen Aktionen f\u00fcr alle B\u00fcrgerinnen und B\u00fcrger alltagsnah erlebbar machen. Durch verschiedene Veranstaltungsformate von Vereinen, Beh\u00f6rden und Unternehmen schafft der Digitaltag eine Plattform, um die unterschiedlichen Aspekte der Digitalisierung zu beleuchten und zu diskutieren.\u2026","rel":"","context":"In &quot;Ausstellungen und Veranstaltungen&quot;","block_context":{"text":"Ausstellungen und Veranstaltungen","link":"https:\/\/blog.sub.uni-hamburg.de\/?cat=9"},"img":{"alt_text":"Digitaltag am 24.6.2022","src":"https:\/\/i0.wp.com\/blog.sub.uni-hamburg.de\/wp-content\/uploads\/2022\/06\/digitaltag-2022-stabihh.jpg?resize=350%2C200&ssl=1","width":350,"height":200,"srcset":"https:\/\/i0.wp.com\/blog.sub.uni-hamburg.de\/wp-content\/uploads\/2022\/06\/digitaltag-2022-stabihh.jpg?resize=350%2C200&ssl=1 1x, https:\/\/i0.wp.com\/blog.sub.uni-hamburg.de\/wp-content\/uploads\/2022\/06\/digitaltag-2022-stabihh.jpg?resize=525%2C300&ssl=1 1.5x"},"classes":[]},{"id":31452,"url":"https:\/\/blog.sub.uni-hamburg.de\/?p=31452","url_meta":{"origin":26145,"position":3},"title":"Digitaltag am 18.6.2021 &#8211; Drei Veranstaltungen der Stabi","author":"Markus Trapp","date":"10-06-21","format":false,"excerpt":"Die Initiative \"Digital f\u00fcr alle\" hat den Digitaltag ins Leben gerufen. Der Digitaltag soll Digitalisierung mit zahlreichen Aktionen f\u00fcr alle B\u00fcrgerinnen und B\u00fcrger alltagsnah erlebbar machen. Durch verschiedene Veranstaltungsformate von Vereinen, Beh\u00f6rden und Unternehmen schafft der Digitaltag eine Plattform, um die unterschiedlichen Aspekte der Digitalisierung zu beleuchten und zu diskutieren.\u2026","rel":"","context":"In &quot;Ausstellungen und Veranstaltungen&quot;","block_context":{"text":"Ausstellungen und Veranstaltungen","link":"https:\/\/blog.sub.uni-hamburg.de\/?cat=9"},"img":{"alt_text":"Digitaltag am 18.6.2021 - Drei Veranstaltungen der Stabi","src":"https:\/\/i0.wp.com\/blog.sub.uni-hamburg.de\/wp-content\/uploads\/2021\/06\/digitaltag-2021-stabihh.jpg?resize=350%2C200&ssl=1","width":350,"height":200,"srcset":"https:\/\/i0.wp.com\/blog.sub.uni-hamburg.de\/wp-content\/uploads\/2021\/06\/digitaltag-2021-stabihh.jpg?resize=350%2C200&ssl=1 1x, https:\/\/i0.wp.com\/blog.sub.uni-hamburg.de\/wp-content\/uploads\/2021\/06\/digitaltag-2021-stabihh.jpg?resize=525%2C300&ssl=1 1.5x"},"classes":[]},{"id":470,"url":"https:\/\/blog.sub.uni-hamburg.de\/?p=470","url_meta":{"origin":26145,"position":4},"title":"Stabi er\u00f6ffnet hochmoderne Medienwerkstatt","author":"MG","date":"02-03-07","format":false,"excerpt":"Neue Facetten der Digitalisierung in der Staats- und Universit\u00e4tsbibliothek Mit einem Empfang am Mittwoch, dem 14. M\u00e4rz 2007, er\u00f6ffnet die Stabi eine exzellent ausgestattete Medienwerkstatt. Mit Hilfe von F\u00f6rdergeldern der DFG sowie der Freien und Hansestadt Hamburg hat die Bibliothek eine Infrastruktur aufgebaut, die das Digitalisieren von Quellen unterschiedlichster Art\u2026","rel":"","context":"In &quot;Aktuelles&quot;","block_context":{"text":"Aktuelles","link":"https:\/\/blog.sub.uni-hamburg.de\/?cat=1"},"img":{"alt_text":"","src":"","width":0,"height":0},"classes":[]},{"id":25806,"url":"https:\/\/blog.sub.uni-hamburg.de\/?p=25806","url_meta":{"origin":26145,"position":5},"title":"Digital in die Zukunft \u2013 Deutsch-indische Perspektiven (29.10.)","author":"Markus Trapp","date":"16-10-18","format":false,"excerpt":"Podiumsdiskussion und -gespr\u00e4ch mit J\u00fcrgen Webermann, langj\u00e4hriger ARD-Korrespondent f\u00fcr Indien und S\u00fcdasien, Dr. Rajnish Tiwari, Senior Research Fellow, Institut f\u00fcr Technologie und Innovationsmanagement (TIM) an der TU Hamburg (TUHH), Dr. Axel Siegemund, bisher Indien-Referent des Zentrums f\u00fcr Mission und \u00d6kumene \u2013 nordkirche weltweit. Moderation: Katrin J\u00e4ger, Leiterin der TIDE.akademie Mit\u2026","rel":"","context":"In &quot;Ausstellungen und Veranstaltungen&quot;","block_context":{"text":"Ausstellungen und Veranstaltungen","link":"https:\/\/blog.sub.uni-hamburg.de\/?cat=9"},"img":{"alt_text":"","src":"https:\/\/i0.wp.com\/blog.sub.uni-hamburg.de\/wp-content\/uploads\/2018\/10\/mandelzweig-projekthilfe-Logo.jpg?resize=350%2C200&ssl=1","width":350,"height":200,"srcset":"https:\/\/i0.wp.com\/blog.sub.uni-hamburg.de\/wp-content\/uploads\/2018\/10\/mandelzweig-projekthilfe-Logo.jpg?resize=350%2C200&ssl=1 1x, https:\/\/i0.wp.com\/blog.sub.uni-hamburg.de\/wp-content\/uploads\/2018\/10\/mandelzweig-projekthilfe-Logo.jpg?resize=525%2C300&ssl=1 1.5x"},"classes":[]}],"jetpack_sharing_enabled":true,"_links":{"self":[{"href":"https:\/\/blog.sub.uni-hamburg.de\/index.php?rest_route=\/wp\/v2\/posts\/26145","targetHints":{"allow":["GET"]}}],"collection":[{"href":"https:\/\/blog.sub.uni-hamburg.de\/index.php?rest_route=\/wp\/v2\/posts"}],"about":[{"href":"https:\/\/blog.sub.uni-hamburg.de\/index.php?rest_route=\/wp\/v2\/types\/post"}],"author":[{"embeddable":true,"href":"https:\/\/blog.sub.uni-hamburg.de\/index.php?rest_route=\/wp\/v2\/users\/19"}],"replies":[{"embeddable":true,"href":"https:\/\/blog.sub.uni-hamburg.de\/index.php?rest_route=%2Fwp%2Fv2%2Fcomments&post=26145"}],"version-history":[{"count":3,"href":"https:\/\/blog.sub.uni-hamburg.de\/index.php?rest_route=\/wp\/v2\/posts\/26145\/revisions"}],"predecessor-version":[{"id":26151,"href":"https:\/\/blog.sub.uni-hamburg.de\/index.php?rest_route=\/wp\/v2\/posts\/26145\/revisions\/26151"}],"wp:attachment":[{"href":"https:\/\/blog.sub.uni-hamburg.de\/index.php?rest_route=%2Fwp%2Fv2%2Fmedia&parent=26145"}],"wp:term":[{"taxonomy":"category","embeddable":true,"href":"https:\/\/blog.sub.uni-hamburg.de\/index.php?rest_route=%2Fwp%2Fv2%2Fcategories&post=26145"},{"taxonomy":"post_tag","embeddable":true,"href":"https:\/\/blog.sub.uni-hamburg.de\/index.php?rest_route=%2Fwp%2Fv2%2Ftags&post=26145"}],"curies":[{"name":"wp","href":"https:\/\/api.w.org\/{rel}","templated":true}]}}