{"id":26067,"date":"2018-10-26T13:30:54","date_gmt":"2018-10-26T11:30:54","guid":{"rendered":"https:\/\/blog.sub.uni-hamburg.de\/?p=26067"},"modified":"2018-11-09T08:09:25","modified_gmt":"2018-11-09T07:09:25","slug":"its-always-the-sun-oder-wie-ein-stein-die-runde-macht-8-11","status":"publish","type":"post","link":"https:\/\/blog.sub.uni-hamburg.de\/?p=26067","title":{"rendered":"&#8220;It\u00b4s always the sun&#8221; oder wie ein Stein die Runde macht (8.11.)"},"content":{"rendered":"<p><strong>Vortrag von Christian Br\u00fcckner.<\/strong><\/p>\n<p><a href=\"https:\/\/blog.sub.uni-hamburg.de\/wp-content\/uploads\/2018\/10\/08-11-18-mesos-La_Piedra_del_Sol-gr.jpg\"><img loading=\"lazy\" decoding=\"async\" data-attachment-id=\"26069\" data-permalink=\"https:\/\/blog.sub.uni-hamburg.de\/?attachment_id=26069\" data-orig-file=\"https:\/\/blog.sub.uni-hamburg.de\/wp-content\/uploads\/2018\/10\/08-11-18-mesos-La_Piedra_del_Sol.jpg\" data-orig-size=\"640,527\" data-comments-opened=\"1\" data-image-meta=\"{&quot;aperture&quot;:&quot;0&quot;,&quot;credit&quot;:&quot;&quot;,&quot;camera&quot;:&quot;&quot;,&quot;caption&quot;:&quot;&quot;,&quot;created_timestamp&quot;:&quot;0&quot;,&quot;copyright&quot;:&quot;&quot;,&quot;focal_length&quot;:&quot;0&quot;,&quot;iso&quot;:&quot;0&quot;,&quot;shutter_speed&quot;:&quot;0&quot;,&quot;title&quot;:&quot;&quot;,&quot;orientation&quot;:&quot;0&quot;}\" data-image-title=\"08-11-18-mesos-La_Piedra_del_Sol\" data-image-description=\"\" data-image-caption=\"\" data-large-file=\"https:\/\/blog.sub.uni-hamburg.de\/wp-content\/uploads\/2018\/10\/08-11-18-mesos-La_Piedra_del_Sol.jpg\" src=\"https:\/\/blog.sub.uni-hamburg.de\/wp-content\/uploads\/2018\/10\/08-11-18-mesos-La_Piedra_del_Sol.jpg\" alt=\"La Piedra del Sol\" title=\"Aztekischer Kalenderstein: La Piedra del Sol\" width=\"640\" height=\"527\" class=\"alignnone size-full wp-image-26069\" srcset=\"https:\/\/blog.sub.uni-hamburg.de\/wp-content\/uploads\/2018\/10\/08-11-18-mesos-La_Piedra_del_Sol.jpg 640w, https:\/\/blog.sub.uni-hamburg.de\/wp-content\/uploads\/2018\/10\/08-11-18-mesos-La_Piedra_del_Sol-150x124.jpg 150w, https:\/\/blog.sub.uni-hamburg.de\/wp-content\/uploads\/2018\/10\/08-11-18-mesos-La_Piedra_del_Sol-300x247.jpg 300w\" sizes=\"auto, (max-width: 640px) 100vw, 640px\" \/><\/a><\/p>\n<p>&#8220;Piedra del Sol&#8221; oder &#8220;Aztekischer Kalenderstein&#8221; wird der tonnenschwere Monolith genannt, der 1790 bei Bauarbeiten in Mexiko-Stadt entdeckt wurde. Als ein imposanter Beweis aztekischer Steinmetzkunst mit einer hoch komplexen Ikonographie bietet der Stein Einblicke in die religi\u00f6s-kosmologischen Vorstellungen aus vorspanischer Zeit. Doch auch die Zweitverwendung als arch\u00e4ologisches Objekt ist beeindruckend: Das Artefakt geriet zum Paradebeispiel einer amerikanischen Antike in Analogie zum griechisch-r\u00f6mischen Altertum.<br \/>\n<!--more--><\/p>\n<p>Mittlerweile wird diese Kulturikone millionenfach kopiert und abgebildet. Neben der touristischen Verramschung ist der Stein auch ansonsten \u00fcberall pr\u00e4sent: etwa auf Singlecovern oder Plakaten der Karl-May-Festspiele. Bedenklich ist der falsche Bezug zu den klassischen Maya bzw. &#8220;dem Maya-Kalender&#8221; auf zahllosen Internetseiten. Im Vortrag werden Nutzung und arch\u00e4ologische Geschichte des Steins erl\u00e4utert sowie seine heutige mediale Bedeutung diskutiert.<\/p>\n<p>Eine Veranstaltung der <a href=\"http:\/\/www.mesoamerika-gesellschaft.de\/\">Mesoamerika-Gesellschaft Hamburg<\/a> in Zusammenarbeit mit der Staats- und Universit\u00e4tsbibliothek Hamburg.<br \/>\n<strong><br \/>\nDonnerstag, 8. November 2018, 18:15 Uhr<br \/>\nOrt: Vortragsraum, 1. Etage. Eine Anmeldung ist nicht erforderlich.<\/strong><\/p>\n","protected":false},"excerpt":{"rendered":"<p>Vortrag von Christian Br\u00fcckner. &#8220;Piedra del Sol&#8221; oder &#8220;Aztekischer Kalenderstein&#8221; wird der tonnenschwere Monolith genannt, der 1790 bei Bauarbeiten in Mexiko-Stadt entdeckt wurde. Als ein imposanter Beweis aztekischer Steinmetzkunst mit einer hoch komplexen Ikonographie bietet der Stein Einblicke in die religi\u00f6s-kosmologischen Vorstellungen aus vorspanischer Zeit. Doch auch die Zweitverwendung als arch\u00e4ologisches Objekt ist beeindruckend: Das [&hellip;]<\/p>\n","protected":false},"author":19,"featured_media":0,"comment_status":"open","ping_status":"open","sticky":false,"template":"","format":"standard","meta":{"jetpack_post_was_ever_published":false,"_jetpack_newsletter_access":"","_jetpack_dont_email_post_to_subs":false,"_jetpack_newsletter_tier_id":0,"_jetpack_memberships_contains_paywalled_content":false,"_jetpack_memberships_contains_paid_content":false,"footnotes":"","jetpack_publicize_message":"","jetpack_publicize_feature_enabled":true,"jetpack_social_post_already_shared":true,"jetpack_social_options":{"image_generator_settings":{"template":"highway","default_image_id":0,"font":"","enabled":false},"version":2}},"categories":[9],"tags":[],"class_list":["post-26067","post","type-post","status-publish","format-standard","hentry","category-ausstellungen"],"views":1916,"jetpack_publicize_connections":[],"jetpack_featured_media_url":"","jetpack_shortlink":"https:\/\/wp.me\/p7hfNR-6Mr","jetpack-related-posts":[{"id":21636,"url":"https:\/\/blog.sub.uni-hamburg.de\/?p=21636","url_meta":{"origin":26067,"position":0},"title":"Die aztekische Religion aus der Sicht eines Christenmenschen (14.12.)","author":"Markus Trapp","date":"29-11-16","format":false,"excerpt":"Dirk Tiemann: Monotheist trifft Polytheist - die aztekische Religion aus der Sicht eines Christenmenschen Mittwoch, 14. Dezember 2016, 18.15 Ort: Vortragsraum, 1. Etage. Eintritt frei. W\u00e4hrend des sechzehnten Jahrhunderts entstand eine interessante und wichtige Darstellung \u00fcber eine vermeintliche \"aztekische Kultur\", mit der die Konquistadoren und Missionare in Kontakt gekommen waren.\u2026","rel":"","context":"In &quot;Ausstellungen und Veranstaltungen&quot;","block_context":{"text":"Ausstellungen und Veranstaltungen","link":"https:\/\/blog.sub.uni-hamburg.de\/?cat=9"},"img":{"alt_text":"","src":"https:\/\/i0.wp.com\/blog.sub.uni-hamburg.de\/wp-content\/uploads\/2016\/11\/mesoam-12-2016.jpg?resize=350%2C200&ssl=1","width":350,"height":200},"classes":[]},{"id":17738,"url":"https:\/\/blog.sub.uni-hamburg.de\/?p=17738","url_meta":{"origin":26067,"position":1},"title":"Auf den Spuren Eduard Selers (21.5.)","author":"Markus Trapp","date":"08-05-15","format":false,"excerpt":"Dr. Ulrich W\u00f6lfel (Bonn): Auf den Spuren Eduard Selers: Neue arch\u00e4ologische Forschungen zur Region Chacul\u00e1, Guatemala Im Jahre 1896 besuchten Eduard Seler und seine Frau Caecilie Seler-Sachs die Chacul\u00e1-Region im nordwestlichen Hochland Guatemalas. Hier f\u00fchrten sie Ausgrabungen in den St\u00e4tten sowie regionale Erkundungen durch. Anschlie\u00dfend nahezu vergessen, r\u00fcckt diese Gegend\u2026","rel":"","context":"In &quot;Ausstellungen und Veranstaltungen&quot;","block_context":{"text":"Ausstellungen und Veranstaltungen","link":"https:\/\/blog.sub.uni-hamburg.de\/?cat=9"},"img":{"alt_text":"","src":"https:\/\/i0.wp.com\/blog.sub.uni-hamburg.de\/wp-content\/uploads\/2015\/05\/eduardseler-film.jpg?resize=350%2C200&ssl=1","width":350,"height":200,"srcset":"https:\/\/i0.wp.com\/blog.sub.uni-hamburg.de\/wp-content\/uploads\/2015\/05\/eduardseler-film.jpg?resize=350%2C200&ssl=1 1x, https:\/\/i0.wp.com\/blog.sub.uni-hamburg.de\/wp-content\/uploads\/2015\/05\/eduardseler-film.jpg?resize=525%2C300&ssl=1 1.5x"},"classes":[]},{"id":13425,"url":"https:\/\/blog.sub.uni-hamburg.de\/?p=13425","url_meta":{"origin":26067,"position":2},"title":"Kulturelle Entwicklungen in Mesoamerika und dem Andenraum in vorspanischer Zeit (9.1.)","author":"Markus Trapp","date":"18-12-13","format":false,"excerpt":"Die Kalasasaya (Aymara: kala = Stein; saya oder sayasta = stehend), der \u201ePlatz der stehenden Steine\u201c, ist der Zentralplatz der antiken Ruinenst\u00e4tte Tiahuanaco in Bolivien (Quelle: Wikipedia). Dr. Sabine Lang (Universit\u00e4t Hamburg): Kulturelle Entwicklungen in Mesoamerika und dem Andenraum in vorspanischer Zeit - ein Vergleich Zwischen der kulturellen Entwicklung in\u2026","rel":"","context":"In &quot;Ausstellungen und Veranstaltungen&quot;","block_context":{"text":"Ausstellungen und Veranstaltungen","link":"https:\/\/blog.sub.uni-hamburg.de\/?cat=9"},"img":{"alt_text":"","src":"https:\/\/i0.wp.com\/blog.sub.uni-hamburg.de\/wp-content\/uploads\/2013\/12\/tiiwanaku-kallasasay.jpg?resize=350%2C200&ssl=1","width":350,"height":200,"srcset":"https:\/\/i0.wp.com\/blog.sub.uni-hamburg.de\/wp-content\/uploads\/2013\/12\/tiiwanaku-kallasasay.jpg?resize=350%2C200&ssl=1 1x, https:\/\/i0.wp.com\/blog.sub.uni-hamburg.de\/wp-content\/uploads\/2013\/12\/tiiwanaku-kallasasay.jpg?resize=525%2C300&ssl=1 1.5x"},"classes":[]},{"id":9298,"url":"https:\/\/blog.sub.uni-hamburg.de\/?p=9298","url_meta":{"origin":26067,"position":3},"title":"Macht, Sex und Propaganda bei den Azteken (25.10.)","author":"MG","date":"08-10-12","format":false,"excerpt":"Izabela Wilkosz (Freie Universit\u00e4t Berlin): Power, performance, male sexuality, and propaganda: socio-political aspects of the Aztec festival of Toxcatl Toxcatl war eines der wichtigsten Feste des aztekischen Kalenders, in dem G\u00f6tter und Krieger gefeiert und Menschen geopfert wurden. Die Referentin ergr\u00fcndet anhand von Text- und Bildquellen die Bedeutung und regionale\u2026","rel":"","context":"In &quot;Ausstellungen und Veranstaltungen&quot;","block_context":{"text":"Ausstellungen und Veranstaltungen","link":"https:\/\/blog.sub.uni-hamburg.de\/?cat=9"},"img":{"alt_text":"Toxcatl","src":"https:\/\/i0.wp.com\/blog.sub.uni-hamburg.de\/wp-content\/uploads\/2012\/10\/12-MAG-Toxcatl-2-224x300.jpg?resize=350%2C200&ssl=1","width":350,"height":200},"classes":[]},{"id":13095,"url":"https:\/\/blog.sub.uni-hamburg.de\/?p=13095","url_meta":{"origin":26067,"position":4},"title":"Die Ikonographie(n) der Kulturen Mesoamerikas (21.11.)","author":"Markus Trapp","date":"06-11-13","format":false,"excerpt":"Christian Br\u00fcckner (Universit\u00e4t Hamburg): Von Erdmonstern und Wolkenmenschen - R\u00e4tselhafte Zeichen, fremdartige Symbole: Die Ikonographie(n) der Kulturen Mesoamerikas Seit \u00fcber 200 Jahren geben uns die vorspanischen Kulturen in Mesoamerika R\u00e4tsel auf. Olmeken, Zapoteken, Maya, Mixteken und Azteken - sie alle schufen beeindruckende Monumente und Skulpturen, pr\u00e4chtige Bauten und Wandmalereien. Sie\u2026","rel":"","context":"In &quot;Ausstellungen und Veranstaltungen&quot;","block_context":{"text":"Ausstellungen und Veranstaltungen","link":"https:\/\/blog.sub.uni-hamburg.de\/?cat=9"},"img":{"alt_text":"Tlaloc","src":"https:\/\/i0.wp.com\/blog.sub.uni-hamburg.de\/wp-content\/uploads\/2013\/11\/Mesoam-Tlaloc.jpg?resize=350%2C200&ssl=1","width":350,"height":200},"classes":[]},{"id":17574,"url":"https:\/\/blog.sub.uni-hamburg.de\/?p=17574","url_meta":{"origin":26067,"position":5},"title":"Zeitreise zu den Azteken und Maya (15.5.-28.6.)","author":"Markus Trapp","date":"27-04-15","format":false,"excerpt":"Zeitreise zu den Azteken und Maya \u2013 zum 50. Jubil\u00e4um der Mesoamerikanistik in Hamburg Die von der Mesoamerika-Gesellschaft Hamburg kuratierte Ausstellung widmet sich der Forschung der Mesoamerikanistik, die in diesem Jahr ihr 50 j\u00e4hriges Bestehen an der Universit\u00e4t Hamburg feiert. Gezeigt werden Exponate aus der Linga Bibliothek f\u00fcr Lateinamerika-Forschung (Info),\u2026","rel":"","context":"In &quot;Ausstellungen und Veranstaltungen&quot;","block_context":{"text":"Ausstellungen und Veranstaltungen","link":"https:\/\/blog.sub.uni-hamburg.de\/?cat=9"},"img":{"alt_text":"","src":"https:\/\/i0.wp.com\/blog.sub.uni-hamburg.de\/wp-content\/uploads\/2015\/04\/PL-Christoph_weiditz-2-150x107.jpg?resize=350%2C200&ssl=1","width":350,"height":200,"srcset":"https:\/\/i0.wp.com\/blog.sub.uni-hamburg.de\/wp-content\/uploads\/2015\/04\/PL-Christoph_weiditz-2-150x107.jpg?resize=350%2C200&ssl=1 1x, https:\/\/i0.wp.com\/blog.sub.uni-hamburg.de\/wp-content\/uploads\/2015\/04\/PL-Christoph_weiditz-2-150x107.jpg?resize=525%2C300&ssl=1 1.5x, https:\/\/i0.wp.com\/blog.sub.uni-hamburg.de\/wp-content\/uploads\/2015\/04\/PL-Christoph_weiditz-2-150x107.jpg?resize=700%2C400&ssl=1 2x, https:\/\/i0.wp.com\/blog.sub.uni-hamburg.de\/wp-content\/uploads\/2015\/04\/PL-Christoph_weiditz-2-150x107.jpg?resize=1050%2C600&ssl=1 3x, https:\/\/i0.wp.com\/blog.sub.uni-hamburg.de\/wp-content\/uploads\/2015\/04\/PL-Christoph_weiditz-2-150x107.jpg?resize=1400%2C800&ssl=1 4x"},"classes":[]}],"jetpack_sharing_enabled":true,"_links":{"self":[{"href":"https:\/\/blog.sub.uni-hamburg.de\/index.php?rest_route=\/wp\/v2\/posts\/26067","targetHints":{"allow":["GET"]}}],"collection":[{"href":"https:\/\/blog.sub.uni-hamburg.de\/index.php?rest_route=\/wp\/v2\/posts"}],"about":[{"href":"https:\/\/blog.sub.uni-hamburg.de\/index.php?rest_route=\/wp\/v2\/types\/post"}],"author":[{"embeddable":true,"href":"https:\/\/blog.sub.uni-hamburg.de\/index.php?rest_route=\/wp\/v2\/users\/19"}],"replies":[{"embeddable":true,"href":"https:\/\/blog.sub.uni-hamburg.de\/index.php?rest_route=%2Fwp%2Fv2%2Fcomments&post=26067"}],"version-history":[{"count":3,"href":"https:\/\/blog.sub.uni-hamburg.de\/index.php?rest_route=\/wp\/v2\/posts\/26067\/revisions"}],"predecessor-version":[{"id":26154,"href":"https:\/\/blog.sub.uni-hamburg.de\/index.php?rest_route=\/wp\/v2\/posts\/26067\/revisions\/26154"}],"wp:attachment":[{"href":"https:\/\/blog.sub.uni-hamburg.de\/index.php?rest_route=%2Fwp%2Fv2%2Fmedia&parent=26067"}],"wp:term":[{"taxonomy":"category","embeddable":true,"href":"https:\/\/blog.sub.uni-hamburg.de\/index.php?rest_route=%2Fwp%2Fv2%2Fcategories&post=26067"},{"taxonomy":"post_tag","embeddable":true,"href":"https:\/\/blog.sub.uni-hamburg.de\/index.php?rest_route=%2Fwp%2Fv2%2Ftags&post=26067"}],"curies":[{"name":"wp","href":"https:\/\/api.w.org\/{rel}","templated":true}]}}