{"id":25673,"date":"2018-10-02T16:26:06","date_gmt":"2018-10-02T14:26:06","guid":{"rendered":"https:\/\/blog.sub.uni-hamburg.de\/?p=25673"},"modified":"2018-10-17T21:19:03","modified_gmt":"2018-10-17T19:19:03","slug":"weltgemeinschaft-am-abgrund-warum-wir-eine-starke-uno-brauchen-17-10","status":"publish","type":"post","link":"https:\/\/blog.sub.uni-hamburg.de\/?p=25673","title":{"rendered":"Weltgemeinschaft am Abgrund: Warum wir eine starke UNO brauchen (17.10.)"},"content":{"rendered":"<p><a href=\"https:\/\/blog.sub.uni-hamburg.de\/wp-content\/uploads\/2018\/10\/18-10-17-boell-UN_h.jpg\"><img loading=\"lazy\" decoding=\"async\" data-attachment-id=\"25676\" data-permalink=\"https:\/\/blog.sub.uni-hamburg.de\/?attachment_id=25676\" data-orig-file=\"https:\/\/blog.sub.uni-hamburg.de\/wp-content\/uploads\/2018\/10\/18-10-17-boell-UN_h.jpg\" data-orig-size=\"640,426\" data-comments-opened=\"1\" data-image-meta=\"{&quot;aperture&quot;:&quot;0&quot;,&quot;credit&quot;:&quot;&quot;,&quot;camera&quot;:&quot;&quot;,&quot;caption&quot;:&quot;&quot;,&quot;created_timestamp&quot;:&quot;0&quot;,&quot;copyright&quot;:&quot;&quot;,&quot;focal_length&quot;:&quot;0&quot;,&quot;iso&quot;:&quot;0&quot;,&quot;shutter_speed&quot;:&quot;0&quot;,&quot;title&quot;:&quot;&quot;,&quot;orientation&quot;:&quot;0&quot;}\" data-image-title=\"Vereinte Nationen\" data-image-description=\"&lt;p&gt;Vereinte Nationen&lt;\/p&gt;\n\" data-image-caption=\"\" data-large-file=\"https:\/\/blog.sub.uni-hamburg.de\/wp-content\/uploads\/2018\/10\/18-10-17-boell-UN_h.jpg\" src=\"https:\/\/blog.sub.uni-hamburg.de\/wp-content\/uploads\/2018\/10\/18-10-17-boell-UN_h.jpg\" alt=\"Vereinte Nationen\" width=\"640\" height=\"426\" class=\"alignnone size-full wp-image-25676\" srcset=\"https:\/\/blog.sub.uni-hamburg.de\/wp-content\/uploads\/2018\/10\/18-10-17-boell-UN_h.jpg 640w, https:\/\/blog.sub.uni-hamburg.de\/wp-content\/uploads\/2018\/10\/18-10-17-boell-UN_h-150x100.jpg 150w, https:\/\/blog.sub.uni-hamburg.de\/wp-content\/uploads\/2018\/10\/18-10-17-boell-UN_h-300x200.jpg 300w\" sizes=\"auto, (max-width: 640px) 100vw, 640px\" \/><\/a><\/p>\n<p><strong>Lesung und Diskussion mit dem Autor Mark Engelhardt.<\/strong><\/p>\n<div style=\"float: right; padding-right:0px; margin-left:25px; margin-bottom:25px;\"> <div id=\"attachment_25674\" style=\"width: 210px\" class=\"wp-caption alignright\"><a href=\"https:\/\/blog.sub.uni-hamburg.de\/wp-content\/uploads\/2018\/10\/Portrait_Engelhardt-AndreaVollmer-gr.jpg\"><img loading=\"lazy\" decoding=\"async\" aria-describedby=\"caption-attachment-25674\" data-attachment-id=\"25674\" data-permalink=\"https:\/\/blog.sub.uni-hamburg.de\/?attachment_id=25674\" data-orig-file=\"https:\/\/blog.sub.uni-hamburg.de\/wp-content\/uploads\/2018\/10\/Portrait_Engelhardt-AndreaVollmer-kl.jpg\" data-orig-size=\"250,375\" data-comments-opened=\"1\" data-image-meta=\"{&quot;aperture&quot;:&quot;0&quot;,&quot;credit&quot;:&quot;&quot;,&quot;camera&quot;:&quot;&quot;,&quot;caption&quot;:&quot;&quot;,&quot;created_timestamp&quot;:&quot;0&quot;,&quot;copyright&quot;:&quot;&quot;,&quot;focal_length&quot;:&quot;0&quot;,&quot;iso&quot;:&quot;0&quot;,&quot;shutter_speed&quot;:&quot;0&quot;,&quot;title&quot;:&quot;&quot;,&quot;orientation&quot;:&quot;0&quot;}\" data-image-title=\"Mark Engelhardt. Foto: Andrea Vollmer\" data-image-description=\"&lt;p&gt;Mark Engelhardt. Foto: Andrea Vollmer&lt;\/p&gt;\n\" data-image-caption=\"&lt;p&gt;Mark Engelhardt. Foto: Andrea Vollmer&lt;\/p&gt;\n\" data-large-file=\"https:\/\/blog.sub.uni-hamburg.de\/wp-content\/uploads\/2018\/10\/Portrait_Engelhardt-AndreaVollmer-kl.jpg\" src=\"https:\/\/blog.sub.uni-hamburg.de\/wp-content\/uploads\/2018\/10\/Portrait_Engelhardt-AndreaVollmer-kl.jpg\" alt=\"Mark Engelhardt. Foto: Andrea Vollmer\" title=\"Mark Engelhardt. Foto: Andrea Vollmer\" width=\"200\" height=\"300\" class=\"size-full wp-image-25674\" srcset=\"https:\/\/blog.sub.uni-hamburg.de\/wp-content\/uploads\/2018\/10\/Portrait_Engelhardt-AndreaVollmer-kl.jpg 250w, https:\/\/blog.sub.uni-hamburg.de\/wp-content\/uploads\/2018\/10\/Portrait_Engelhardt-AndreaVollmer-kl-100x150.jpg 100w, https:\/\/blog.sub.uni-hamburg.de\/wp-content\/uploads\/2018\/10\/Portrait_Engelhardt-AndreaVollmer-kl-200x300.jpg 200w\" sizes=\"auto, (max-width: 200px) 100vw, 200px\" \/><\/a><p id=\"caption-attachment-25674\" class=\"wp-caption-text\"><\/p>\n<div style=\"font-size: 12px; line-height: 1.2; margin-bottom:0;\"> Mark Engelhardt. Foto: Andrea Vollmer<\/div>\n<p><\/p><\/div> <\/p><\/div>\n<p> Die UN befindet sich in der schwersten Krise seit ihrer Gr\u00fcndung vor 70 Jahren. Ein globales neoliberales Spardiktat hat den Staatenbund ebenso an den Abgrund man\u00f6vriert wie B\u00fcrokratie und Dilettantismus in den eigenen Reihen. Despoten und Populist_innen versuchen jetzt, der UN den Rest zu geben. Mit ihren veralteten Strukturen und unzureichenden Ressourcen sind die UN kaum mehr in der Lage, ihre bisherigen Aufgaben zu erf\u00fcllen: den Erhalt des Weltfriedens, die Garantie grundlegender Menschenrechte, die Erm\u00f6glichung von Gesundheit und Entwicklung f\u00fcr alle \u2013 von neuen Herausforderungen wie Cyberkriegen ganz zu schweigen. Was muss jetzt geschehen, damit die UN erhalten bleiben? M\u00fcssen sie sich neuen Aufgaben zuwenden, um relevant zu bleiben &#8211; dem globalen Terrorismus, Cyberkriminalit\u00e4t, der Regulierung autonomer Waffensysteme? Welche Rolle sollte Deutschland dabei spielen?<\/p>\n<p>\u201eWeltgemeinschaft am Abgrund. Warum wir eine starke UNO brauchen&#8221; ist kein n\u00fcchternes Sachbuch. Es ist ein Pl\u00e4doyer f\u00fcr die Vereinten Nationen, leidenschaftlich und dringlich, jedoch nie naiv oder besch\u00f6nigend. Im Gegenteil.\u201c &#8211; Tatjana Heid, F.A.Z.<br \/>\nQuelle: Ch. Links Verlag<br \/>\n<!--more--><\/p>\n<p>Marc Engelhardt, 1971 in K\u00f6ln geboren, studierte in Kiel Meeresbiologie und \u00d6ffentliches Recht. Seit Ende 2010 und nach sieben Jahren in Afrika lebt er in Genf und berichtet \u00fcber die Vereinten Nationen und die mehr als 200 internationalen Organisationen, die am Genfer See angesiedelt sind. Sein besonderes Interesse gilt Geschichten, die an der Nahtstelle Afrikas und Europas liegen. Au\u00dferdem ist Engelhardt Korrespondent bei den Weltreportern, wo er bis 2015 Vorsitzender des Netzwerkes war.<\/p>\n<p>Eine Veranstaltung von <a href=\"http:\/\/calendar.boell.de\/de\/event\/weltgemeinschaft-am-abgrund-warum-wir-eine-starke-uno-brauchen-0\"><em>umdenken<\/em> Heinrich-B\u00f6ll-Stiftung Hamburg e.V.<\/a> in Kooperation mit dem Literaturzentrum Hamburg. Gef\u00f6rdert von der Landeszentrale f\u00fcr politische Bildung Hamburg.<\/p>\n<p><strong>Mittwoch, 17. Oktober 2018, 19 \u2013 21 Uhr<br \/>\nOrt: Vortragsraum, 1. Etage. Eintritt: 3 \u20ac.<\/strong><\/p>\n<div style=\"font-size: 12px; line-height: 1.2; margin-bottom:0;\"> Bild oben: <a href=\"https:\/\/www.flickr.com\/photos\/unicphoto\/9907845834\/in\/photolist-g6wiob-eahd3H-sLj5vC-cdfqtJ-SYh27d-ayC3QE-pUfQhK-dMMFN7-8BJoin-cdfqXm-EpZAf-8rUDL1-9qiJtZ-peFJSh-6Rh2T5-baQo1P-9LpVBR-5ybdj-oZL6a2-97qNAK-8BgFmq-b7t9Px-abMfmi-edXbAk-aD7NGu-dq5oYM-abrVGk-63GLef-7dDPcu-9uSCRC-9nLV94-abQ5Vy-9jakgB-e2mjMg-8vWS6M-jQQnp8-iPtYAu-9rmqCb-pFS2uX-8Zr8xb-aqC39G-8FusMp-cmX74S-65yYQd-63GLTu-8gRKA4-Gi8xPV-UqGCAF-anrgrP-fMKRwy\">UN General Assembly 2013<\/a>, <em>United Nations Information Centres<\/em>. Lizenz: (<a href=\"https:\/\/creativecommons.org\/licenses\/by-nc-nd\/2.0\/\">CC BY-NC-ND 2.0<\/a>)<\/div>\n","protected":false},"excerpt":{"rendered":"<p>Lesung und Diskussion mit dem Autor Mark Engelhardt. Die UN befindet sich in der schwersten Krise seit ihrer Gr\u00fcndung vor 70 Jahren. Ein globales neoliberales Spardiktat hat den Staatenbund ebenso an den Abgrund man\u00f6vriert wie B\u00fcrokratie und Dilettantismus in den eigenen Reihen. Despoten und Populist_innen versuchen jetzt, der UN den Rest zu geben. Mit ihren [&hellip;]<\/p>\n","protected":false},"author":19,"featured_media":0,"comment_status":"open","ping_status":"open","sticky":false,"template":"","format":"standard","meta":{"jetpack_post_was_ever_published":false,"_jetpack_newsletter_access":"","_jetpack_dont_email_post_to_subs":false,"_jetpack_newsletter_tier_id":0,"_jetpack_memberships_contains_paywalled_content":false,"_jetpack_memberships_contains_paid_content":false,"footnotes":"","jetpack_publicize_message":"","jetpack_publicize_feature_enabled":true,"jetpack_social_post_already_shared":true,"jetpack_social_options":{"image_generator_settings":{"template":"highway","default_image_id":0,"font":"","enabled":false},"version":2}},"categories":[9],"tags":[],"class_list":["post-25673","post","type-post","status-publish","format-standard","hentry","category-ausstellungen"],"views":1395,"jetpack_publicize_connections":[],"jetpack_featured_media_url":"","jetpack_shortlink":"https:\/\/wp.me\/p7hfNR-6G5","jetpack-related-posts":[{"id":27649,"url":"https:\/\/blog.sub.uni-hamburg.de\/?p=27649","url_meta":{"origin":25673,"position":0},"title":"Die Bartl-Chronik, Hamburgs ber\u00fchmtestes Zaubergesch\u00e4ft in der Zeit von 1910 bis 1998 (21.8.)","author":"Markus Trapp","date":"05-08-19","format":false,"excerpt":"Buchpr\u00e4sentation mit Lesung der Autorin und Enkelin Birgit Bartl-Engelhardt. Die Autorin ist die Enkelin des einst ber\u00fchmten Zauberpaares Rosa und J\u00e1nos Bartl, das 1910 ein Zauberunternehmen gr\u00fcndete und in einem Atemzug mit Willmann, Horster, Thayer und Martinka genannt wird. Bis in die sp\u00e4ten 1990er Jahre war Bartl ein Begriff f\u00fcr\u2026","rel":"","context":"In &quot;Ausstellungen und Veranstaltungen&quot;","block_context":{"text":"Ausstellungen und Veranstaltungen","link":"https:\/\/blog.sub.uni-hamburg.de\/?cat=9"},"img":{"alt_text":"","src":"https:\/\/i0.wp.com\/blog.sub.uni-hamburg.de\/wp-content\/uploads\/2019\/08\/bartl-chronik-buchcover.jpg?resize=350%2C200&ssl=1","width":350,"height":200},"classes":[]},{"id":17827,"url":"https:\/\/blog.sub.uni-hamburg.de\/?p=17827","url_meta":{"origin":25673,"position":1},"title":"Hans-Werner Engels: Der Franz\u00f6sischen Revolution verpflichtet. (4.6.)","author":"Markus Trapp","date":"22-05-15","format":false,"excerpt":"Buchvorstellung: Hans-Werner Engels: Der Franz\u00f6sischen Revolution verpflichtet. Ausgew\u00e4hlte Beitr\u00e4ge eines Hamburg-Historikers Der Franz\u00f6sischen Revolution verpflichtet \u2013 das war der Hamburger Historiker Hans-Werner Engels (1941-2010). Er hat sich zeitlebens intensiv mit der Franz\u00f6sischen Revolution in Deutschland, vor allem der Jakobinerforschung, besch\u00e4ftigt. Dar\u00fcber hinaus hat er sich seinem Wohnort Hamburg-Altona historisch gewidmet.\u2026","rel":"","context":"In &quot;Ausstellungen und Veranstaltungen&quot;","block_context":{"text":"Ausstellungen und Veranstaltungen","link":"https:\/\/blog.sub.uni-hamburg.de\/?cat=9"},"img":{"alt_text":"engels-frz-revolution","src":"https:\/\/i0.wp.com\/blog.sub.uni-hamburg.de\/wp-content\/uploads\/2015\/05\/engels-frz-revolution.jpg?resize=350%2C200&ssl=1","width":350,"height":200},"classes":[]},{"id":34673,"url":"https:\/\/blog.sub.uni-hamburg.de\/?p=34673","url_meta":{"origin":25673,"position":2},"title":"Indie Stabi: Figur&#038;Kontext. Ein Abend mit Rainer Ehrt und dem Verlag Angeli &#038; Engel (16.11.)","author":"Markus Trapp","date":"02-11-22","format":false,"excerpt":"Mittwoch, 16.11., 19 Uhr, Vortragsraum. Der Verlag Angeli & Engel, der sch\u00f6n ausgestattete Kunstb\u00fccher herausbringt, wurde 2021 von dem Antiquar Rudolf Angeli und dem Schriftsteller Peter Engel gegr\u00fcndet. Er entstand aus dem Rundbrief \u201eDer Hamburger Bothe\u201c f\u00fcr Mitglieder der Pirckheimer-Gesellschaft. Der Verlag, dessen B\u00fccher an der Schnittstelle zwischen Text und\u2026","rel":"","context":"In &quot;Ausstellungen und Veranstaltungen&quot;","block_context":{"text":"Ausstellungen und Veranstaltungen","link":"https:\/\/blog.sub.uni-hamburg.de\/?cat=9"},"img":{"alt_text":"'Figur & Kontext' von Rainer Ehrt","src":"https:\/\/i0.wp.com\/blog.sub.uni-hamburg.de\/wp-content\/uploads\/2022\/11\/11_16-Indie-Stabi-Umschlag-Ehrt-Buch.jpg?resize=350%2C200&ssl=1","width":350,"height":200},"classes":[]},{"id":7249,"url":"https:\/\/blog.sub.uni-hamburg.de\/?p=7249","url_meta":{"origin":25673,"position":3},"title":"Patenbuch des Monats M\u00e4rz: Hans Henny Jahnn: Spur des dunklen Engels","author":"Markus Trapp","date":"01-03-12","format":false,"excerpt":"In der dritten Ausgabe unserer Aktion Edlen B\u00fcchern Pate stehen stellen wir Ihnen ein weiteres interessantes Werk vor, das im Rahmen der Reihe \u201ePatenbuch des Monats\u201c auf einen Buchpaten f\u00fcr seine Restaurierung wartet: Hans Henny Jahnn (1894\u20131959): Spur des dunklen Engels. Drama. Musik von Yngve Jan Trede. Typoskript (Durchschlag), ohne\u2026","rel":"","context":"In &quot;Sch\u00e4tze der Stabi&quot;","block_context":{"text":"Sch\u00e4tze der Stabi","link":"https:\/\/blog.sub.uni-hamburg.de\/?cat=13"},"img":{"alt_text":"Patenbuch des Monats","src":"https:\/\/i0.wp.com\/blog.sub.uni-hamburg.de\/wp-content\/uploads\/2011\/12\/patenbuch-des-monats-logo.jpg?resize=350%2C200&ssl=1","width":350,"height":200},"classes":[]},{"id":16744,"url":"https:\/\/blog.sub.uni-hamburg.de\/?p=16744","url_meta":{"origin":25673,"position":4},"title":"Hamburg im Mumintal","author":"Redaktion","date":"10-12-14","format":false,"excerpt":"Von Eike Harden 2014 war Finnland nicht nur Gastland der Frankfurter Buchmesse, sondern feierte auch am 9. August den 100. Geburtstag von Tove Jansson, der Erfinderin der Mumins (wer sie nicht kennt: Mumins sind kleine nilpferdartige Fabelwesen, die in Finnland jeder kennt, s. Abb. rechts). Dieses Jubil\u00e4um veranlasste Tapio Markkanen\u2026","rel":"","context":"In &quot;Aktuelles&quot;","block_context":{"text":"Aktuelles","link":"https:\/\/blog.sub.uni-hamburg.de\/?cat=1"},"img":{"alt_text":"LippertTeleskop Hamburger Sternwarte","src":"https:\/\/i0.wp.com\/blog.sub.uni-hamburg.de\/wp-content\/uploads\/2014\/12\/LippertTeleskop.jpg?resize=350%2C200&ssl=1","width":350,"height":200,"srcset":"https:\/\/i0.wp.com\/blog.sub.uni-hamburg.de\/wp-content\/uploads\/2014\/12\/LippertTeleskop.jpg?resize=350%2C200&ssl=1 1x, https:\/\/i0.wp.com\/blog.sub.uni-hamburg.de\/wp-content\/uploads\/2014\/12\/LippertTeleskop.jpg?resize=525%2C300&ssl=1 1.5x"},"classes":[]},{"id":40690,"url":"https:\/\/blog.sub.uni-hamburg.de\/?p=40690","url_meta":{"origin":25673,"position":5},"title":"Roter Salon: Iris Minich liest aus dem \u201eKommunistischen Manifest\u201c von Karl Marx und Friedrich Engels (15.9.)","author":"Markus Trapp","date":"29-08-25","format":false,"excerpt":"Montag, 15.9., 18.30 Uhr, Vortragsraum. 1848 erschien in London ein Text, der die Welt ver\u00e4nderte. Er wurde zum Ausgangspunkt \u00f6konomischer Systeme, politischer Konflikte und nicht zuletzt einer Vielzahl von Missverst\u00e4ndnissen, die bis heute das politische Bewusstsein pr\u00e4gen. Das von Karl Marx und Friedrich Engels verfasste Programm der Kommunistischen Partei ist\u2026","rel":"","context":"In &quot;Ausstellungen und Veranstaltungen&quot;","block_context":{"text":"Ausstellungen und Veranstaltungen","link":"https:\/\/blog.sub.uni-hamburg.de\/?cat=9"},"img":{"alt_text":"Iris Minich - Copyright Dirk Ossig","src":"https:\/\/i0.wp.com\/blog.sub.uni-hamburg.de\/wp-content\/uploads\/2025\/08\/Iris_Minich_Copyright_Dirk_Ossig-200x300.jpg?resize=350%2C200&ssl=1","width":350,"height":200},"classes":[]}],"jetpack_sharing_enabled":true,"_links":{"self":[{"href":"https:\/\/blog.sub.uni-hamburg.de\/index.php?rest_route=\/wp\/v2\/posts\/25673","targetHints":{"allow":["GET"]}}],"collection":[{"href":"https:\/\/blog.sub.uni-hamburg.de\/index.php?rest_route=\/wp\/v2\/posts"}],"about":[{"href":"https:\/\/blog.sub.uni-hamburg.de\/index.php?rest_route=\/wp\/v2\/types\/post"}],"author":[{"embeddable":true,"href":"https:\/\/blog.sub.uni-hamburg.de\/index.php?rest_route=\/wp\/v2\/users\/19"}],"replies":[{"embeddable":true,"href":"https:\/\/blog.sub.uni-hamburg.de\/index.php?rest_route=%2Fwp%2Fv2%2Fcomments&post=25673"}],"version-history":[{"count":5,"href":"https:\/\/blog.sub.uni-hamburg.de\/index.php?rest_route=\/wp\/v2\/posts\/25673\/revisions"}],"predecessor-version":[{"id":25681,"href":"https:\/\/blog.sub.uni-hamburg.de\/index.php?rest_route=\/wp\/v2\/posts\/25673\/revisions\/25681"}],"wp:attachment":[{"href":"https:\/\/blog.sub.uni-hamburg.de\/index.php?rest_route=%2Fwp%2Fv2%2Fmedia&parent=25673"}],"wp:term":[{"taxonomy":"category","embeddable":true,"href":"https:\/\/blog.sub.uni-hamburg.de\/index.php?rest_route=%2Fwp%2Fv2%2Fcategories&post=25673"},{"taxonomy":"post_tag","embeddable":true,"href":"https:\/\/blog.sub.uni-hamburg.de\/index.php?rest_route=%2Fwp%2Fv2%2Ftags&post=25673"}],"curies":[{"name":"wp","href":"https:\/\/api.w.org\/{rel}","templated":true}]}}