{"id":25653,"date":"2018-09-25T15:59:32","date_gmt":"2018-09-25T13:59:32","guid":{"rendered":"https:\/\/blog.sub.uni-hamburg.de\/?p=25653"},"modified":"2018-12-07T14:34:24","modified_gmt":"2018-12-07T13:34:24","slug":"neue-lesesaele-fuer-die-stabi-der-umbau-geht-in-die-zweite-phase","status":"publish","type":"post","link":"https:\/\/blog.sub.uni-hamburg.de\/?p=25653","title":{"rendered":"Neue Leses\u00e4le f\u00fcr die Stabi: Der Umbau geht in die zweite Phase"},"content":{"rendered":"<p><a href=\"https:\/\/blog.sub.uni-hamburg.de\/wp-content\/uploads\/2016\/03\/runderneuert-250.jpg\"><img loading=\"lazy\" decoding=\"async\" data-attachment-id=\"19674\" data-permalink=\"https:\/\/blog.sub.uni-hamburg.de\/?attachment_id=19674\" data-orig-file=\"https:\/\/blog.sub.uni-hamburg.de\/wp-content\/uploads\/2016\/03\/runderneuert-250.jpg\" data-orig-size=\"250,250\" data-comments-opened=\"1\" data-image-meta=\"{&quot;aperture&quot;:&quot;0&quot;,&quot;credit&quot;:&quot;&quot;,&quot;camera&quot;:&quot;&quot;,&quot;caption&quot;:&quot;&quot;,&quot;created_timestamp&quot;:&quot;0&quot;,&quot;copyright&quot;:&quot;&quot;,&quot;focal_length&quot;:&quot;0&quot;,&quot;iso&quot;:&quot;0&quot;,&quot;shutter_speed&quot;:&quot;0&quot;,&quot;title&quot;:&quot;&quot;,&quot;orientation&quot;:&quot;0&quot;}\" data-image-title=\"Stabi runderneuert\" data-image-description=\"&lt;p&gt;Stabi runderneuert&lt;\/p&gt;\n\" data-image-caption=\"\" data-large-file=\"https:\/\/blog.sub.uni-hamburg.de\/wp-content\/uploads\/2016\/03\/runderneuert-250.jpg\" class=\" wp-image-19674 alignright\" src=\"https:\/\/blog.sub.uni-hamburg.de\/wp-content\/uploads\/2016\/03\/runderneuert-250.jpg\" alt=\"\" width=\"178\" height=\"178\" srcset=\"https:\/\/blog.sub.uni-hamburg.de\/wp-content\/uploads\/2016\/03\/runderneuert-250.jpg 250w, https:\/\/blog.sub.uni-hamburg.de\/wp-content\/uploads\/2016\/03\/runderneuert-250-150x150.jpg 150w, https:\/\/blog.sub.uni-hamburg.de\/wp-content\/uploads\/2016\/03\/runderneuert-250-144x144.jpg 144w\" sizes=\"auto, (max-width: 178px) 100vw, 178px\" \/><\/a>Am 4. September haben wir nach fast sechsmonatiger Bauzeit den neuen Lesesaal und den Handschriftenlesesaal in der 1. Etage f\u00fcr Sie ge\u00f6ffnet. Zeitgleich hat die zweite Bauphase mit der Schlie\u00dfung des Lesesaals 2 begonnen.<\/p>\n<h3>Wie geht es weiter?<\/h3>\n<p>Im zweiten Bauabschnitt wird zun\u00e4chst der Lesesaal 2 modernisiert und neugestaltet. Die Er\u00f6ffnung ist f\u00fcr Anfang Dezember geplant. Die Arbeitspl\u00e4tze im Lesesaal 3 stehen Ihnen weiterhin als ruhige Arbeitsatmosph\u00e4re zur Verf\u00fcgung. Im Anschluss beginnt der dritte Bauabschnitt mit dem Umbau des Lesesaals 3, der im Fr\u00fchjahr 2019 abgeschlossen sein wird.<\/p>\n<h3>Wir halten Sie weiterhin auf dem Laufenden<\/h3>\n<p>Wir werden Sie regelm\u00e4\u00dfig \u00fcber den aktuellen Stand der Bauma\u00dfnahmen informieren; sei es hier im Stabi-Blog unter der Rubrik <a href=\"https:\/\/blog.sub.uni-hamburg.de\/?cat=10\">Baustelle Stabi<\/a> oder auch auf der Webseite <a href=\"https:\/\/www.sub.uni-hamburg.de\/service\/lernen-arbeiten\/umbau-der-lesesaele\">Umbau der Leses\u00e4le<\/a>.<\/p>\n<h2>Unser &#8220;Foto der Woche&#8221;<\/h2>\n<p>Au\u00dferdem ver\u00f6ffentlichen wir hier mit dem &#8220;Foto der Woche&#8221; laufend aktuelle Bilder von der Baustelle in der 2. Etage\u00a0\u2013 schauen Sie einfach immer mal wieder rein!<\/p>\n<h4>20.11.2018: Schwerstarbeit: Die Buchumz\u00fcge haben begonnen<\/h4>\n<p><a href=\"https:\/\/blog.sub.uni-hamburg.de\/wp-content\/uploads\/2018\/09\/FdW181120.jpg\"><img loading=\"lazy\" decoding=\"async\" data-attachment-id=\"26227\" data-permalink=\"https:\/\/blog.sub.uni-hamburg.de\/?attachment_id=26227\" data-orig-file=\"https:\/\/blog.sub.uni-hamburg.de\/wp-content\/uploads\/2018\/09\/FdW181120.jpg\" data-orig-size=\"1024,768\" data-comments-opened=\"1\" data-image-meta=\"{&quot;aperture&quot;:&quot;0&quot;,&quot;credit&quot;:&quot;&quot;,&quot;camera&quot;:&quot;&quot;,&quot;caption&quot;:&quot;&quot;,&quot;created_timestamp&quot;:&quot;0&quot;,&quot;copyright&quot;:&quot;&quot;,&quot;focal_length&quot;:&quot;0&quot;,&quot;iso&quot;:&quot;0&quot;,&quot;shutter_speed&quot;:&quot;0&quot;,&quot;title&quot;:&quot;&quot;,&quot;orientation&quot;:&quot;0&quot;}\" data-image-title=\"FdW181120\" data-image-description=\"\" data-image-caption=\"\" data-large-file=\"https:\/\/blog.sub.uni-hamburg.de\/wp-content\/uploads\/2018\/09\/FdW181120-1024x768.jpg\" class=\"alignleft size-medium wp-image-26227\" src=\"https:\/\/blog.sub.uni-hamburg.de\/wp-content\/uploads\/2018\/09\/FdW181120-300x225.jpg\" alt=\"\" width=\"300\" height=\"225\" srcset=\"https:\/\/blog.sub.uni-hamburg.de\/wp-content\/uploads\/2018\/09\/FdW181120-300x225.jpg 300w, https:\/\/blog.sub.uni-hamburg.de\/wp-content\/uploads\/2018\/09\/FdW181120-150x113.jpg 150w, https:\/\/blog.sub.uni-hamburg.de\/wp-content\/uploads\/2018\/09\/FdW181120-768x576.jpg 768w, https:\/\/blog.sub.uni-hamburg.de\/wp-content\/uploads\/2018\/09\/FdW181120.jpg 1024w\" sizes=\"auto, (max-width: 300px) 100vw, 300px\" \/><\/a>Derzeit werden die Lesesaal-B\u00fccher wieder aus den Magazinen \u201egehoben\u201c und in die 2. Etage umgezogen.<br \/>\nDie Arbeitspl\u00e4tze sind unterdessen so gut wie aufgebaut und harren der vielen Nutzerinnen und Nutzer der Stabi \u2013 es dauert nicht mehr lang\u2026<\/p>\n<h4><\/h4>\n<p>&nbsp;<\/p>\n<p>&nbsp;<\/p>\n<p>&nbsp;<\/p>\n<p><!--more--><\/p>\n<h4>08.11.2018: Nr. 2 ist bald fertig: Teppich liegt, Regale stehen<\/h4>\n<p><a href=\"https:\/\/blog.sub.uni-hamburg.de\/wp-content\/uploads\/2018\/09\/FdW181108.jpg\"><img loading=\"lazy\" decoding=\"async\" data-attachment-id=\"26166\" data-permalink=\"https:\/\/blog.sub.uni-hamburg.de\/?attachment_id=26166\" data-orig-file=\"https:\/\/blog.sub.uni-hamburg.de\/wp-content\/uploads\/2018\/09\/FdW181108.jpg\" data-orig-size=\"1024,768\" data-comments-opened=\"1\" data-image-meta=\"{&quot;aperture&quot;:&quot;0&quot;,&quot;credit&quot;:&quot;&quot;,&quot;camera&quot;:&quot;&quot;,&quot;caption&quot;:&quot;&quot;,&quot;created_timestamp&quot;:&quot;0&quot;,&quot;copyright&quot;:&quot;&quot;,&quot;focal_length&quot;:&quot;0&quot;,&quot;iso&quot;:&quot;0&quot;,&quot;shutter_speed&quot;:&quot;0&quot;,&quot;title&quot;:&quot;&quot;,&quot;orientation&quot;:&quot;0&quot;}\" data-image-title=\"FdW181108\" data-image-description=\"\" data-image-caption=\"\" data-large-file=\"https:\/\/blog.sub.uni-hamburg.de\/wp-content\/uploads\/2018\/09\/FdW181108-1024x768.jpg\" class=\"alignleft size-medium wp-image-26166\" src=\"https:\/\/blog.sub.uni-hamburg.de\/wp-content\/uploads\/2018\/09\/FdW181108-300x225.jpg\" alt=\"\" width=\"300\" height=\"225\" srcset=\"https:\/\/blog.sub.uni-hamburg.de\/wp-content\/uploads\/2018\/09\/FdW181108-300x225.jpg 300w, https:\/\/blog.sub.uni-hamburg.de\/wp-content\/uploads\/2018\/09\/FdW181108-150x113.jpg 150w, https:\/\/blog.sub.uni-hamburg.de\/wp-content\/uploads\/2018\/09\/FdW181108-768x576.jpg 768w, https:\/\/blog.sub.uni-hamburg.de\/wp-content\/uploads\/2018\/09\/FdW181108.jpg 1024w\" sizes=\"auto, (max-width: 300px) 100vw, 300px\" \/><\/a>In der 2. Etage ist nun alles vorbereitet f\u00fcr den Einzug der M\u00f6bel und B\u00fccher: Der rote Stabi-Teppich und die Regale sind installiert, die M\u00f6bellieferung beginnt dann in der kommenden Woche.<\/p>\n<p>&nbsp;<\/p>\n<p>&nbsp;<\/p>\n<p>&nbsp;<\/p>\n<p>&nbsp;<\/p>\n<p>&nbsp;<\/p>\n<h4>30.10.2018: In die 2. Etage, bitte!<\/h4>\n<p><a href=\"https:\/\/blog.sub.uni-hamburg.de\/wp-content\/uploads\/2018\/09\/FdW181030.jpg\"><img loading=\"lazy\" decoding=\"async\" data-attachment-id=\"26097\" data-permalink=\"https:\/\/blog.sub.uni-hamburg.de\/?attachment_id=26097\" data-orig-file=\"https:\/\/blog.sub.uni-hamburg.de\/wp-content\/uploads\/2018\/09\/FdW181030.jpg\" data-orig-size=\"1024,768\" data-comments-opened=\"1\" data-image-meta=\"{&quot;aperture&quot;:&quot;0&quot;,&quot;credit&quot;:&quot;&quot;,&quot;camera&quot;:&quot;&quot;,&quot;caption&quot;:&quot;&quot;,&quot;created_timestamp&quot;:&quot;0&quot;,&quot;copyright&quot;:&quot;&quot;,&quot;focal_length&quot;:&quot;0&quot;,&quot;iso&quot;:&quot;0&quot;,&quot;shutter_speed&quot;:&quot;0&quot;,&quot;title&quot;:&quot;&quot;,&quot;orientation&quot;:&quot;0&quot;}\" data-image-title=\"FdW181030\" data-image-description=\"\" data-image-caption=\"\" data-large-file=\"https:\/\/blog.sub.uni-hamburg.de\/wp-content\/uploads\/2018\/09\/FdW181030-1024x768.jpg\" class=\"alignleft size-medium wp-image-26097\" src=\"https:\/\/blog.sub.uni-hamburg.de\/wp-content\/uploads\/2018\/09\/FdW181030-300x225.jpg\" alt=\"\" width=\"300\" height=\"225\" srcset=\"https:\/\/blog.sub.uni-hamburg.de\/wp-content\/uploads\/2018\/09\/FdW181030-300x225.jpg 300w, https:\/\/blog.sub.uni-hamburg.de\/wp-content\/uploads\/2018\/09\/FdW181030-150x113.jpg 150w, https:\/\/blog.sub.uni-hamburg.de\/wp-content\/uploads\/2018\/09\/FdW181030-768x576.jpg 768w, https:\/\/blog.sub.uni-hamburg.de\/wp-content\/uploads\/2018\/09\/FdW181030.jpg 1024w\" sizes=\"auto, (max-width: 300px) 100vw, 300px\" \/><\/a>Recht sperrig, \u00e4u\u00dferst schwer: Die Teppichrollen f\u00fcr den Lesesaal werden mit einem Kran in die 2. Etage gehievt.<\/p>\n<p>Bald liegt auch hier unser roter,\u00a0weicher Stabi-Teppich.<\/p>\n<p>&nbsp;<\/p>\n<p>&nbsp;<\/p>\n<p>&nbsp;<\/p>\n<p>&nbsp;<\/p>\n<p>&nbsp;<\/p>\n<h4>22.10.2018: <em>Ganz in Wei\u00df<\/em><\/h4>\n<p><a href=\"https:\/\/blog.sub.uni-hamburg.de\/wp-content\/uploads\/2018\/09\/FdW181022.jpg\"><img loading=\"lazy\" decoding=\"async\" data-attachment-id=\"25952\" data-permalink=\"https:\/\/blog.sub.uni-hamburg.de\/?attachment_id=25952\" data-orig-file=\"https:\/\/blog.sub.uni-hamburg.de\/wp-content\/uploads\/2018\/09\/FdW181022.jpg\" data-orig-size=\"1024,768\" data-comments-opened=\"1\" data-image-meta=\"{&quot;aperture&quot;:&quot;0&quot;,&quot;credit&quot;:&quot;&quot;,&quot;camera&quot;:&quot;&quot;,&quot;caption&quot;:&quot;&quot;,&quot;created_timestamp&quot;:&quot;0&quot;,&quot;copyright&quot;:&quot;&quot;,&quot;focal_length&quot;:&quot;0&quot;,&quot;iso&quot;:&quot;0&quot;,&quot;shutter_speed&quot;:&quot;0&quot;,&quot;title&quot;:&quot;&quot;,&quot;orientation&quot;:&quot;0&quot;}\" data-image-title=\"FdW181022\" data-image-description=\"\" data-image-caption=\"\" data-large-file=\"https:\/\/blog.sub.uni-hamburg.de\/wp-content\/uploads\/2018\/09\/FdW181022-1024x768.jpg\" class=\"alignleft size-medium wp-image-25952\" src=\"https:\/\/blog.sub.uni-hamburg.de\/wp-content\/uploads\/2018\/09\/FdW181022-300x225.jpg\" alt=\"\" width=\"300\" height=\"225\" srcset=\"https:\/\/blog.sub.uni-hamburg.de\/wp-content\/uploads\/2018\/09\/FdW181022-300x225.jpg 300w, https:\/\/blog.sub.uni-hamburg.de\/wp-content\/uploads\/2018\/09\/FdW181022-150x113.jpg 150w, https:\/\/blog.sub.uni-hamburg.de\/wp-content\/uploads\/2018\/09\/FdW181022-768x576.jpg 768w, https:\/\/blog.sub.uni-hamburg.de\/wp-content\/uploads\/2018\/09\/FdW181022.jpg 1024w\" sizes=\"auto, (max-width: 300px) 100vw, 300px\" \/><\/a>Die Bodenarbeiten im Lesesaal in der 2. Etage kommen gut voran. Die Versorgungsleitungen sind gelegt und bereits wieder unter dem Boden verborgen.<\/p>\n<p>Der noch ganz wei\u00dfe Betonboden wird nur durch die Bodentanks f\u00fcr die Stromversorgung der sp\u00e4teren Arbeitspl\u00e4tze durschnitten.<\/p>\n<p>&nbsp;<\/p>\n<p>&nbsp;<\/p>\n<p>&nbsp;<\/p>\n<p>&nbsp;<\/p>\n<h4>25.09.2018: <em>Ein Bett f\u00fcr den Strom<\/em><\/h4>\n<p><a href=\"https:\/\/blog.sub.uni-hamburg.de\/wp-content\/uploads\/2018\/09\/FdW180925.jpg\"><img loading=\"lazy\" decoding=\"async\" data-attachment-id=\"25656\" data-permalink=\"https:\/\/blog.sub.uni-hamburg.de\/?attachment_id=25656\" data-orig-file=\"https:\/\/blog.sub.uni-hamburg.de\/wp-content\/uploads\/2018\/09\/FdW180925.jpg\" data-orig-size=\"1024,768\" data-comments-opened=\"1\" data-image-meta=\"{&quot;aperture&quot;:&quot;0&quot;,&quot;credit&quot;:&quot;&quot;,&quot;camera&quot;:&quot;&quot;,&quot;caption&quot;:&quot;&quot;,&quot;created_timestamp&quot;:&quot;0&quot;,&quot;copyright&quot;:&quot;&quot;,&quot;focal_length&quot;:&quot;0&quot;,&quot;iso&quot;:&quot;0&quot;,&quot;shutter_speed&quot;:&quot;0&quot;,&quot;title&quot;:&quot;&quot;,&quot;orientation&quot;:&quot;0&quot;}\" data-image-title=\"FdW180925\" data-image-description=\"\" data-image-caption=\"\" data-large-file=\"https:\/\/blog.sub.uni-hamburg.de\/wp-content\/uploads\/2018\/09\/FdW180925-1024x768.jpg\" class=\"alignleft size-medium wp-image-25656\" src=\"https:\/\/blog.sub.uni-hamburg.de\/wp-content\/uploads\/2018\/09\/FdW180925-300x225.jpg\" alt=\"\" width=\"300\" height=\"225\" srcset=\"https:\/\/blog.sub.uni-hamburg.de\/wp-content\/uploads\/2018\/09\/FdW180925-300x225.jpg 300w, https:\/\/blog.sub.uni-hamburg.de\/wp-content\/uploads\/2018\/09\/FdW180925-150x113.jpg 150w, https:\/\/blog.sub.uni-hamburg.de\/wp-content\/uploads\/2018\/09\/FdW180925-768x576.jpg 768w, https:\/\/blog.sub.uni-hamburg.de\/wp-content\/uploads\/2018\/09\/FdW180925.jpg 1024w\" sizes=\"auto, (max-width: 300px) 100vw, 300px\" \/><\/a>Die Schlitzarbeiten am Betonboden sind bereits abgeschlossen, das &#8220;Strom-Bett&#8221; ist bereitet. Die Neuverlegung von Elektrokabeln in den massiven Boden ist notwendig, um eine zeitgem\u00e4\u00dfe Versorgung mit Strom an jedem Arbeitsplatz zu erm\u00f6glichen. Vor \u00fcber 35 Jahren war das noch kaum ein Thema&#8230;<\/p>\n<p>&nbsp;<\/p>\n<p>&nbsp;<\/p>\n<p>&nbsp;<\/p>\n<p>&nbsp;<\/p>\n<p>&nbsp;<\/p>\n<h4>18.09.2018: <em>Nach dem Bau ist vor dem Bau!<\/em><\/h4>\n<p><a href=\"https:\/\/blog.sub.uni-hamburg.de\/wp-content\/uploads\/2018\/04\/FdW180919.jpg\"><img loading=\"lazy\" decoding=\"async\" data-attachment-id=\"25634\" data-permalink=\"https:\/\/blog.sub.uni-hamburg.de\/?attachment_id=25634\" data-orig-file=\"https:\/\/blog.sub.uni-hamburg.de\/wp-content\/uploads\/2018\/04\/FdW180919.jpg\" data-orig-size=\"1024,768\" data-comments-opened=\"1\" data-image-meta=\"{&quot;aperture&quot;:&quot;0&quot;,&quot;credit&quot;:&quot;&quot;,&quot;camera&quot;:&quot;&quot;,&quot;caption&quot;:&quot;&quot;,&quot;created_timestamp&quot;:&quot;0&quot;,&quot;copyright&quot;:&quot;&quot;,&quot;focal_length&quot;:&quot;0&quot;,&quot;iso&quot;:&quot;0&quot;,&quot;shutter_speed&quot;:&quot;0&quot;,&quot;title&quot;:&quot;&quot;,&quot;orientation&quot;:&quot;0&quot;}\" data-image-title=\"FdW180919\" data-image-description=\"\" data-image-caption=\"\" data-large-file=\"https:\/\/blog.sub.uni-hamburg.de\/wp-content\/uploads\/2018\/04\/FdW180919-1024x768.jpg\" class=\"alignleft size-medium wp-image-25634\" src=\"https:\/\/blog.sub.uni-hamburg.de\/wp-content\/uploads\/2018\/04\/FdW180919-300x225.jpg\" alt=\"\" width=\"300\" height=\"225\" srcset=\"https:\/\/blog.sub.uni-hamburg.de\/wp-content\/uploads\/2018\/04\/FdW180919-300x225.jpg 300w, https:\/\/blog.sub.uni-hamburg.de\/wp-content\/uploads\/2018\/04\/FdW180919-150x113.jpg 150w, https:\/\/blog.sub.uni-hamburg.de\/wp-content\/uploads\/2018\/04\/FdW180919-768x576.jpg 768w, https:\/\/blog.sub.uni-hamburg.de\/wp-content\/uploads\/2018\/04\/FdW180919.jpg 1024w\" sizes=\"auto, (max-width: 300px) 100vw, 300px\" \/><\/a>Kaum ist der neue Lesesaal in der 1. Etage er\u00f6ffnet, steht der Lesesaal 2 eine Etage dar\u00fcber bereits ohne Teppich da.<\/p>\n<p>Auch hier werden wir in den kommenden Monaten sanieren, modernisieren, neu gestalten \u2013 bauen halt!<\/p>\n<p>&nbsp;<\/p>\n<p>&nbsp;<\/p>\n<p>&nbsp;<\/p>\n<p>&nbsp;<\/p>\n<p>&nbsp;<\/p>\n<p>Die &#8220;Fotos der Woche&#8221; vom Umbau des Lesesaals in der 1. Etage finden Sie im Blogbeitrag &#8220;<a href=\"https:\/\/blog.sub.uni-hamburg.de\/?p=24667\">Neue Leses\u00e4le f\u00fcr die Stabi \u2013 wir berichten laufend<\/a>&#8220;.<\/p>\n","protected":false},"excerpt":{"rendered":"<p>Am 4. September haben wir nach fast sechsmonatiger Bauzeit den neuen Lesesaal und den Handschriftenlesesaal in der 1. Etage f\u00fcr Sie ge\u00f6ffnet. Zeitgleich hat die zweite Bauphase mit der Schlie\u00dfung des Lesesaals 2 begonnen. Wie geht es weiter? Im zweiten Bauabschnitt wird zun\u00e4chst der Lesesaal 2 modernisiert und neugestaltet. Die Er\u00f6ffnung ist f\u00fcr Anfang Dezember [&hellip;]<\/p>\n","protected":false},"author":48,"featured_media":0,"comment_status":"open","ping_status":"open","sticky":false,"template":"","format":"standard","meta":{"jetpack_post_was_ever_published":false,"_jetpack_newsletter_access":"","_jetpack_dont_email_post_to_subs":false,"_jetpack_newsletter_tier_id":0,"_jetpack_memberships_contains_paywalled_content":false,"_jetpack_memberships_contains_paid_content":false,"footnotes":"","jetpack_publicize_message":"","jetpack_publicize_feature_enabled":true,"jetpack_social_post_already_shared":true,"jetpack_social_options":{"image_generator_settings":{"template":"highway","default_image_id":0,"font":"","enabled":false},"version":2}},"categories":[1,10],"tags":[113],"class_list":["post-25653","post","type-post","status-publish","format-standard","hentry","category-1","category-baustelle-stabi","tag-stabi-runderneuert"],"views":3502,"jetpack_publicize_connections":[],"jetpack_featured_media_url":"","jetpack_shortlink":"https:\/\/wp.me\/p7hfNR-6FL","jetpack-related-posts":[{"id":24303,"url":"https:\/\/blog.sub.uni-hamburg.de\/?p=24303","url_meta":{"origin":25653,"position":0},"title":"Neue Leses\u00e4le f\u00fcr die Stabi &#8211; der Umbau beginnt im M\u00e4rz","author":"TO","date":"19-02-18","format":false,"excerpt":"Nach 35 Jahren und \u00fcber 35 Millionen Besuchen ist es an der Zeit: im M\u00e4rz 2018 beginnen wir mit dem Umbau und der Modernisierung der Leses\u00e4le. Was haben wir vor? Es bleibt dabei: Die Leses\u00e4le sind auch nach dem Umbau ein Ort der ruhigen Einzelarbeit und des Lernens. Das Ziel\u2026","rel":"","context":"In &quot;Baustelle Stabi&quot;","block_context":{"text":"Baustelle Stabi","link":"https:\/\/blog.sub.uni-hamburg.de\/?cat=10"},"img":{"alt_text":"","src":"https:\/\/i0.wp.com\/blog.sub.uni-hamburg.de\/wp-content\/uploads\/2016\/03\/runderneuert-450-150x150.jpg?resize=350%2C200&ssl=1","width":350,"height":200},"classes":[]},{"id":26351,"url":"https:\/\/blog.sub.uni-hamburg.de\/?p=26351","url_meta":{"origin":25653,"position":1},"title":"Neue Leses\u00e4le f\u00fcr die Stabi &#8211; fertig!","author":"TO","date":"07-12-18","format":false,"excerpt":"Wir sind fertig! Am heutigen Freitag, den 7. Dezember 2018, haben wir den neuen Lesesaal in der 2. Etage wieder ge\u00f6ffnet. Mit dem Abschluss des zweiten Bauabschnitts stehen Ihnen damit nach fast zehnmonatiger Bauzeit unsere runderneuerten und neugestalteten Leses\u00e4le wieder Verf\u00fcgung. Was haben wir gemacht? Vieles ist neu\u00a0\u2013 sofort ins\u2026","rel":"","context":"In &quot;Aktuelles&quot;","block_context":{"text":"Aktuelles","link":"https:\/\/blog.sub.uni-hamburg.de\/?cat=1"},"img":{"alt_text":"","src":"https:\/\/i0.wp.com\/blog.sub.uni-hamburg.de\/wp-content\/uploads\/2018\/12\/Er%C3%B6ffnung-LS-2_1-300x225.jpg?resize=350%2C200&ssl=1","width":350,"height":200},"classes":[]},{"id":2813,"url":"https:\/\/blog.sub.uni-hamburg.de\/?p=2813","url_meta":{"origin":25653,"position":2},"title":"Stabi: Lesesaal 3 am Mo, 16.8. geschlossen","author":"ST","date":"03-08-10","format":false,"excerpt":"Wir m\u00f6chten Ihnen zum WS 2010\/11 mehr Gruppenarbeitspl\u00e4tze zur Verf\u00fcgung stellen. Im Januar wurden im 1. Bauabschnitt daf\u00fcr bereits freie Fl\u00e4chen im Lesesaal 3 geschaffen und als Zwischenl\u00f6sung mit neuen Tischen aufgef\u00fcllt. Die erste Ank\u00fcndigung und die lebendige Diskussion konnten Sie damals in unserem Blog verfolgen. Die jetzigen Semesterferien werden\u2026","rel":"","context":"In &quot;Aktuelles&quot;","block_context":{"text":"Aktuelles","link":"https:\/\/blog.sub.uni-hamburg.de\/?cat=1"},"img":{"alt_text":"","src":"https:\/\/i0.wp.com\/blog.sub.uni-hamburg.de\/wp-content\/uploads\/2010\/07\/Gruppenarbeitsraum-Baustelle1.jpg?resize=350%2C200&ssl=1","width":350,"height":200},"classes":[]},{"id":25546,"url":"https:\/\/blog.sub.uni-hamburg.de\/?p=25546","url_meta":{"origin":25653,"position":3},"title":"Fertig! Er\u00f6ffnung des neuen Lesesaals in der 1. Etage am 4.9.2018","author":"TO","date":"28-08-18","format":false,"excerpt":"Wir sind fertig! Am Dienstag, den 4. September 2018, um 10:00 Uhr \u00f6ffnen wir nach fast sechs monatiger Bauzeit unseren runderneuerten und modernisierten Lesesaal in der 1. Etage. Wir haben Ihre W\u00fcnsche gebaut! Wir haben Sie im letzten Jahr in Umfragen und Workshops nach Ihren W\u00fcnschen f\u00fcr die Neugestaltung der\u2026","rel":"","context":"In &quot;Aktuelles&quot;","block_context":{"text":"Aktuelles","link":"https:\/\/blog.sub.uni-hamburg.de\/?cat=1"},"img":{"alt_text":"","src":"https:\/\/i0.wp.com\/blog.sub.uni-hamburg.de\/wp-content\/uploads\/2018\/08\/IMG_8587-300x225.jpg?resize=350%2C200&ssl=1","width":350,"height":200},"classes":[]},{"id":24426,"url":"https:\/\/blog.sub.uni-hamburg.de\/?p=24426","url_meta":{"origin":25653,"position":4},"title":"Neue Leses\u00e4le f\u00fcr die Stabi &#8211; jetzt geht es los!","author":"TO","date":"01-03-18","format":false,"excerpt":"Nach intensiven Planungen und aufwendigen Vorbereitungen starten wir jetzt mit dem Umbau und der Modernisierung der Leses\u00e4le. Ab Montag, 05. M\u00e4rz 2018: Vorbereitende Ma\u00dfnahmen Die ersten Buchumz\u00fcge und der Regalabbau beginnen. Nach und nach werden die Freihandbest\u00e4nde in die Magazine verlagert und ab dem 13.03. bestellbar sein. Die Leses\u00e4le bleiben\u2026","rel":"","context":"In &quot;Baustelle Stabi&quot;","block_context":{"text":"Baustelle Stabi","link":"https:\/\/blog.sub.uni-hamburg.de\/?cat=10"},"img":{"alt_text":"","src":"https:\/\/i0.wp.com\/blog.sub.uni-hamburg.de\/wp-content\/uploads\/2016\/03\/runderneuert-450.jpg?resize=350%2C200&ssl=1","width":350,"height":200},"classes":[]},{"id":24667,"url":"https:\/\/blog.sub.uni-hamburg.de\/?p=24667","url_meta":{"origin":25653,"position":5},"title":"Neue Leses\u00e4le f\u00fcr die Stabi &#8211; wir berichten laufend","author":"TO","date":"13-04-18","format":false,"excerpt":"Die hei\u00dfe Phase des Umbaus und der Modernisierung der Leses\u00e4le hat begonnen. Hunderte Meter an B\u00fcchern und Regalen sind umgezogen und abgebaut, die Leses\u00e4le in der ersten Etage geschlossen und mittlerweile komplett leer ger\u00e4umt. Sowohl den Lesesaal-Service (Auskunft und Buchausgabe) als auch den Handschriftenlesesaal finden Sie nun in den Leses\u00e4len\u2026","rel":"","context":"In &quot;Baustelle Stabi&quot;","block_context":{"text":"Baustelle Stabi","link":"https:\/\/blog.sub.uni-hamburg.de\/?cat=10"},"img":{"alt_text":"","src":"https:\/\/i0.wp.com\/blog.sub.uni-hamburg.de\/wp-content\/uploads\/2016\/03\/runderneuert-450-150x150.jpg?resize=350%2C200&ssl=1","width":350,"height":200},"classes":[]}],"jetpack_sharing_enabled":true,"_links":{"self":[{"href":"https:\/\/blog.sub.uni-hamburg.de\/index.php?rest_route=\/wp\/v2\/posts\/25653","targetHints":{"allow":["GET"]}}],"collection":[{"href":"https:\/\/blog.sub.uni-hamburg.de\/index.php?rest_route=\/wp\/v2\/posts"}],"about":[{"href":"https:\/\/blog.sub.uni-hamburg.de\/index.php?rest_route=\/wp\/v2\/types\/post"}],"author":[{"embeddable":true,"href":"https:\/\/blog.sub.uni-hamburg.de\/index.php?rest_route=\/wp\/v2\/users\/48"}],"replies":[{"embeddable":true,"href":"https:\/\/blog.sub.uni-hamburg.de\/index.php?rest_route=%2Fwp%2Fv2%2Fcomments&post=25653"}],"version-history":[{"count":12,"href":"https:\/\/blog.sub.uni-hamburg.de\/index.php?rest_route=\/wp\/v2\/posts\/25653\/revisions"}],"predecessor-version":[{"id":26228,"href":"https:\/\/blog.sub.uni-hamburg.de\/index.php?rest_route=\/wp\/v2\/posts\/25653\/revisions\/26228"}],"wp:attachment":[{"href":"https:\/\/blog.sub.uni-hamburg.de\/index.php?rest_route=%2Fwp%2Fv2%2Fmedia&parent=25653"}],"wp:term":[{"taxonomy":"category","embeddable":true,"href":"https:\/\/blog.sub.uni-hamburg.de\/index.php?rest_route=%2Fwp%2Fv2%2Fcategories&post=25653"},{"taxonomy":"post_tag","embeddable":true,"href":"https:\/\/blog.sub.uni-hamburg.de\/index.php?rest_route=%2Fwp%2Fv2%2Ftags&post=25653"}],"curies":[{"name":"wp","href":"https:\/\/api.w.org\/{rel}","templated":true}]}}