{"id":25005,"date":"2018-05-22T13:48:29","date_gmt":"2018-05-22T11:48:29","guid":{"rendered":"https:\/\/blog.sub.uni-hamburg.de\/?p=25005"},"modified":"2018-08-13T09:16:50","modified_gmt":"2018-08-13T07:16:50","slug":"vergiss-mein-nicht-stammbuecher-des-16-bis-20-jahrhunderts-aus-hamburg-7-6-12-8","status":"publish","type":"post","link":"https:\/\/blog.sub.uni-hamburg.de\/?p=25005","title":{"rendered":"&#8220;Vergi\u00df mein nicht&#8221; (7.6.-12.8.)"},"content":{"rendered":"<p><a href=\"https:\/\/blog.sub.uni-hamburg.de\/wp-content\/uploads\/2018\/05\/StabiVegimeniPlakat-gr.jpg\"><img loading=\"lazy\" decoding=\"async\" data-attachment-id=\"25006\" data-permalink=\"https:\/\/blog.sub.uni-hamburg.de\/?attachment_id=25006\" data-orig-file=\"https:\/\/blog.sub.uni-hamburg.de\/wp-content\/uploads\/2018\/05\/StabiVegimeniPlakat.jpg\" data-orig-size=\"350,494\" data-comments-opened=\"1\" data-image-meta=\"{&quot;aperture&quot;:&quot;0&quot;,&quot;credit&quot;:&quot;&quot;,&quot;camera&quot;:&quot;&quot;,&quot;caption&quot;:&quot;&quot;,&quot;created_timestamp&quot;:&quot;0&quot;,&quot;copyright&quot;:&quot;&quot;,&quot;focal_length&quot;:&quot;0&quot;,&quot;iso&quot;:&quot;0&quot;,&quot;shutter_speed&quot;:&quot;0&quot;,&quot;title&quot;:&quot;&quot;,&quot;orientation&quot;:&quot;0&quot;}\" data-image-title=\"StabiVegimeniPlakat\" data-image-description=\"\" data-image-caption=\"\" data-large-file=\"https:\/\/blog.sub.uni-hamburg.de\/wp-content\/uploads\/2018\/05\/StabiVegimeniPlakat.jpg\" src=\"https:\/\/blog.sub.uni-hamburg.de\/wp-content\/uploads\/2018\/05\/StabiVegimeniPlakat.jpg\" alt=\"'Vergi\u00df mein nicht' \u2013 Stammb\u00fccher des 16. bis 20. Jahrhunderts aus Hamburg\" title=\"'Vergi\u00df mein nicht' \u2013 Stammb\u00fccher des 16. bis 20. Jahrhunderts aus Hamburg\"  width=\"350\" height=\"494\" class=\"alignright size-full wp-image-25006\" srcset=\"https:\/\/blog.sub.uni-hamburg.de\/wp-content\/uploads\/2018\/05\/StabiVegimeniPlakat.jpg 350w, https:\/\/blog.sub.uni-hamburg.de\/wp-content\/uploads\/2018\/05\/StabiVegimeniPlakat-106x150.jpg 106w, https:\/\/blog.sub.uni-hamburg.de\/wp-content\/uploads\/2018\/05\/StabiVegimeniPlakat-213x300.jpg 213w\" sizes=\"auto, (max-width: 350px) 100vw, 350px\" \/><\/a> <strong>Stammb\u00fccher und Freundschaftsalben des 16. bis 20. Jahrhunderts aus Hamburg.<\/strong><\/p>\n<p>In Stammb\u00fccher oder sogenannte Freundschaftsalben (&#8220;<em>Alba Amicorum<\/em>&#8220;) etwas hinein zu schreiben, war eine beliebte Sitte in der Fr\u00fchen Neuzeit, die bis heute in Poesiealben sowie Freunde- und G\u00e4steb\u00fcchern weiterlebt. Beginnend im adligen und im akademischen Milieu weitete sich dieser Trend vor allem in der Aufkl\u00e4rungszeit schon bald in private Kreise aus. Wappen, Zeichnungen, kleine Malereien, Silhouetten, Stickereien und vieles mehr schm\u00fcckten die Eintr\u00e4ge, die je nach Besitzer von Zitaten antiker Autoren, gro\u00dfer Reformatoren oder zeitgen\u00f6ssischer Literaten und Philosophen bis hin zu einfachen Freundschaftsspr\u00fcchen wie das &#8220;Vergi\u00df mein nicht&#8221; reichen. Gerade letzteres dr\u00fcckt aus, dass die B\u00fccher auch an die Menschen aus dem eigenen Lebenskreis erinnern sollten, an Familienmitglieder, Freunde und Bekannte. Und wie heute Freundeb\u00fccher bei Kindern oder Facebook bei Erwachsenen die soziale Vergemeinschaftung festhalten und sichtbar machen, so spiegeln die historischen Alben auch das gesellschaftliche Leben der Besitzer auf eigent\u00fcmliche und zum Teil intime Weise wieder. Damit sind diese u.a. f\u00fcr Historiker, Philologen, Kunsthistoriker und Volkskundler eine wichtige personengeschichtliche und kulturhistorische Quelle.<br \/>\n<!--more--><\/p>\n<p>Die Staatsbibliothek gibt einen Einblick vor allem in die Hamburger Stammbuchkultur des 16. bis 20. Jahrhunderts und zeigt eine Auswahl von Stammb\u00fcchern vornehmlich aus ihren Sondersammlungen, erg\u00e4nzt durch Alben aus dem Museum f\u00fcr Hamburgische Geschichte und dem Hamburger Staatsarchiv. <\/p>\n<p>Ort: Ausstellungsraum, Erdgeschoss, t\u00e4glich bis Mitternacht ge\u00f6ffnet, der Eintritt ist frei.<br \/>\nDauer der Ausstellung: 7. Juni bis 12. August 2018<\/p>\n<h3>Mittwoch, 6. Juni 2018, 18 Uhr: Er\u00f6ffnung der Ausstellung <\/h3>\n<div id=\"attachment_25009\" style=\"width: 650px\" class=\"wp-caption alignnone\"><img loading=\"lazy\" decoding=\"async\" aria-describedby=\"caption-attachment-25009\" data-attachment-id=\"25009\" data-permalink=\"https:\/\/blog.sub.uni-hamburg.de\/?attachment_id=25009\" data-orig-file=\"https:\/\/blog.sub.uni-hamburg.de\/wp-content\/uploads\/2018\/05\/stammbuch-andromeda.png\" data-orig-size=\"640,408\" data-comments-opened=\"1\" data-image-meta=\"{&quot;aperture&quot;:&quot;0&quot;,&quot;credit&quot;:&quot;&quot;,&quot;camera&quot;:&quot;&quot;,&quot;caption&quot;:&quot;&quot;,&quot;created_timestamp&quot;:&quot;0&quot;,&quot;copyright&quot;:&quot;&quot;,&quot;focal_length&quot;:&quot;0&quot;,&quot;iso&quot;:&quot;0&quot;,&quot;shutter_speed&quot;:&quot;0&quot;,&quot;title&quot;:&quot;&quot;,&quot;orientation&quot;:&quot;0&quot;}\" data-image-title=\"Cod. Stammb. 39, Bl. 170r: \u201eAndromeda und Perseus\u201c\" data-image-description=\"&lt;p&gt;Cod. Stammb. 39, Bl. 170r: \u201eAndromeda und Perseus\u201c&lt;\/p&gt;\n\" data-image-caption=\"&lt;p&gt;Cod. Stammb. 39, Bl. 170r: \u201eAndromeda und Perseus\u201c&lt;\/p&gt;\n\" data-large-file=\"https:\/\/blog.sub.uni-hamburg.de\/wp-content\/uploads\/2018\/05\/stammbuch-andromeda.png\" src=\"https:\/\/blog.sub.uni-hamburg.de\/wp-content\/uploads\/2018\/05\/stammbuch-andromeda-gr.png\" alt=\"Cod. Stammb. 39, Bl. 170r: \u201eAndromeda und Perseus\u201c\" title=\"Cod. Stammb. 39, Bl. 170r: \u201eAndromeda und Perseus\u201c\" width=\"640\" height=\"408\" class=\"size-full wp-image-25009\" \/><p id=\"caption-attachment-25009\" class=\"wp-caption-text\">Abbildung: Cod. Stammb. 39, Bl. 170r: \u201eAndromeda und Perseus\u201c<\/p><\/div>\n<p>\u00a0<\/p>\n<ul>\n<li>Begr\u00fc\u00dfung: Dr. Petra Bl\u00f6dorn-Meyer, Kommissarische Leitung der Bibliothek<\/li>\n<li>Zur Stammbuchsammlung der SUB Hamburg: Antje Theise, Kuratorin der Ausstellung<\/li>\n<li>Zur Stammbuchkultur in Hamburg und Einf\u00fchrung in die Ausstellung: Prof. Dr. Gisela Jaacks, Kuratorin der Ausstellung<\/li>\n<\/ul>\n<p>Im Vortragsraum in der ersten Etage. Der Eintritt ist frei.<\/p>\n","protected":false},"excerpt":{"rendered":"<p>Stammb\u00fccher und Freundschaftsalben des 16. bis 20. Jahrhunderts aus Hamburg. In Stammb\u00fccher oder sogenannte Freundschaftsalben (&#8220;Alba Amicorum&#8220;) etwas hinein zu schreiben, war eine beliebte Sitte in der Fr\u00fchen Neuzeit, die bis heute in Poesiealben sowie Freunde- und G\u00e4steb\u00fcchern weiterlebt. Beginnend im adligen und im akademischen Milieu weitete sich dieser Trend vor allem in der Aufkl\u00e4rungszeit [&hellip;]<\/p>\n","protected":false},"author":19,"featured_media":0,"comment_status":"open","ping_status":"open","sticky":false,"template":"","format":"standard","meta":{"jetpack_post_was_ever_published":false,"_jetpack_newsletter_access":"","_jetpack_dont_email_post_to_subs":false,"_jetpack_newsletter_tier_id":0,"_jetpack_memberships_contains_paywalled_content":false,"_jetpack_memberships_contains_paid_content":false,"footnotes":"","jetpack_publicize_message":"","jetpack_publicize_feature_enabled":true,"jetpack_social_post_already_shared":true,"jetpack_social_options":{"image_generator_settings":{"template":"highway","default_image_id":0,"font":"","enabled":false},"version":2}},"categories":[9,17],"tags":[],"class_list":["post-25005","post","type-post","status-publish","format-standard","hentry","category-ausstellungen","category-hamburg"],"views":5213,"jetpack_publicize_connections":[],"jetpack_featured_media_url":"","jetpack_shortlink":"https:\/\/wp.me\/p7hfNR-6vj","jetpack-related-posts":[{"id":35313,"url":"https:\/\/blog.sub.uni-hamburg.de\/?p=35313","url_meta":{"origin":25005,"position":0},"title":"Hamburger Stammb\u00fccher online","author":"Markus Trapp","date":"06-03-23","format":false,"excerpt":"Von Nele Leiner. Im Februar 2023 konnte an der SUB ein weiteres besonderes Projekt abgeschlossen werden: die Digitalisierung von 350 Stammb\u00fcchern aus Hamburg. Dabei wurden Best\u00e4nde der SUB, der Bibliothek des Museums f\u00fcr Hamburgische Geschichte (MHG) und der Bibliothek des Altonaer Museums (AM) digital zusammengef\u00fchrt. Stammbuch meint hier nicht den\u2026","rel":"","context":"In &quot;Hamburg&quot;","block_context":{"text":"Hamburg","link":"https:\/\/blog.sub.uni-hamburg.de\/?cat=17"},"img":{"alt_text":"","src":"https:\/\/i0.wp.com\/blog.sub.uni-hamburg.de\/wp-content\/uploads\/2023\/03\/G5A3089_1.jpg?resize=350%2C200&ssl=1","width":350,"height":200,"srcset":"https:\/\/i0.wp.com\/blog.sub.uni-hamburg.de\/wp-content\/uploads\/2023\/03\/G5A3089_1.jpg?resize=350%2C200&ssl=1 1x, https:\/\/i0.wp.com\/blog.sub.uni-hamburg.de\/wp-content\/uploads\/2023\/03\/G5A3089_1.jpg?resize=525%2C300&ssl=1 1.5x"},"classes":[]},{"id":40455,"url":"https:\/\/blog.sub.uni-hamburg.de\/?p=40455","url_meta":{"origin":25005,"position":1},"title":"Preziose f\u00fcr die Sondersammlungen: Das Stammbuch von Emilie Meyer","author":"Markus Trapp","date":"30-06-25","format":false,"excerpt":"Stabi erh\u00e4lt Unterst\u00fctzung beim Ankauf von Kleinod mit Klopstock-Autograph. (Alle Abbildungen werden auf Klick in gro\u00df angezeigt) \u00a0 Die Gesellschaft der Freunde der Staats- und Universit\u00e4tsbibliothek Hamburg (GdF) hatte Ende des vergangenen Jahres einen Spendenaufruf f\u00fcr das Stammbuch von Emilie Meyer ver\u00f6ffentlicht, Tochter des Domherrn Friedrich Johann Lorenz Meyer (1760\u20131844).\u2026","rel":"","context":"In &quot;Aktuelles&quot;","block_context":{"text":"Aktuelles","link":"https:\/\/blog.sub.uni-hamburg.de\/?cat=1"},"img":{"alt_text":"","src":"https:\/\/i0.wp.com\/blog.sub.uni-hamburg.de\/wp-content\/uploads\/2025\/06\/emilie-meyer-1.jpg?resize=350%2C200&ssl=1","width":350,"height":200,"srcset":"https:\/\/i0.wp.com\/blog.sub.uni-hamburg.de\/wp-content\/uploads\/2025\/06\/emilie-meyer-1.jpg?resize=350%2C200&ssl=1 1x, https:\/\/i0.wp.com\/blog.sub.uni-hamburg.de\/wp-content\/uploads\/2025\/06\/emilie-meyer-1.jpg?resize=525%2C300&ssl=1 1.5x"},"classes":[]},{"id":5356,"url":"https:\/\/blog.sub.uni-hamburg.de\/?p=5356","url_meta":{"origin":25005,"position":2},"title":"Exponat des Monats: Stammbuch von Paul Langermann (13.7.)","author":"Markus Trapp","date":"01-07-11","format":false,"excerpt":"Exponat des Monats Juli ist das Stammbuch des Hamburger Kaufmanns und Senators Paul Langermann, das dieser von 1614 bis 1617 f\u00fchrte. Den kostbaren Band erwarb die Staats- und Universit\u00e4tsbibliothek 2010. Er enth\u00e4lt zahlreiche handschriftliche Stammbucheintr\u00e4ge und Wappendarstellungen von Freunden und Gef\u00e4hrten Langermanns, dazu eine bunte Sammlung von kostbar kalligraphierten Seiten,\u2026","rel":"","context":"In &quot;Ausstellungen und Veranstaltungen&quot;","block_context":{"text":"Ausstellungen und Veranstaltungen","link":"https:\/\/blog.sub.uni-hamburg.de\/?cat=9"},"img":{"alt_text":"","src":"https:\/\/i0.wp.com\/blog.sub.uni-hamburg.de\/wp-content\/uploads\/2011\/06\/expo-juli11-langermann-deta1.jpg?resize=350%2C200&ssl=1","width":350,"height":200,"srcset":"https:\/\/i0.wp.com\/blog.sub.uni-hamburg.de\/wp-content\/uploads\/2011\/06\/expo-juli11-langermann-deta1.jpg?resize=350%2C200&ssl=1 1x, https:\/\/i0.wp.com\/blog.sub.uni-hamburg.de\/wp-content\/uploads\/2011\/06\/expo-juli11-langermann-deta1.jpg?resize=525%2C300&ssl=1 1.5x"},"classes":[]},{"id":25501,"url":"https:\/\/blog.sub.uni-hamburg.de\/?p=25501","url_meta":{"origin":25005,"position":3},"title":"Kurze Ausstellungspause wegen Sicherheitssanierung","author":"Markus Trapp","date":"13-08-18","format":false,"excerpt":"Heute wird in unserem Ausstellungsraum die bis gestern gezeigte Ausstellung \u00fcber Stammb\u00fccher und Freundschaftsalben in Hamburg abgebaut. Dann beginnen wir mit den geplanten Ma\u00dfnahmen der Sicherheitssanierung im Ausstellungsraum. Die n\u00e4chste Ausstellung er\u00f6ffnen wir am 26. September 2018: \u00abKopieren, bewahren, Neues schaffen \u2013 Die Schriftkunst von Chen Songzhang und Zhu Yongling\u2026","rel":"","context":"In &quot;Ausstellungen und Veranstaltungen&quot;","block_context":{"text":"Ausstellungen und Veranstaltungen","link":"https:\/\/blog.sub.uni-hamburg.de\/?cat=9"},"img":{"alt_text":"","src":"https:\/\/i0.wp.com\/blog.sub.uni-hamburg.de\/wp-content\/uploads\/2018\/08\/ausstellungsraum-sanierung.jpg?resize=350%2C200&ssl=1","width":350,"height":200,"srcset":"https:\/\/i0.wp.com\/blog.sub.uni-hamburg.de\/wp-content\/uploads\/2018\/08\/ausstellungsraum-sanierung.jpg?resize=350%2C200&ssl=1 1x, https:\/\/i0.wp.com\/blog.sub.uni-hamburg.de\/wp-content\/uploads\/2018\/08\/ausstellungsraum-sanierung.jpg?resize=525%2C300&ssl=1 1.5x"},"classes":[]},{"id":206,"url":"https:\/\/blog.sub.uni-hamburg.de\/?p=206","url_meta":{"origin":25005,"position":4},"title":"Studentenstammbuch aus dem 16. Jahrhundert","author":"AP","date":"11-07-06","format":false,"excerpt":"Im Besitz der\u00a0SUB befindet sich das Stammbuch des norddeutschen Adligen Heinrich Carlhack Hermeling (1571-1614). Das in Schweinsleder gebundene B\u00fcchlein ist durch die neu erschienene, kommentierte Edition \"Das Stammbuch als Bestandteil humanistischer Kultur: Das Album des Heinrich Carlhack Hermeling (1587-1592)\" von Walther Ludwig nun in den Blickpunkt der Stammbuchforschung ger\u00fcckt. Hauptaugenmerk\u2026","rel":"","context":"In &quot;Sch\u00e4tze der Stabi&quot;","block_context":{"text":"Sch\u00e4tze der Stabi","link":"https:\/\/blog.sub.uni-hamburg.de\/?cat=13"},"img":{"alt_text":"","src":"","width":0,"height":0},"classes":[]},{"id":31972,"url":"https:\/\/blog.sub.uni-hamburg.de\/?p=31972","url_meta":{"origin":25005,"position":5},"title":"Neue Digitalisate durch &#8220;Hamburger Kulturgut im Netz&#8221; online","author":"Redaktion","date":"18-10-21","format":false,"excerpt":"Von Nele Leiner. Im Rahmen des an der Stabi angesiedelten Projektes \"Hamburger Kulturgut im Netz\" (HaKiN) konnten wieder weitere B\u00e4nde aus den vielf\u00e4ltigen Best\u00e4nden der wissenschaftlichen Bibliothekslandschaft Hamburgs digital frei verf\u00fcgbar gemacht werden. Seit 2018 werden mit F\u00f6rderung der Stadt Hamburg Best\u00e4nde wissenschaftlicher Bibliotheken in Hamburg digitalisiert. Die Stabi \u00fcbernimmt\u2026","rel":"","context":"In &quot;E-Medien&quot;","block_context":{"text":"E-Medien","link":"https:\/\/blog.sub.uni-hamburg.de\/?cat=11"},"img":{"alt_text":"","src":"https:\/\/i0.wp.com\/blog.sub.uni-hamburg.de\/wp-content\/uploads\/2021\/10\/Stammbuch-kl.jpg?resize=350%2C200&ssl=1","width":350,"height":200,"srcset":"https:\/\/i0.wp.com\/blog.sub.uni-hamburg.de\/wp-content\/uploads\/2021\/10\/Stammbuch-kl.jpg?resize=350%2C200&ssl=1 1x, https:\/\/i0.wp.com\/blog.sub.uni-hamburg.de\/wp-content\/uploads\/2021\/10\/Stammbuch-kl.jpg?resize=525%2C300&ssl=1 1.5x"},"classes":[]}],"jetpack_sharing_enabled":true,"_links":{"self":[{"href":"https:\/\/blog.sub.uni-hamburg.de\/index.php?rest_route=\/wp\/v2\/posts\/25005","targetHints":{"allow":["GET"]}}],"collection":[{"href":"https:\/\/blog.sub.uni-hamburg.de\/index.php?rest_route=\/wp\/v2\/posts"}],"about":[{"href":"https:\/\/blog.sub.uni-hamburg.de\/index.php?rest_route=\/wp\/v2\/types\/post"}],"author":[{"embeddable":true,"href":"https:\/\/blog.sub.uni-hamburg.de\/index.php?rest_route=\/wp\/v2\/users\/19"}],"replies":[{"embeddable":true,"href":"https:\/\/blog.sub.uni-hamburg.de\/index.php?rest_route=%2Fwp%2Fv2%2Fcomments&post=25005"}],"version-history":[{"count":12,"href":"https:\/\/blog.sub.uni-hamburg.de\/index.php?rest_route=\/wp\/v2\/posts\/25005\/revisions"}],"predecessor-version":[{"id":25447,"href":"https:\/\/blog.sub.uni-hamburg.de\/index.php?rest_route=\/wp\/v2\/posts\/25005\/revisions\/25447"}],"wp:attachment":[{"href":"https:\/\/blog.sub.uni-hamburg.de\/index.php?rest_route=%2Fwp%2Fv2%2Fmedia&parent=25005"}],"wp:term":[{"taxonomy":"category","embeddable":true,"href":"https:\/\/blog.sub.uni-hamburg.de\/index.php?rest_route=%2Fwp%2Fv2%2Fcategories&post=25005"},{"taxonomy":"post_tag","embeddable":true,"href":"https:\/\/blog.sub.uni-hamburg.de\/index.php?rest_route=%2Fwp%2Fv2%2Ftags&post=25005"}],"curies":[{"name":"wp","href":"https:\/\/api.w.org\/{rel}","templated":true}]}}