{"id":24372,"date":"2018-02-26T09:44:54","date_gmt":"2018-02-26T08:44:54","guid":{"rendered":"https:\/\/blog.sub.uni-hamburg.de\/?p=24372"},"modified":"2024-05-20T12:19:47","modified_gmt":"2024-05-20T10:19:47","slug":"stabi-direktorin-gabriele-beger-mit-bundesverdienstkreuz-ausgezeichnet","status":"publish","type":"post","link":"https:\/\/blog.sub.uni-hamburg.de\/?p=24372","title":{"rendered":"Stabi-Direktorin Gabriele Beger mit Bundesverdienstkreuz ausgezeichnet"},"content":{"rendered":"<p><strong>Heute \u00fcberreicht die Wissenschaftssenatorin Katharina Fegebank die Ehrung an die Direktorin der Staats- und Universit\u00e4tsbibliothek Hamburg.<\/strong><\/p>\n<div style=\"float: left; padding-left:0px; margin-right:25px; margin-bottom:5px;\"> <div id=\"attachment_24374\" style=\"width: 360px\" class=\"wp-caption alignnone\"><a href=\"https:\/\/blog.sub.uni-hamburg.de\/wp-content\/uploads\/2018\/02\/gbeger450.jpg\"><img loading=\"lazy\" decoding=\"async\" aria-describedby=\"caption-attachment-24374\" data-attachment-id=\"24374\" data-permalink=\"https:\/\/blog.sub.uni-hamburg.de\/?attachment_id=24374\" data-orig-file=\"https:\/\/blog.sub.uni-hamburg.de\/wp-content\/uploads\/2018\/02\/gbeger450.jpg\" data-orig-size=\"450,300\" data-comments-opened=\"1\" data-image-meta=\"{&quot;aperture&quot;:&quot;0&quot;,&quot;credit&quot;:&quot;&quot;,&quot;camera&quot;:&quot;&quot;,&quot;caption&quot;:&quot;&quot;,&quot;created_timestamp&quot;:&quot;0&quot;,&quot;copyright&quot;:&quot;&quot;,&quot;focal_length&quot;:&quot;0&quot;,&quot;iso&quot;:&quot;0&quot;,&quot;shutter_speed&quot;:&quot;0&quot;,&quot;title&quot;:&quot;&quot;,&quot;orientation&quot;:&quot;0&quot;}\" data-image-title=\"Gabriele Beger\" data-image-description=\"\" data-image-caption=\"&lt;p&gt;Gabriele Beger&lt;\/p&gt;\n\" data-large-file=\"https:\/\/blog.sub.uni-hamburg.de\/wp-content\/uploads\/2018\/02\/gbeger450.jpg\" src=\"https:\/\/blog.sub.uni-hamburg.de\/wp-content\/uploads\/2018\/02\/gbeger450.jpg\" alt=\"Gabriele Beger\" title=\"Gabriele Beger\" width=\"350\" height=\"233\" class=\"size-full wp-image-24374\" srcset=\"https:\/\/blog.sub.uni-hamburg.de\/wp-content\/uploads\/2018\/02\/gbeger450.jpg 450w, https:\/\/blog.sub.uni-hamburg.de\/wp-content\/uploads\/2018\/02\/gbeger450-150x100.jpg 150w, https:\/\/blog.sub.uni-hamburg.de\/wp-content\/uploads\/2018\/02\/gbeger450-300x200.jpg 300w\" sizes=\"auto, (max-width: 350px) 100vw, 350px\" \/><\/a><p id=\"caption-attachment-24374\" class=\"wp-caption-text\"><\/p>\n<div style=\"font-size: 12px; line-height: 1.2; margin-bottom:0;\"> Stabi-Direktorin Gabriele Beger <\/div>\n<p><\/p><\/div> <\/p><\/div>\n<p>Der Bundespr\u00e4sident verleiht der Direktorin der Staats- und Universit\u00e4tsbibliothek Hamburg (Stabi) Prof. Dr. Gabriele Beger das Bundesverdienstkreuz 1. Klasse f\u00fcr ihre richtungsweisende Arbeit f\u00fcr das gesamte deutsche Bibliothekssystem und ihr Engagement als ehrenamtliche Verfechterin umsetzbarer Regelungen im Urheberrecht. Wissenschaftssenatorin Katharina Fegebank \u00fcberreicht die h\u00f6chste Auszeichnung der Bundesrepublik Deutschland f\u00fcr Verdienste um das Gemeinwohl heute im Hamburger Rathaus.<\/p>\n<p><!--more--><\/p>\n<p>Katharina Fegebank, Senatorin f\u00fcr Wissenschaft, Forschung und Gleichstellung: <\/p>\n<blockquote><p>\n\u00abIch gratuliere Frau Prof. Beger ganz herzlich zu dieser ehrenvollen Auszeichnung und danke ihr gleichzeitig f\u00fcr ihr unerm\u00fcdliches Engagement sowohl in ihrer Eigenschaft als Direktorin der SUB Hamburg als auch auf nationaler Ebene. Sie hat unter gr\u00f6\u00dftm\u00f6glicher, kreativer Nutzung und Weiterentwicklung der Informationstechnologie die Universit\u00e4tsbibliothek f\u00fcr B\u00fcrgerinnen und B\u00fcrgern ge\u00f6ffnet und dabei zugleich auf vorbildliche Weise den Service f\u00fcr den Wissenschaftsbereich ausgebaut. Die Stabi ist unter ihrer F\u00fchrung zu einem wichtigen Ort kulturellen Austauschs in Hamburg geworden.\u00bb<\/p><\/blockquote>\n<p>Prof. Dr. Gabriele Beger ist seit 2005 Direktorin der Stabi Hamburg, zuvor war sie seit 1991 Bibliotheksdirektorin in Berlin. Sie hat sich \u00fcber einen langen Zeitraum hinweg gr\u00f6\u00dfte Verdienste f\u00fcr das Bibliothekswesen durch unerm\u00fcdliche ehrenamtliche Gremient\u00e4tigkeit erworben, vor allem auf dem Gebiet des Urheberrechts, sowohl national als auch auf europ\u00e4ischer Ebene. Sie \u00fcbt sehr erfolgreich und allgemein anerkannt und hoch gesch\u00e4tzt eine Vermittlungsfunktion zwischen Bibliotheken, Autoren und Verlagen aus. 2008 wurde sie f\u00fcr ihr Engagement in zahlreichen Verb\u00e4nden als erste Deutsche mit dem John-Jacob-Astor-Award der Checkpoint-Charlie-Stiftung ausgezeichnet.<\/p>\n<p>Ihr Engagement f\u00fcr das gesamte Bibliothekswesen begann im Rahmen ihrer ehrenamtlichen T\u00e4tigkeit als Vorsitzende der Rechtskommission des Deutschen Bibliotheksinstituts Mitte der 1990er Jahre und als Sachverst\u00e4ndige f\u00fcr Urheberrechtsfragen bei Anh\u00f6rungen des Deutschen Bundestages und des BMJ. Im Zeitraum ihres Vorsitzes des Fachausschuss Urheberrecht im Deutschen Kulturrat erschienen verschiedene grundlegende Stellungnahmen, die gepr\u00e4gt sind von ihrem Bestreben, unterschiedliche Interessen zu vereinen. Als Vertreterin der Bibliotheken in der Kommission Bibliothekstantieme der KMK vertrat sie sehr engagiert und kompetent die Sache der Bibliotheken und Hochschulen und verstand es, die entsprechenden Verhandlungen in sehr konstruktiver Weise und ergebnisorientiert zu f\u00fchren.<\/p>\n<p>Die Stabi hat unter ihrer Leitung die \u00d6ffnung der Bibliothek an sieben Tagen in der Woche bis Mitternacht eingef\u00fchrt, umfassend das Angebot an elektronischen Medien und digitalen Diensten erweitert, das Programm der FHH zur Bestandserhaltung des kulturellen schriftlichen Erbes initiiert und den Preis des Bundesministeriums f\u00fcr Bildung und Forschung f\u00fcr richtungweisende Bibliotheks-IT erhalten. Sie verantwortet ein gut strukturiertes und kooperatives System der wissenschaftlichen Hochschulbibliotheken der FHH.<\/p>\n<p>Die Mitarbeiterinnen und Mitarbeiter der Stabi freuen sich sehr \u00fcber die hohe Anerkennung, die ihre Direktorin erh\u00e4lt und gratulieren herzlich.<\/p>\n<p><strong>Update 7.3.2018: <\/strong><\/p>\n<p>Neben den zahlreichen Reaktionen und Gl\u00fcckw\u00fcnschen in den Sozialen Medien (z.B. auf <a href=\"https:\/\/twitter.com\/search?f=tweets&#038;q=bundesverdienstkreuz%20beger&#038;src=typd&#038;lang=de\">Twitter<\/a>) haben wir uns \u00fcber die Berichterstattung in der Presse gefreut. Einige Meldungen haben wir zusammengefasst im<\/p>\n<p><strong><a href=\"https:\/\/www.sub.uni-hamburg.de\/bibliotheken\/presse\/pressespiegel\/pressespiegel-detail.html?tx_news_pi1%5Baction%5D=detail&#038;tx_news_pi1%5Bcontroller%5D=News&#038;tx_news_pi1%5Bnews%5D=632&#038;cHash=48a6aae1f9151a44a0b394d2c3710457\">Pressespiegel<\/a>.<\/strong><\/p>\n<p>Hier noch ein kurzer Videoausschnitt von der \u00dcbergabe des Bundesverdienstkreuzes im Rathaus Hamburg:<\/p>\n<p><iframe loading=\"lazy\" src=\"https:\/\/player.vimeo.com\/video\/257726771\" width=\"640\" height=\"360\" frameborder=\"0\" webkitallowfullscreen mozallowfullscreen allowfullscreen><\/iframe><\/p>\n<p><a href=\"https:\/\/vimeo.com\/257726771\">Katharina Fegebank bei der &Uuml;berreichung des Bundesverdienstkreuzes an Gabriele Beger<\/a> from <a href=\"https:\/\/vimeo.com\/stabihh\">Stabi Hamburg<\/a><\/p>\n","protected":false},"excerpt":{"rendered":"<p>Heute \u00fcberreicht die Wissenschaftssenatorin Katharina Fegebank die Ehrung an die Direktorin der Staats- und Universit\u00e4tsbibliothek Hamburg. Der Bundespr\u00e4sident verleiht der Direktorin der Staats- und Universit\u00e4tsbibliothek Hamburg (Stabi) Prof. Dr. Gabriele Beger das Bundesverdienstkreuz 1. Klasse f\u00fcr ihre richtungsweisende Arbeit f\u00fcr das gesamte deutsche Bibliothekssystem und ihr Engagement als ehrenamtliche Verfechterin umsetzbarer Regelungen im Urheberrecht. Wissenschaftssenatorin [&hellip;]<\/p>\n","protected":false},"author":19,"featured_media":0,"comment_status":"open","ping_status":"open","sticky":false,"template":"","format":"standard","meta":{"jetpack_post_was_ever_published":false,"_jetpack_newsletter_access":"","_jetpack_dont_email_post_to_subs":false,"_jetpack_newsletter_tier_id":0,"_jetpack_memberships_contains_paywalled_content":false,"_jetpack_memberships_contains_paid_content":false,"footnotes":"","jetpack_publicize_message":"","jetpack_publicize_feature_enabled":true,"jetpack_social_post_already_shared":true,"jetpack_social_options":{"image_generator_settings":{"template":"highway","default_image_id":0,"font":"","enabled":false},"version":2}},"categories":[1,17],"tags":[29],"class_list":["post-24372","post","type-post","status-publish","format-standard","hentry","category-1","category-hamburg","tag-hamburg-2"],"views":5807,"jetpack_publicize_connections":[],"jetpack_featured_media_url":"","jetpack_shortlink":"https:\/\/wp.me\/p7hfNR-6l6","jetpack-related-posts":[{"id":18751,"url":"https:\/\/blog.sub.uni-hamburg.de\/?p=18751","url_meta":{"origin":24372,"position":0},"title":"Buchpreis HamburgLesen 2015 f\u00fcr &#8220;Vaterjahre&#8221; von Michael Kleeberg","author":"MG","date":"02-11-15","format":false,"excerpt":"Der Buchpreis der Staatsbibliothek HamburgLesen 2015 geht an \u201eVaterjahre\u201c von Michael Kleeberg. Am Freitag, 30.10., fand die feierliche Preisverleihung im Lichthof der Staats- und Universit\u00e4tsbibliothek statt. Im Beisein von Hamburgs zweiter B\u00fcrgermeisterin, Katharina Fegebank, \u00fcberreichte die Direktorin der Staats- und Universit\u00e4tsbibliothek, Prof. Dr. Gabriele Beger, dem Autor Michael Kleeberg die\u2026","rel":"","context":"In &quot;Aktuelles&quot;","block_context":{"text":"Aktuelles","link":"https:\/\/blog.sub.uni-hamburg.de\/?cat=1"},"img":{"alt_text":"Cafe Royal Salonorchester","src":"https:\/\/i0.wp.com\/blog.sub.uni-hamburg.de\/wp-content\/uploads\/2015\/11\/DSC_8746_-150x100.jpg?resize=350%2C200&ssl=1","width":350,"height":200,"srcset":"https:\/\/i0.wp.com\/blog.sub.uni-hamburg.de\/wp-content\/uploads\/2015\/11\/DSC_8746_-150x100.jpg?resize=350%2C200&ssl=1 1x, https:\/\/i0.wp.com\/blog.sub.uni-hamburg.de\/wp-content\/uploads\/2015\/11\/DSC_8746_-150x100.jpg?resize=525%2C300&ssl=1 1.5x, https:\/\/i0.wp.com\/blog.sub.uni-hamburg.de\/wp-content\/uploads\/2015\/11\/DSC_8746_-150x100.jpg?resize=700%2C400&ssl=1 2x, https:\/\/i0.wp.com\/blog.sub.uni-hamburg.de\/wp-content\/uploads\/2015\/11\/DSC_8746_-150x100.jpg?resize=1050%2C600&ssl=1 3x, https:\/\/i0.wp.com\/blog.sub.uni-hamburg.de\/wp-content\/uploads\/2015\/11\/DSC_8746_-150x100.jpg?resize=1400%2C800&ssl=1 4x"},"classes":[]},{"id":38126,"url":"https:\/\/blog.sub.uni-hamburg.de\/?p=38126","url_meta":{"origin":24372,"position":1},"title":"In memoriam Prof. Dr. Gabriele Beger (1952 \u2013 2024)","author":"Redaktion","date":"21-05-24","format":false,"excerpt":"Wenige Tage nach ihrem 72. Geburtstag ist Prof. Dr. Gabriele Beger in Hamburg nach kurzer, schwerer Krankheit verstorben. Als erste Frau in der fast 550-j\u00e4hrigen Geschichte der Bibliothek leitete sie von 2005 bis 2018 die Staats- und Universit\u00e4tsbibliothek Hamburg Carl von Ossietzky. Als Beiratsvorsitzende des Hamburger Bibliothekenverbunds gestaltete sie die\u2026","rel":"","context":"In &quot;Aktuelles&quot;","block_context":{"text":"Aktuelles","link":"https:\/\/blog.sub.uni-hamburg.de\/?cat=1"},"img":{"alt_text":"","src":"https:\/\/i0.wp.com\/blog.sub.uni-hamburg.de\/wp-content\/uploads\/2024\/05\/fegebank-beger-bvk2018-96x150.jpg?resize=350%2C200&ssl=1","width":350,"height":200,"srcset":"https:\/\/i0.wp.com\/blog.sub.uni-hamburg.de\/wp-content\/uploads\/2024\/05\/fegebank-beger-bvk2018-96x150.jpg?resize=350%2C200&ssl=1 1x, https:\/\/i0.wp.com\/blog.sub.uni-hamburg.de\/wp-content\/uploads\/2024\/05\/fegebank-beger-bvk2018-96x150.jpg?resize=525%2C300&ssl=1 1.5x, https:\/\/i0.wp.com\/blog.sub.uni-hamburg.de\/wp-content\/uploads\/2024\/05\/fegebank-beger-bvk2018-96x150.jpg?resize=700%2C400&ssl=1 2x, https:\/\/i0.wp.com\/blog.sub.uni-hamburg.de\/wp-content\/uploads\/2024\/05\/fegebank-beger-bvk2018-96x150.jpg?resize=1050%2C600&ssl=1 3x"},"classes":[]},{"id":39077,"url":"https:\/\/blog.sub.uni-hamburg.de\/?p=39077","url_meta":{"origin":24372,"position":2},"title":"Buchpreisverleihung: HamburgLesen 2024 (15.11.)","author":"Markus Trapp","date":"01-11-24","format":false,"excerpt":"Freitag, 15.11., 17 Uhr, Lichthof. Auch in diesem Jahr verleiht die Staats- und Universit\u00e4tsbibliothek den Preis f\u00fcr ein Buch, das sich in herausragender Weise mit dem Thema Hamburg befasst. HamburgLesen kn\u00fcpft damit an eine Tradition des Hauses an: Seit \u00fcber 540 Jahren sammelt die Bibliothek alle Schriften, die \u00fcber Hamburg\u2026","rel":"","context":"In &quot;Ausstellungen und Veranstaltungen&quot;","block_context":{"text":"Ausstellungen und Veranstaltungen","link":"https:\/\/blog.sub.uni-hamburg.de\/?cat=9"},"img":{"alt_text":"Shortlist HamburgLesen 2024","src":"https:\/\/i0.wp.com\/blog.sub.uni-hamburg.de\/wp-content\/uploads\/2024\/07\/shortlist2024mitlogo.jpg?resize=350%2C200&ssl=1","width":350,"height":200,"srcset":"https:\/\/i0.wp.com\/blog.sub.uni-hamburg.de\/wp-content\/uploads\/2024\/07\/shortlist2024mitlogo.jpg?resize=350%2C200&ssl=1 1x, https:\/\/i0.wp.com\/blog.sub.uni-hamburg.de\/wp-content\/uploads\/2024\/07\/shortlist2024mitlogo.jpg?resize=525%2C300&ssl=1 1.5x"},"classes":[]},{"id":34715,"url":"https:\/\/blog.sub.uni-hamburg.de\/?p=34715","url_meta":{"origin":24372,"position":3},"title":"Buchpreis HamburgLesen 2022: \u00abEine Stadt wird bunt\u00bb","author":"Markus Trapp","date":"04-11-22","format":false,"excerpt":"Der mit 5.000 \u20ac dotierte Buchpreis der Stabi HamburgLesen 2022 geht an \u00abEine Stadt wird bunt\u00bb, hrsg. von Oliver Nebel, Frank Petering, Mirko Reisser und Andreas Timm. Am Freitag, 4.11.2022, fand die feierliche Preisverleihung im Lichthof der Staats- und Universit\u00e4tsbibliothek statt. Die stellvertretende Stabi-Direktorin Jennifer Adler \u00fcberreichte den Herausgebern die\u2026","rel":"","context":"In &quot;Aktuelles&quot;","block_context":{"text":"Aktuelles","link":"https:\/\/blog.sub.uni-hamburg.de\/?cat=1"},"img":{"alt_text":"","src":"https:\/\/i0.wp.com\/blog.sub.uni-hamburg.de\/wp-content\/uploads\/2022\/11\/001-HH_Lesen_Buchpreis_2022_01-150x100.jpg?resize=350%2C200&ssl=1","width":350,"height":200,"srcset":"https:\/\/i0.wp.com\/blog.sub.uni-hamburg.de\/wp-content\/uploads\/2022\/11\/001-HH_Lesen_Buchpreis_2022_01-150x100.jpg?resize=350%2C200&ssl=1 1x, https:\/\/i0.wp.com\/blog.sub.uni-hamburg.de\/wp-content\/uploads\/2022\/11\/001-HH_Lesen_Buchpreis_2022_01-150x100.jpg?resize=525%2C300&ssl=1 1.5x, https:\/\/i0.wp.com\/blog.sub.uni-hamburg.de\/wp-content\/uploads\/2022\/11\/001-HH_Lesen_Buchpreis_2022_01-150x100.jpg?resize=700%2C400&ssl=1 2x, https:\/\/i0.wp.com\/blog.sub.uni-hamburg.de\/wp-content\/uploads\/2022\/11\/001-HH_Lesen_Buchpreis_2022_01-150x100.jpg?resize=1050%2C600&ssl=1 3x, https:\/\/i0.wp.com\/blog.sub.uni-hamburg.de\/wp-content\/uploads\/2022\/11\/001-HH_Lesen_Buchpreis_2022_01-150x100.jpg?resize=1400%2C800&ssl=1 4x"},"classes":[]},{"id":16359,"url":"https:\/\/blog.sub.uni-hamburg.de\/?p=16359","url_meta":{"origin":24372,"position":4},"title":"Maike Bruhns erh\u00e4lt Buchpreis \u201eHamburgLesen 2014\u201c","author":"Markus Trapp","date":"03-11-14","format":false,"excerpt":"Die Staatsbibliothek zeichnete am Freitag, 31.10., im Rahmen einer feierlichen Preisverleihung im Lichthof eine herausragende Hamburgensie mit dem Buchpreis HamburgLesen 2014 aus. Dr. Maike Bruhns erh\u00e4lt den Buchpreis der Staatsbibliothek \u201eHamburgLesen 2014\u201c f\u00fcr \u201eBauschmuck bei Fritz Schumacher. Ein Kaleidoskop der K\u00fcnste\u201c. Die Direktorin der Staats- und Universit\u00e4tsbibliothek Hamburg, Prof. Dr.\u2026","rel":"","context":"In &quot;Ausstellungen und Veranstaltungen&quot;","block_context":{"text":"Ausstellungen und Veranstaltungen","link":"https:\/\/blog.sub.uni-hamburg.de\/?cat=9"},"img":{"alt_text":"Fotos der Preisverleihung HamburgLesen 31.10.2014 im Lichthof der Stabi","src":"https:\/\/i0.wp.com\/blog.sub.uni-hamburg.de\/wp-content\/uploads\/2014\/11\/hhlesen2014gplus.jpg?resize=350%2C200&ssl=1","width":350,"height":200,"srcset":"https:\/\/i0.wp.com\/blog.sub.uni-hamburg.de\/wp-content\/uploads\/2014\/11\/hhlesen2014gplus.jpg?resize=350%2C200&ssl=1 1x, https:\/\/i0.wp.com\/blog.sub.uni-hamburg.de\/wp-content\/uploads\/2014\/11\/hhlesen2014gplus.jpg?resize=525%2C300&ssl=1 1.5x"},"classes":[]},{"id":23417,"url":"https:\/\/blog.sub.uni-hamburg.de\/?p=23417","url_meta":{"origin":24372,"position":5},"title":"Senat beschlie\u00dft \u201eHamburg Open Science\u201c","author":"Isabella Meinecke","date":"27-09-17","format":false,"excerpt":"Die Ergebnisse \u00f6ffentlich finanzierter Hamburger Forschung sollen frei zug\u00e4nglich und einfach auffindbar sein \u2013 f\u00fcr alle. Zur Umsetzung dieses Ziels hat der Hamburger Senat am 26.9.2017 das Programm Hamburg Open Science\u00a0beschlossen. \u00dcber einen nutzerfreundlichen Zugang sollen wissenschaftliche Publikationen, Forschungsdaten und Informationen zu Forschungsprojekten zentral verf\u00fcgbar gemacht werden; aktuelle Informationen und\u2026","rel":"","context":"In &quot;Aktuelles&quot;","block_context":{"text":"Aktuelles","link":"https:\/\/blog.sub.uni-hamburg.de\/?cat=1"},"img":{"alt_text":"","src":"https:\/\/i0.wp.com\/blog.sub.uni-hamburg.de\/wp-content\/uploads\/2017\/09\/2-300x177.jpg?resize=350%2C200&ssl=1","width":350,"height":200},"classes":[]}],"jetpack_sharing_enabled":true,"_links":{"self":[{"href":"https:\/\/blog.sub.uni-hamburg.de\/index.php?rest_route=\/wp\/v2\/posts\/24372","targetHints":{"allow":["GET"]}}],"collection":[{"href":"https:\/\/blog.sub.uni-hamburg.de\/index.php?rest_route=\/wp\/v2\/posts"}],"about":[{"href":"https:\/\/blog.sub.uni-hamburg.de\/index.php?rest_route=\/wp\/v2\/types\/post"}],"author":[{"embeddable":true,"href":"https:\/\/blog.sub.uni-hamburg.de\/index.php?rest_route=\/wp\/v2\/users\/19"}],"replies":[{"embeddable":true,"href":"https:\/\/blog.sub.uni-hamburg.de\/index.php?rest_route=%2Fwp%2Fv2%2Fcomments&post=24372"}],"version-history":[{"count":15,"href":"https:\/\/blog.sub.uni-hamburg.de\/index.php?rest_route=\/wp\/v2\/posts\/24372\/revisions"}],"predecessor-version":[{"id":38125,"href":"https:\/\/blog.sub.uni-hamburg.de\/index.php?rest_route=\/wp\/v2\/posts\/24372\/revisions\/38125"}],"wp:attachment":[{"href":"https:\/\/blog.sub.uni-hamburg.de\/index.php?rest_route=%2Fwp%2Fv2%2Fmedia&parent=24372"}],"wp:term":[{"taxonomy":"category","embeddable":true,"href":"https:\/\/blog.sub.uni-hamburg.de\/index.php?rest_route=%2Fwp%2Fv2%2Fcategories&post=24372"},{"taxonomy":"post_tag","embeddable":true,"href":"https:\/\/blog.sub.uni-hamburg.de\/index.php?rest_route=%2Fwp%2Fv2%2Ftags&post=24372"}],"curies":[{"name":"wp","href":"https:\/\/api.w.org\/{rel}","templated":true}]}}